{"id":2314,"date":"2016-11-27T10:40:55","date_gmt":"2016-11-27T09:40:55","guid":{"rendered":"http:\/\/blog.centraldevacaciones.com\/?p=2314"},"modified":"2022-03-31T14:23:41","modified_gmt":"2022-03-31T12:23:41","slug":"turismo-en-extremadura","status":"publish","type":"post","link":"https:\/\/www.centraldevacaciones.com\/blog\/turismo-en-extremadura\/","title":{"rendered":"Turismo en Extremadura"},"content":{"rendered":"\t\t<div data-elementor-type=\"wp-post\" data-elementor-id=\"2314\" class=\"elementor elementor-2314\" data-elementor-post-type=\"post\">\n\t\t\t\t\t\t<section class=\"elementor-section elementor-top-section elementor-element elementor-element-324ab19d elementor-section-boxed elementor-section-height-default elementor-section-height-default\" data-id=\"324ab19d\" data-element_type=\"section\">\n\t\t\t\t\t\t<div class=\"elementor-container elementor-column-gap-default\">\n\t\t\t\t\t<div class=\"elementor-column elementor-col-100 elementor-top-column elementor-element elementor-element-49bfb1cd\" data-id=\"49bfb1cd\" data-element_type=\"column\">\n\t\t\t<div class=\"elementor-widget-wrap elementor-element-populated\">\n\t\t\t\t\t\t<div class=\"elementor-element elementor-element-3a5bf28e elementor-widget elementor-widget-text-editor\" data-id=\"3a5bf28e\" data-element_type=\"widget\" data-widget_type=\"text-editor.default\">\n\t\t\t\t\t\t\t\t\t<p><strong>Extremadura<\/strong> es una de las comunidades aut\u00f3nomas de Espa\u00f1a, se encuentra en el suroeste de la pen\u00ednsula ib\u00e9rica, bordeando Portugal y las regiones de Castilla y Le\u00f3n, Castilla La Mancha y Andaluc\u00eda. Se compone de dos provincias de Badajoz y C\u00e1ceres, que son, respectivamente, las provincias m\u00e1s grandes de Espa\u00f1a. Descubre lo mejor para una escapada de <strong>turismo en Extremadura<\/strong>, a continuaci\u00f3n.\u00a0<\/p><p>\u00a0<\/p><h1>Extremadura, fauna y flora, biodiversidad e incre\u00edbles paisajes.<\/h1><p>Con hermosos paisajes florales, bosque de ensue\u00f1o y monta\u00f1as abrumadoras <strong>Extremadura<\/strong> es uno de los destinos para aquellos que desean disfrutar de unas vacaciones en las que puedan relajarse y disfrutar de incre\u00edbles lugares para pasar el d\u00eda.<\/p><p>La comunidad de <strong>Extremadura<\/strong>, ofrece diversos atractivos, pues goza de un incre\u00edble clima e inolvidables paisajes, posee diverso parque naturales resaltados por <strong>la conservaci\u00f3n del h\u00e1bitat<\/strong>, con una maravillosa flora y fauna de m\u00e1s 150.000 especies, entre ellas varias aut\u00f3ctonas de la regi\u00f3n.<\/p><p><strong>Hacer turismo en Extremadura<\/strong> es ideal para los que disfrutan de los recorridos en la naturaleza, del aire libre y de la tranquilidad, <strong>ideal para aquellos que necesitan reponer bater\u00edas y salir del ajetreo citadino<\/strong>.<\/p><p><iframe title=\"EXTREMADURA, EXTREMELY GOOD\" width=\"800\" height=\"450\" src=\"https:\/\/www.youtube.com\/embed\/eUcw7koauFA?feature=oembed\" frameborder=\"0\" allow=\"accelerometer; autoplay; clipboard-write; encrypted-media; gyroscope; picture-in-picture; web-share\" referrerpolicy=\"strict-origin-when-cross-origin\" allowfullscreen><\/iframe><\/p><p>Para que puedas disfrutar de todos los atractivos de esta regi\u00f3n, te dejamos los lugares m\u00e1s renombrados de <strong>Extremadura<\/strong>, para que puedas disfrutar de tu viaje o para planificar el pr\u00f3ximo:<\/p><h2>Mejores sitios para visitar haciendo turismo en Extremadura<\/h2><h3><strong><u>Poblaci\u00f3n de M\u00e9rida<\/u><\/strong><\/h3><p>Uno de los principales atractivos de <strong>Extremadura<\/strong> por su identidad y arquitectura, fue <strong>declarada como patrimonio de la humanidad por sus destacados monumentos que datan del romanismo<\/strong>, ofrece un clima incre\u00edble y se pueden apreciar diversas actividades en sus centros preservados como el Teatro, los templos y los puentes con dise\u00f1os romanos.\u00a0La capital de Extremadura es la poblaci\u00f3n de <strong>M\u00e9rida<\/strong>, uno de sus mayores atractivos tur\u00edsticos y reconocida en el Pa\u00eds, como una de las sociedades mejor preservadas. Es conocida por tener uno de los m\u00e1s bellos paisajes formados por llanuras, monta\u00f1as y prados de alcornoques.<\/p><h3><strong><u>Valle de Ambroz<\/u><\/strong><\/h3><p>\u00a0Se ubica al norte de la ciudad de C\u00e1ceres, nos regala una exquisita experiencia de visitar <strong>un valle que parece pintado por el gran Da vinc\u00ed<\/strong>, entre maravillosos encinares, bares tradicionales, posadas y una exquisita gastronom\u00eda, se vuelve una parada obligatoria para tu viaje.<\/p><h3><strong><u>Olivenza<\/u><\/strong><\/h3><p>Comunidad m\u00e1s <strong>cercana a la frontera con Portugal<\/strong>, en donde conviven <strong>ambas cultura (Portuguesa- Espa\u00f1ola)<\/strong> d\u00e1ndole un incre\u00edble valor a este poblado.<\/p><h3><span style=\"text-decoration: underline;\"><strong>M\u00e9rida<\/strong><\/span><\/h3><p>Se encuentra en la provincia de Badajoz y fue fundada por los romanos en el 25 aC hasta convertirse en la capital de su provincia occidental de Lusitania. Se encuentra en la encrucijada romana que enlazan Toledo con Lisboa y Salamanca con Sevilla. M\u00e9rida tiene una de las colecciones m\u00e1s destacadas de monumentos romanos en Europa. Lo m\u00e1s incre\u00edble es el Teatro Romano, con una magn\u00edfica pared escenario con columnas y una capacidad para hasta 6.000 personas.<\/p><p>Situado justo en la calle se encuentra el <strong>Museo Nacional de Arte Romano<\/strong>, un edificio moderno que contiene hermosas colecciones de esculturas, artefactos, pinturas, monedas y mosaicos acu\u00f1adas localmente romanos.<\/p><p><img fetchpriority=\"high\" decoding=\"async\" class=\"alignnone size-full wp-image-24281\" src=\"https:\/\/www.centraldevacaciones.com\/blog\/wp-content\/uploads\/2022\/03\/merida-scaled.jpg\" alt=\"merida, turismo en Extremadura\" width=\"2560\" height=\"1681\" srcset=\"https:\/\/www.centraldevacaciones.com\/blog\/wp-content\/uploads\/2022\/03\/merida-scaled.jpg 2560w, https:\/\/www.centraldevacaciones.com\/blog\/wp-content\/uploads\/2022\/03\/merida-300x197.jpg 300w, https:\/\/www.centraldevacaciones.com\/blog\/wp-content\/uploads\/2022\/03\/merida-1024x672.jpg 1024w, https:\/\/www.centraldevacaciones.com\/blog\/wp-content\/uploads\/2022\/03\/merida-768x504.jpg 768w, https:\/\/www.centraldevacaciones.com\/blog\/wp-content\/uploads\/2022\/03\/merida-1536x1009.jpg 1536w, https:\/\/www.centraldevacaciones.com\/blog\/wp-content\/uploads\/2022\/03\/merida-2048x1345.jpg 2048w\" sizes=\"(max-width: 2560px) 100vw, 2560px\" \/><\/p><h3><span style=\"text-decoration: underline;\"><strong>C\u00e1ceres<\/strong><\/span><\/h3><p><strong>La Plaza de Armas<\/strong> es el mejor lugar para empezar una visita en C\u00e1ceres, desde ella se puede explorar el laberinto de calles que se alinean con imponentes edificios. Pasando a trav\u00e9s de las antiguas murallas de la ciudad a trav\u00e9s del Arco de la Estrella.<\/p><p>La regi\u00f3n es un destino popular para actividades al aire libre y los deportes como montar a caballo a lo largo de las rutas antiguas, practicar pirag\u00fcismo en alguno de sus r\u00edos, rutas en 4&#215;4, etc.<\/p><h3><span style=\"text-decoration: underline;\"><strong>Badajoz<\/strong><\/span><\/h3><p>Es la provincia m\u00e1s grande de Espa\u00f1a y limita con las provincias de C\u00e1ceres, C\u00f3rdoba, Sevilla, Ciudad Real, y Huelva. El paisaje en la regi\u00f3n parece bastante desolado con colinas levemente onduladas y grandes espacios abiertos.<\/p><h2>Qu\u00e9 hacer en Extremadura<\/h2><h3><strong><u>Turismo Birding &amp; BirdWatching<\/u><\/strong><\/h3><p>Una de las actividades favoritas de los fot\u00f3grafos, pues Extremadura se <strong>caracteriza por poseer diversas zonas (ZEPA)<\/strong> en referencia a la protecci\u00f3n de aves y especies, por lo cual se considera uno de los lugares con mejores h\u00e1bitat naturales.<\/p><h3><strong><u>Parque Nacional Monfrang\u00fce<\/u><\/strong><\/h3><p>Maravilloso parque natural <strong>decretado como reserva de biosfera por la UNESCO<\/strong>, entre incre\u00edbles <strong>cierras<\/strong>, <strong>espec\u00edmenes<\/strong> <strong>abundantes<\/strong> y con <strong>diversas monta\u00f1as<\/strong> representa uno de los escenarios de ensue\u00f1o que te encontrar\u00e1s haciento turismo en <strong>Extremadura<\/strong>.<\/p><p>\u00a0<\/p><p>\u00a0<\/p>\t\t\t\t\t\t\t\t<\/div>\n\t\t\t\t\t<\/div>\n\t\t<\/div>\n\t\t\t\t\t<\/div>\n\t\t<\/section>\n\t\t\t\t<section class=\"elementor-section elementor-top-section elementor-element elementor-element-1c68f11c elementor-section-boxed elementor-section-height-default elementor-section-height-default\" data-id=\"1c68f11c\" data-element_type=\"section\">\n\t\t\t\t\t\t<div class=\"elementor-container elementor-column-gap-default\">\n\t\t\t\t\t<div class=\"elementor-column elementor-col-16 elementor-top-column elementor-element elementor-element-4dcb61f7\" data-id=\"4dcb61f7\" data-element_type=\"column\">\n\t\t\t<div class=\"elementor-widget-wrap elementor-element-populated\">\n\t\t\t\t\t\t<div class=\"elementor-element elementor-element-592e5028 elementor-widget elementor-widget-image\" data-id=\"592e5028\" data-element_type=\"widget\" data-widget_type=\"image.default\">\n\t\t\t\t\t\t\t\t\t\t\t\t\t\t\t<img decoding=\"async\" width=\"128\" height=\"128\" src=\"https:\/\/www.centraldevacaciones.com\/blog\/wp-content\/uploads\/2020\/09\/espana.png\" class=\"attachment-large size-large wp-image-12730\" alt=\"\" \/>\t\t\t\t\t\t\t\t\t\t\t\t\t\t\t<\/div>\n\t\t\t\t<div class=\"elementor-element elementor-element-1750373e elementor-widget elementor-widget-heading\" data-id=\"1750373e\" data-element_type=\"widget\" data-widget_type=\"heading.default\">\n\t\t\t\t\t<h3 class=\"elementor-heading-title elementor-size-default\"><a href=\"https:\/\/www.centraldevacaciones.com\/blog\/ofertas-de-vacaciones\/\">Viajes por Espa\u00f1a<\/a><\/h3>\t\t\t\t<\/div>\n\t\t\t\t\t<\/div>\n\t\t<\/div>\n\t\t\t\t<div class=\"elementor-column elementor-col-16 elementor-top-column elementor-element elementor-element-1fa5af0c\" data-id=\"1fa5af0c\" data-element_type=\"column\">\n\t\t\t<div class=\"elementor-widget-wrap elementor-element-populated\">\n\t\t\t\t\t\t<div class=\"elementor-element elementor-element-1c58ebce elementor-widget elementor-widget-image\" data-id=\"1c58ebce\" data-element_type=\"widget\" data-widget_type=\"image.default\">\n\t\t\t\t\t\t\t\t\t\t\t\t\t\t\t<img decoding=\"async\" width=\"128\" height=\"128\" src=\"https:\/\/www.centraldevacaciones.com\/blog\/wp-content\/uploads\/2020\/09\/isla.png\" class=\"attachment-large size-large wp-image-12732\" alt=\"\" \/>\t\t\t\t\t\t\t\t\t\t\t\t\t\t\t<\/div>\n\t\t\t\t<div class=\"elementor-element elementor-element-72ee67e elementor-widget elementor-widget-heading\" data-id=\"72ee67e\" data-element_type=\"widget\" data-widget_type=\"heading.default\">\n\t\t\t\t\t<h3 class=\"elementor-heading-title elementor-size-default\"><a href=\"https:\/\/www.centraldevacaciones.com\/blog\/vacaciones-mejores-islas-espana\/\">Islas de Espa\u00f1a<\/a><\/h3>\t\t\t\t<\/div>\n\t\t\t\t\t<\/div>\n\t\t<\/div>\n\t\t\t\t<div class=\"elementor-column elementor-col-16 elementor-top-column elementor-element elementor-element-78c96878\" data-id=\"78c96878\" data-element_type=\"column\">\n\t\t\t<div class=\"elementor-widget-wrap elementor-element-populated\">\n\t\t\t\t\t\t<div class=\"elementor-element elementor-element-223093cc elementor-widget elementor-widget-image\" data-id=\"223093cc\" data-element_type=\"widget\" data-widget_type=\"image.default\">\n\t\t\t\t\t\t\t\t\t\t\t\t\t\t\t<img loading=\"lazy\" decoding=\"async\" width=\"128\" height=\"128\" src=\"https:\/\/www.centraldevacaciones.com\/blog\/wp-content\/uploads\/2021\/05\/avion-1.png\" class=\"attachment-large size-large wp-image-12639\" alt=\"\" \/>\t\t\t\t\t\t\t\t\t\t\t\t\t\t\t<\/div>\n\t\t\t\t<div class=\"elementor-element elementor-element-47912138 elementor-widget elementor-widget-heading\" data-id=\"47912138\" data-element_type=\"widget\" data-widget_type=\"heading.default\">\n\t\t\t\t\t<h3 class=\"elementor-heading-title elementor-size-default\"><a href=\"https:\/\/www.centraldevacaciones.com\/viajes\/ofertas-a-islas-canarias.html\">Viajes a Canarias<\/a><\/h3>\t\t\t\t<\/div>\n\t\t\t\t\t<\/div>\n\t\t<\/div>\n\t\t\t\t<div class=\"elementor-column elementor-col-16 elementor-top-column elementor-element elementor-element-1842aff4\" data-id=\"1842aff4\" data-element_type=\"column\">\n\t\t\t<div class=\"elementor-widget-wrap elementor-element-populated\">\n\t\t\t\t\t\t<div class=\"elementor-element elementor-element-4d23f2ed elementor-widget elementor-widget-image\" data-id=\"4d23f2ed\" data-element_type=\"widget\" data-widget_type=\"image.default\">\n\t\t\t\t\t\t\t\t\t\t\t\t\t\t\t<img loading=\"lazy\" decoding=\"async\" width=\"128\" height=\"128\" src=\"https:\/\/www.centraldevacaciones.com\/blog\/wp-content\/uploads\/2020\/09\/sombrilla.png\" class=\"attachment-large size-large wp-image-12733\" alt=\"\" \/>\t\t\t\t\t\t\t\t\t\t\t\t\t\t\t<\/div>\n\t\t\t\t<div class=\"elementor-element elementor-element-640a2c1f elementor-widget elementor-widget-heading\" data-id=\"640a2c1f\" data-element_type=\"widget\" data-widget_type=\"heading.default\">\n\t\t\t\t\t<h3 class=\"elementor-heading-title elementor-size-default\"><a href=\"https:\/\/www.centraldevacaciones.com\/viajes\/ofertas-a-lanzarote.html\">Viajes a Lanzarote<\/a><\/h3>\t\t\t\t<\/div>\n\t\t\t\t\t<\/div>\n\t\t<\/div>\n\t\t\t\t<div class=\"elementor-column elementor-col-16 elementor-top-column elementor-element elementor-element-7eba6af1\" data-id=\"7eba6af1\" data-element_type=\"column\">\n\t\t\t<div class=\"elementor-widget-wrap elementor-element-populated\">\n\t\t\t\t\t\t<div class=\"elementor-element elementor-element-596036f5 elementor-widget elementor-widget-image\" data-id=\"596036f5\" data-element_type=\"widget\" data-widget_type=\"image.default\">\n\t\t\t\t\t\t\t\t\t\t\t\t\t\t\t<img loading=\"lazy\" decoding=\"async\" width=\"128\" height=\"128\" src=\"https:\/\/www.centraldevacaciones.com\/blog\/wp-content\/uploads\/2020\/09\/avion.png\" class=\"attachment-large size-large wp-image-12734\" alt=\"\" \/>\t\t\t\t\t\t\t\t\t\t\t\t\t\t\t<\/div>\n\t\t\t\t<div class=\"elementor-element elementor-element-13830197 elementor-widget elementor-widget-heading\" data-id=\"13830197\" data-element_type=\"widget\" data-widget_type=\"heading.default\">\n\t\t\t\t\t<h3 class=\"elementor-heading-title elementor-size-default\"><a href=\"https:\/\/www.centraldevacaciones.com\/viajes\/ofertas-a-islas-baleares.html\">Viajes a las Baleares<\/a><\/h3>\t\t\t\t<\/div>\n\t\t\t\t\t<\/div>\n\t\t<\/div>\n\t\t\t\t<div class=\"elementor-column elementor-col-16 elementor-top-column elementor-element elementor-element-53167e37\" data-id=\"53167e37\" data-element_type=\"column\">\n\t\t\t<div class=\"elementor-widget-wrap elementor-element-populated\">\n\t\t\t\t\t\t<div class=\"elementor-element elementor-element-6fe62a48 elementor-widget elementor-widget-image\" data-id=\"6fe62a48\" data-element_type=\"widget\" data-widget_type=\"image.default\">\n\t\t\t\t\t\t\t\t\t\t\t\t\t\t\t<img loading=\"lazy\" decoding=\"async\" width=\"128\" height=\"128\" src=\"https:\/\/www.centraldevacaciones.com\/blog\/wp-content\/uploads\/2021\/05\/dom.png\" class=\"attachment-large size-large wp-image-12635\" alt=\"\" \/>\t\t\t\t\t\t\t\t\t\t\t\t\t\t\t<\/div>\n\t\t\t\t<div class=\"elementor-element elementor-element-8508480 elementor-widget elementor-widget-heading\" data-id=\"8508480\" data-element_type=\"widget\" data-widget_type=\"heading.default\">\n\t\t\t\t\t<h3 class=\"elementor-heading-title elementor-size-default\"><a href=\"https:\/\/www.centraldevacaciones.com\/viajes\/ofertas-a-mallorca.html\">Viajes a Mallorca<\/a><\/h3>\t\t\t\t<\/div>\n\t\t\t\t\t<\/div>\n\t\t<\/div>\n\t\t\t\t\t<\/div>\n\t\t<\/section>\n\t\t\t\t<section class=\"elementor-section elementor-top-section elementor-element elementor-element-caf48a6 elementor-section-boxed elementor-section-height-default elementor-section-height-default\" data-id=\"caf48a6\" data-element_type=\"section\">\n\t\t\t\t\t\t<div class=\"elementor-container elementor-column-gap-default\">\n\t\t\t\t\t<div class=\"elementor-column elementor-col-100 elementor-top-column elementor-element elementor-element-0286d79\" data-id=\"0286d79\" data-element_type=\"column\">\n\t\t\t<div class=\"elementor-widget-wrap elementor-element-populated\">\n\t\t\t\t\t\t<div class=\"elementor-element elementor-element-c5a39c1 elementor-widget elementor-widget-text-editor\" data-id=\"c5a39c1\" data-element_type=\"widget\" data-widget_type=\"text-editor.default\">\n\t\t\t\t\t\t\t\t\t<p><span style=\"font-weight: 400;\">\u00a1Disfruta este verano como el que m\u00e1s y haz realidad el sue\u00f1o que muchos otros tienen con Central de Vacaciones! Pasa unos d\u00edas de vacaciones de desconexi\u00f3n en Espa\u00f1a, concretamente en las Islas Canarias sin preocuparte de nada junto a quien m\u00e1s quieres en una estancia premium con los extras que m\u00e1s se adapten a ti. \u00a1Haz ahora tu reserva aprovechando las ofertas antes de que se agote la disponibilidad y empieza a hacer el planning de los d\u00edas de tu estancia!\u00a0<\/span><\/p>\t\t\t\t\t\t\t\t<\/div>\n\t\t\t\t\t<\/div>\n\t\t<\/div>\n\t\t\t\t\t<\/div>\n\t\t<\/section>\n\t\t\t\t<\/div>\n\t\t","protected":false},"excerpt":{"rendered":"<p>Extremadura es una de las comunidades aut\u00f3nomas de Espa\u00f1a, se encuentra en el suroeste de la pen\u00ednsula ib\u00e9rica, bordeando Portugal y las regiones de Castilla y Le\u00f3n, Castilla La Mancha y Andaluc\u00eda. Se compone de dos provincias de Badajoz y C\u00e1ceres, que son, respectivamente, las provincias m\u00e1s grandes de Espa\u00f1a. Descubre lo mejor para una [&hellip;]<\/p>\n","protected":false},"author":1,"featured_media":3358,"comment_status":"closed","ping_status":"open","sticky":false,"template":"elementor_theme","format":"standard","meta":{"_acf_changed":false,"footnotes":""},"categories":[208,4,193,207,204,205,200,17],"tags":[82],"class_list":["post-2314","post","type-post","status-publish","format-standard","has-post-thumbnail","hentry","category-ideas-escapadas","category-espana","category-europa","category-ideas-viajes-invierno","category-ideas-viajes-verano","category-ideas-viajes-low-cost","category-rutas-por-espana","category-viajes-por-europa","tag-extremadura"],"acf":[],"_links":{"self":[{"href":"https:\/\/www.centraldevacaciones.com\/blog\/wp-json\/wp\/v2\/posts\/2314","targetHints":{"allow":["GET"]}}],"collection":[{"href":"https:\/\/www.centraldevacaciones.com\/blog\/wp-json\/wp\/v2\/posts"}],"about":[{"href":"https:\/\/www.centraldevacaciones.com\/blog\/wp-json\/wp\/v2\/types\/post"}],"author":[{"embeddable":true,"href":"https:\/\/www.centraldevacaciones.com\/blog\/wp-json\/wp\/v2\/users\/1"}],"replies":[{"embeddable":true,"href":"https:\/\/www.centraldevacaciones.com\/blog\/wp-json\/wp\/v2\/comments?post=2314"}],"version-history":[{"count":0,"href":"https:\/\/www.centraldevacaciones.com\/blog\/wp-json\/wp\/v2\/posts\/2314\/revisions"}],"wp:featuredmedia":[{"embeddable":true,"href":"https:\/\/www.centraldevacaciones.com\/blog\/wp-json\/wp\/v2\/media\/3358"}],"wp:attachment":[{"href":"https:\/\/www.centraldevacaciones.com\/blog\/wp-json\/wp\/v2\/media?parent=2314"}],"wp:term":[{"taxonomy":"category","embeddable":true,"href":"https:\/\/www.centraldevacaciones.com\/blog\/wp-json\/wp\/v2\/categories?post=2314"},{"taxonomy":"post_tag","embeddable":true,"href":"https:\/\/www.centraldevacaciones.com\/blog\/wp-json\/wp\/v2\/tags?post=2314"}],"curies":[{"name":"wp","href":"https:\/\/api.w.org\/{rel}","templated":true}]}}