{"id":2288,"date":"2015-07-29T08:53:24","date_gmt":"2015-07-29T06:53:24","guid":{"rendered":"http:\/\/blog.centraldevacaciones.com\/?p=2288"},"modified":"2021-11-10T09:20:30","modified_gmt":"2021-11-10T08:20:30","slug":"ofertas-agosto-baleares-y-canarias-desde-tu-ciudad","status":"publish","type":"post","link":"https:\/\/www.centraldevacaciones.com\/blog\/ofertas-agosto-baleares-y-canarias-desde-tu-ciudad\/","title":{"rendered":"Ofertas Agosto Baleares y Canarias desde tu Ciudad"},"content":{"rendered":"\t\t<div data-elementor-type=\"wp-post\" data-elementor-id=\"2288\" class=\"elementor elementor-2288\" data-elementor-post-type=\"post\">\n\t\t\t\t\t\t<section class=\"elementor-section elementor-top-section elementor-element elementor-element-76e962a elementor-section-boxed elementor-section-height-default elementor-section-height-default\" data-id=\"76e962a\" data-element_type=\"section\">\n\t\t\t\t\t\t<div class=\"elementor-container elementor-column-gap-default\">\n\t\t\t\t\t<div class=\"elementor-column elementor-col-100 elementor-top-column elementor-element elementor-element-63220ad4\" data-id=\"63220ad4\" data-element_type=\"column\">\n\t\t\t<div class=\"elementor-widget-wrap elementor-element-populated\">\n\t\t\t\t\t\t<div class=\"elementor-element elementor-element-3ec4ad98 elementor-widget elementor-widget-text-editor\" data-id=\"3ec4ad98\" data-element_type=\"widget\" data-widget_type=\"text-editor.default\">\n\t\t\t\t\t\t\t\t\t<p>Dado el Gran \u00c9xito de nuestra primera remesa de Ofertas a Canarias y Baleares, con salida desde tu ciudad, <a href=\"http:\/\/www.centraldevacaciones.com\/\">centraldevacaciones.com<\/a> quiere dar la oportunidad a toda aquella gente que no aprovecho nuestros baj\u00edsimos precios para disfrutar de sus Vacaciones en las Islas durante el ya casi agotado mes de Julio. En esta ocasi\u00f3n te traemos una nueva remesa de <strong>Ofertas de \u00faltima hora para Canarias o Baleares<\/strong>, pero en esta ocasi\u00f3n con salidas para el pr\u00f3ximo mes de Agosto.<\/p><p>De nuevo hemos creado una Oferta de viajes centrada en cada regi\u00f3n de la pen\u00ednsula. Viajes Baratos a Baleares y Canarias desde Galicia, Asturias, Zona Norte (Cantabria, Pa\u00eds Vasco, Pamplona y la Rioja), Zona de Arag\u00f3n y Catalu\u00f1a, Levante, Andaluc\u00eda y Melilla y desde la Zona centro de la Pen\u00ednsula (Madrid, Extremadura, y las dos Castillas)<\/p><p>Tan amplia es nuestra Oferta de salidas para disfrutar de tus vacaciones en las Islas que te ofrecemos tambi\u00e9n la oportunidad de Volar a Canarias o Baleares desde Melilla, Granada, Zaragoza, Almer\u00eda, Lleida, Logro\u00f1o, Oviedo, Oporto, Badajoz&#8230; y muchos m\u00e1s.<\/p><p>Te mostramos un peque\u00f1o resumen con las Mejores Ofertas de Viajes a Canarias y Baleares desde las principales zonas de la pen\u00ednsula:<\/p><p><strong>Ofertas de Viajes a Canarias o Baleares desde Galicia:<\/strong><\/p><p><img fetchpriority=\"high\" decoding=\"async\" class=\"alignnone size-full wp-image-20735\" src=\"https:\/\/www.centraldevacaciones.com\/blog\/wp-content\/uploads\/2021\/11\/Ofertas-especiales-en-la-zona-de-Galicia.jpg\" alt=\"Ofertas Agosto Baleares y Canarias desde tu Ciudad: Ofertas especiales en la zona de Galicia\" width=\"596\" height=\"842\" srcset=\"https:\/\/www.centraldevacaciones.com\/blog\/wp-content\/uploads\/2021\/11\/Ofertas-especiales-en-la-zona-de-Galicia.jpg 596w, https:\/\/www.centraldevacaciones.com\/blog\/wp-content\/uploads\/2021\/11\/Ofertas-especiales-en-la-zona-de-Galicia-212x300.jpg 212w\" sizes=\"(max-width: 596px) 100vw, 596px\" \/><\/p><p><img decoding=\"async\" class=\"alignnone size-full wp-image-20736\" src=\"https:\/\/www.centraldevacaciones.com\/blog\/wp-content\/uploads\/2021\/11\/Ofertas-especiales-en-la-zona-de-Asturias-1.jpg\" alt=\"Ofertas Agosto Baleares y Canarias desde tu Ciudad: Ofertas especiales en la zona de Asturias\" width=\"596\" height=\"842\" srcset=\"https:\/\/www.centraldevacaciones.com\/blog\/wp-content\/uploads\/2021\/11\/Ofertas-especiales-en-la-zona-de-Asturias-1.jpg 596w, https:\/\/www.centraldevacaciones.com\/blog\/wp-content\/uploads\/2021\/11\/Ofertas-especiales-en-la-zona-de-Asturias-1-212x300.jpg 212w\" sizes=\"(max-width: 596px) 100vw, 596px\" \/><strong>Ofertas de Viajes a Canarias o Baleares desde Asturias y Le\u00f3n<\/strong><\/p><p><strong>Ofertas de Viajes a Canarias o Baleares desde Cantabria, Pais Vasco, Pamplona y la Rioja:<\/strong><\/p><p><img decoding=\"async\" class=\"alignnone size-full wp-image-20738\" src=\"https:\/\/www.centraldevacaciones.com\/blog\/wp-content\/uploads\/2021\/11\/Ofertas-especiales-en-la-zona-del-Norte.jpg\" alt=\"Ofertas Agosto Baleares y Canarias desde tu Ciudad: Ofertas especiales en la zona del Norte\" width=\"596\" height=\"842\" srcset=\"https:\/\/www.centraldevacaciones.com\/blog\/wp-content\/uploads\/2021\/11\/Ofertas-especiales-en-la-zona-del-Norte.jpg 596w, https:\/\/www.centraldevacaciones.com\/blog\/wp-content\/uploads\/2021\/11\/Ofertas-especiales-en-la-zona-del-Norte-212x300.jpg 212w\" sizes=\"(max-width: 596px) 100vw, 596px\" \/><\/p><p><strong>Ofertas de Viajes a Canarias o Baleares desde Catalu\u00f1a y Arag\u00f3n:<\/strong><\/p><p><img loading=\"lazy\" decoding=\"async\" class=\"alignnone size-full wp-image-20739\" src=\"https:\/\/www.centraldevacaciones.com\/blog\/wp-content\/uploads\/2021\/11\/Ofertas-especiales-en-la-zona-de-Aragon-y-Cataluna.jpg\" alt=\"Ofertas especiales en la zona del Norte: Ofertas especiales en la zona de Arag\u00f3n y Catalu\u00f1a\" width=\"596\" height=\"842\" srcset=\"https:\/\/www.centraldevacaciones.com\/blog\/wp-content\/uploads\/2021\/11\/Ofertas-especiales-en-la-zona-de-Aragon-y-Cataluna.jpg 596w, https:\/\/www.centraldevacaciones.com\/blog\/wp-content\/uploads\/2021\/11\/Ofertas-especiales-en-la-zona-de-Aragon-y-Cataluna-212x300.jpg 212w\" sizes=\"(max-width: 596px) 100vw, 596px\" \/><\/p><p><strong>Ofertas de Viajes a Canarias o Baleares desde Madrid, Castilla Le\u00f3n y Extremadura:<\/strong><\/p><p><img loading=\"lazy\" decoding=\"async\" class=\"alignnone size-full wp-image-20740\" src=\"https:\/\/www.centraldevacaciones.com\/blog\/wp-content\/uploads\/2021\/11\/Oferas-especiales-en-la-Zona-Centro.jpg\" alt=\"Ofertas Agosto Baleares y Canarias desde tu Ciudad: Oferas especiales en la Zona Centro\" width=\"596\" height=\"842\" srcset=\"https:\/\/www.centraldevacaciones.com\/blog\/wp-content\/uploads\/2021\/11\/Oferas-especiales-en-la-Zona-Centro.jpg 596w, https:\/\/www.centraldevacaciones.com\/blog\/wp-content\/uploads\/2021\/11\/Oferas-especiales-en-la-Zona-Centro-212x300.jpg 212w\" sizes=\"(max-width: 596px) 100vw, 596px\" \/><\/p><p><strong>Ofertas de Viajes a Canarias o Baleares desde Valencia y Alicante:<\/strong><\/p><p><img loading=\"lazy\" decoding=\"async\" class=\"alignnone size-full wp-image-20741\" src=\"https:\/\/www.centraldevacaciones.com\/blog\/wp-content\/uploads\/2021\/11\/Ofertas-especiales-en-la-zona-de-Levante.jpg\" alt=\"Ofertas Agosto Baleares y Canarias desde tu Ciudad: Ofertas especiales en la zona de Levante\" width=\"596\" height=\"842\" srcset=\"https:\/\/www.centraldevacaciones.com\/blog\/wp-content\/uploads\/2021\/11\/Ofertas-especiales-en-la-zona-de-Levante.jpg 596w, https:\/\/www.centraldevacaciones.com\/blog\/wp-content\/uploads\/2021\/11\/Ofertas-especiales-en-la-zona-de-Levante-212x300.jpg 212w\" sizes=\"(max-width: 596px) 100vw, 596px\" \/><\/p><p><strong>Ofertas de Viajes a Canarias o Baleares desde Andaluc\u00eda:<\/strong><\/p><p><img loading=\"lazy\" decoding=\"async\" class=\"alignnone size-full wp-image-20742\" src=\"https:\/\/www.centraldevacaciones.com\/blog\/wp-content\/uploads\/2021\/11\/Ofertas-espciales-en-la-zona-de-Andalucia.jpg\" alt=\"Ofertas Agosto Baleares y Canarias desde tu Ciudad: Ofertas espciales en la zona de Andalucia\" width=\"596\" height=\"842\" srcset=\"https:\/\/www.centraldevacaciones.com\/blog\/wp-content\/uploads\/2021\/11\/Ofertas-espciales-en-la-zona-de-Andalucia.jpg 596w, https:\/\/www.centraldevacaciones.com\/blog\/wp-content\/uploads\/2021\/11\/Ofertas-espciales-en-la-zona-de-Andalucia-212x300.jpg 212w\" sizes=\"(max-width: 596px) 100vw, 596px\" \/><\/p><p>No te lo pienses mucho pues son salidas inmediatas. Entra ya en <a href=\"http:\/\/www.centraldevacaciones.com\/\">centraldevacaciones.com<\/a> y reserva tus <strong>Vacaciones en Canarias saliendo desde tu ciudad<\/strong>. Nunca fue tan facil y tan econ\u00f3mico viajar a Baleares y disfrutar de unas aut\u00e9nticas vacaciones de verano. Adem\u00e1s, como puedes ver en nuestras ofertas, pr\u00e1cticamente todas las opciones incorporan <strong>NI\u00d1OS GRATIS.<\/strong><\/p><p>No tienes escusa, vacaciones en familia en las islas. \u00bfAlguna vez tuviste una oportunidad as\u00ed?<\/p>\t\t\t\t\t\t\t\t<\/div>\n\t\t\t\t\t<\/div>\n\t\t<\/div>\n\t\t\t\t\t<\/div>\n\t\t<\/section>\n\t\t\t\t<section class=\"elementor-section elementor-top-section elementor-element elementor-element-538e750e elementor-section-boxed elementor-section-height-default elementor-section-height-default\" data-id=\"538e750e\" data-element_type=\"section\">\n\t\t\t\t\t\t<div class=\"elementor-container elementor-column-gap-custom\">\n\t\t\t\t\t<div class=\"elementor-column elementor-col-16 elementor-top-column elementor-element elementor-element-49b855ad\" data-id=\"49b855ad\" data-element_type=\"column\">\n\t\t\t<div class=\"elementor-widget-wrap elementor-element-populated\">\n\t\t\t\t\t\t<div class=\"elementor-element elementor-element-3d0f4609 elementor-widget elementor-widget-image\" data-id=\"3d0f4609\" data-element_type=\"widget\" data-widget_type=\"image.default\">\n\t\t\t\t\t\t\t\t\t\t\t\t\t\t\t<img loading=\"lazy\" decoding=\"async\" width=\"128\" height=\"128\" src=\"https:\/\/www.centraldevacaciones.com\/blog\/wp-content\/uploads\/2021\/05\/dom.png\" class=\"attachment-large size-large wp-image-12635\" alt=\"\" \/>\t\t\t\t\t\t\t\t\t\t\t\t\t\t\t<\/div>\n\t\t\t\t<div class=\"elementor-element elementor-element-1d6703d0 elementor-widget elementor-widget-heading\" data-id=\"1d6703d0\" data-element_type=\"widget\" data-widget_type=\"heading.default\">\n\t\t\t\t\t<h3 class=\"elementor-heading-title elementor-size-default\"><a href=\"https:\/\/www.centraldevacaciones.com\/viajes\/\">Ofertas vacacionales<\/a><\/h3>\t\t\t\t<\/div>\n\t\t\t\t\t<\/div>\n\t\t<\/div>\n\t\t\t\t<div class=\"elementor-column elementor-col-16 elementor-top-column elementor-element elementor-element-34cc182e\" data-id=\"34cc182e\" data-element_type=\"column\">\n\t\t\t<div class=\"elementor-widget-wrap elementor-element-populated\">\n\t\t\t\t\t\t<div class=\"elementor-element elementor-element-147fc58c elementor-widget elementor-widget-image\" data-id=\"147fc58c\" data-element_type=\"widget\" data-widget_type=\"image.default\">\n\t\t\t\t\t\t\t\t\t\t\t\t\t\t\t<img loading=\"lazy\" decoding=\"async\" width=\"128\" height=\"128\" src=\"https:\/\/www.centraldevacaciones.com\/blog\/wp-content\/uploads\/2021\/05\/camas.png\" class=\"attachment-large size-large wp-image-12637\" alt=\"\" \/>\t\t\t\t\t\t\t\t\t\t\t\t\t\t\t<\/div>\n\t\t\t\t<div class=\"elementor-element elementor-element-7c3a299e elementor-widget elementor-widget-heading\" data-id=\"7c3a299e\" data-element_type=\"widget\" data-widget_type=\"heading.default\">\n\t\t\t\t\t<h3 class=\"elementor-heading-title elementor-size-default\"><a href=\"https:\/\/www.centraldevacaciones.com\/blog\/hoteles-de-ciudad\/\">Ofertas hoteles<\/a><\/h3>\t\t\t\t<\/div>\n\t\t\t\t\t<\/div>\n\t\t<\/div>\n\t\t\t\t<div class=\"elementor-column elementor-col-16 elementor-top-column elementor-element elementor-element-45dd2c86\" data-id=\"45dd2c86\" data-element_type=\"column\">\n\t\t\t<div class=\"elementor-widget-wrap elementor-element-populated\">\n\t\t\t\t\t\t<div class=\"elementor-element elementor-element-24f69214 elementor-widget elementor-widget-image\" data-id=\"24f69214\" data-element_type=\"widget\" data-widget_type=\"image.default\">\n\t\t\t\t\t\t\t\t\t\t\t\t\t\t\t<img loading=\"lazy\" decoding=\"async\" width=\"128\" height=\"128\" src=\"https:\/\/www.centraldevacaciones.com\/blog\/wp-content\/uploads\/2021\/05\/avion-1.png\" class=\"attachment-large size-large wp-image-12639\" alt=\"\" \/>\t\t\t\t\t\t\t\t\t\t\t\t\t\t\t<\/div>\n\t\t\t\t<div class=\"elementor-element elementor-element-21d22c2f elementor-widget elementor-widget-heading\" data-id=\"21d22c2f\" data-element_type=\"widget\" data-widget_type=\"heading.default\">\n\t\t\t\t\t<h3 class=\"elementor-heading-title elementor-size-default\"><a href=\"https:\/\/www.centraldevacaciones.com\/blog\/destinos-vacaciones\/\">Mejores destinos<\/a><\/h3>\t\t\t\t<\/div>\n\t\t\t\t\t<\/div>\n\t\t<\/div>\n\t\t\t\t<div class=\"elementor-column elementor-col-16 elementor-top-column elementor-element elementor-element-4648fef0\" data-id=\"4648fef0\" data-element_type=\"column\">\n\t\t\t<div class=\"elementor-widget-wrap elementor-element-populated\">\n\t\t\t\t\t\t<div class=\"elementor-element elementor-element-314a60ec elementor-widget elementor-widget-image\" data-id=\"314a60ec\" data-element_type=\"widget\" data-widget_type=\"image.default\">\n\t\t\t\t\t\t\t\t\t\t\t\t\t\t\t<img loading=\"lazy\" decoding=\"async\" width=\"128\" height=\"128\" src=\"https:\/\/www.centraldevacaciones.com\/blog\/wp-content\/uploads\/2021\/05\/cama-solar.png\" class=\"attachment-large size-large wp-image-12640\" alt=\"\" \/>\t\t\t\t\t\t\t\t\t\t\t\t\t\t\t<\/div>\n\t\t\t\t<div class=\"elementor-element elementor-element-6caf97dd elementor-widget elementor-widget-heading\" data-id=\"6caf97dd\" data-element_type=\"widget\" data-widget_type=\"heading.default\">\n\t\t\t\t\t<h3 class=\"elementor-heading-title elementor-size-default\"><a href=\"https:\/\/www.centraldevacaciones.com\/blog\/ofertas-circuitos\/\">Circuitos vacacionales<\/a><\/h3>\t\t\t\t<\/div>\n\t\t\t\t\t<\/div>\n\t\t<\/div>\n\t\t\t\t<div class=\"elementor-column elementor-col-16 elementor-top-column elementor-element elementor-element-a639224\" data-id=\"a639224\" data-element_type=\"column\">\n\t\t\t<div class=\"elementor-widget-wrap elementor-element-populated\">\n\t\t\t\t\t\t<div class=\"elementor-element elementor-element-2cea37f elementor-widget elementor-widget-image\" data-id=\"2cea37f\" data-element_type=\"widget\" data-widget_type=\"image.default\">\n\t\t\t\t\t\t\t\t\t\t\t\t\t\t\t<img loading=\"lazy\" decoding=\"async\" width=\"128\" height=\"128\" src=\"https:\/\/www.centraldevacaciones.com\/blog\/wp-content\/uploads\/2021\/05\/en-todo-el-mundo.png\" class=\"attachment-large size-large wp-image-12641\" alt=\"\" \/>\t\t\t\t\t\t\t\t\t\t\t\t\t\t\t<\/div>\n\t\t\t\t<div class=\"elementor-element elementor-element-78ef269d elementor-widget elementor-widget-heading\" data-id=\"78ef269d\" data-element_type=\"widget\" data-widget_type=\"heading.default\">\n\t\t\t\t\t<h3 class=\"elementor-heading-title elementor-size-default\"><a href=\"https:\/\/www.centraldevacaciones.com\/blog\/vuelo-hotel\/\">Vuelo + hotel <\/a><\/h3>\t\t\t\t<\/div>\n\t\t\t\t\t<\/div>\n\t\t<\/div>\n\t\t\t\t<div class=\"elementor-column elementor-col-16 elementor-top-column elementor-element elementor-element-373f340a\" data-id=\"373f340a\" data-element_type=\"column\">\n\t\t\t<div class=\"elementor-widget-wrap elementor-element-populated\">\n\t\t\t\t\t\t<div class=\"elementor-element elementor-element-7a7d3020 elementor-widget elementor-widget-image\" data-id=\"7a7d3020\" data-element_type=\"widget\" data-widget_type=\"image.default\">\n\t\t\t\t\t\t\t\t\t\t\t\t\t\t\t<img loading=\"lazy\" decoding=\"async\" width=\"128\" height=\"128\" src=\"https:\/\/www.centraldevacaciones.com\/blog\/wp-content\/uploads\/2021\/05\/crucero.png\" class=\"attachment-large size-large wp-image-12642\" alt=\"\" \/>\t\t\t\t\t\t\t\t\t\t\t\t\t\t\t<\/div>\n\t\t\t\t<div class=\"elementor-element elementor-element-3e297e3d elementor-widget elementor-widget-heading\" data-id=\"3e297e3d\" data-element_type=\"widget\" data-widget_type=\"heading.default\">\n\t\t\t\t\t<h3 class=\"elementor-heading-title elementor-size-default\"><a href=\"https:\/\/www.centraldevacaciones.com\/blog\/destinos-cruceros\/\">Ofertas  cruceros<\/a><\/h3>\t\t\t\t<\/div>\n\t\t\t\t\t<\/div>\n\t\t<\/div>\n\t\t\t\t\t<\/div>\n\t\t<\/section>\n\t\t\t\t<\/div>\n\t\t","protected":false},"excerpt":{"rendered":"<p>Dado el Gran \u00c9xito de nuestra primera remesa de Ofertas a Canarias y Baleares, con salida desde tu ciudad, centraldevacaciones.com quiere dar la oportunidad a toda aquella gente que no aprovecho nuestros baj\u00edsimos precios para disfrutar de sus Vacaciones en las Islas durante el ya casi agotado mes de Julio. En esta ocasi\u00f3n te traemos [&hellip;]<\/p>\n","protected":false},"author":1,"featured_media":2292,"comment_status":"closed","ping_status":"open","sticky":false,"template":"elementor_theme","format":"standard","meta":{"_acf_changed":false,"footnotes":""},"categories":[4,193,208,204,205,200,195,1,12,17],"tags":[],"class_list":["post-2288","post","type-post","status-publish","format-standard","has-post-thumbnail","hentry","category-espana","category-europa","category-ideas-escapadas","category-ideas-viajes-verano","category-ideas-viajes-low-cost","category-rutas-por-espana","category-rutas-por-europa","category-vacaciones","category-viajes","category-viajes-por-europa"],"acf":[],"_links":{"self":[{"href":"https:\/\/www.centraldevacaciones.com\/blog\/wp-json\/wp\/v2\/posts\/2288","targetHints":{"allow":["GET"]}}],"collection":[{"href":"https:\/\/www.centraldevacaciones.com\/blog\/wp-json\/wp\/v2\/posts"}],"about":[{"href":"https:\/\/www.centraldevacaciones.com\/blog\/wp-json\/wp\/v2\/types\/post"}],"author":[{"embeddable":true,"href":"https:\/\/www.centraldevacaciones.com\/blog\/wp-json\/wp\/v2\/users\/1"}],"replies":[{"embeddable":true,"href":"https:\/\/www.centraldevacaciones.com\/blog\/wp-json\/wp\/v2\/comments?post=2288"}],"version-history":[{"count":0,"href":"https:\/\/www.centraldevacaciones.com\/blog\/wp-json\/wp\/v2\/posts\/2288\/revisions"}],"wp:featuredmedia":[{"embeddable":true,"href":"https:\/\/www.centraldevacaciones.com\/blog\/wp-json\/wp\/v2\/media\/2292"}],"wp:attachment":[{"href":"https:\/\/www.centraldevacaciones.com\/blog\/wp-json\/wp\/v2\/media?parent=2288"}],"wp:term":[{"taxonomy":"category","embeddable":true,"href":"https:\/\/www.centraldevacaciones.com\/blog\/wp-json\/wp\/v2\/categories?post=2288"},{"taxonomy":"post_tag","embeddable":true,"href":"https:\/\/www.centraldevacaciones.com\/blog\/wp-json\/wp\/v2\/tags?post=2288"}],"curies":[{"name":"wp","href":"https:\/\/api.w.org\/{rel}","templated":true}]}}