{"id":2275,"date":"2015-07-17T17:09:51","date_gmt":"2015-07-17T15:09:51","guid":{"rendered":"http:\/\/blog.centraldevacaciones.com\/?p=2275"},"modified":"2021-11-05T15:08:53","modified_gmt":"2021-11-05T14:08:53","slug":"oferta-islas-canarias-y-baleares-con-salida-desde-su-ciudad","status":"publish","type":"post","link":"https:\/\/www.centraldevacaciones.com\/blog\/oferta-islas-canarias-y-baleares-con-salida-desde-su-ciudad\/","title":{"rendered":"Oferta Islas Canarias y Baleares con salida desde su ciudad"},"content":{"rendered":"\t\t<div data-elementor-type=\"wp-post\" data-elementor-id=\"2275\" class=\"elementor elementor-2275\" data-elementor-post-type=\"post\">\n\t\t\t\t\t\t<section class=\"elementor-section elementor-top-section elementor-element elementor-element-2ea3deab elementor-section-boxed elementor-section-height-default elementor-section-height-default\" data-id=\"2ea3deab\" data-element_type=\"section\">\n\t\t\t\t\t\t<div class=\"elementor-container elementor-column-gap-default\">\n\t\t\t\t\t<div class=\"elementor-column elementor-col-100 elementor-top-column elementor-element elementor-element-6a2d273f\" data-id=\"6a2d273f\" data-element_type=\"column\">\n\t\t\t<div class=\"elementor-widget-wrap elementor-element-populated\">\n\t\t\t\t\t\t<div class=\"elementor-element elementor-element-438d6467 elementor-widget elementor-widget-text-editor\" data-id=\"438d6467\" data-element_type=\"widget\" data-widget_type=\"text-editor.default\">\n\t\t\t\t\t\t\t\t\t<p>Desde <a href=\"http:\/\/www.centraldevacaciones.com\/\">centraldevacaciones.com<\/a> te traemos hoy una nueva remesa de <strong>Ofertas de \u00faltima hora para Canarias o Baleares<\/strong>, pero en esta ocasi\u00f3n ofreci\u00e9ndote m\u00faltiples posibilidades de Salida.<\/p><p>Queremos adaptarnos lo m\u00e1s posible a ti, por eso, hemos elaborado una Oferta de viajes centrada en cada regi\u00f3n de la pen\u00ednsula. Podr\u00e1s viajar a Canarias y Baleares desde Galicia con vuelos directos desde Santiago de Compostela y desde Vigo. Disfruta de nuestras islas saliendo desde Asturias. Viajes a Tenerife o Mallorca desde el Norte de Espa\u00f1a. Ofertas de viajes a Ibiza o Menorca desde Catalu\u00f1a o Arag\u00f3n. La zona centro no solo es Madrid, Viaja a Canarias o Baleares desde Badajoz, Salamanca, Le\u00f3n o\u00a0 Valladolid. Grandes ofertas a Fuerteventura o Lanzarote desde el levante espa\u00f1ol. Y como no, m\u00e1s ofertas a Gran Canaria o Menorca desde Sevilla, M\u00e1laga y otras zonas de Andaluc\u00eda.<\/p><p>Tan amplia es nuestra Oferta de salidas para disfrutar de tus vacaciones en las Islas que te ofrecemos tambi\u00e9n la oportunidad de Volar a Canarias o Baleares desde Melilla, Granada, Jerez de la Frontera, Almer\u00eda, Lleida, Logro\u00f1o, Oviedo, Oporto, Badajoz&#8230; y muchos m\u00e1s.<\/p><p>Te mostramos un peque\u00f1o resumen con las Mejores Ofertas de Viajes a Canarias y Baleares desde las principales zonas de la pen\u00ednsula:<\/p><p><strong>Ofertas de Viajes a Canarias o Baleares desde Galicia:<\/strong><\/p><p><img fetchpriority=\"high\" decoding=\"async\" class=\"alignnone size-full wp-image-20281\" src=\"https:\/\/www.centraldevacaciones.com\/blog\/wp-content\/uploads\/2021\/11\/Ofertas-especiales-a-la-zona-de-Galicia.jpg\" alt=\"Oferta Islas Canarias y Baleares con salida desde su ciudad: Ofertas a la zona de Galicia\" width=\"596\" height=\"842\" srcset=\"https:\/\/www.centraldevacaciones.com\/blog\/wp-content\/uploads\/2021\/11\/Ofertas-especiales-a-la-zona-de-Galicia.jpg 596w, https:\/\/www.centraldevacaciones.com\/blog\/wp-content\/uploads\/2021\/11\/Ofertas-especiales-a-la-zona-de-Galicia-212x300.jpg 212w\" sizes=\"(max-width: 596px) 100vw, 596px\" \/><\/p><p><strong>Ofertas de Viajes a Canarias o Baleares desde Asturias y Le\u00f3n<\/strong><\/p><p><strong>Ofertas de Viajes a Canarias o Baleares desde Cantabria, Pais Vasco, Pamplona y la Rioja:<\/strong><\/p><p><img decoding=\"async\" class=\"alignnone size-full wp-image-20282\" src=\"https:\/\/www.centraldevacaciones.com\/blog\/wp-content\/uploads\/2021\/11\/Ofertas-especiales-en-la-zona-de-Asturias.jpg\" alt=\"Oferta Islas Canarias y Baleares con salida desde su ciudad: Ofertas a la zona de Asturias\" width=\"596\" height=\"842\" srcset=\"https:\/\/www.centraldevacaciones.com\/blog\/wp-content\/uploads\/2021\/11\/Ofertas-especiales-en-la-zona-de-Asturias.jpg 596w, https:\/\/www.centraldevacaciones.com\/blog\/wp-content\/uploads\/2021\/11\/Ofertas-especiales-en-la-zona-de-Asturias-212x300.jpg 212w\" sizes=\"(max-width: 596px) 100vw, 596px\" \/><\/p><p><strong>Ofertas de Viajes a Canarias o Baleares desde Catalu\u00f1a y Arag\u00f3n:<\/strong><\/p><p><img decoding=\"async\" class=\"alignnone size-full wp-image-20284\" src=\"https:\/\/www.centraldevacaciones.com\/blog\/wp-content\/uploads\/2021\/11\/Ofertas-Zona-Argon-y-Cataluna.jpg\" alt=\"Oferta Islas Canarias y Baleares con salida desde su ciudad: Ofertas Zona Arg\u00f3n y Catalu\u00f1a\" width=\"596\" height=\"842\" srcset=\"https:\/\/www.centraldevacaciones.com\/blog\/wp-content\/uploads\/2021\/11\/Ofertas-Zona-Argon-y-Cataluna.jpg 596w, https:\/\/www.centraldevacaciones.com\/blog\/wp-content\/uploads\/2021\/11\/Ofertas-Zona-Argon-y-Cataluna-212x300.jpg 212w\" sizes=\"(max-width: 596px) 100vw, 596px\" \/><\/p><p><strong>Ofertas de Viajes a Canarias o Baleares desde Madrid, Castilla Le\u00f3n y Extremadura:<\/strong><\/p><p><a href=\"http:\/\/blog.centraldevacaciones.com\/wp-content\/uploads\/2015\/07\/OfertasZonaCentro.jpg\"><img loading=\"lazy\" decoding=\"async\" class=\"aligncenter wp-image-2279 size-full\" src=\"https:\/\/www.centraldevacaciones.com\/blog\/wp-content\/uploads\/2015\/07\/OfertasZonaCentro.jpg\" alt=\"OfertasZonaCentro\" width=\"596\" height=\"842\" srcset=\"https:\/\/www.centraldevacaciones.com\/blog\/wp-content\/uploads\/2015\/07\/OfertasZonaCentro.jpg 596w, https:\/\/www.centraldevacaciones.com\/blog\/wp-content\/uploads\/2015\/07\/OfertasZonaCentro-212x300.jpg 212w\" sizes=\"(max-width: 596px) 100vw, 596px\" \/><\/a><\/p><p><strong>Ofertas de Viajes a Canarias o Baleares desde Valencia y Alicante:<\/strong><\/p><p><img loading=\"lazy\" decoding=\"async\" class=\"alignnone size-full wp-image-20289\" src=\"https:\/\/www.centraldevacaciones.com\/blog\/wp-content\/uploads\/2021\/11\/Ofertas-en-la-zona-de-Levante-1.jpg\" alt=\"Oferta Islas Canarias y Baleares con salida desde su ciudad: Ofertas en la zona de Levante\" width=\"596\" height=\"842\" srcset=\"https:\/\/www.centraldevacaciones.com\/blog\/wp-content\/uploads\/2021\/11\/Ofertas-en-la-zona-de-Levante-1.jpg 596w, https:\/\/www.centraldevacaciones.com\/blog\/wp-content\/uploads\/2021\/11\/Ofertas-en-la-zona-de-Levante-1-212x300.jpg 212w\" sizes=\"(max-width: 596px) 100vw, 596px\" \/><\/p><p><strong>Ofertas de Viajes a Canarias o Baleares desde Andaluc\u00eda:<\/strong><\/p><p><img loading=\"lazy\" decoding=\"async\" class=\"alignnone size-full wp-image-20290\" src=\"https:\/\/www.centraldevacaciones.com\/blog\/wp-content\/uploads\/2021\/11\/Ofertas-en-la-Zona-Andalucia.jpg\" alt=\"Oferta Islas Canarias y Baleares con salida desde su ciudad: Ofertas en la Zona Andalucia\" width=\"596\" height=\"842\" srcset=\"https:\/\/www.centraldevacaciones.com\/blog\/wp-content\/uploads\/2021\/11\/Ofertas-en-la-Zona-Andalucia.jpg 596w, https:\/\/www.centraldevacaciones.com\/blog\/wp-content\/uploads\/2021\/11\/Ofertas-en-la-Zona-Andalucia-212x300.jpg 212w\" sizes=\"(max-width: 596px) 100vw, 596px\" \/><\/p><p>No te lo pienses mucho pues son salidas inmediatas. Entra ya en <a href=\"http:\/\/www.centraldevacaciones.com\/\">centraldevacaciones.com<\/a> y reserva tus <strong>Vacaciones en Canarias saliendo desde tu ciudad<\/strong>. Nunca fue tan facil y tan econ\u00f3mico viajar a Baleares y disfrutar de unas aut\u00e9nticas vacaciones de verano. Adem\u00e1s, como puedes ver en nuestras ofertas, pr\u00e1cticamente todas las opciones incorporan <strong>NI\u00d1OS GRATIS.<\/strong><\/p><p>No tienes escusa, vacaciones en familia en las islas. \u00bfAlguna vez tuviste una oportunidad as\u00ed?<\/p>\t\t\t\t\t\t\t\t<\/div>\n\t\t\t\t\t<\/div>\n\t\t<\/div>\n\t\t\t\t\t<\/div>\n\t\t<\/section>\n\t\t\t\t<section class=\"elementor-section elementor-top-section elementor-element elementor-element-2486c625 elementor-section-boxed elementor-section-height-default elementor-section-height-default\" data-id=\"2486c625\" data-element_type=\"section\">\n\t\t\t\t\t\t<div class=\"elementor-container elementor-column-gap-default\">\n\t\t\t\t\t<div class=\"elementor-column elementor-col-16 elementor-top-column elementor-element elementor-element-5f88d60b\" data-id=\"5f88d60b\" data-element_type=\"column\">\n\t\t\t<div class=\"elementor-widget-wrap elementor-element-populated\">\n\t\t\t\t\t\t<div class=\"elementor-element elementor-element-1f6bf893 elementor-widget elementor-widget-image\" data-id=\"1f6bf893\" data-element_type=\"widget\" data-widget_type=\"image.default\">\n\t\t\t\t\t\t\t\t\t\t\t\t\t\t\t<img loading=\"lazy\" decoding=\"async\" width=\"128\" height=\"128\" src=\"https:\/\/www.centraldevacaciones.com\/blog\/wp-content\/uploads\/2020\/09\/espana.png\" class=\"attachment-large size-large wp-image-12730\" alt=\"\" \/>\t\t\t\t\t\t\t\t\t\t\t\t\t\t\t<\/div>\n\t\t\t\t<div class=\"elementor-element elementor-element-3f26b7ab elementor-widget elementor-widget-heading\" data-id=\"3f26b7ab\" data-element_type=\"widget\" data-widget_type=\"heading.default\">\n\t\t\t\t\t<h3 class=\"elementor-heading-title elementor-size-default\"><a href=\"https:\/\/www.centraldevacaciones.com\/blog\/ofertas-de-vacaciones\/\">Viajes por Espa\u00f1a<\/a><\/h3>\t\t\t\t<\/div>\n\t\t\t\t\t<\/div>\n\t\t<\/div>\n\t\t\t\t<div class=\"elementor-column elementor-col-16 elementor-top-column elementor-element elementor-element-7d7345df\" data-id=\"7d7345df\" data-element_type=\"column\">\n\t\t\t<div class=\"elementor-widget-wrap elementor-element-populated\">\n\t\t\t\t\t\t<div class=\"elementor-element elementor-element-41de9265 elementor-widget elementor-widget-image\" data-id=\"41de9265\" data-element_type=\"widget\" data-widget_type=\"image.default\">\n\t\t\t\t\t\t\t\t\t\t\t\t\t\t\t<img loading=\"lazy\" decoding=\"async\" width=\"128\" height=\"128\" src=\"https:\/\/www.centraldevacaciones.com\/blog\/wp-content\/uploads\/2020\/09\/isla.png\" class=\"attachment-large size-large wp-image-12732\" alt=\"\" \/>\t\t\t\t\t\t\t\t\t\t\t\t\t\t\t<\/div>\n\t\t\t\t<div class=\"elementor-element elementor-element-75d42a47 elementor-widget elementor-widget-heading\" data-id=\"75d42a47\" data-element_type=\"widget\" data-widget_type=\"heading.default\">\n\t\t\t\t\t<h3 class=\"elementor-heading-title elementor-size-default\"><a href=\"https:\/\/www.centraldevacaciones.com\/blog\/vacaciones-mejores-islas-espana\/\">Islas de Espa\u00f1a<\/a><\/h3>\t\t\t\t<\/div>\n\t\t\t\t\t<\/div>\n\t\t<\/div>\n\t\t\t\t<div class=\"elementor-column elementor-col-16 elementor-top-column elementor-element elementor-element-12817fb6\" data-id=\"12817fb6\" data-element_type=\"column\">\n\t\t\t<div class=\"elementor-widget-wrap elementor-element-populated\">\n\t\t\t\t\t\t<div class=\"elementor-element elementor-element-576fc6bc elementor-widget elementor-widget-image\" data-id=\"576fc6bc\" data-element_type=\"widget\" data-widget_type=\"image.default\">\n\t\t\t\t\t\t\t\t\t\t\t\t\t\t\t<img loading=\"lazy\" decoding=\"async\" width=\"128\" height=\"128\" src=\"https:\/\/www.centraldevacaciones.com\/blog\/wp-content\/uploads\/2021\/05\/avion-1.png\" class=\"attachment-large size-large wp-image-12639\" alt=\"\" \/>\t\t\t\t\t\t\t\t\t\t\t\t\t\t\t<\/div>\n\t\t\t\t<div class=\"elementor-element elementor-element-9a668a elementor-widget elementor-widget-heading\" data-id=\"9a668a\" data-element_type=\"widget\" data-widget_type=\"heading.default\">\n\t\t\t\t\t<h3 class=\"elementor-heading-title elementor-size-default\"><a href=\"https:\/\/www.centraldevacaciones.com\/viajes\/ofertas-a-islas-canarias.html\">Viajes a Canarias<\/a><\/h3>\t\t\t\t<\/div>\n\t\t\t\t\t<\/div>\n\t\t<\/div>\n\t\t\t\t<div class=\"elementor-column elementor-col-16 elementor-top-column elementor-element elementor-element-5826e6fa\" data-id=\"5826e6fa\" data-element_type=\"column\">\n\t\t\t<div class=\"elementor-widget-wrap elementor-element-populated\">\n\t\t\t\t\t\t<div class=\"elementor-element elementor-element-3f008f19 elementor-widget elementor-widget-image\" data-id=\"3f008f19\" data-element_type=\"widget\" data-widget_type=\"image.default\">\n\t\t\t\t\t\t\t\t\t\t\t\t\t\t\t<img loading=\"lazy\" decoding=\"async\" width=\"128\" height=\"128\" src=\"https:\/\/www.centraldevacaciones.com\/blog\/wp-content\/uploads\/2020\/09\/sombrilla.png\" class=\"attachment-large size-large wp-image-12733\" alt=\"\" \/>\t\t\t\t\t\t\t\t\t\t\t\t\t\t\t<\/div>\n\t\t\t\t<div class=\"elementor-element elementor-element-56c213b elementor-widget elementor-widget-heading\" data-id=\"56c213b\" data-element_type=\"widget\" data-widget_type=\"heading.default\">\n\t\t\t\t\t<h3 class=\"elementor-heading-title elementor-size-default\"><a href=\"https:\/\/www.centraldevacaciones.com\/viajes\/ofertas-a-lanzarote.html\">Viajes a Lanzarote<\/a><\/h3>\t\t\t\t<\/div>\n\t\t\t\t\t<\/div>\n\t\t<\/div>\n\t\t\t\t<div class=\"elementor-column elementor-col-16 elementor-top-column elementor-element elementor-element-2e964685\" data-id=\"2e964685\" data-element_type=\"column\">\n\t\t\t<div class=\"elementor-widget-wrap elementor-element-populated\">\n\t\t\t\t\t\t<div class=\"elementor-element elementor-element-4b469a9d elementor-widget elementor-widget-image\" data-id=\"4b469a9d\" data-element_type=\"widget\" data-widget_type=\"image.default\">\n\t\t\t\t\t\t\t\t\t\t\t\t\t\t\t<img loading=\"lazy\" decoding=\"async\" width=\"128\" height=\"128\" src=\"https:\/\/www.centraldevacaciones.com\/blog\/wp-content\/uploads\/2020\/09\/avion.png\" class=\"attachment-large size-large wp-image-12734\" alt=\"\" \/>\t\t\t\t\t\t\t\t\t\t\t\t\t\t\t<\/div>\n\t\t\t\t<div class=\"elementor-element elementor-element-72fadc30 elementor-widget elementor-widget-heading\" data-id=\"72fadc30\" data-element_type=\"widget\" data-widget_type=\"heading.default\">\n\t\t\t\t\t<h3 class=\"elementor-heading-title elementor-size-default\"><a href=\"https:\/\/www.centraldevacaciones.com\/viajes\/ofertas-a-islas-baleares.html\">Viajes a las Baleares<\/a><\/h3>\t\t\t\t<\/div>\n\t\t\t\t\t<\/div>\n\t\t<\/div>\n\t\t\t\t<div class=\"elementor-column elementor-col-16 elementor-top-column elementor-element elementor-element-4eecf6f6\" data-id=\"4eecf6f6\" data-element_type=\"column\">\n\t\t\t<div class=\"elementor-widget-wrap elementor-element-populated\">\n\t\t\t\t\t\t<div class=\"elementor-element elementor-element-4ce80cdd elementor-widget elementor-widget-image\" data-id=\"4ce80cdd\" data-element_type=\"widget\" data-widget_type=\"image.default\">\n\t\t\t\t\t\t\t\t\t\t\t\t\t\t\t<img loading=\"lazy\" decoding=\"async\" width=\"128\" height=\"128\" src=\"https:\/\/www.centraldevacaciones.com\/blog\/wp-content\/uploads\/2021\/05\/dom.png\" class=\"attachment-large size-large wp-image-12635\" alt=\"\" \/>\t\t\t\t\t\t\t\t\t\t\t\t\t\t\t<\/div>\n\t\t\t\t<div class=\"elementor-element elementor-element-7c267872 elementor-widget elementor-widget-heading\" data-id=\"7c267872\" data-element_type=\"widget\" data-widget_type=\"heading.default\">\n\t\t\t\t\t<h3 class=\"elementor-heading-title elementor-size-default\"><a href=\"https:\/\/www.centraldevacaciones.com\/viajes\/ofertas-a-mallorca.html\">Viajes a Mallorca<\/a><\/h3>\t\t\t\t<\/div>\n\t\t\t\t\t<\/div>\n\t\t<\/div>\n\t\t\t\t\t<\/div>\n\t\t<\/section>\n\t\t\t\t<section class=\"elementor-section elementor-top-section elementor-element elementor-element-c995529 elementor-section-boxed elementor-section-height-default elementor-section-height-default\" data-id=\"c995529\" data-element_type=\"section\">\n\t\t\t\t\t\t<div class=\"elementor-container elementor-column-gap-default\">\n\t\t\t\t\t<div class=\"elementor-column elementor-col-100 elementor-top-column elementor-element elementor-element-7daa943\" data-id=\"7daa943\" data-element_type=\"column\">\n\t\t\t<div class=\"elementor-widget-wrap elementor-element-populated\">\n\t\t\t\t\t\t<div class=\"elementor-element elementor-element-53c881c elementor-widget elementor-widget-text-editor\" data-id=\"53c881c\" data-element_type=\"widget\" data-widget_type=\"text-editor.default\">\n\t\t\t\t\t\t\t\t\t<p><span style=\"font-weight: 400;\">\u00a1Disfruta este verano como el que m\u00e1s y haz realidad el sue\u00f1o que muchos otros tienen con Central de Vacaciones! Pasa unos d\u00edas de vacaciones de desconexi\u00f3n en Espa\u00f1a, concretamente en las Islas Canarias sin preocuparte de nada junto a quien m\u00e1s quieres en una estancia premium con los extras que m\u00e1s se adapten a ti. \u00a1Haz ahora tu reserva aprovechando las ofertas antes de que se agote la disponibilidad y empieza a hacer el planning de los d\u00edas de tu estancia!\u00a0<\/span><\/p>\t\t\t\t\t\t\t\t<\/div>\n\t\t\t\t\t<\/div>\n\t\t<\/div>\n\t\t\t\t\t<\/div>\n\t\t<\/section>\n\t\t\t\t<\/div>\n\t\t","protected":false},"excerpt":{"rendered":"<p>Desde centraldevacaciones.com te traemos hoy una nueva remesa de Ofertas de \u00faltima hora para Canarias o Baleares, pero en esta ocasi\u00f3n ofreci\u00e9ndote m\u00faltiples posibilidades de Salida. Queremos adaptarnos lo m\u00e1s posible a ti, por eso, hemos elaborado una Oferta de viajes centrada en cada regi\u00f3n de la pen\u00ednsula. Podr\u00e1s viajar a Canarias y Baleares desde [&hellip;]<\/p>\n","protected":false},"author":1,"featured_media":2281,"comment_status":"closed","ping_status":"open","sticky":false,"template":"elementor_theme","format":"standard","meta":{"_acf_changed":false,"footnotes":""},"categories":[4,193,208,204,205,194,200,195,1,17],"tags":[],"class_list":["post-2275","post","type-post","status-publish","format-standard","has-post-thumbnail","hentry","category-espana","category-europa","category-ideas-escapadas","category-ideas-viajes-verano","category-ideas-viajes-low-cost","category-islas-paradisiacas","category-rutas-por-espana","category-rutas-por-europa","category-vacaciones","category-viajes-por-europa"],"acf":[],"_links":{"self":[{"href":"https:\/\/www.centraldevacaciones.com\/blog\/wp-json\/wp\/v2\/posts\/2275","targetHints":{"allow":["GET"]}}],"collection":[{"href":"https:\/\/www.centraldevacaciones.com\/blog\/wp-json\/wp\/v2\/posts"}],"about":[{"href":"https:\/\/www.centraldevacaciones.com\/blog\/wp-json\/wp\/v2\/types\/post"}],"author":[{"embeddable":true,"href":"https:\/\/www.centraldevacaciones.com\/blog\/wp-json\/wp\/v2\/users\/1"}],"replies":[{"embeddable":true,"href":"https:\/\/www.centraldevacaciones.com\/blog\/wp-json\/wp\/v2\/comments?post=2275"}],"version-history":[{"count":0,"href":"https:\/\/www.centraldevacaciones.com\/blog\/wp-json\/wp\/v2\/posts\/2275\/revisions"}],"wp:featuredmedia":[{"embeddable":true,"href":"https:\/\/www.centraldevacaciones.com\/blog\/wp-json\/wp\/v2\/media\/2281"}],"wp:attachment":[{"href":"https:\/\/www.centraldevacaciones.com\/blog\/wp-json\/wp\/v2\/media?parent=2275"}],"wp:term":[{"taxonomy":"category","embeddable":true,"href":"https:\/\/www.centraldevacaciones.com\/blog\/wp-json\/wp\/v2\/categories?post=2275"},{"taxonomy":"post_tag","embeddable":true,"href":"https:\/\/www.centraldevacaciones.com\/blog\/wp-json\/wp\/v2\/tags?post=2275"}],"curies":[{"name":"wp","href":"https:\/\/api.w.org\/{rel}","templated":true}]}}