{"id":2268,"date":"2015-07-09T17:02:12","date_gmt":"2015-07-09T15:02:12","guid":{"rendered":"http:\/\/blog.centraldevacaciones.com\/?p=2268"},"modified":"2021-06-30T18:20:01","modified_gmt":"2021-06-30T16:20:01","slug":"vacaciones-en-jaen","status":"publish","type":"post","link":"https:\/\/www.centraldevacaciones.com\/blog\/vacaciones-en-jaen\/","title":{"rendered":"Vacaciones en Ja\u00e9n"},"content":{"rendered":"<p>La ciudad de Ja\u00e9n est\u00e1 situada en el centro-sur de la pen\u00ednsula Ib\u00e9rica y es la capital de la provincia que recibe el mismo nombre, situada en la comunidad andaluza y sus habitantes se conocen por el nombre de jiennenses. Tiene una poblaci\u00f3n que supera los 100.000 habitantes. El nombre Ja\u00e9n tiene sus or\u00edgenes a partir de la palabra \u00e1rabe Jayyan que significa \u201cencrucijada de caravanas \u201c.<\/p>\n<p>Es el mayor productor mundial de aceite de oliva y los lugare\u00f1os lo conocen por el sobre nombre de, el oro l\u00edquido. En esta regi\u00f3n, podremos degustar algunos de los mejores aceites de oliva virgen extra del mundo, toda una delicatesen para el paladar.<\/p>\n<p>En este peque\u00f1o rinc\u00f3n de Espa\u00f1a se establecieron multitud de culturas, de hecho la ciudad se remonta a la Edad del Cobre, el paso de esta cultura por la ciudad ha quedado plasmada en las cuevas de las cercan\u00edas a la ciudad donde se podr\u00e1n apreciar las pinturas rupestres e innumerables parques arqueol\u00f3gicos. Los \u00edberos, cartagineses y romanos gobernaron esta ciudad con el paso de los siglos.<\/p>\n<p>Algunos de los monumentos de visita obligada son:<\/p>\n<ol>\n<li>El Castillo de Santa Catalina.<\/li>\n<li>La Catedral construida en arquitectura renacentista.<\/li>\n<li>La iglesia de San Ildefonso.<\/li>\n<li>La iglesia de la Magdalena Iglesia.<\/li>\n<li>El convento de Santo Domingo.<\/li>\n<\/ol>\n<p>&nbsp;<\/p>\n<p>La cocina otro factor que atrae a los visitantes de la ciudad, la gastronom\u00eda es una mezcla del mar y la tierra que se fusiona con el excelente aceite de oliva de la regi\u00f3n.<\/p>\n<p>. Las Espinacas jienenses.<\/p>\n<p>. El ajilim\u00f3jili.<\/p>\n<p>. La Alboron\u00eda, que es un guiso de verduras usando cebolla, calabaza amarilla y berenjena.<\/p>\n<p>. El bacalao a la brasa con aceite de oliva y patatas cocidas.<\/p>\n<p>&nbsp;<\/p>\n","protected":false},"excerpt":{"rendered":"<p>La ciudad de Ja\u00e9n est\u00e1 situada en el centro-sur de la pen\u00ednsula Ib\u00e9rica y es la capital de la provincia que recibe el mismo nombre, situada en la comunidad andaluza y sus habitantes se conocen por el nombre de jiennenses. Tiene una poblaci\u00f3n que supera los 100.000 habitantes. El nombre Ja\u00e9n tiene sus or\u00edgenes a [&hellip;]<\/p>\n","protected":false},"author":1,"featured_media":0,"comment_status":"closed","ping_status":"open","sticky":false,"template":"elementor_theme","format":"standard","meta":{"_acf_changed":false,"footnotes":""},"categories":[4,193,204,200,195,1,17],"tags":[],"class_list":["post-2268","post","type-post","status-publish","format-standard","hentry","category-espana","category-europa","category-ideas-viajes-verano","category-rutas-por-espana","category-rutas-por-europa","category-vacaciones","category-viajes-por-europa"],"acf":[],"_links":{"self":[{"href":"https:\/\/www.centraldevacaciones.com\/blog\/wp-json\/wp\/v2\/posts\/2268","targetHints":{"allow":["GET"]}}],"collection":[{"href":"https:\/\/www.centraldevacaciones.com\/blog\/wp-json\/wp\/v2\/posts"}],"about":[{"href":"https:\/\/www.centraldevacaciones.com\/blog\/wp-json\/wp\/v2\/types\/post"}],"author":[{"embeddable":true,"href":"https:\/\/www.centraldevacaciones.com\/blog\/wp-json\/wp\/v2\/users\/1"}],"replies":[{"embeddable":true,"href":"https:\/\/www.centraldevacaciones.com\/blog\/wp-json\/wp\/v2\/comments?post=2268"}],"version-history":[{"count":0,"href":"https:\/\/www.centraldevacaciones.com\/blog\/wp-json\/wp\/v2\/posts\/2268\/revisions"}],"wp:attachment":[{"href":"https:\/\/www.centraldevacaciones.com\/blog\/wp-json\/wp\/v2\/media?parent=2268"}],"wp:term":[{"taxonomy":"category","embeddable":true,"href":"https:\/\/www.centraldevacaciones.com\/blog\/wp-json\/wp\/v2\/categories?post=2268"},{"taxonomy":"post_tag","embeddable":true,"href":"https:\/\/www.centraldevacaciones.com\/blog\/wp-json\/wp\/v2\/tags?post=2268"}],"curies":[{"name":"wp","href":"https:\/\/api.w.org\/{rel}","templated":true}]}}