{"id":2264,"date":"2017-04-09T17:01:23","date_gmt":"2017-04-09T15:01:23","guid":{"rendered":"http:\/\/blog.centraldevacaciones.com\/?p=2264"},"modified":"2021-07-30T11:45:10","modified_gmt":"2021-07-30T09:45:10","slug":"vacaciones-en-granada","status":"publish","type":"post","link":"https:\/\/www.centraldevacaciones.com\/blog\/vacaciones-en-granada\/","title":{"rendered":"Vacaciones en Granada"},"content":{"rendered":"\t\t<div data-elementor-type=\"wp-post\" data-elementor-id=\"2264\" class=\"elementor elementor-2264\" data-elementor-post-type=\"post\">\n\t\t\t\t\t\t<section class=\"elementor-section elementor-top-section elementor-element elementor-element-6f67b66c elementor-section-boxed elementor-section-height-default elementor-section-height-default\" data-id=\"6f67b66c\" data-element_type=\"section\">\n\t\t\t\t\t\t<div class=\"elementor-container elementor-column-gap-default\">\n\t\t\t\t\t<div class=\"elementor-column elementor-col-100 elementor-top-column elementor-element elementor-element-6bff9358\" data-id=\"6bff9358\" data-element_type=\"column\">\n\t\t\t<div class=\"elementor-widget-wrap elementor-element-populated\">\n\t\t\t\t\t\t<div class=\"elementor-element elementor-element-55f98aea elementor-widget elementor-widget-text-editor\" data-id=\"55f98aea\" data-element_type=\"widget\" data-widget_type=\"text-editor.default\">\n\t\t\t\t\t\t\t\t\t<h1>Visita Granada y sus magn\u00edficos monumentos y catedrales<\/h1>\n<strong>Granada es una hist\u00f3rica ciudad espa\u00f1ola<\/strong>, capital de la provincia hom\u00f3nima y una de las ciudades m\u00e1s importantes de la comunidad aut\u00f3noma de Andaluc\u00eda. <strong>La ciudad fue en el pasado la capital de uno de los reinos \u00e1rabes<\/strong> que hab\u00eda en la pen\u00ednsula ib\u00e9rica, que luego fue conquistado por los reyes espa\u00f1oles por medio de su cruzada interna, con el fin de acabar con los reinos no cat\u00f3licos que hab\u00eda en la zona.\n\nGracias a esta tradici\u00f3n isl\u00e1mica, mezclada con las costumbres cristianas, la ciudad se ha convertido en un ejemplo de <strong>fusi\u00f3n arquitect\u00f3nica<\/strong> entre <strong>dos mundos con creencias diferentes.<\/strong>\n\nDe todas las ciudades de Espa\u00f1a, tal vez ninguna casi ninguna es al mismo tiempo tan fascinante, hermosa, diversa y repleta de hist\u00f3rica como Granada. Descansando al pie de la incre\u00edble cordillera de Sierra Nevada, Granada goza de uno de los paisajes urbanos y naturales m\u00e1s trascendentes conocidos por el hombre. El Mar Mediterr\u00e1neo y sus playas de aguas cristalinas se encuentran a menos de una hora de distancia.\n\nGranada puede tener un paisaje similar a algunas otras ciudades, pero en definitiva no hay nada igual cuando se trata de la diversidad. Un viaje alrededor de los lugares incre\u00edbles y su impresionante historia de siglos de antig\u00fcedad y la evidencia que se encuentra hoy en d\u00eda en todos los rincones de la ciudad, sitios como el Albaic\u00edn (erigido por los moros) y el Salmanca (de ascendencia espa\u00f1ola). La atracci\u00f3n m\u00e1s popular en Granada, sin embargo, es sin duda la famosa Alhambra, este palacio es de gran importancia hist\u00f3rica y religiosa para el Islam e innumerables \u00e1rabes acuden a Granada cada a\u00f1o en peregrinaci\u00f3n, para poner las manos en este sitio sagrado.\n\nGranada estuvo bajo el control musulm\u00e1n durante siglos, pero la Alhambra es uno de los pocos edificios \u00e1rabes que quedan en perfecto estado de conservaci\u00f3n. Esto se debe en gran parte a la adquisici\u00f3n de Granada por la Iglesia Cat\u00f3lica. Una vez que el cristianismo se extendi\u00f3 en Granada, casi todos los edificios de tem\u00e1tica isl\u00e1mica, estatuas y mezquitas fueron destruidas.\n\nUna de las zonas m\u00e1s interesantes de Granada, es el \u00e1rea de el \u00abZaiden\u00bb es un barrio en el que viven m\u00e1s de cien mil personas y sin duda es el barrio m\u00e1s grande de Granada. Los mercadillos semanales son un espect\u00e1culo para la vista.\n\n<iframe title=\"Clip oficial Turismo de Granada 2015\" width=\"800\" height=\"450\" src=\"https:\/\/www.youtube.com\/embed\/9QjwXZmrXdg?feature=oembed\" frameborder=\"0\" allow=\"accelerometer; autoplay; clipboard-write; encrypted-media; gyroscope; picture-in-picture; web-share\" referrerpolicy=\"strict-origin-when-cross-origin\" allowfullscreen><\/iframe>\n<h2>El mayor monumento de la ciudad<\/h2>\nGranada gira en torno a la <strong>Alhambra<\/strong>, un imponente complejo de edificios que es considerado el mejor ejemplo de la antigua arquitectura isl\u00e1mica. <strong>Este imponente edificio fue la residencia oficial de los jeques \u00e1rabes<\/strong> que ejerc\u00edan su poder sobre lo que hoy es Andaluc\u00eda. Estos reinos musulmanes ten\u00edan una paz con los reyes cat\u00f3licos, que durante a\u00f1os vieron a los musulmanes como una sociedad tranquila con la cual no entrometerse. Pero todo cambi\u00f3 cuando los reyes cat\u00f3licos comenzaron su cruzada por la pen\u00ednsula, acabando con todos los reinos que no fueran cat\u00f3licos, para as\u00ed lograr que la pen\u00ednsula fuera una \u201cnaci\u00f3n no hereje\u201d.\n\nCuando comienza la invasi\u00f3n y Granada cae, <strong>la Alhambra se convierte en la nueva residencia veraniega de los reyes cat\u00f3licos<\/strong>, por lo que se comienza un dise\u00f1o nuevo del lugar para que los reyes no se sintieran intimidados por el estilo arquitect\u00f3nico isl\u00e1mico. Esto hizo que el palacio se convierta en una fusi\u00f3n entre el mundo cat\u00f3lico y el isl\u00e1mico. En la actualidad, <strong>el lugar se destaca por sus bellos jardines<\/strong> en lo alto de la ciudad, sus rec\u00e1maras de estilo \u00e1rabe antiguo, y los detalles de la construcci\u00f3n.\n<h2>La cristianizaci\u00f3n de Granada<\/h2>\nComo <strong>Granada<\/strong> era isl\u00e1mica y los reyes cat\u00f3licos muy devotos, una vez que se instalan en la ciudad, comienzan a convertir las mezquitas en iglesias y buscan imponer la religi\u00f3n cat\u00f3lica como la \u00fanica religi\u00f3n entre los ciudadanos. Durante este proceso de cristianizaci\u00f3n, se comienzan a construir importantes iglesias, entre la que se destaca la <strong>Capilla Real<\/strong>, lugar que los reyes cat\u00f3licos Isabel y Fernando ordenador construir para que fuera el<strong> \u00faltimo lugar de descanso <\/strong>de estos. En la actualidad, este lugar es uno de los sepulcros m\u00e1s populares del pa\u00eds, en parte porque en su interior descansan los reyes que convirtieron a Espa\u00f1a en un \u00fanico reino cat\u00f3lico.\n\n<strong>La Catedral de Granada<\/strong> fue construida en el lugar donde estaba la antigua mezquita central de la ciudad, como una forma de eliminar todos los recuerdos del pasado isl\u00e1mico de la regi\u00f3n. Esto hizo que la catedral se convirtiera en el centro cristiano m\u00e1s importante de la ciudad y hoy en d\u00eda se considera emblema de la misma. En la catedral se puede visitar el <strong>museo cristiano<\/strong>, donde se muestra una excelente galer\u00eda de arte cat\u00f3lico, que fue durante a\u00f1os la inspiraci\u00f3n de los artistas de la \u00e9poca, en parte por la imposici\u00f3n de los reyes del momento por alabar la religi\u00f3n por medio del arte.\t\t\t\t\t\t\t\t<\/div>\n\t\t\t\t\t<\/div>\n\t\t<\/div>\n\t\t\t\t\t<\/div>\n\t\t<\/section>\n\t\t\t\t<section class=\"elementor-section elementor-top-section elementor-element elementor-element-24ec8c93 elementor-section-boxed elementor-section-height-default elementor-section-height-default\" data-id=\"24ec8c93\" data-element_type=\"section\">\n\t\t\t\t\t\t<div class=\"elementor-container elementor-column-gap-default\">\n\t\t\t\t\t<div class=\"elementor-column elementor-col-16 elementor-top-column elementor-element elementor-element-5c0b3b80\" data-id=\"5c0b3b80\" data-element_type=\"column\">\n\t\t\t<div class=\"elementor-widget-wrap elementor-element-populated\">\n\t\t\t\t\t\t<div class=\"elementor-element elementor-element-3a9c2fd3 elementor-widget elementor-widget-image\" data-id=\"3a9c2fd3\" data-element_type=\"widget\" data-widget_type=\"image.default\">\n\t\t\t\t\t\t\t\t\t\t\t\t\t\t\t<img decoding=\"async\" width=\"128\" height=\"128\" src=\"https:\/\/www.centraldevacaciones.com\/blog\/wp-content\/uploads\/2020\/09\/espana.png\" class=\"attachment-large size-large wp-image-12730\" alt=\"\" \/>\t\t\t\t\t\t\t\t\t\t\t\t\t\t\t<\/div>\n\t\t\t\t<div class=\"elementor-element elementor-element-2b9f71fd elementor-widget elementor-widget-heading\" data-id=\"2b9f71fd\" data-element_type=\"widget\" data-widget_type=\"heading.default\">\n\t\t\t\t\t<h3 class=\"elementor-heading-title elementor-size-default\"><a href=\"https:\/\/www.centraldevacaciones.com\/blog\/ofertas-de-vacaciones\/\">Viajes por Espa\u00f1a<\/a><\/h3>\t\t\t\t<\/div>\n\t\t\t\t\t<\/div>\n\t\t<\/div>\n\t\t\t\t<div class=\"elementor-column elementor-col-16 elementor-top-column elementor-element elementor-element-55b24aca\" data-id=\"55b24aca\" data-element_type=\"column\">\n\t\t\t<div class=\"elementor-widget-wrap elementor-element-populated\">\n\t\t\t\t\t\t<div class=\"elementor-element elementor-element-4ad05013 elementor-widget elementor-widget-image\" data-id=\"4ad05013\" data-element_type=\"widget\" data-widget_type=\"image.default\">\n\t\t\t\t\t\t\t\t\t\t\t\t\t\t\t<img decoding=\"async\" width=\"128\" height=\"128\" src=\"https:\/\/www.centraldevacaciones.com\/blog\/wp-content\/uploads\/2020\/09\/isla.png\" class=\"attachment-large size-large wp-image-12732\" alt=\"\" \/>\t\t\t\t\t\t\t\t\t\t\t\t\t\t\t<\/div>\n\t\t\t\t<div class=\"elementor-element elementor-element-764c416a elementor-widget elementor-widget-heading\" data-id=\"764c416a\" data-element_type=\"widget\" data-widget_type=\"heading.default\">\n\t\t\t\t\t<h3 class=\"elementor-heading-title elementor-size-default\"><a href=\"https:\/\/www.centraldevacaciones.com\/blog\/vacaciones-mejores-islas-espana\/\">Islas de Espa\u00f1a<\/a><\/h3>\t\t\t\t<\/div>\n\t\t\t\t\t<\/div>\n\t\t<\/div>\n\t\t\t\t<div class=\"elementor-column elementor-col-16 elementor-top-column elementor-element elementor-element-74303179\" data-id=\"74303179\" data-element_type=\"column\">\n\t\t\t<div class=\"elementor-widget-wrap elementor-element-populated\">\n\t\t\t\t\t\t<div class=\"elementor-element elementor-element-4cf417a5 elementor-widget elementor-widget-image\" data-id=\"4cf417a5\" data-element_type=\"widget\" data-widget_type=\"image.default\">\n\t\t\t\t\t\t\t\t\t\t\t\t\t\t\t<img decoding=\"async\" width=\"128\" height=\"128\" src=\"https:\/\/www.centraldevacaciones.com\/blog\/wp-content\/uploads\/2021\/05\/avion-1.png\" class=\"attachment-large size-large wp-image-12639\" alt=\"\" \/>\t\t\t\t\t\t\t\t\t\t\t\t\t\t\t<\/div>\n\t\t\t\t<div class=\"elementor-element elementor-element-454c635e elementor-widget elementor-widget-heading\" data-id=\"454c635e\" data-element_type=\"widget\" data-widget_type=\"heading.default\">\n\t\t\t\t\t<h3 class=\"elementor-heading-title elementor-size-default\"><a href=\"https:\/\/www.centraldevacaciones.com\/viajes\/ofertas-a-islas-canarias.html\">Viajes a Canarias<\/a><\/h3>\t\t\t\t<\/div>\n\t\t\t\t\t<\/div>\n\t\t<\/div>\n\t\t\t\t<div class=\"elementor-column elementor-col-16 elementor-top-column elementor-element elementor-element-3bc2834e\" data-id=\"3bc2834e\" data-element_type=\"column\">\n\t\t\t<div class=\"elementor-widget-wrap elementor-element-populated\">\n\t\t\t\t\t\t<div class=\"elementor-element elementor-element-1e24467a elementor-widget elementor-widget-image\" data-id=\"1e24467a\" data-element_type=\"widget\" data-widget_type=\"image.default\">\n\t\t\t\t\t\t\t\t\t\t\t\t\t\t\t<img loading=\"lazy\" decoding=\"async\" width=\"128\" height=\"128\" src=\"https:\/\/www.centraldevacaciones.com\/blog\/wp-content\/uploads\/2020\/09\/sombrilla.png\" class=\"attachment-large size-large wp-image-12733\" alt=\"\" \/>\t\t\t\t\t\t\t\t\t\t\t\t\t\t\t<\/div>\n\t\t\t\t<div class=\"elementor-element elementor-element-21103079 elementor-widget elementor-widget-heading\" data-id=\"21103079\" data-element_type=\"widget\" data-widget_type=\"heading.default\">\n\t\t\t\t\t<h3 class=\"elementor-heading-title elementor-size-default\"><a href=\"https:\/\/www.centraldevacaciones.com\/viajes\/ofertas-a-lanzarote.html\">Viajes a Lanzarote<\/a><\/h3>\t\t\t\t<\/div>\n\t\t\t\t\t<\/div>\n\t\t<\/div>\n\t\t\t\t<div class=\"elementor-column elementor-col-16 elementor-top-column elementor-element elementor-element-30eb092d\" data-id=\"30eb092d\" data-element_type=\"column\">\n\t\t\t<div class=\"elementor-widget-wrap elementor-element-populated\">\n\t\t\t\t\t\t<div class=\"elementor-element elementor-element-7e10671 elementor-widget elementor-widget-image\" data-id=\"7e10671\" data-element_type=\"widget\" data-widget_type=\"image.default\">\n\t\t\t\t\t\t\t\t\t\t\t\t\t\t\t<img loading=\"lazy\" decoding=\"async\" width=\"128\" height=\"128\" src=\"https:\/\/www.centraldevacaciones.com\/blog\/wp-content\/uploads\/2020\/09\/avion.png\" class=\"attachment-large size-large wp-image-12734\" alt=\"\" \/>\t\t\t\t\t\t\t\t\t\t\t\t\t\t\t<\/div>\n\t\t\t\t<div class=\"elementor-element elementor-element-5bf5016 elementor-widget elementor-widget-heading\" data-id=\"5bf5016\" data-element_type=\"widget\" data-widget_type=\"heading.default\">\n\t\t\t\t\t<h3 class=\"elementor-heading-title elementor-size-default\"><a href=\"https:\/\/www.centraldevacaciones.com\/viajes\/ofertas-a-islas-baleares.html\">Viajes a las Baleares<\/a><\/h3>\t\t\t\t<\/div>\n\t\t\t\t\t<\/div>\n\t\t<\/div>\n\t\t\t\t<div class=\"elementor-column elementor-col-16 elementor-top-column elementor-element elementor-element-59e70dd3\" data-id=\"59e70dd3\" data-element_type=\"column\">\n\t\t\t<div class=\"elementor-widget-wrap elementor-element-populated\">\n\t\t\t\t\t\t<div class=\"elementor-element elementor-element-14303473 elementor-widget elementor-widget-image\" data-id=\"14303473\" data-element_type=\"widget\" data-widget_type=\"image.default\">\n\t\t\t\t\t\t\t\t\t\t\t\t\t\t\t<img loading=\"lazy\" decoding=\"async\" width=\"128\" height=\"128\" src=\"https:\/\/www.centraldevacaciones.com\/blog\/wp-content\/uploads\/2021\/05\/dom.png\" class=\"attachment-large size-large wp-image-12635\" alt=\"\" \/>\t\t\t\t\t\t\t\t\t\t\t\t\t\t\t<\/div>\n\t\t\t\t<div class=\"elementor-element elementor-element-60987908 elementor-widget elementor-widget-heading\" data-id=\"60987908\" data-element_type=\"widget\" data-widget_type=\"heading.default\">\n\t\t\t\t\t<h3 class=\"elementor-heading-title elementor-size-default\"><a href=\"https:\/\/www.centraldevacaciones.com\/viajes\/ofertas-a-mallorca.html\">Viajes a Mallorca<\/a><\/h3>\t\t\t\t<\/div>\n\t\t\t\t\t<\/div>\n\t\t<\/div>\n\t\t\t\t\t<\/div>\n\t\t<\/section>\n\t\t\t\t<section class=\"elementor-section elementor-top-section elementor-element elementor-element-3a2b413 elementor-section-boxed elementor-section-height-default elementor-section-height-default\" data-id=\"3a2b413\" data-element_type=\"section\">\n\t\t\t\t\t\t<div class=\"elementor-container elementor-column-gap-default\">\n\t\t\t\t\t<div class=\"elementor-column elementor-col-100 elementor-top-column elementor-element elementor-element-6f070a6\" data-id=\"6f070a6\" data-element_type=\"column\">\n\t\t\t<div class=\"elementor-widget-wrap elementor-element-populated\">\n\t\t\t\t\t\t<div class=\"elementor-element elementor-element-a91faff elementor-widget elementor-widget-text-editor\" data-id=\"a91faff\" data-element_type=\"widget\" data-widget_type=\"text-editor.default\">\n\t\t\t\t\t\t\t\t\t<p><span style=\"font-weight: 400;\">\u00a1Disfruta este verano como el que m\u00e1s y haz realidad el sue\u00f1o que muchos otros tienen con Central de Vacaciones! Pasa unos d\u00edas de vacaciones de desconexi\u00f3n en Espa\u00f1a, concretamente en las Islas Canarias sin preocuparte de nada junto a quien m\u00e1s quieres en una estancia premium con los extras que m\u00e1s se adapten a ti. \u00a1Haz ahora tu reserva aprovechando las ofertas antes de que se agote la disponibilidad y empieza a hacer el planning de los d\u00edas de tu estancia!\u00a0<\/span><\/p>\t\t\t\t\t\t\t\t<\/div>\n\t\t\t\t\t<\/div>\n\t\t<\/div>\n\t\t\t\t\t<\/div>\n\t\t<\/section>\n\t\t\t\t<\/div>\n\t\t","protected":false},"excerpt":{"rendered":"<p>Visita Granada y sus magn\u00edficos monumentos y catedrales Granada es una hist\u00f3rica ciudad espa\u00f1ola, capital de la provincia hom\u00f3nima y una de las ciudades m\u00e1s importantes de la comunidad aut\u00f3noma de Andaluc\u00eda. La ciudad fue en el pasado la capital de uno de los reinos \u00e1rabes que hab\u00eda en la pen\u00ednsula ib\u00e9rica, que luego fue [&hellip;]<\/p>\n","protected":false},"author":1,"featured_media":0,"comment_status":"closed","ping_status":"open","sticky":false,"template":"elementor_theme","format":"standard","meta":{"_acf_changed":false,"footnotes":""},"categories":[208,4,193,207,204,200],"tags":[94],"class_list":["post-2264","post","type-post","status-publish","format-standard","hentry","category-ideas-escapadas","category-espana","category-europa","category-ideas-viajes-invierno","category-ideas-viajes-verano","category-rutas-por-espana","tag-granada"],"acf":[],"_links":{"self":[{"href":"https:\/\/www.centraldevacaciones.com\/blog\/wp-json\/wp\/v2\/posts\/2264","targetHints":{"allow":["GET"]}}],"collection":[{"href":"https:\/\/www.centraldevacaciones.com\/blog\/wp-json\/wp\/v2\/posts"}],"about":[{"href":"https:\/\/www.centraldevacaciones.com\/blog\/wp-json\/wp\/v2\/types\/post"}],"author":[{"embeddable":true,"href":"https:\/\/www.centraldevacaciones.com\/blog\/wp-json\/wp\/v2\/users\/1"}],"replies":[{"embeddable":true,"href":"https:\/\/www.centraldevacaciones.com\/blog\/wp-json\/wp\/v2\/comments?post=2264"}],"version-history":[{"count":0,"href":"https:\/\/www.centraldevacaciones.com\/blog\/wp-json\/wp\/v2\/posts\/2264\/revisions"}],"wp:attachment":[{"href":"https:\/\/www.centraldevacaciones.com\/blog\/wp-json\/wp\/v2\/media?parent=2264"}],"wp:term":[{"taxonomy":"category","embeddable":true,"href":"https:\/\/www.centraldevacaciones.com\/blog\/wp-json\/wp\/v2\/categories?post=2264"},{"taxonomy":"post_tag","embeddable":true,"href":"https:\/\/www.centraldevacaciones.com\/blog\/wp-json\/wp\/v2\/tags?post=2264"}],"curies":[{"name":"wp","href":"https:\/\/api.w.org\/{rel}","templated":true}]}}