{"id":2212,"date":"2015-05-29T10:05:55","date_gmt":"2015-05-29T08:05:55","guid":{"rendered":"http:\/\/blog.centraldevacaciones.com\/?p=2212"},"modified":"2021-11-18T11:23:38","modified_gmt":"2021-11-18T10:23:38","slug":"viajar-a-africa","status":"publish","type":"post","link":"https:\/\/www.centraldevacaciones.com\/blog\/viajar-a-africa\/","title":{"rendered":"Viajar a Africa"},"content":{"rendered":"\t\t<div data-elementor-type=\"wp-post\" data-elementor-id=\"2212\" class=\"elementor elementor-2212\" data-elementor-post-type=\"post\">\n\t\t\t\t\t\t<section class=\"elementor-section elementor-top-section elementor-element elementor-element-b4fcfef elementor-section-boxed elementor-section-height-default elementor-section-height-default\" data-id=\"b4fcfef\" data-element_type=\"section\">\n\t\t\t\t\t\t<div class=\"elementor-container elementor-column-gap-default\">\n\t\t\t\t\t<div class=\"elementor-column elementor-col-100 elementor-top-column elementor-element elementor-element-b95d00e\" data-id=\"b95d00e\" data-element_type=\"column\">\n\t\t\t<div class=\"elementor-widget-wrap elementor-element-populated\">\n\t\t\t\t\t\t<div class=\"elementor-element elementor-element-a1c97d5 elementor-widget elementor-widget-text-editor\" data-id=\"a1c97d5\" data-element_type=\"widget\" data-widget_type=\"text-editor.default\">\n\t\t\t\t\t\t\t\t\t<p>La mejor \u00e9poca para viajar en \u00c1frica depende de sus intereses. Con sus ricos recursos naturales, tiene una gran serie de opciones, si lo que desea es ver la fauna diversa de \u00c1frica o ser testigo de los fen\u00f3menos naturales m\u00e1s impresionantes de este continente, ser espectador de la gran migraci\u00f3n de \u00f1us en el Serengueti, por otro lado tambi\u00e9n podremos disfrutar de la maravillosa costa salvaje de Sud\u00e1frica, sin olvidarnos de la espectacularidad de las tradiciones y culturas que inundan este continente.<\/p><p>En general, el mejor momento para ir de safari es durante el invierno africano, uno de los mejores destinos para disfrutar de la naturaleza es el Parque Kruger de Sud\u00e1frica, que puede ser la joya de la corona. El invierno africano es suave, pero las noches son considerablemente m\u00e1s frescas. Viajar por \u00c1frica durante este periodo es mucho m\u00e1s c\u00f3modo, claro est\u00e1, si uno viene preparado para ello. Ser\u00eda aconsejable meter en la maleta un su\u00e9ter para las noches fr\u00edas y aseg\u00farese de que tiene zapatos c\u00f3modos para caminar, el protector solar con factores de protecci\u00f3n alta es un accesorio imprescindible, adem\u00e1s del protector labial y los repelentes para mosquitos son de gran utilidad.<\/p>\t\t\t\t\t\t\t\t<\/div>\n\t\t\t\t\t<\/div>\n\t\t<\/div>\n\t\t\t\t\t<\/div>\n\t\t<\/section>\n\t\t\t\t<section class=\"elementor-section elementor-top-section elementor-element elementor-element-2445d27 elementor-section-boxed elementor-section-height-default elementor-section-height-default\" data-id=\"2445d27\" data-element_type=\"section\">\n\t\t\t\t\t\t<div class=\"elementor-container elementor-column-gap-default\">\n\t\t\t\t\t<div class=\"elementor-column elementor-col-100 elementor-top-column elementor-element elementor-element-9d484a3\" data-id=\"9d484a3\" data-element_type=\"column\">\n\t\t\t<div class=\"elementor-widget-wrap elementor-element-populated\">\n\t\t\t\t\t\t<div class=\"elementor-element elementor-element-6794f3b elementor-widget elementor-widget-heading\" data-id=\"6794f3b\" data-element_type=\"widget\" data-widget_type=\"heading.default\">\n\t\t\t\t\t<h2 class=\"elementor-heading-title elementor-size-default\">Lugares m\u00e1s aconsejables para iniciar unas vacaciones en \u00c1frica<\/h2>\t\t\t\t<\/div>\n\t\t\t\t\t<\/div>\n\t\t<\/div>\n\t\t\t\t\t<\/div>\n\t\t<\/section>\n\t\t\t\t<section class=\"elementor-section elementor-top-section elementor-element elementor-element-9e87b4c elementor-section-boxed elementor-section-height-default elementor-section-height-default\" data-id=\"9e87b4c\" data-element_type=\"section\">\n\t\t\t\t\t\t<div class=\"elementor-container elementor-column-gap-default\">\n\t\t\t\t\t<div class=\"elementor-column elementor-col-100 elementor-top-column elementor-element elementor-element-9cc4bcc\" data-id=\"9cc4bcc\" data-element_type=\"column\">\n\t\t\t<div class=\"elementor-widget-wrap elementor-element-populated\">\n\t\t\t\t\t\t<div class=\"elementor-element elementor-element-686928d elementor-widget elementor-widget-text-editor\" data-id=\"686928d\" data-element_type=\"widget\" data-widget_type=\"text-editor.default\">\n\t\t\t\t\t\t\t\t\t<p>Sud\u00e1frica es mejor destino durante los meses de mayo a septiembre, que son los meses de invierno en esta parte del mundo. Dentro de <strong>Sud\u00e1frica<\/strong>, Kruger es mejor lugar para unas vacaciones durante estos meses de invierno debido o bajo n\u00famero de mosquitos. Las temperaturas son suaves, con muy poca lluvia. En este lugar podremos realizar la observaci\u00f3n de animales salvajes en su mejor momento. En la parte meridional de Sud\u00e1frica, tenemos <strong>Ciudad del Cabo<\/strong>, Garden Route y el Cabo Oriental, que son los mejores lugares tur\u00edsticos durante los meses de verano que son de octubre a marzo. Namaqualand se jacta de tener la mejor exhibici\u00f3n floral del continente, este lugar se transforma en una alfombra de flores a partir de mediados de agosto a hasta mediados de septiembre. Esta es una de las atracciones m\u00e1s espectaculares y que atrae a visitantes de todo el mundo. Por otra parte en la costa de Sud\u00e1frica podemos disfrutar de algunos de los mejores resorts del pa\u00eds, en ellos podremos disfrutar de actividades deportivas acu\u00e1ticas, sol y playa.<\/p>\t\t\t\t\t\t\t\t<\/div>\n\t\t\t\t\t<\/div>\n\t\t<\/div>\n\t\t\t\t\t<\/div>\n\t\t<\/section>\n\t\t\t\t<section class=\"elementor-section elementor-top-section elementor-element elementor-element-ae0a692 elementor-section-boxed elementor-section-height-default elementor-section-height-default\" data-id=\"ae0a692\" data-element_type=\"section\">\n\t\t\t\t\t\t<div class=\"elementor-container elementor-column-gap-default\">\n\t\t\t\t\t<div class=\"elementor-column elementor-col-100 elementor-top-column elementor-element elementor-element-75da891\" data-id=\"75da891\" data-element_type=\"column\">\n\t\t\t<div class=\"elementor-widget-wrap elementor-element-populated\">\n\t\t\t\t\t\t<div class=\"elementor-element elementor-element-03dbadb elementor-widget elementor-widget-heading\" data-id=\"03dbadb\" data-element_type=\"widget\" data-widget_type=\"heading.default\">\n\t\t\t\t\t<h2 class=\"elementor-heading-title elementor-size-default\">En el este de \u00c1frica<\/h2>\t\t\t\t<\/div>\n\t\t\t\t\t<\/div>\n\t\t<\/div>\n\t\t\t\t\t<\/div>\n\t\t<\/section>\n\t\t\t\t<section class=\"elementor-section elementor-top-section elementor-element elementor-element-4554a63 elementor-section-boxed elementor-section-height-default elementor-section-height-default\" data-id=\"4554a63\" data-element_type=\"section\">\n\t\t\t\t\t\t<div class=\"elementor-container elementor-column-gap-default\">\n\t\t\t\t\t<div class=\"elementor-column elementor-col-100 elementor-top-column elementor-element elementor-element-282f374\" data-id=\"282f374\" data-element_type=\"column\">\n\t\t\t<div class=\"elementor-widget-wrap elementor-element-populated\">\n\t\t\t\t\t\t<div class=\"elementor-element elementor-element-0c04e8c elementor-widget elementor-widget-text-editor\" data-id=\"0c04e8c\" data-element_type=\"widget\" data-widget_type=\"text-editor.default\">\n\t\t\t\t\t\t\t\t\t<p>De septiembre a noviembre es primavera en el este del continente y resulta la estaci\u00f3n id\u00f3nea para los viajes. Adem\u00e1s gracias a las oportunidades de \u00faltimo minuto en <strong><a href=\"https:\/\/www.centraldevacaciones.com\/blog\/destinos-vacaciones\/ofertas-africa\/\">viajes a \u00c1frica<\/a><\/strong> es suficiente para conseguir un paquete vacacional de lujo al mejor precio. Pero lo m\u00e1s aconsejable es hacerlo con mucha antelaci\u00f3n, ya que tambi\u00e9n podremos conseguir descuentos, sin olvidar las ganas que tengamos de viajar al continente. Si uno planea escalar el Monte Kilimanjaro, el mejor momento para ello es septiembre. Por otro lado si deseamos practicar el buceo en Zanz\u00edbar o la visualizaci\u00f3n de la vida silvestre en el Serengueti, el mejor momento es de diciembre a marzo. Los veranos africanos son relativamente frescos con un promedio de 28 grados, pero pueden registrarse, seg\u00fan las zonas a donde vallamos, los 15 grados.\u00a0<\/p>\t\t\t\t\t\t\t\t<\/div>\n\t\t\t\t\t<\/div>\n\t\t<\/div>\n\t\t\t\t\t<\/div>\n\t\t<\/section>\n\t\t\t\t<section class=\"elementor-section elementor-top-section elementor-element elementor-element-5e1787a elementor-section-boxed elementor-section-height-default elementor-section-height-default\" data-id=\"5e1787a\" data-element_type=\"section\">\n\t\t\t\t\t\t<div class=\"elementor-container elementor-column-gap-default\">\n\t\t\t\t\t<div class=\"elementor-column elementor-col-100 elementor-top-column elementor-element elementor-element-72fc6f5\" data-id=\"72fc6f5\" data-element_type=\"column\">\n\t\t\t<div class=\"elementor-widget-wrap elementor-element-populated\">\n\t\t\t\t\t\t<div class=\"elementor-element elementor-element-57ac38f elementor-widget elementor-widget-heading\" data-id=\"57ac38f\" data-element_type=\"widget\" data-widget_type=\"heading.default\">\n\t\t\t\t\t<h2 class=\"elementor-heading-title elementor-size-default\">Las islas de \u00c1frica<\/h2>\t\t\t\t<\/div>\n\t\t\t\t\t<\/div>\n\t\t<\/div>\n\t\t\t\t\t<\/div>\n\t\t<\/section>\n\t\t\t\t<section class=\"elementor-section elementor-top-section elementor-element elementor-element-14a46c6 elementor-section-boxed elementor-section-height-default elementor-section-height-default\" data-id=\"14a46c6\" data-element_type=\"section\">\n\t\t\t\t\t\t<div class=\"elementor-container elementor-column-gap-default\">\n\t\t\t\t\t<div class=\"elementor-column elementor-col-100 elementor-top-column elementor-element elementor-element-0802d29\" data-id=\"0802d29\" data-element_type=\"column\">\n\t\t\t<div class=\"elementor-widget-wrap elementor-element-populated\">\n\t\t\t\t\t\t<div class=\"elementor-element elementor-element-8a824d2 elementor-widget elementor-widget-text-editor\" data-id=\"8a824d2\" data-element_type=\"widget\" data-widget_type=\"text-editor.default\">\n\t\t\t\t\t\t\t\t\t<p>Las islas africanas de mayor inter\u00e9s tur\u00edstico se componen de las Seychelles, Madagascar, Zanz\u00edbar, <a href=\"https:\/\/www.centraldevacaciones.com\/blog\/destinos-vacaciones\/ofertas-asia\/islas-maldivas\/\">Maldivas<\/a> y Mauricio. Diciembre, enero, julio y agosto son los meses de mayor actividad en estas islas. De marzo a mayo y de septiembre a noviembre pueden considerarse como \u00e9pocas de fuera de temporada para viajara a \u00c1frica, pero ello no nos impide disfrutar de todo el esplendor de estas islas.<\/p>\t\t\t\t\t\t\t\t<\/div>\n\t\t\t\t\t<\/div>\n\t\t<\/div>\n\t\t\t\t\t<\/div>\n\t\t<\/section>\n\t\t\t\t<section class=\"elementor-section elementor-top-section elementor-element elementor-element-2042fa45 elementor-section-boxed elementor-section-height-default elementor-section-height-default\" data-id=\"2042fa45\" data-element_type=\"section\">\n\t\t\t\t\t\t<div class=\"elementor-container elementor-column-gap-custom\">\n\t\t\t\t\t<div class=\"elementor-column elementor-col-16 elementor-top-column elementor-element elementor-element-5cf8ec56\" data-id=\"5cf8ec56\" data-element_type=\"column\">\n\t\t\t<div class=\"elementor-widget-wrap elementor-element-populated\">\n\t\t\t\t\t\t<div class=\"elementor-element elementor-element-4cbb351d elementor-widget elementor-widget-image\" data-id=\"4cbb351d\" data-element_type=\"widget\" data-widget_type=\"image.default\">\n\t\t\t\t\t\t\t\t\t\t\t\t\t\t\t<img decoding=\"async\" width=\"128\" height=\"128\" src=\"https:\/\/www.centraldevacaciones.com\/blog\/wp-content\/uploads\/2021\/05\/dom.png\" class=\"attachment-large size-large wp-image-12635\" alt=\"\" \/>\t\t\t\t\t\t\t\t\t\t\t\t\t\t\t<\/div>\n\t\t\t\t<div class=\"elementor-element elementor-element-623fc5f6 elementor-widget elementor-widget-heading\" data-id=\"623fc5f6\" data-element_type=\"widget\" data-widget_type=\"heading.default\">\n\t\t\t\t\t<h3 class=\"elementor-heading-title elementor-size-default\"><a href=\"https:\/\/www.centraldevacaciones.com\/viajes\/\">Ofertas vacacionales<\/a><\/h3>\t\t\t\t<\/div>\n\t\t\t\t\t<\/div>\n\t\t<\/div>\n\t\t\t\t<div class=\"elementor-column elementor-col-16 elementor-top-column elementor-element elementor-element-3028ac66\" data-id=\"3028ac66\" data-element_type=\"column\">\n\t\t\t<div class=\"elementor-widget-wrap elementor-element-populated\">\n\t\t\t\t\t\t<div class=\"elementor-element elementor-element-61fd44be elementor-widget elementor-widget-image\" data-id=\"61fd44be\" data-element_type=\"widget\" data-widget_type=\"image.default\">\n\t\t\t\t\t\t\t\t\t\t\t\t\t\t\t<img decoding=\"async\" width=\"128\" height=\"128\" src=\"https:\/\/www.centraldevacaciones.com\/blog\/wp-content\/uploads\/2021\/05\/camas.png\" class=\"attachment-large size-large wp-image-12637\" alt=\"\" \/>\t\t\t\t\t\t\t\t\t\t\t\t\t\t\t<\/div>\n\t\t\t\t<div class=\"elementor-element elementor-element-36638a43 elementor-widget elementor-widget-heading\" data-id=\"36638a43\" data-element_type=\"widget\" data-widget_type=\"heading.default\">\n\t\t\t\t\t<h3 class=\"elementor-heading-title elementor-size-default\"><a href=\"https:\/\/www.centraldevacaciones.com\/blog\/hoteles-de-ciudad\/\">Ofertas hoteles<\/a><\/h3>\t\t\t\t<\/div>\n\t\t\t\t\t<\/div>\n\t\t<\/div>\n\t\t\t\t<div class=\"elementor-column elementor-col-16 elementor-top-column elementor-element elementor-element-70ba2827\" data-id=\"70ba2827\" data-element_type=\"column\">\n\t\t\t<div class=\"elementor-widget-wrap elementor-element-populated\">\n\t\t\t\t\t\t<div class=\"elementor-element elementor-element-ce13c46 elementor-widget elementor-widget-image\" data-id=\"ce13c46\" data-element_type=\"widget\" data-widget_type=\"image.default\">\n\t\t\t\t\t\t\t\t\t\t\t\t\t\t\t<img decoding=\"async\" width=\"128\" height=\"128\" src=\"https:\/\/www.centraldevacaciones.com\/blog\/wp-content\/uploads\/2021\/05\/avion-1.png\" class=\"attachment-large size-large wp-image-12639\" alt=\"\" \/>\t\t\t\t\t\t\t\t\t\t\t\t\t\t\t<\/div>\n\t\t\t\t<div class=\"elementor-element elementor-element-5e221b28 elementor-widget elementor-widget-heading\" data-id=\"5e221b28\" data-element_type=\"widget\" data-widget_type=\"heading.default\">\n\t\t\t\t\t<h3 class=\"elementor-heading-title elementor-size-default\"><a href=\"https:\/\/www.centraldevacaciones.com\/blog\/destinos-vacaciones\/\">Mejores destinos<\/a><\/h3>\t\t\t\t<\/div>\n\t\t\t\t\t<\/div>\n\t\t<\/div>\n\t\t\t\t<div class=\"elementor-column elementor-col-16 elementor-top-column elementor-element elementor-element-38e3e97a\" data-id=\"38e3e97a\" data-element_type=\"column\">\n\t\t\t<div class=\"elementor-widget-wrap elementor-element-populated\">\n\t\t\t\t\t\t<div class=\"elementor-element elementor-element-44bede92 elementor-widget elementor-widget-image\" data-id=\"44bede92\" data-element_type=\"widget\" data-widget_type=\"image.default\">\n\t\t\t\t\t\t\t\t\t\t\t\t\t\t\t<img loading=\"lazy\" decoding=\"async\" width=\"128\" height=\"128\" src=\"https:\/\/www.centraldevacaciones.com\/blog\/wp-content\/uploads\/2021\/05\/cama-solar.png\" class=\"attachment-large size-large wp-image-12640\" alt=\"\" \/>\t\t\t\t\t\t\t\t\t\t\t\t\t\t\t<\/div>\n\t\t\t\t<div class=\"elementor-element elementor-element-7d71e82d elementor-widget elementor-widget-heading\" data-id=\"7d71e82d\" data-element_type=\"widget\" data-widget_type=\"heading.default\">\n\t\t\t\t\t<h3 class=\"elementor-heading-title elementor-size-default\"><a href=\"https:\/\/www.centraldevacaciones.com\/blog\/ofertas-circuitos\/\">Circuitos vacacionales<\/a><\/h3>\t\t\t\t<\/div>\n\t\t\t\t\t<\/div>\n\t\t<\/div>\n\t\t\t\t<div class=\"elementor-column elementor-col-16 elementor-top-column elementor-element elementor-element-4ef469b3\" data-id=\"4ef469b3\" data-element_type=\"column\">\n\t\t\t<div class=\"elementor-widget-wrap elementor-element-populated\">\n\t\t\t\t\t\t<div class=\"elementor-element elementor-element-53c7176b elementor-widget elementor-widget-image\" data-id=\"53c7176b\" data-element_type=\"widget\" data-widget_type=\"image.default\">\n\t\t\t\t\t\t\t\t\t\t\t\t\t\t\t<img loading=\"lazy\" decoding=\"async\" width=\"128\" height=\"128\" src=\"https:\/\/www.centraldevacaciones.com\/blog\/wp-content\/uploads\/2021\/05\/en-todo-el-mundo.png\" class=\"attachment-large size-large wp-image-12641\" alt=\"\" \/>\t\t\t\t\t\t\t\t\t\t\t\t\t\t\t<\/div>\n\t\t\t\t<div class=\"elementor-element elementor-element-39d76737 elementor-widget elementor-widget-heading\" data-id=\"39d76737\" data-element_type=\"widget\" data-widget_type=\"heading.default\">\n\t\t\t\t\t<h3 class=\"elementor-heading-title elementor-size-default\"><a href=\"https:\/\/www.centraldevacaciones.com\/blog\/vuelo-hotel\/\">Vuelo + hotel <\/a><\/h3>\t\t\t\t<\/div>\n\t\t\t\t\t<\/div>\n\t\t<\/div>\n\t\t\t\t<div class=\"elementor-column elementor-col-16 elementor-top-column elementor-element elementor-element-ae15768\" data-id=\"ae15768\" data-element_type=\"column\">\n\t\t\t<div class=\"elementor-widget-wrap elementor-element-populated\">\n\t\t\t\t\t\t<div class=\"elementor-element elementor-element-7f95c685 elementor-widget elementor-widget-image\" data-id=\"7f95c685\" data-element_type=\"widget\" data-widget_type=\"image.default\">\n\t\t\t\t\t\t\t\t\t\t\t\t\t\t\t<img loading=\"lazy\" decoding=\"async\" width=\"128\" height=\"128\" src=\"https:\/\/www.centraldevacaciones.com\/blog\/wp-content\/uploads\/2021\/05\/crucero.png\" class=\"attachment-large size-large wp-image-12642\" alt=\"\" \/>\t\t\t\t\t\t\t\t\t\t\t\t\t\t\t<\/div>\n\t\t\t\t<div class=\"elementor-element elementor-element-18e940fd elementor-widget elementor-widget-heading\" data-id=\"18e940fd\" data-element_type=\"widget\" data-widget_type=\"heading.default\">\n\t\t\t\t\t<h3 class=\"elementor-heading-title elementor-size-default\"><a href=\"https:\/\/www.centraldevacaciones.com\/blog\/destinos-cruceros\/\">Ofertas  cruceros<\/a><\/h3>\t\t\t\t<\/div>\n\t\t\t\t\t<\/div>\n\t\t<\/div>\n\t\t\t\t\t<\/div>\n\t\t<\/section>\n\t\t\t\t<\/div>\n\t\t","protected":false},"excerpt":{"rendered":"<p>La mejor \u00e9poca para viajar en \u00c1frica depende de sus intereses. Con sus ricos recursos naturales, tiene una gran serie de opciones, si lo que desea es ver la fauna diversa de \u00c1frica o ser testigo de los fen\u00f3menos naturales m\u00e1s impresionantes de este continente, ser espectador de la gran migraci\u00f3n de \u00f1us en el [&hellip;]<\/p>\n","protected":false},"author":1,"featured_media":0,"comment_status":"closed","ping_status":"open","sticky":false,"template":"elementor_theme","format":"standard","meta":{"_acf_changed":false,"footnotes":""},"categories":[206,203,205,202,14],"tags":[],"class_list":["post-2212","post","type-post","status-publish","format-standard","hentry","category-ideas-viajes-lujo","category-ideas-viajes-de-novios","category-ideas-viajes-low-cost","category-rutas-por-africa","category-viajes-por-africa"],"acf":[],"_links":{"self":[{"href":"https:\/\/www.centraldevacaciones.com\/blog\/wp-json\/wp\/v2\/posts\/2212","targetHints":{"allow":["GET"]}}],"collection":[{"href":"https:\/\/www.centraldevacaciones.com\/blog\/wp-json\/wp\/v2\/posts"}],"about":[{"href":"https:\/\/www.centraldevacaciones.com\/blog\/wp-json\/wp\/v2\/types\/post"}],"author":[{"embeddable":true,"href":"https:\/\/www.centraldevacaciones.com\/blog\/wp-json\/wp\/v2\/users\/1"}],"replies":[{"embeddable":true,"href":"https:\/\/www.centraldevacaciones.com\/blog\/wp-json\/wp\/v2\/comments?post=2212"}],"version-history":[{"count":0,"href":"https:\/\/www.centraldevacaciones.com\/blog\/wp-json\/wp\/v2\/posts\/2212\/revisions"}],"wp:attachment":[{"href":"https:\/\/www.centraldevacaciones.com\/blog\/wp-json\/wp\/v2\/media?parent=2212"}],"wp:term":[{"taxonomy":"category","embeddable":true,"href":"https:\/\/www.centraldevacaciones.com\/blog\/wp-json\/wp\/v2\/categories?post=2212"},{"taxonomy":"post_tag","embeddable":true,"href":"https:\/\/www.centraldevacaciones.com\/blog\/wp-json\/wp\/v2\/tags?post=2212"}],"curies":[{"name":"wp","href":"https:\/\/api.w.org\/{rel}","templated":true}]}}