{"id":2150,"date":"2015-05-05T16:21:24","date_gmt":"2015-05-05T14:21:24","guid":{"rendered":"http:\/\/blog.centraldevacaciones.com\/?p=2150"},"modified":"2021-06-30T18:20:23","modified_gmt":"2021-06-30T16:20:23","slug":"10-dias-unicos-los-mejores-precios-de-caribe","status":"publish","type":"post","link":"https:\/\/www.centraldevacaciones.com\/blog\/10-dias-unicos-los-mejores-precios-de-caribe\/","title":{"rendered":"\u00a110 D\u00edas \u00danicos! Los Mejores precios de Caribe"},"content":{"rendered":"<p>\u00a110 D\u00edas \u00danicos!, 10 d\u00edas para reservar tus <strong>Vacaciones en Riviera Maya o Punta Cana<\/strong> y aprovecharte de los mejores precios de la temporada.<\/p>\n<p><strong>Reserva tus Vacaciones de Caribe entre el 2 y 14 de Mayo<\/strong>, para disfrutar durante 9 d\u00edas y 7 noches en uno de los mejores complejos hoteleros de Riviera Maya o Punta Cana, durante los meses de Mayo o Junio y benef\u00edciate de unos precios irrepetibles.<\/p>\n<p><a href=\"http:\/\/blog.centraldevacaciones.com\/wp-content\/uploads\/2015\/05\/10d\u00edasunicosFB.jpg\"><img decoding=\"async\" class=\"aligncenter size-medium wp-image-2151\" src=\"http:\/\/blog.centraldevacaciones.com\/wp-content\/uploads\/2015\/05\/10d\u00edasunicosFB-300x132.jpg\" alt=\"10d\u00edasunicosFB\" width=\"300\" height=\"132\" srcset=\"https:\/\/www.centraldevacaciones.com\/blog\/wp-content\/uploads\/2015\/05\/10d\u00edasunicosFB-300x132.jpg 300w, https:\/\/www.centraldevacaciones.com\/blog\/wp-content\/uploads\/2015\/05\/10d\u00edasunicosFB.jpg 624w\" sizes=\"(max-width: 300px) 100vw, 300px\" \/><\/a><\/p>\n<p>Vacaciones en <strong>Punta Cana con Todo Incluido desde solo 695\u20ac<\/strong>. Vacaciones en <strong>Riviera Maya con Todo Incluido desde solo 729\u20ac<\/strong>. Tanto un destino como otro incorpora ya en el precio que te mostramos: Vuelos, tasas a\u00e9reas, alojamiento en todo incluido, traslados, asistencia de gu\u00eda y seguro b\u00e1sico de viaje&#8230; \u00bfqu\u00e9 m\u00e1s se puede pedir?<\/p>\n<p>No te duermas, entra ya en <a href=\"http:\/\/www.centraldevacaciones.com\/viajes\/4\/0\/0\/0\/ofertas-a-El-Caribe.html\">www.centraldevacaciones.com<\/a> y aseg\u00farate una plaza, son limitadas.<\/p>\n<p>\u00a1Empieza a disfrutar del Verano en pleno Caribe!<\/p>\n","protected":false},"excerpt":{"rendered":"<p>\u00a110 D\u00edas \u00danicos!, 10 d\u00edas para reservar tus Vacaciones en Riviera Maya o Punta Cana y aprovecharte de los mejores precios de la temporada. Reserva tus Vacaciones de Caribe entre el 2 y 14 de Mayo, para disfrutar durante 9 d\u00edas y 7 noches en uno de los mejores complejos hoteleros de Riviera Maya o [&hellip;]<\/p>\n","protected":false},"author":1,"featured_media":0,"comment_status":"closed","ping_status":"open","sticky":false,"template":"elementor_theme","format":"standard","meta":{"_acf_changed":false,"footnotes":""},"categories":[297,208,205,7,8,9,1,12],"tags":[],"class_list":["post-2150","post","type-post","status-publish","format-standard","hentry","category-caribe","category-ideas-escapadas","category-ideas-viajes-low-cost","category-mexico","category-republica-dominicana","category-riviera-maya","category-vacaciones","category-viajes"],"acf":[],"_links":{"self":[{"href":"https:\/\/www.centraldevacaciones.com\/blog\/wp-json\/wp\/v2\/posts\/2150","targetHints":{"allow":["GET"]}}],"collection":[{"href":"https:\/\/www.centraldevacaciones.com\/blog\/wp-json\/wp\/v2\/posts"}],"about":[{"href":"https:\/\/www.centraldevacaciones.com\/blog\/wp-json\/wp\/v2\/types\/post"}],"author":[{"embeddable":true,"href":"https:\/\/www.centraldevacaciones.com\/blog\/wp-json\/wp\/v2\/users\/1"}],"replies":[{"embeddable":true,"href":"https:\/\/www.centraldevacaciones.com\/blog\/wp-json\/wp\/v2\/comments?post=2150"}],"version-history":[{"count":0,"href":"https:\/\/www.centraldevacaciones.com\/blog\/wp-json\/wp\/v2\/posts\/2150\/revisions"}],"wp:attachment":[{"href":"https:\/\/www.centraldevacaciones.com\/blog\/wp-json\/wp\/v2\/media?parent=2150"}],"wp:term":[{"taxonomy":"category","embeddable":true,"href":"https:\/\/www.centraldevacaciones.com\/blog\/wp-json\/wp\/v2\/categories?post=2150"},{"taxonomy":"post_tag","embeddable":true,"href":"https:\/\/www.centraldevacaciones.com\/blog\/wp-json\/wp\/v2\/tags?post=2150"}],"curies":[{"name":"wp","href":"https:\/\/api.w.org\/{rel}","templated":true}]}}