{"id":2109,"date":"2015-04-09T14:24:14","date_gmt":"2015-04-09T12:24:14","guid":{"rendered":"http:\/\/blog.centraldevacaciones.com\/?p=2109"},"modified":"2021-06-30T18:20:15","modified_gmt":"2021-06-30T16:20:15","slug":"paisesbajosjardines","status":"publish","type":"post","link":"https:\/\/www.centraldevacaciones.com\/blog\/paisesbajosjardines\/","title":{"rendered":"Los Jardines de Keukenhof, Pa\u00edses Bajos"},"content":{"rendered":"<p>Muy pocas ocasiones en las gu\u00edas de turismo a nivel mundial se habla de lugares tan hermosos relacionados con la jardiner\u00eda, como bien sabemos <strong>Pa\u00edses Bajos<\/strong> siempre ha sido reconocido por ser una de las naciones m\u00e1s bellas del mundo y por poseer los m\u00e1s bellos sembrad\u00edos de Tulipanes alrededor de Europa.<\/p>\n<p><a href=\"http:\/\/upload.wikimedia.org\/wikipedia\/commons\/4\/46\/Keukenhof-Szmurlo.jpg\" target=\"_blank\" rel=\"noopener noreferrer nofollow\"><img fetchpriority=\"high\" decoding=\"async\" class=\"irc_mi\" src=\"http:\/\/upload.wikimedia.org\/wikipedia\/commons\/4\/46\/Keukenhof-Szmurlo.jpg\" alt=\"\" width=\"870\" height=\"582\" \/><\/a><\/p>\n<p><em>Un lugar que no puedes sin lugar a dudas dejar de visitar en tu estad\u00eda en Pa\u00edses Bajos son los <strong>Jardines de Keukenhof<\/strong> un lugar que abre las puertas a los turistas durante ciertas temporadas del a\u00f1os en las cuales podremos disfrutar de la belleza de sus sembrad\u00edos, en la actualidad Keukenhof posee varias secciones dependiendo del tiempo de platas que desees conocer.<\/em><\/p>\n<p>As\u00ed mismos anualmente se realizan congresos y festivales que est\u00e1n inspirados en la jardiner\u00eda y en especial en los bellos <strong>Tulipanes<\/strong>, las caracter\u00edsticas \u00fanicas de este bello jard\u00edn no solo van de las hermosas flores h\u00edbridas a los tulipanes sino a la estructura de sus edificios, fuentes y lagos que nos har\u00e1n disfrutar del paseo.<\/p>\n<p>En la actualidad el parque se encuentra en su pleno apogeo ya que es entre los meses de Marzo y Mayo en que los <strong>Tulipanes<\/strong> comienzan a florecer\u00a0 y permiten apreciar los mejor del lugar, en el cual existe todo lo necesario para pasar un buen tiempo de esparcimiento con la familia y conociendo mas del mundo de la flora de los Pa\u00edses Bajos.<\/p>\n","protected":false},"excerpt":{"rendered":"<p>Muy pocas ocasiones en las gu\u00edas de turismo a nivel mundial se habla de lugares tan hermosos relacionados con la jardiner\u00eda, como bien sabemos Pa\u00edses Bajos siempre ha sido reconocido por ser una de las naciones m\u00e1s bellas del mundo y por poseer los m\u00e1s bellos sembrad\u00edos de Tulipanes alrededor de Europa. Un lugar que [&hellip;]<\/p>\n","protected":false},"author":1,"featured_media":0,"comment_status":"closed","ping_status":"open","sticky":false,"template":"elementor_theme","format":"standard","meta":{"_acf_changed":false,"footnotes":""},"categories":[208,204,205,195,201,17],"tags":[],"class_list":["post-2109","post","type-post","status-publish","format-standard","hentry","category-ideas-escapadas","category-ideas-viajes-verano","category-ideas-viajes-low-cost","category-rutas-por-europa","category-rutas-por-paises-bajos","category-viajes-por-europa"],"acf":[],"_links":{"self":[{"href":"https:\/\/www.centraldevacaciones.com\/blog\/wp-json\/wp\/v2\/posts\/2109","targetHints":{"allow":["GET"]}}],"collection":[{"href":"https:\/\/www.centraldevacaciones.com\/blog\/wp-json\/wp\/v2\/posts"}],"about":[{"href":"https:\/\/www.centraldevacaciones.com\/blog\/wp-json\/wp\/v2\/types\/post"}],"author":[{"embeddable":true,"href":"https:\/\/www.centraldevacaciones.com\/blog\/wp-json\/wp\/v2\/users\/1"}],"replies":[{"embeddable":true,"href":"https:\/\/www.centraldevacaciones.com\/blog\/wp-json\/wp\/v2\/comments?post=2109"}],"version-history":[{"count":0,"href":"https:\/\/www.centraldevacaciones.com\/blog\/wp-json\/wp\/v2\/posts\/2109\/revisions"}],"wp:attachment":[{"href":"https:\/\/www.centraldevacaciones.com\/blog\/wp-json\/wp\/v2\/media?parent=2109"}],"wp:term":[{"taxonomy":"category","embeddable":true,"href":"https:\/\/www.centraldevacaciones.com\/blog\/wp-json\/wp\/v2\/categories?post=2109"},{"taxonomy":"post_tag","embeddable":true,"href":"https:\/\/www.centraldevacaciones.com\/blog\/wp-json\/wp\/v2\/tags?post=2109"}],"curies":[{"name":"wp","href":"https:\/\/api.w.org\/{rel}","templated":true}]}}