{"id":2101,"date":"2015-04-08T09:20:01","date_gmt":"2015-04-08T07:20:01","guid":{"rendered":"http:\/\/blog.centraldevacaciones.com\/?p=2101"},"modified":"2021-06-30T18:20:15","modified_gmt":"2021-06-30T16:20:15","slug":"la-pintoresca-conil-de-la-frontera","status":"publish","type":"post","link":"https:\/\/www.centraldevacaciones.com\/blog\/la-pintoresca-conil-de-la-frontera\/","title":{"rendered":"La pintoresca Conil de la Frontera"},"content":{"rendered":"<p>&nbsp;<\/p>\n<p>Conil de la Frontera, es uno de los pueblos m\u00e1s pintorescos de la provincia de C\u00e1diz. Durante los meses primaverales se va llenando de vida, y su poblaci\u00f3n aumenta hasta llegar casi a los 90.000 habitantes.<\/p>\n<p>&nbsp;<\/p>\n<p>Durante estas fechas primaverales generalmente ya se puede disfrutar de su c\u00e1lido clima, una temperatura fant\u00e1stica que invita a divertirse en sus famosas playas y grandes acantilados.<\/p>\n<p>&nbsp;<\/p>\n<p>Este bonito pueblo pesquero de Andaluc\u00eda, cuenta con dos tipos diferentes de playas. Por eso, cuando te est\u00e9s decidiendo por chalets en Conil para alquilar debes saber que las en las playas del sur, como por ejemplo, Los Bateles y El Palmar, se pueden encontrar espectaculares dunas y abundante vegetaci\u00f3n, ideal para estar en familia. Y las del norte, que son playas menos frecuentadas, como las de Calas de Roche y la Fuente del Gallao, y que sin duda son lugares perfectos para deleitarse con sus preciosos acantilados.<\/p>\n<p>&nbsp;<\/p>\n<p>Dorarse al sol en la arena no es la \u00fanica opci\u00f3n de este pintoresco pueblo andaluz. En sus playas tambi\u00e9n se pueden practicar deportes de aventura como el windsurf, por ejemplo o simplemente pasear con la familia. A estas actividades, se a\u00f1aden opciones de ocio como tomar un refresco en alguno de sus chiringuitos o disfrutar de la gran oferta gastron\u00f3mica de los restaurantes de Conil.<\/p>\n<p>&nbsp;<\/p>\n<p>Si vas a viajar a Conil de la Frontera, no debes olvidar visitar sus calles llenas de preciosos monumentos, obras de arte que nos recuerdan que su centro fue declarado conjunto hist\u00f3rico art\u00edstico. Una cita con el pasado es la visita de Torre de Guzm\u00e1n, en la plaza Catalina, y que aunque en un principio fue creada para defensa, en la actualidad es para uso y disfrute de los vecinos del pueblo.<\/p>\n","protected":false},"excerpt":{"rendered":"<p>&nbsp; Conil de la Frontera, es uno de los pueblos m\u00e1s pintorescos de la provincia de C\u00e1diz. Durante los meses primaverales se va llenando de vida, y su poblaci\u00f3n aumenta hasta llegar casi a los 90.000 habitantes. &nbsp; Durante estas fechas primaverales generalmente ya se puede disfrutar de su c\u00e1lido clima, una temperatura fant\u00e1stica que [&hellip;]<\/p>\n","protected":false},"author":1,"featured_media":0,"comment_status":"closed","ping_status":"open","sticky":false,"template":"elementor_theme","format":"standard","meta":{"_acf_changed":false,"footnotes":""},"categories":[4,193,208,204,205,200,195,17],"tags":[],"class_list":["post-2101","post","type-post","status-publish","format-standard","hentry","category-espana","category-europa","category-ideas-escapadas","category-ideas-viajes-verano","category-ideas-viajes-low-cost","category-rutas-por-espana","category-rutas-por-europa","category-viajes-por-europa"],"acf":[],"_links":{"self":[{"href":"https:\/\/www.centraldevacaciones.com\/blog\/wp-json\/wp\/v2\/posts\/2101","targetHints":{"allow":["GET"]}}],"collection":[{"href":"https:\/\/www.centraldevacaciones.com\/blog\/wp-json\/wp\/v2\/posts"}],"about":[{"href":"https:\/\/www.centraldevacaciones.com\/blog\/wp-json\/wp\/v2\/types\/post"}],"author":[{"embeddable":true,"href":"https:\/\/www.centraldevacaciones.com\/blog\/wp-json\/wp\/v2\/users\/1"}],"replies":[{"embeddable":true,"href":"https:\/\/www.centraldevacaciones.com\/blog\/wp-json\/wp\/v2\/comments?post=2101"}],"version-history":[{"count":0,"href":"https:\/\/www.centraldevacaciones.com\/blog\/wp-json\/wp\/v2\/posts\/2101\/revisions"}],"wp:attachment":[{"href":"https:\/\/www.centraldevacaciones.com\/blog\/wp-json\/wp\/v2\/media?parent=2101"}],"wp:term":[{"taxonomy":"category","embeddable":true,"href":"https:\/\/www.centraldevacaciones.com\/blog\/wp-json\/wp\/v2\/categories?post=2101"},{"taxonomy":"post_tag","embeddable":true,"href":"https:\/\/www.centraldevacaciones.com\/blog\/wp-json\/wp\/v2\/tags?post=2101"}],"curies":[{"name":"wp","href":"https:\/\/api.w.org\/{rel}","templated":true}]}}