{"id":2095,"date":"2016-11-08T09:09:24","date_gmt":"2016-11-08T08:09:24","guid":{"rendered":"http:\/\/blog.centraldevacaciones.com\/?p=2095"},"modified":"2021-07-20T11:06:27","modified_gmt":"2021-07-20T09:06:27","slug":"turismo-y-cultura-en-fuerteventura","status":"publish","type":"post","link":"https:\/\/www.centraldevacaciones.com\/blog\/turismo-y-cultura-en-fuerteventura\/","title":{"rendered":"Gu\u00eda tur\u00edstica: Fuerteventura"},"content":{"rendered":"\t\t<div data-elementor-type=\"wp-post\" data-elementor-id=\"2095\" class=\"elementor elementor-2095\" data-elementor-post-type=\"post\">\n\t\t\t\t\t\t<section class=\"elementor-section elementor-top-section elementor-element elementor-element-31e4f6fe elementor-section-boxed elementor-section-height-default elementor-section-height-default\" data-id=\"31e4f6fe\" data-element_type=\"section\">\n\t\t\t\t\t\t<div class=\"elementor-container elementor-column-gap-default\">\n\t\t\t\t\t<div class=\"elementor-column elementor-col-100 elementor-top-column elementor-element elementor-element-541c6f02\" data-id=\"541c6f02\" data-element_type=\"column\">\n\t\t\t<div class=\"elementor-widget-wrap elementor-element-populated\">\n\t\t\t\t\t\t<div class=\"elementor-element elementor-element-2a52028b elementor-widget elementor-widget-text-editor\" data-id=\"2a52028b\" data-element_type=\"widget\" data-widget_type=\"text-editor.default\">\n\t\t\t\t\t\t\t\t\t<iframe title=\"Fuerteventura - Tienes que venir aqu\u00ed\" width=\"800\" height=\"450\" src=\"https:\/\/www.youtube.com\/embed\/LFZ7425Th6U?feature=oembed\" frameborder=\"0\" allow=\"accelerometer; autoplay; clipboard-write; encrypted-media; gyroscope; picture-in-picture; web-share\" referrerpolicy=\"strict-origin-when-cross-origin\" allowfullscreen><\/iframe>\n<h2><strong>Lugar: Comunidad Aut\u00f3noma de Canarias<\/strong><\/h2>\nLas islas Canarias, conforman un archipi\u00e9lago de Espa\u00f1a que se toma como el territorio m\u00e1s austral (austral quiere decir \u201cal sur\u201d) del pa\u00eds, resaltando como diferencia principal entre \u00e9ste y dichas islas que las segundas se encuentran en el Oc\u00e9ano Atl\u00e1ntico mientras que el resto se ubica en el Mar Mediterr\u00e1neo. La comunidad est\u00e1 compuesta por varias islas del archipi\u00e9lago Canarias junto al archipi\u00e9lago Chinijo y la isla Lobos. De entre las cuales destacan Tenerife, Gran Canaria, Fuerteventura y Lanzarote por su actividad tur\u00edstica, y no es para menos, pues mientras vayas leyendo esto post, dato a dato te dar\u00e1n m\u00e1s y m\u00e1s ganas de armar las maletas y tomar un vuelo directo, empezando por <strong>Fuerteventura, <\/strong>cuya capital es Puerto del Rosario.\n\n<iframe title=\"Fuerteventura - Travel Video\" width=\"800\" height=\"450\" src=\"https:\/\/www.youtube.com\/embed\/G_vt1bM2tGE?feature=oembed\" frameborder=\"0\" allow=\"accelerometer; autoplay; clipboard-write; encrypted-media; gyroscope; picture-in-picture; web-share\" referrerpolicy=\"strict-origin-when-cross-origin\" allowfullscreen><\/iframe>\n<h2><strong>Algunas curiosidades sobre Fuerteventura<\/strong><\/h2>\nLas Canarias, constituyen uno de los territorios reconocidos como <em>Nacionalidad hist\u00f3rica,<\/em> este es una noci\u00f3n de utilizaci\u00f3n com\u00fan en la pol\u00edtica espa\u00f1ola para reconocer a aquellas comunidades que se auto-reconocen con una identidad colectiva distinta a la del resto del pa\u00eds, ya sea en t\u00e9rminos culturales o ling\u00fc\u00edsticos.\n\nOtro dato digno de menci\u00f3n es que, el archipi\u00e9lago de las islas Canarias, cuenta con 4 parques nacionales, reconocidos adem\u00e1s por la UNESCO como parte del Patrimonio de la humanidad, de los cuales tres han sido declarados tambi\u00e9n como integrantes de las Reserva mundial de la biosfera; las Canarias componen la provincia aut\u00f3noma con m\u00e1s parques nacionales de Espa\u00f1a.\n\n<iframe title=\"Fuerteventura | European Hawaii\" width=\"800\" height=\"450\" src=\"https:\/\/www.youtube.com\/embed\/ztp-Rb5bbdo?feature=oembed\" frameborder=\"0\" allow=\"accelerometer; autoplay; clipboard-write; encrypted-media; gyroscope; picture-in-picture; web-share\" referrerpolicy=\"strict-origin-when-cross-origin\" allowfullscreen><\/iframe>\n<h2><strong>Informaci\u00f3n geopol\u00edtica<\/strong><\/h2>\n<ul>\n \t<li>\n<h3><u>Bandera<\/u><\/h3>\n<\/li>\n<\/ul>\nFuerteventura cuenta con una bandera propia, conformada por dos rect\u00e1ngulos verticales de igual tama\u00f1o, de colores verde y blanco, en cuya uni\u00f3n central se encuentra el escudo insular.\n\nYa en conjunto, la bandera de la Comunidad Aut\u00f3noma de Canarias est\u00e1 compuesta de tres franjas verticales de igual alto y ancho, las cuales se encuentran coloreadas, en orden, de blanco, azul y amarillo.\n<ul>\n \t<li>\n<h3><u>Tipo de gobernanza<\/u><\/h3>\n<\/li>\n<\/ul>\nLa comunidad, como claramente se puede apreciar en su nombre, es aut\u00f3noma, lo cual quiere decir que, aunque est\u00e9 sujeta a ciertas normas y compromisos con Espa\u00f1a, cuenta con su propio sistema de administraci\u00f3n a trav\u00e9s de cabildos insulares (de los cuales Fuerteventura cuenta con su propio cabildo).\n\nLa representaci\u00f3n del gobierno espa\u00f1ol se encuentra en la ciudad capital del archipi\u00e9lago, La Palma de Gran Canaria, en la isla Gran Canaria, de entre las 13 islas que comparte la comunidad aut\u00f3noma.\n<ul>\n \t<li>\n<h3><u>Poblaci\u00f3n<\/u><\/h3>\n<\/li>\n<\/ul>\nLa provincia cuenta con 2.128.647 habitantes y una densidad poblacional de 284 habitantes por Kil\u00f3metro cuadrado, aproximadamente. En cuanto a la isla, Fuerteventura cuenta con una poblaci\u00f3n de 107.367 habitantes (para 2015).\n<ul>\n \t<li>\n<h3><u>Situaci\u00f3n geogr\u00e1fica<\/u><\/h3>\n<\/li>\n<\/ul>\nLa comunidad canaria se encuentra en el hemisferio norte del planeta, en la parte occidental de \u00c1frica y rodeada por el Oc\u00e9ano atl\u00e1ntico (destino muy apreciado por quienes recorren el mundo), siendo uno de los territorios de ultramar de Europa en \u00c1frica; como consecuencia de su localizaci\u00f3n geogr\u00e1fica, existen otras caracter\u00edsticas a tener en cuenta como:\n<ul>\n \t<li>Zona horaria: El uso horario del archipi\u00e9lago es UTC+1 durante el verano, es decir, una hora m\u00e1s a partir del tiempo de la l\u00ednea divisora de Greenwich (en Inglaterra), sin embargo, en invierno utiliza el mismo horario de la l\u00ednea (UTC+-0), tambi\u00e9n llamado como <em>horario de invierno boreal.<\/em><\/li>\n<\/ul>\n<ul>\n \t<li>Clima: dado que el archipi\u00e9lago se encuentra cerca del tr\u00f3pico y se encuentra en el Oc\u00e9ano Atl\u00e1ntico, su tipo de clima est\u00e1 catalogado como \u201csubtropical oce\u00e1nico\u201d, con sensaci\u00f3n fuerte de los vientos alisios del norte y la temperatura media anual de 18\u00ba cent\u00edgrados, con un m\u00e1ximo de 6\u00ba en invierno (lo cual ser\u00eda un invierno muy fuerte en la zona).<\/li>\n<\/ul>\nAdem\u00e1s, por su cercan\u00eda con el desierto del Sahara, es com\u00fan ver calima en varios momentos del a\u00f1o (suspensi\u00f3n del polvo en el aire, transportado desde el desierto en este caso).\n<ul>\n \t<li>Extensi\u00f3n: <strong>Fuerteventura<\/strong> cuenta, aproximadamente, con 845 Km cuadrados mientras que, en conjunto, las islas del archipi\u00e9lago canario tienen una superficie de 7.446,95 Km cuadrados.<\/li>\n<\/ul>\n<h2><strong>Historia (descripci\u00f3n breve de su gobernanza)<\/strong><\/h2>\nExisten indicios arqueol\u00f3gicos que datan de del siglo III antes de Cristo en la zona arqueol\u00f3gica de las islas pero se estima que a Fuerteventura (y otras islas de las Canarias) lleg\u00f3 una poblaci\u00f3n africana conocida como <em>majos <\/em>o<em> mahos<\/em>, alrededor del a\u00f1o 500 antes de Cristo, regentando la isla hasta que en 1402 tropas espa\u00f1olas castellanas invadieron y sometieron a la poblaci\u00f3n bajo el mando de Enrique III de Castilla, tras lo cual se funda Benturia, ciudad que m\u00e1s adelante pasar\u00eda a ser la primera capital de la isla.\n\nDada su estrat\u00e9gica ubicaci\u00f3n de conexi\u00f3n entre \u00c1frica y Europa, la isla era continuamente asediada por piratas, por lo cual se construyeron muchos fuertes y castillos, con el objetivo de enfrentarlos (construcciones que a\u00fan se pueden observar en su territorio y de las cuales ha obtenido su nombre).\n\nLa isla mantuvo un r\u00e9gimen feudal, hasta que en 1802 este es abolido por la corona. En 1912 se aprueba la Ley de los cabildos y varias islas de las Canarias, entre ellas Fuerteventura, obtiene su sistema de gobernanza moderno y, a partir de los a\u00f1os 60, se convierte en una potencia tur\u00edstica.\n\nA\u00fan quedan reminiscencias de la cultura maja, de las cuales se pueden observar, por ejemplo, los jerogl\u00edficos y\/o dibujos en el Parque de Benturia.\n<h2><strong>Festividades especiales<\/strong><\/h2>\n<ul>\n \t<li>2 de febrero: d\u00eda de la Virgen de la Candelaria, patrona de la isla y del archipi\u00e9lago canario.<\/li>\n \t<li>Corpus Christi.<\/li>\n \t<li>Semana santa.<\/li>\n \t<li>Carnaval (intensamente celebrado en las islas antes del tiempo de cuaresma, tradici\u00f3n cristiana), uno de los m\u00e1s famosos del mundo.<\/li>\n<\/ul>\n<h2><strong>Econom\u00eda<\/strong><\/h2>\nLa econom\u00eda de <strong>Fuerteventura<\/strong> se basa en el turismo, esforz\u00e1ndose adem\u00e1s en el desarrollo y ofrecimiento de experiencias con turismo sostenible, por lo cual la isla recibi\u00f3 la medalla de oro del Quality Coast Gold Award. Adem\u00e1s se complementa el turismo con la producci\u00f3n de energ\u00eda e\u00f3lica, la agricultura, la ganader\u00eda, la pesca, la producci\u00f3n de artesan\u00edas en cer\u00e1mica y los ingresos del Aeropuerto de Fuerteventura.\n<h2><strong>Lugares tur\u00edsticos de\u00a0Fuerteventura<\/strong><\/h2>\nFuerteventura es una de las islas m\u00e1s ricas de las Canarias en parques y monumentos naturales, parques rurales, paisajes protegidos y lugares de inter\u00e9s cient\u00edfico, en especial aquellos donde hay volcanes din\u00e1micos y dormidos, de entre los cuales destacan: <strong>Bermeja<\/strong>, <strong>Las Calderas<\/strong> y <strong>La Laguna<\/strong>&#8230; \u00a1No te los pierdas!\n<p class=\"p1\"><strong>El Auditorio Insular de Fuerte<\/strong><strong>v<\/strong><strong>entura<\/strong> se inaugur\u00f3 en 1995 con el objetivo de ofrecer a los habitantes un espacio en el que poner en escena representaciones teatrales, de danza, para acoger conciertos musicales, eventos de caridad, las reuniones pol\u00edticas y proyectar pel\u00edculas de cine.<\/p>\n<p class=\"p1\">Est\u00e1 situado en la capital, Puerto del Rosario, que suele ser tambi\u00e9n el centro administrativo de la isla y est\u00e1 a s\u00f3lo 5 kil\u00f3metros del aeropuerto de Fuerteventura. El Auditorio fue dise\u00f1ado con unos 570 asientos, aire acondicionado y sistemas de iluminaci\u00f3n para adaptarse a cada posible evento. Adem\u00e1s, las instalaciones est\u00e1n equipadas con equipos inform\u00e1ticos para conferencias, audiciones, seminarios y presentaciones.<\/p>\n<p class=\"p1\">A trav\u00e9s de los a\u00f1os se han producido dentro de \u00e9l importantes eventos culturales, entre los que encontramos el <strong>Festival de M\u00fasica de Canarias<\/strong>, donde se presentaron famosos cantantes como Cesaria Evora, Pedro Guerra o Joan Manuel Serrat. En cuanto a lo que se refiere al teatro, en el interior del Auditorio se han presentado obras de diversos autores, como las de Albert Boadella, actor y director y fundador de la conocida compa\u00f1\u00eda catalana de teatro<em> Els Joglars<\/em> y obras de Mirtha Ibarra, guionista, escritora y actriz cubana.<\/p>\n<p class=\"p1\">Es posible comprar de diferentes maneras entradas para los conciertos en el Centro de Arte Juan Ismael, o dos horas antes del espect\u00e1culo, si todav\u00eda hay entradas disponibles, ya que se pueden comprar directamente en el Auditorio Insular.<\/p>\n<p class=\"p1\">Pero en Puerto del Rosario tambi\u00e9n hay otras estructuras dentro de las cuales se puede explorar la historia y la cultura de Fuerteventura. En la ciudad hay un n\u00famero de diferentes museos tem\u00e1ticos y salas de exposiciones, tanto p\u00fablicas como privadas, como el ya mencionado <strong>Centro de Arte Juan Ismael<\/strong>, en el que se encuentran los salas de exposiciones y talleres de diversa \u00edndole en tres plantas, adem\u00e1s de la taquilla<span class=\"Apple-converted-space\">\u00a0 <\/span>del Auditorio.<\/p>\n<p class=\"p1\">Muy interesante para visitar en la zona es tambi\u00e9n el <strong>parque de esculturas al aire libre<\/strong>. En el interior hay cerca de 50 obras de diferentes autores, la mayor\u00eda de las cuales se van realizado durante el Simposio Internacional de Escultura que se celebra cada a\u00f1o desde 2001. Durante el simposio los artistas de todo el mundo crean sus esculturas en el parque y los transe\u00fantes se quedan fascinados al verlos en acci\u00f3n.<\/p>\n\u00bfTe ha convencido nuestra gu\u00eda de Fuerteventura? Entonces, no esperes m\u00e1s para disfrutar de unas vacaciones en esta isla m\u00e1gica. Reserva ya gracias a nuestras <a href=\"https:\/\/www.centraldevacaciones.com\/viajes\/ofertas-a-fuerteventura.html\"><strong>ofertas de viajes a Fuerteventura<\/strong><\/a> y en tan s\u00f3lo dos clicks ya tendr\u00e1s el mejor precio asegurado.\t\t\t\t\t\t\t\t<\/div>\n\t\t\t\t\t<\/div>\n\t\t<\/div>\n\t\t\t\t\t<\/div>\n\t\t<\/section>\n\t\t\t\t<section class=\"elementor-section elementor-top-section elementor-element elementor-element-66f4c95f elementor-section-boxed elementor-section-height-default elementor-section-height-default\" data-id=\"66f4c95f\" data-element_type=\"section\">\n\t\t\t\t\t\t<div class=\"elementor-container elementor-column-gap-default\">\n\t\t\t\t\t<div class=\"elementor-column elementor-col-16 elementor-top-column elementor-element elementor-element-5e737635\" data-id=\"5e737635\" data-element_type=\"column\">\n\t\t\t<div class=\"elementor-widget-wrap elementor-element-populated\">\n\t\t\t\t\t\t<div class=\"elementor-element elementor-element-4a3272eb elementor-widget elementor-widget-image\" data-id=\"4a3272eb\" data-element_type=\"widget\" data-widget_type=\"image.default\">\n\t\t\t\t\t\t\t\t\t\t\t\t\t\t\t<img decoding=\"async\" width=\"128\" height=\"128\" src=\"https:\/\/www.centraldevacaciones.com\/blog\/wp-content\/uploads\/2020\/09\/espana.png\" class=\"attachment-large size-large wp-image-12730\" alt=\"\" \/>\t\t\t\t\t\t\t\t\t\t\t\t\t\t\t<\/div>\n\t\t\t\t<div class=\"elementor-element elementor-element-29d1dacd elementor-widget elementor-widget-heading\" data-id=\"29d1dacd\" data-element_type=\"widget\" data-widget_type=\"heading.default\">\n\t\t\t\t\t<h3 class=\"elementor-heading-title elementor-size-default\"><a href=\"https:\/\/www.centraldevacaciones.com\/blog\/ofertas-de-vacaciones\/\">Viajes por Espa\u00f1a<\/a><\/h3>\t\t\t\t<\/div>\n\t\t\t\t\t<\/div>\n\t\t<\/div>\n\t\t\t\t<div class=\"elementor-column elementor-col-16 elementor-top-column elementor-element elementor-element-675b3fa5\" data-id=\"675b3fa5\" data-element_type=\"column\">\n\t\t\t<div class=\"elementor-widget-wrap elementor-element-populated\">\n\t\t\t\t\t\t<div class=\"elementor-element elementor-element-2a85f4ff elementor-widget elementor-widget-image\" data-id=\"2a85f4ff\" data-element_type=\"widget\" data-widget_type=\"image.default\">\n\t\t\t\t\t\t\t\t\t\t\t\t\t\t\t<img decoding=\"async\" width=\"128\" height=\"128\" src=\"https:\/\/www.centraldevacaciones.com\/blog\/wp-content\/uploads\/2020\/09\/isla.png\" class=\"attachment-large size-large wp-image-12732\" alt=\"\" \/>\t\t\t\t\t\t\t\t\t\t\t\t\t\t\t<\/div>\n\t\t\t\t<div class=\"elementor-element elementor-element-3eaf3b52 elementor-widget elementor-widget-heading\" data-id=\"3eaf3b52\" data-element_type=\"widget\" data-widget_type=\"heading.default\">\n\t\t\t\t\t<h3 class=\"elementor-heading-title elementor-size-default\"><a href=\"https:\/\/www.centraldevacaciones.com\/blog\/vacaciones-mejores-islas-espana\/\">Islas de Espa\u00f1a<\/a><\/h3>\t\t\t\t<\/div>\n\t\t\t\t\t<\/div>\n\t\t<\/div>\n\t\t\t\t<div class=\"elementor-column elementor-col-16 elementor-top-column elementor-element elementor-element-67d25707\" data-id=\"67d25707\" data-element_type=\"column\">\n\t\t\t<div class=\"elementor-widget-wrap elementor-element-populated\">\n\t\t\t\t\t\t<div class=\"elementor-element elementor-element-cb67fa8 elementor-widget elementor-widget-image\" data-id=\"cb67fa8\" data-element_type=\"widget\" data-widget_type=\"image.default\">\n\t\t\t\t\t\t\t\t\t\t\t\t\t\t\t<img decoding=\"async\" width=\"128\" height=\"128\" src=\"https:\/\/www.centraldevacaciones.com\/blog\/wp-content\/uploads\/2021\/05\/avion-1.png\" class=\"attachment-large size-large wp-image-12639\" alt=\"\" \/>\t\t\t\t\t\t\t\t\t\t\t\t\t\t\t<\/div>\n\t\t\t\t<div class=\"elementor-element elementor-element-637393b7 elementor-widget elementor-widget-heading\" data-id=\"637393b7\" data-element_type=\"widget\" data-widget_type=\"heading.default\">\n\t\t\t\t\t<h3 class=\"elementor-heading-title elementor-size-default\"><a href=\"https:\/\/www.centraldevacaciones.com\/viajes\/ofertas-a-islas-canarias.html\">Viajes a Canarias<\/a><\/h3>\t\t\t\t<\/div>\n\t\t\t\t\t<\/div>\n\t\t<\/div>\n\t\t\t\t<div class=\"elementor-column elementor-col-16 elementor-top-column elementor-element elementor-element-7052d945\" data-id=\"7052d945\" data-element_type=\"column\">\n\t\t\t<div class=\"elementor-widget-wrap elementor-element-populated\">\n\t\t\t\t\t\t<div class=\"elementor-element elementor-element-4525748b elementor-widget elementor-widget-image\" data-id=\"4525748b\" data-element_type=\"widget\" data-widget_type=\"image.default\">\n\t\t\t\t\t\t\t\t\t\t\t\t\t\t\t<img loading=\"lazy\" decoding=\"async\" width=\"128\" height=\"128\" src=\"https:\/\/www.centraldevacaciones.com\/blog\/wp-content\/uploads\/2020\/09\/sombrilla.png\" class=\"attachment-large size-large wp-image-12733\" alt=\"\" \/>\t\t\t\t\t\t\t\t\t\t\t\t\t\t\t<\/div>\n\t\t\t\t<div class=\"elementor-element elementor-element-56aca192 elementor-widget elementor-widget-heading\" data-id=\"56aca192\" data-element_type=\"widget\" data-widget_type=\"heading.default\">\n\t\t\t\t\t<h3 class=\"elementor-heading-title elementor-size-default\"><a href=\"https:\/\/www.centraldevacaciones.com\/viajes\/ofertas-a-lanzarote.html\">Viajes a Lanzarote<\/a><\/h3>\t\t\t\t<\/div>\n\t\t\t\t\t<\/div>\n\t\t<\/div>\n\t\t\t\t<div class=\"elementor-column elementor-col-16 elementor-top-column elementor-element elementor-element-19a05862\" data-id=\"19a05862\" data-element_type=\"column\">\n\t\t\t<div class=\"elementor-widget-wrap elementor-element-populated\">\n\t\t\t\t\t\t<div class=\"elementor-element elementor-element-6e07e6ac elementor-widget elementor-widget-image\" data-id=\"6e07e6ac\" data-element_type=\"widget\" data-widget_type=\"image.default\">\n\t\t\t\t\t\t\t\t\t\t\t\t\t\t\t<img loading=\"lazy\" decoding=\"async\" width=\"128\" height=\"128\" src=\"https:\/\/www.centraldevacaciones.com\/blog\/wp-content\/uploads\/2020\/09\/avion.png\" class=\"attachment-large size-large wp-image-12734\" alt=\"\" \/>\t\t\t\t\t\t\t\t\t\t\t\t\t\t\t<\/div>\n\t\t\t\t<div class=\"elementor-element elementor-element-5413355 elementor-widget elementor-widget-heading\" data-id=\"5413355\" data-element_type=\"widget\" data-widget_type=\"heading.default\">\n\t\t\t\t\t<h3 class=\"elementor-heading-title elementor-size-default\"><a href=\"https:\/\/www.centraldevacaciones.com\/viajes\/ofertas-a-islas-baleares.html\">Viajes a las Baleares<\/a><\/h3>\t\t\t\t<\/div>\n\t\t\t\t\t<\/div>\n\t\t<\/div>\n\t\t\t\t<div class=\"elementor-column elementor-col-16 elementor-top-column elementor-element elementor-element-491072cb\" data-id=\"491072cb\" data-element_type=\"column\">\n\t\t\t<div class=\"elementor-widget-wrap elementor-element-populated\">\n\t\t\t\t\t\t<div class=\"elementor-element elementor-element-41edd13c elementor-widget elementor-widget-image\" data-id=\"41edd13c\" data-element_type=\"widget\" data-widget_type=\"image.default\">\n\t\t\t\t\t\t\t\t\t\t\t\t\t\t\t<img loading=\"lazy\" decoding=\"async\" width=\"128\" height=\"128\" src=\"https:\/\/www.centraldevacaciones.com\/blog\/wp-content\/uploads\/2021\/05\/dom.png\" class=\"attachment-large size-large wp-image-12635\" alt=\"\" \/>\t\t\t\t\t\t\t\t\t\t\t\t\t\t\t<\/div>\n\t\t\t\t<div class=\"elementor-element elementor-element-3413eec5 elementor-widget elementor-widget-heading\" data-id=\"3413eec5\" data-element_type=\"widget\" data-widget_type=\"heading.default\">\n\t\t\t\t\t<h3 class=\"elementor-heading-title elementor-size-default\"><a href=\"https:\/\/www.centraldevacaciones.com\/viajes\/ofertas-a-mallorca.html\">Viajes a Mallorca<\/a><\/h3>\t\t\t\t<\/div>\n\t\t\t\t\t<\/div>\n\t\t<\/div>\n\t\t\t\t\t<\/div>\n\t\t<\/section>\n\t\t\t\t<section class=\"elementor-section elementor-top-section elementor-element elementor-element-de77277 elementor-section-boxed elementor-section-height-default elementor-section-height-default\" data-id=\"de77277\" data-element_type=\"section\">\n\t\t\t\t\t\t<div class=\"elementor-container elementor-column-gap-default\">\n\t\t\t\t\t<div class=\"elementor-column elementor-col-100 elementor-top-column elementor-element elementor-element-b9bbadc\" data-id=\"b9bbadc\" data-element_type=\"column\">\n\t\t\t<div class=\"elementor-widget-wrap elementor-element-populated\">\n\t\t\t\t\t\t<div class=\"elementor-element elementor-element-3bc7a0b elementor-widget elementor-widget-text-editor\" data-id=\"3bc7a0b\" data-element_type=\"widget\" data-widget_type=\"text-editor.default\">\n\t\t\t\t\t\t\t\t\t<p><span style=\"font-weight: 400;\">\u00a1Disfruta este verano como el que m\u00e1s y haz realidad el sue\u00f1o que muchos otros tienen con Central de Vacaciones! Pasa unos d\u00edas de vacaciones de desconexi\u00f3n en Espa\u00f1a, concretamente en las Islas Canarias sin preocuparte de nada junto a quien m\u00e1s quieres en una estancia premium con los extras que m\u00e1s se adapten a ti. \u00a1Haz ahora tu reserva aprovechando las ofertas antes de que se agote la disponibilidad y empieza a hacer el planning de los d\u00edas de tu estancia!\u00a0<\/span><\/p>\t\t\t\t\t\t\t\t<\/div>\n\t\t\t\t\t<\/div>\n\t\t<\/div>\n\t\t\t\t\t<\/div>\n\t\t<\/section>\n\t\t\t\t<\/div>\n\t\t","protected":false},"excerpt":{"rendered":"<p>Lugar: Comunidad Aut\u00f3noma de Canarias Las islas Canarias, conforman un archipi\u00e9lago de Espa\u00f1a que se toma como el territorio m\u00e1s austral (austral quiere decir \u201cal sur\u201d) del pa\u00eds, resaltando como diferencia principal entre \u00e9ste y dichas islas que las segundas se encuentran en el Oc\u00e9ano Atl\u00e1ntico mientras que el resto se ubica en el Mar [&hellip;]<\/p>\n","protected":false},"author":1,"featured_media":0,"comment_status":"closed","ping_status":"open","sticky":false,"template":"elementor_theme","format":"standard","meta":{"_acf_changed":false,"footnotes":""},"categories":[208,4,193,204,205,194,200,195,17],"tags":[90],"class_list":["post-2095","post","type-post","status-publish","format-standard","hentry","category-ideas-escapadas","category-espana","category-europa","category-ideas-viajes-verano","category-ideas-viajes-low-cost","category-islas-paradisiacas","category-rutas-por-espana","category-rutas-por-europa","category-viajes-por-europa","tag-fuerteventura"],"acf":[],"_links":{"self":[{"href":"https:\/\/www.centraldevacaciones.com\/blog\/wp-json\/wp\/v2\/posts\/2095","targetHints":{"allow":["GET"]}}],"collection":[{"href":"https:\/\/www.centraldevacaciones.com\/blog\/wp-json\/wp\/v2\/posts"}],"about":[{"href":"https:\/\/www.centraldevacaciones.com\/blog\/wp-json\/wp\/v2\/types\/post"}],"author":[{"embeddable":true,"href":"https:\/\/www.centraldevacaciones.com\/blog\/wp-json\/wp\/v2\/users\/1"}],"replies":[{"embeddable":true,"href":"https:\/\/www.centraldevacaciones.com\/blog\/wp-json\/wp\/v2\/comments?post=2095"}],"version-history":[{"count":0,"href":"https:\/\/www.centraldevacaciones.com\/blog\/wp-json\/wp\/v2\/posts\/2095\/revisions"}],"wp:attachment":[{"href":"https:\/\/www.centraldevacaciones.com\/blog\/wp-json\/wp\/v2\/media?parent=2095"}],"wp:term":[{"taxonomy":"category","embeddable":true,"href":"https:\/\/www.centraldevacaciones.com\/blog\/wp-json\/wp\/v2\/categories?post=2095"},{"taxonomy":"post_tag","embeddable":true,"href":"https:\/\/www.centraldevacaciones.com\/blog\/wp-json\/wp\/v2\/tags?post=2095"}],"curies":[{"name":"wp","href":"https:\/\/api.w.org\/{rel}","templated":true}]}}