{"id":2023,"date":"2015-04-07T08:16:10","date_gmt":"2015-04-07T06:16:10","guid":{"rendered":"http:\/\/blog.centraldevacaciones.com\/?p=2023"},"modified":"2019-06-27T10:41:07","modified_gmt":"2019-06-27T08:41:07","slug":"madeira-pon-a-prueba-tus-sentidos","status":"publish","type":"post","link":"https:\/\/www.centraldevacaciones.com\/blog\/madeira-pon-a-prueba-tus-sentidos\/","title":{"rendered":"Madeira, Pon a prueba tus sentidos"},"content":{"rendered":"<p>&nbsp;<\/p>\n<p>A menos distancia de la que imaginas existe un destino que te cambiar\u00e1 por dentro y por fuera. En el contraste entre el azul del oc\u00e9ano atl\u00e1ntico y el verde esmeralda de las monta\u00f1as, encontrar\u00e1s un respiro de paz. Pon a prueba tus sentidos y d\u00e9jate llevar por tu instinto m\u00e1s aut\u00e9ntico y viajero.<\/p>\n<p>&nbsp;<\/p>\n<p>Desde las profundidades del oc\u00e9ano Atl\u00e1ntico hasta el monte m\u00e1s alto, Ruivo, a 1.862 metros, la frondosidad salvaje de la naturaleza est\u00e1 garantizada a lo largo de todo el a\u00f1o. Submarinismo, parapente, h\u00edpica, ciclismo o yoga son tan s\u00f3lo algunas de las atractivas actividades que le brinda al visitante el escenario natural de Madeira. Adem\u00e1s, existe la posibilidad de volar en helic\u00f3ptero o en globo sobre la isla y sentirte en otra dimensi\u00f3n.<\/p>\n<p>&nbsp;<\/p>\n<p>Antes de aterrizar en el aeropuerto de Funchal, la capital de Madeira \u2013a no ser que seas de esas personas que se despiertan al final del vuelo con el sonido met\u00e1lico de los dem\u00e1s pasajeros desabroch\u00e1ndose el cintur\u00f3n\u2013, al mirar por la ventanilla tendr\u00e1s la primera visi\u00f3n espectacular. Las verdes monta\u00f1as que parecen surgir directamente del mar son una constante en este archipi\u00e9lago que impacta a los visitantes por el agradable clima que reina en \u00e9l durante todo el a\u00f1o, la tranquilidad que se respira en el ambiente y la amabilidad de sus habitantes.<\/p>\n<p>&nbsp;<\/p>\n<h2><strong>Una explosi\u00f3n ecl\u00e9ctica<\/strong><\/h2>\n<p>Nada m\u00e1s bajar del avi\u00f3n, es aconsejable alquilar un coche pues, aunque no lo parezca, las distancias entre las distintas ciudades son bastante grandes. A lo largo de sus 800 kil\u00f3metros, Madeira se convierte en un pa\u00eds en miniatura. Tradici\u00f3n, gastronom\u00eda, arte, dise\u00f1o y arquitectura se dan cita en Funchal.<\/p>\n<p>De ambiente cosmopolita, por las calles de su casco antiguo se puede ir de compras, tomar un vino de la regi\u00f3n, caminar por la famosa avenida Arriaga y descansar en alguna de sus concurridas terrazas o perderse durante toda una ma\u00f1ana en el colorido Mercado dos Lavradores. Mezcla de art d\u00e9co y modernismo, es el mercado principal de la ciudad, con azulejos t\u00edpicos, un patio central y dos pisos repletos de puestos de flores, especias, frutas ex\u00f3ticas y verduras: \u00a1una fiesta de los sentidos!<\/p>\n<p>Cerca de la ciudad, y tras recorrer una carretera de costa, se encuentra C\u00e3mara de Lobos, donde en los a\u00f1os cincuenta se instal\u00f3 Winston Churchill, inspir\u00e1ndose en ella para escribir sus primeros relatos y pintar numerosos cuadros. En esta localidad parece que no ha pasado el tiempo: los comercios, los bares y los pescadores jugando a las cartas y al ajedrez en el puerto componen una postal atemporal. Es el lugar id\u00f3neo para comer un buen pescado fresco y tomarse el t\u00edpico licor madeirense, la poncha, mientras escuchas historias de sirenas y barcos a la deriva.<\/p>\n<p>Si nos adentramos en la isla hacia el norte observamos c\u00f3mo toma el protagonismo del paisaje la exuberante y variada vegetaci\u00f3n, mezcla de tropical y mediterr\u00e1nea. Todo un lujo para la vista. Gracias a las caracter\u00edsticas clim\u00e1ticas que se dan a lo largo de todo el a\u00f1o, se pueden admirar multitud de jardines de plantas ex\u00f3ticas e incre\u00edbles flores en su medio natural, como orqu\u00eddeas, magnolias o azaleas. En el mes de abril se celebra la Fiesta de la Flor, donde toda la poblaci\u00f3n se vuelca en decorar las fachadas de sus casas o sus comercios con aut\u00e9nticas alfombras florales.<\/p>\n<p>Pero el para\u00edso no lo delimita el mar, pues a poca distancia, unos 15 minutos en aeronave o dos horas en ferry, se encuentra la isla de Porto Santo, que tambi\u00e9n pertenece a Madeira. Con sus 9 kil\u00f3metros de arena de playa dorada y sus calas paradis\u00edacas se convierte en el emplazamiento perfecto para perderse unos d\u00edas y recargar pilas con uno de los muchos tratamientos naturales que ofrece el \u00fanico centro de talasoterapia del archipi\u00e9lago.<\/p>\n<p>Madeira ha sido considerada desde hace muchos a\u00f1os un destino de relax, pues ya en 1860 la emperatriz Sissi la eligi\u00f3 para descansar. Lo que no sab\u00edamos hasta ahora es que el para\u00edso pod\u00eda estar tan cerca.<\/p>\n<p>&nbsp;<\/p>\n<h2><strong>D\u00f3nde comer en Madeira<\/strong><\/h2>\n<p><strong>Estalagem Quinta da Casa Branca<\/strong><\/p>\n<p>El restaurante de este hotel de lujo edificado sobre una antigua quinta ofrece cocina portuguesa refinada y una carta de vinos exquisita. Lo mejor, sus postres con frutas de la isla. Rua da Casa Branca, 5-7,<\/p>\n<p>&nbsp;<\/p>\n<p><strong>Fora d\u2019\u00c1gua <\/strong><\/p>\n<p>Con unas inmejorables vistas al mar y una decoraci\u00f3n met\u00e1lica y modernista, los pescados de la carta y la pasta son el mayor reclamo para los comensales. Hotel Tivoli Ocean Park, Promenade do Lido, 11.<\/p>\n<p>&nbsp;<\/p>\n<p><strong>Quinta do Furao<\/strong><\/p>\n<p>Ubicada en la localidad de Santana, esta quinta presume de tener la mejor cocina de la zona.<\/p>\n<p>Achada do Gramacho (Santana)<\/p>\n<p>&nbsp;<\/p>\n<h2><strong>Qu\u00e9 visitar\u00a0<strong>en Madeira<\/strong><\/strong><\/h2>\n<p><strong>Mercado dos Lavradores<\/strong> De lunes a s\u00e1bado se puede entrar al mercado m\u00e1s famoso de la isla. Las frutas tropicales y la variedad de pescados son un espect\u00e1culo para los m\u00e1s sibaritas. Brigadeiro Oudinot, 24-26.<\/p>\n<p><strong>Pico Areeiro<\/strong> Es un pecado abandonar Madeira sin haber sucumbido a sus mejores vistas. Se puede subir andando, en bicicleta, en quad o en coche desde Funchal por la carretera ER 202.<\/p>\n<p>F\u00e1brica de Santo Ant\u00f3nio Callejeando por el centro de Funchal encontrar\u00e1s esta tienda en cuyo interior se esconde una f\u00e1brica que desde hace cien a\u00f1os elabora bolachas, las tradicionales galletas. Travessa do Forno, 27-29.<\/p>\n<p>&nbsp;<\/p>\n","protected":false},"excerpt":{"rendered":"<p>&nbsp; A menos distancia de la que imaginas existe un destino que te cambiar\u00e1 por dentro y por fuera. En el contraste entre el azul del oc\u00e9ano atl\u00e1ntico y el verde esmeralda de las monta\u00f1as, encontrar\u00e1s un respiro de paz. Pon a prueba tus sentidos y d\u00e9jate llevar por tu instinto m\u00e1s aut\u00e9ntico y viajero. [&hellip;]<\/p>\n","protected":false},"author":1,"featured_media":0,"comment_status":"closed","ping_status":"open","sticky":false,"template":"","format":"standard","meta":{"_acf_changed":false,"footnotes":""},"categories":[193,208,205,194,195,17],"tags":[],"class_list":["post-2023","post","type-post","status-publish","format-standard","hentry","category-europa","category-ideas-escapadas","category-ideas-viajes-low-cost","category-islas-paradisiacas","category-rutas-por-europa","category-viajes-por-europa"],"acf":[],"_links":{"self":[{"href":"https:\/\/www.centraldevacaciones.com\/blog\/wp-json\/wp\/v2\/posts\/2023","targetHints":{"allow":["GET"]}}],"collection":[{"href":"https:\/\/www.centraldevacaciones.com\/blog\/wp-json\/wp\/v2\/posts"}],"about":[{"href":"https:\/\/www.centraldevacaciones.com\/blog\/wp-json\/wp\/v2\/types\/post"}],"author":[{"embeddable":true,"href":"https:\/\/www.centraldevacaciones.com\/blog\/wp-json\/wp\/v2\/users\/1"}],"replies":[{"embeddable":true,"href":"https:\/\/www.centraldevacaciones.com\/blog\/wp-json\/wp\/v2\/comments?post=2023"}],"version-history":[{"count":0,"href":"https:\/\/www.centraldevacaciones.com\/blog\/wp-json\/wp\/v2\/posts\/2023\/revisions"}],"wp:attachment":[{"href":"https:\/\/www.centraldevacaciones.com\/blog\/wp-json\/wp\/v2\/media?parent=2023"}],"wp:term":[{"taxonomy":"category","embeddable":true,"href":"https:\/\/www.centraldevacaciones.com\/blog\/wp-json\/wp\/v2\/categories?post=2023"},{"taxonomy":"post_tag","embeddable":true,"href":"https:\/\/www.centraldevacaciones.com\/blog\/wp-json\/wp\/v2\/tags?post=2023"}],"curies":[{"name":"wp","href":"https:\/\/api.w.org\/{rel}","templated":true}]}}