{"id":2021,"date":"2015-04-07T08:15:01","date_gmt":"2015-04-07T06:15:01","guid":{"rendered":"http:\/\/blog.centraldevacaciones.com\/?p=2021"},"modified":"2019-06-27T10:42:31","modified_gmt":"2019-06-27T08:42:31","slug":"berlin-esta-al-oeste","status":"publish","type":"post","link":"https:\/\/www.centraldevacaciones.com\/blog\/berlin-esta-al-oeste\/","title":{"rendered":"Berl\u00edn est\u00e1 al oeste"},"content":{"rendered":"<p>&nbsp;<\/p>\n<p>Vanguardia, sorpresa, eclecticismo, historia y libertad. As\u00ed podr\u00eda definirse la atm\u00f3sfera que se respira en Berl\u00edn, una metr\u00f3poli que no entiende de horarios y permanece despierta las 24 horas del d\u00eda. Una ciudad hiperactiva con ojeras de esas que, como dice el poeta, \u00abvalen m\u00e1s que mil silencios\u00bb y que cuesta abandonar cuando descubres su tesoro; es decir, todo lo que no aparece en las gu\u00edas tur\u00edsticas. Una noche te sorprendes siguiendo unas lucecitas rojas que te acercan a un edificio casi en ruinas y sin premeditaci\u00f3n alguna acabas a las dos de la ma\u00f1ana en la inauguraci\u00f3n de una incomparable galer\u00eda de arte. Esto s\u00f3lo sucede aqu\u00ed, donde ocurre todo a diario.<\/p>\n<p>&nbsp;<\/p>\n<p>Si tuvi\u00e9ramos que enumerar datos hist\u00f3ricos recientes de esta ciudad podr\u00edamos acudir directamente a la memoria de nuestras retinas y preguntarnos: \u00bfqu\u00e9 estaba haciendo yo el d\u00eda que tiraron el muro? A partir de ese m\u00edtico 9 de noviembre de 1989 y de la posterior reunificaci\u00f3n, Berl\u00edn se convirti\u00f3 en capital de la vieja y la nueva Alemania, as\u00ed como punto de referencia entre el este y el oeste. Fue entonces cuando se volvi\u00f3 a mirar hacia ella como consulta obligatoria de la vanguardia mundial, cosa que no ocurr\u00eda desde los felices a\u00f1os 20.<\/p>\n<p>&nbsp;<\/p>\n<p>As\u00ed, desde hace 17 a\u00f1os conviven entre sus l\u00edmites edificios que han sido mudos testimonios de los horrores de la guerra, los \u00faltimos levantamientos arquitect\u00f3nicos y los proyectos que est\u00e1n por llevarse a cabo; como la esperada remodelaci\u00f3n de la m\u00edtica Alexander Platz.<\/p>\n<p>&nbsp;<\/p>\n<p>La plaza de Postdamer es el coraz\u00f3n del nuevo Berl\u00edn, pues en ella se sit\u00faa el Sony Center, dise\u00f1ado por Helmut Jahn y considerado como la construcci\u00f3n m\u00e1s ambiciosa de la actual arquitectura alemana. Este espacio garantiza que mirar hacia arriba durante un buen rato no se traducir\u00e1 en dolor de cervicales, sino en una imagen dif\u00edcil de borrar de nuestros recuerdos. Fue aqu\u00ed donde en los a\u00f1os 20 se colocaron los primeros sem\u00e1foros del mundo, y ahora, con su nuevo dise\u00f1o, se le ha hecho justicia al devolverle a este emblem\u00e1tico lugar la modernidad que nunca debi\u00f3 perder.<\/p>\n<p>&nbsp;<\/p>\n<p>Seguimos caminando. No muy lejos nuestra expresi\u00f3n cambiar\u00e1 radicalmente al encontrarnos con el homenaje al holocausto jud\u00edo, un campo de gigantescas tumbas de cemento hu\u00e9rfanas de nombre. Se mantiene en el centro neur\u00e1lgico para que la historia no caiga en el caj\u00f3n del olvido, porque esta ciudad respeta su pasado y mira desde la experiencia hacia su prometedor futuro.<\/p>\n<p>&nbsp;<\/p>\n<p>Situarse frente al plano de las redes de transporte es ver c\u00f3mo se entrelazan los colores de las l\u00edneas como si de un cuadro de Kandinsky se tratara. Pero si te sientes atl\u00e9tica y no quieres perderte ni un detalle del paisaje, la mejor manera de recorrer sus amplias avenidas es ir en bicicleta. Seguro que acabar\u00e1s tarareando el famoso Another Brick in the Wall, de Pink Floid, al atravesar la Puerta de Brandemburgo.<\/p>\n<p>&nbsp;<\/p>\n<p>Berl\u00edn es un museo en permanente construcci\u00f3n, con m\u00e1s de 170 galer\u00edas que acogen a sus visitantes con la sonrisa m\u00e1s franca.<\/p>\n<p>&nbsp;<\/p>\n<p>La torre de televisi\u00f3n, vestida de pelota para la ocasi\u00f3n, es el edificio de la ciudad que m\u00e1s de cerca toca el cielo. Construida a finales de los 60 como s\u00edmbolo del poder econ\u00f3mico del Berl\u00edn Oriental, es ahora un mirador privilegiado desde el que, en d\u00edas sin nubes, se divisa un paisaje de hasta 40 kil\u00f3metros en el que los l\u00edmites de la ciudad no son f\u00e1ciles de determinar. Pero lo que m\u00e1s impresiona es la cantidad de espacios verdes, destacando las 203 hect\u00e1reas del parque Tiergarten que te har\u00e1n olvidar que te encuentras en una de las ciudades m\u00e1s grandes del mundo. Los puestos ambulantes de salchichas son una buena excusa para descansar y entablar conversaci\u00f3n.<\/p>\n<p>M\u00e1s all\u00e1 de tan sabroso y caracter\u00edstico tentempi\u00e9, Berl\u00edn tambi\u00e9n posee una interesante gastronom\u00eda de vanguardia diseminada en pintorescos restaurantes subrayados por la Gu\u00eda Michelin.<\/p>\n<p>&nbsp;<\/p>\n<p>La ciudad que sirvi\u00f3 de inspiraci\u00f3n a Bertolt Brecht y a los hermanos Grimm y que vio dar sus primeros pasos en el escenario a Marlene Dietrich acoge hoy la vanguardia de nuestro siglo para marcar el ritmo de la modernidad en Europa. Las innumerables y asequibles galer\u00edas de arte del barrio de Mitte, las orillas del r\u00edo Spree que deleitan nuestra vista con sus peculiares edificios o la extravagante calle de Oranien, con los t\u00edpicos punkies amarrados a sus sempiternas chupas repletas de imperdibles, construyen una ciudad que cada d\u00eda juega a reinventarse. Artistas internacionales se sienten atra\u00eddos por las tendencias que aqu\u00ed se crean y se re\u00fanen con galeristas j\u00f3venes que han crecido en los barrios c\u00e9ntricos y han empezado su camino profesional vendiendo sus obras en los mercadillos.<\/p>\n<p>&nbsp;<\/p>\n<p>Arte, cultura, estilo de vida, encuentros art\u00edsticos&#8230; hacen de esta urbe puro movimiento; un genuino y sofisticado latido cosmopolita. A Berl\u00edn no llegan las tendencias; m\u00e1s bien todo lo contrario: surgen y se exportan desde aqu\u00ed al resto del mundo.<\/p>\n<p>&nbsp;<\/p>\n","protected":false},"excerpt":{"rendered":"<p>&nbsp; Vanguardia, sorpresa, eclecticismo, historia y libertad. As\u00ed podr\u00eda definirse la atm\u00f3sfera que se respira en Berl\u00edn, una metr\u00f3poli que no entiende de horarios y permanece despierta las 24 horas del d\u00eda. Una ciudad hiperactiva con ojeras de esas que, como dice el poeta, \u00abvalen m\u00e1s que mil silencios\u00bb y que cuesta abandonar cuando descubres [&hellip;]<\/p>\n","protected":false},"author":1,"featured_media":0,"comment_status":"closed","ping_status":"open","sticky":false,"template":"","format":"standard","meta":{"_acf_changed":false,"footnotes":""},"categories":[193,208,204,205,195,12,17],"tags":[],"class_list":["post-2021","post","type-post","status-publish","format-standard","hentry","category-europa","category-ideas-escapadas","category-ideas-viajes-verano","category-ideas-viajes-low-cost","category-rutas-por-europa","category-viajes","category-viajes-por-europa"],"acf":[],"_links":{"self":[{"href":"https:\/\/www.centraldevacaciones.com\/blog\/wp-json\/wp\/v2\/posts\/2021","targetHints":{"allow":["GET"]}}],"collection":[{"href":"https:\/\/www.centraldevacaciones.com\/blog\/wp-json\/wp\/v2\/posts"}],"about":[{"href":"https:\/\/www.centraldevacaciones.com\/blog\/wp-json\/wp\/v2\/types\/post"}],"author":[{"embeddable":true,"href":"https:\/\/www.centraldevacaciones.com\/blog\/wp-json\/wp\/v2\/users\/1"}],"replies":[{"embeddable":true,"href":"https:\/\/www.centraldevacaciones.com\/blog\/wp-json\/wp\/v2\/comments?post=2021"}],"version-history":[{"count":0,"href":"https:\/\/www.centraldevacaciones.com\/blog\/wp-json\/wp\/v2\/posts\/2021\/revisions"}],"wp:attachment":[{"href":"https:\/\/www.centraldevacaciones.com\/blog\/wp-json\/wp\/v2\/media?parent=2021"}],"wp:term":[{"taxonomy":"category","embeddable":true,"href":"https:\/\/www.centraldevacaciones.com\/blog\/wp-json\/wp\/v2\/categories?post=2021"},{"taxonomy":"post_tag","embeddable":true,"href":"https:\/\/www.centraldevacaciones.com\/blog\/wp-json\/wp\/v2\/tags?post=2021"}],"curies":[{"name":"wp","href":"https:\/\/api.w.org\/{rel}","templated":true}]}}