{"id":2011,"date":"2016-08-07T08:05:01","date_gmt":"2016-08-07T06:05:01","guid":{"rendered":"http:\/\/blog.centraldevacaciones.com\/?p=2011"},"modified":"2021-07-28T09:10:29","modified_gmt":"2021-07-28T07:10:29","slug":"palma-de-mallorca-mas-alla-de-los-topicos-de-arena-y-mar","status":"publish","type":"post","link":"https:\/\/www.centraldevacaciones.com\/blog\/palma-de-mallorca-mas-alla-de-los-topicos-de-arena-y-mar\/","title":{"rendered":"Palma de Mallorca: m\u00e1s all\u00e1 de los t\u00f3picos de arena y mar"},"content":{"rendered":"\t\t<div data-elementor-type=\"wp-post\" data-elementor-id=\"2011\" class=\"elementor elementor-2011\" data-elementor-post-type=\"post\">\n\t\t\t\t\t\t<section class=\"elementor-section elementor-top-section elementor-element elementor-element-284a9d01 elementor-section-boxed elementor-section-height-default elementor-section-height-default\" data-id=\"284a9d01\" data-element_type=\"section\">\n\t\t\t\t\t\t<div class=\"elementor-container elementor-column-gap-default\">\n\t\t\t\t\t<div class=\"elementor-column elementor-col-100 elementor-top-column elementor-element elementor-element-44232425\" data-id=\"44232425\" data-element_type=\"column\">\n\t\t\t<div class=\"elementor-widget-wrap elementor-element-populated\">\n\t\t\t\t\t\t<div class=\"elementor-element elementor-element-196441af elementor-widget elementor-widget-text-editor\" data-id=\"196441af\" data-element_type=\"widget\" data-widget_type=\"text-editor.default\">\n\t\t\t\t\t\t\t\t\t<h1>Mallorca: Playa, fiesta y senderismo<\/h1>\nMallorca es la isla con mayor extensi\u00f3n de la comunidad autonom\u00eda de Islas Baleares, comunidad compuesta por<strong> islas y archipi\u00e9lagos<\/strong>, que si bien no son muy grandes en extensi\u00f3n, si lo son en <strong>belleza<\/strong>.\n\nEstas islas con un gran atractivo natural han logrado cautivar a millones de viajeros, que no piensan dos veces en <a href=\"http:\/\/www.centraldevacaciones.com\/viajes\/ofertas-a-Mallorca.html\">coger un avi\u00f3n para conocer esta isla de gran belleza<\/a>. <strong>La isla de Mallorca se ha convertido en uno de los puntos de referencia de la comunidad<\/strong>, gracias a sus <strong>atractivos naturales<\/strong> y a todas las actividades que pueden ser llevadas a cabo en la isla.\n\n<iframe title=\"Mallorca - v\u00eddeo de promoci\u00f3n tur\u00edstica\" width=\"800\" height=\"600\" src=\"https:\/\/www.youtube.com\/embed\/-bIt863r0EQ?feature=oembed\" frameborder=\"0\" allow=\"accelerometer; autoplay; clipboard-write; encrypted-media; gyroscope; picture-in-picture; web-share\" referrerpolicy=\"strict-origin-when-cross-origin\" allowfullscreen><\/iframe>\n<h2>Las playas m\u00e1s bellas de la isla<\/h2>\nCuando se habla de playas en la ciudad, no se puede dejar de lado la <strong>playa Cala Mesquida<\/strong>, una playa que ha logrado convertirse en uno de los puntos de referencia de la isla. <strong>La playa est\u00e1 muy cerca de los centros urbanos de la regi\u00f3n<\/strong>, por lo que no ser\u00e1 un problema llegar a ella. Gracias a sus aguas tranquilas y a su espacio c\u00e1lido, se ha convertido en un centro de turismo familiar, donde los m\u00e1s peque\u00f1os de la casa pueden disfrutar de un tiempo agradable en compa\u00f1\u00eda de sus padres.\n\nPara los amantes de la tranquilidad y lo atrevido, est\u00e1 la <strong>playa Sa Canova<\/strong>, una playa \u201cvirgen\u201d y hasta un poco rural. La playa cuenta con una tranquila agua cristalina, arena blanca y la tradicional vegetaci\u00f3n de la isla, caracterizada por el estilo des\u00e9rtico de la misma, lo que la hace un lugar id\u00f3neo para las personas que quieren tener un espacio de relajaci\u00f3n y soledad. Esta playa, al ser muy solitaria, se ha convertido en <strong>uno de los mejores espacios para practicar el nudismo<\/strong>, por lo que se ha convertido en un lugar donde s\u00f3lo pueden ir personas mayores de edad, dejando de lado los paseos en familia.\n<h2>El senderismo es la actividad favorita<\/h2>\nEn una isla con tantos atractivos naturales, no es de extra\u00f1ar que <strong>el senderismo sea una de las actividades m\u00e1s recurrentes <\/strong>entre los viajeros nacionales e internacionales. Esta pr\u00e1ctica <strong>se lleva a cabo en las colinas y puntos m\u00e1s altos de la isla<\/strong>, donde se tiene una incre\u00edble vista de las costas y la vegetaci\u00f3n aut\u00f3ctona.\n\n<strong>La finca de Son Real<\/strong> es uno de los caminos m\u00e1s concurridos por los senderistas, empezando porque en esta parte de la isla <strong>se encuentra uno de los yacimientos arqueol\u00f3gicos m\u00e1s significativos<\/strong> de la regi\u00f3n, y donde la belleza natural de la zona cautiva hasta al viajero m\u00e1s exigente. En la actualidad, este camino se ha convertido en un punto de referencia entre los senderistas de la isla.\n\n<strong>El sendero de Tramuntana<\/strong> es uno de los espacios m\u00e1s incre\u00edbles de la isla gracias a su belleza natural y a su clima tropical. Esta zona se ha convertido en uno de los <strong>s\u00edmbolos del eco-deporte en la isla<\/strong>, llamando la atenci\u00f3n de los amantes de la naturaleza que desean conocer un poco de los atractivos naturales de la isla, que han sido considerados por la UNESCO como patrimonio de la humanidad.\n<h2 class=\"p1\">Palma de Mallorca<\/h2>\n<iframe title=\"Mallorca - Espa\u00f1a - Un viaje con muchas atracciones\" width=\"800\" height=\"450\" src=\"https:\/\/www.youtube.com\/embed\/v-R5qML30lM?feature=oembed\" frameborder=\"0\" allow=\"accelerometer; autoplay; clipboard-write; encrypted-media; gyroscope; picture-in-picture; web-share\" referrerpolicy=\"strict-origin-when-cross-origin\" allowfullscreen><\/iframe>\n<p class=\"p1\">La capital de Mallorca generalmente es famosa, como toda isla, por su turismo de arena y mar, para disfrutar de las magn\u00edficas playas que posee. Pero no son estas las \u00fanicas opciones de esta ciudad, ni mucho menos, es m\u00e1s, una de las mejores fechas para ir ser\u00eda en temporada baja cuando los precios son bastante m\u00e1s econ\u00f3micos, el calor es menor y los turistas de sandalia y calcetines escasean.<\/p>\nEl centro hist\u00f3rico relata la vida de la isla. La catedral de Santa Mar\u00eda cuenta con la nave m\u00e1s alta del pa\u00eds y la segunda de Europa. Es tambi\u00e9n llamada el ojo del g\u00f3tico debido a tener uno de los rosetones m\u00e1s grandes y espectaculares del estilo. Pero este no es el \u00fanico monumento arquitect\u00f3nico con singularidades, el Castillo de Bellver es uno de los pocos con planta circular del mundo y el Pueblo espa\u00f1ol de Palma cuenta con representaciones arquitect\u00f3nicas y culturales de toda Espa\u00f1a. Adem\u00e1s los ba\u00f1os \u00e1rabes y el palacio de la Almudaina nos recuerdan las numerosas influencias del Norte de \u00c1frica en nuestra cultura.\n\nReferente a museos destacar el Museo de Es Baluard, de arte contempor\u00e1neo donde se hallan obras de Pablo Picasso, Joan Mir\u00f3 y Miquel Barcel\u00f3, y la Fundaci\u00f3n Pilar y Joan Mir\u00f3, ambos cerrados en lunes y con descuentos de grupos concertados.\n\nLa plaza mayor y la zona de las ramblas es una buena zona para caminar, hacer algunas compras y disfrutar de los pintores callejeros y los artesanos. Asimismo, son muchas las terrazas y bares de esta zona pero es muy importante saber que en domingo no se pueden disfrutar de ellos, siempre cierran el \u00faltimo d\u00eda de la semana para descansar del ajetreo del fin de semana. Las copas las encontrareis en el paseo mar\u00edtimo y la zona de Gomila, con algunos locales con m\u00fasica en directo.\n\nLa ciudad es muy asequible en transporte p\u00fablico, pero si quer\u00e9is salir y conocer otras partes de la isla el alquiler de un coche es la opci\u00f3n m\u00e1s acertada ya que las comunicaciones por el resto de la isla son peores. Por Palma de Mallorca se pueden hacer todos los recorridos a pie, o en bicicleta y as\u00ed estrenar el pol\u00e9mico carril bici, quitando un carril reservado a los veh\u00edculos han preparado este camino para las bicicletas de forma no muy acertada ya que pasa por delante de paradas de autob\u00fas, cruza aceras peatonales\u2026pero todo ser\u00eda acostumbrarse. De todas formas en hostelbookers ten\u00e9is algunas propuestas de albergues en Palma de Mallorca c\u00e9ntricos para no tener problema alguno de ubicaci\u00f3n.\n\nEn el mes de enero son las fiestas de San Sebasti\u00e1n, patr\u00f3n de la ciudad. Los corre fuegos, gente disfrazada de demonios y conciertos continuos y variopintos son algunas de los actos gratuitos que ofrece el ayuntamiento y que har\u00e1n que el viajero que disfrute de estas fiestas conozca al verdadero pueblo de Palma de Mallorca, su gastronom\u00eda y costumbres, m\u00e1s all\u00e1 de las ensaimadas y el sol t\u00f3picos de toda la isla.\t\t\t\t\t\t\t\t<\/div>\n\t\t\t\t\t<\/div>\n\t\t<\/div>\n\t\t\t\t\t<\/div>\n\t\t<\/section>\n\t\t\t\t<section class=\"elementor-section elementor-top-section elementor-element elementor-element-322883f3 elementor-section-boxed elementor-section-height-default elementor-section-height-default\" data-id=\"322883f3\" data-element_type=\"section\">\n\t\t\t\t\t\t<div class=\"elementor-container elementor-column-gap-default\">\n\t\t\t\t\t<div class=\"elementor-column elementor-col-16 elementor-top-column elementor-element elementor-element-35b5c566\" data-id=\"35b5c566\" data-element_type=\"column\">\n\t\t\t<div class=\"elementor-widget-wrap elementor-element-populated\">\n\t\t\t\t\t\t<div class=\"elementor-element elementor-element-2cbcd6e5 elementor-widget elementor-widget-image\" data-id=\"2cbcd6e5\" data-element_type=\"widget\" data-widget_type=\"image.default\">\n\t\t\t\t\t\t\t\t\t\t\t\t\t\t\t<img decoding=\"async\" width=\"128\" height=\"128\" src=\"https:\/\/www.centraldevacaciones.com\/blog\/wp-content\/uploads\/2020\/09\/espana.png\" class=\"attachment-large size-large wp-image-12730\" alt=\"\" \/>\t\t\t\t\t\t\t\t\t\t\t\t\t\t\t<\/div>\n\t\t\t\t<div class=\"elementor-element elementor-element-3f6d3e09 elementor-widget elementor-widget-heading\" data-id=\"3f6d3e09\" data-element_type=\"widget\" data-widget_type=\"heading.default\">\n\t\t\t\t\t<h3 class=\"elementor-heading-title elementor-size-default\"><a href=\"https:\/\/www.centraldevacaciones.com\/blog\/ofertas-de-vacaciones\/\">Viajes por Espa\u00f1a<\/a><\/h3>\t\t\t\t<\/div>\n\t\t\t\t\t<\/div>\n\t\t<\/div>\n\t\t\t\t<div class=\"elementor-column elementor-col-16 elementor-top-column elementor-element elementor-element-536f072a\" data-id=\"536f072a\" data-element_type=\"column\">\n\t\t\t<div class=\"elementor-widget-wrap elementor-element-populated\">\n\t\t\t\t\t\t<div class=\"elementor-element elementor-element-118e6577 elementor-widget elementor-widget-image\" data-id=\"118e6577\" data-element_type=\"widget\" data-widget_type=\"image.default\">\n\t\t\t\t\t\t\t\t\t\t\t\t\t\t\t<img decoding=\"async\" width=\"128\" height=\"128\" src=\"https:\/\/www.centraldevacaciones.com\/blog\/wp-content\/uploads\/2020\/09\/isla.png\" class=\"attachment-large size-large wp-image-12732\" alt=\"\" \/>\t\t\t\t\t\t\t\t\t\t\t\t\t\t\t<\/div>\n\t\t\t\t<div class=\"elementor-element elementor-element-79f40573 elementor-widget elementor-widget-heading\" data-id=\"79f40573\" data-element_type=\"widget\" data-widget_type=\"heading.default\">\n\t\t\t\t\t<h3 class=\"elementor-heading-title elementor-size-default\"><a href=\"https:\/\/www.centraldevacaciones.com\/blog\/vacaciones-mejores-islas-espana\/\">Islas de Espa\u00f1a<\/a><\/h3>\t\t\t\t<\/div>\n\t\t\t\t\t<\/div>\n\t\t<\/div>\n\t\t\t\t<div class=\"elementor-column elementor-col-16 elementor-top-column elementor-element elementor-element-132a3d70\" data-id=\"132a3d70\" data-element_type=\"column\">\n\t\t\t<div class=\"elementor-widget-wrap elementor-element-populated\">\n\t\t\t\t\t\t<div class=\"elementor-element elementor-element-6d4ffd72 elementor-widget elementor-widget-image\" data-id=\"6d4ffd72\" data-element_type=\"widget\" data-widget_type=\"image.default\">\n\t\t\t\t\t\t\t\t\t\t\t\t\t\t\t<img decoding=\"async\" width=\"128\" height=\"128\" src=\"https:\/\/www.centraldevacaciones.com\/blog\/wp-content\/uploads\/2021\/05\/avion-1.png\" class=\"attachment-large size-large wp-image-12639\" alt=\"\" \/>\t\t\t\t\t\t\t\t\t\t\t\t\t\t\t<\/div>\n\t\t\t\t<div class=\"elementor-element elementor-element-65d6aa4f elementor-widget elementor-widget-heading\" data-id=\"65d6aa4f\" data-element_type=\"widget\" data-widget_type=\"heading.default\">\n\t\t\t\t\t<h3 class=\"elementor-heading-title elementor-size-default\"><a href=\"https:\/\/www.centraldevacaciones.com\/viajes\/ofertas-a-islas-canarias.html\">Viajes a Canarias<\/a><\/h3>\t\t\t\t<\/div>\n\t\t\t\t\t<\/div>\n\t\t<\/div>\n\t\t\t\t<div class=\"elementor-column elementor-col-16 elementor-top-column elementor-element elementor-element-3e9b4832\" data-id=\"3e9b4832\" data-element_type=\"column\">\n\t\t\t<div class=\"elementor-widget-wrap elementor-element-populated\">\n\t\t\t\t\t\t<div class=\"elementor-element elementor-element-e5ae5d3 elementor-widget elementor-widget-image\" data-id=\"e5ae5d3\" data-element_type=\"widget\" data-widget_type=\"image.default\">\n\t\t\t\t\t\t\t\t\t\t\t\t\t\t\t<img loading=\"lazy\" decoding=\"async\" width=\"128\" height=\"128\" src=\"https:\/\/www.centraldevacaciones.com\/blog\/wp-content\/uploads\/2020\/09\/sombrilla.png\" class=\"attachment-large size-large wp-image-12733\" alt=\"\" \/>\t\t\t\t\t\t\t\t\t\t\t\t\t\t\t<\/div>\n\t\t\t\t<div class=\"elementor-element elementor-element-4ae1b492 elementor-widget elementor-widget-heading\" data-id=\"4ae1b492\" data-element_type=\"widget\" data-widget_type=\"heading.default\">\n\t\t\t\t\t<h3 class=\"elementor-heading-title elementor-size-default\"><a href=\"https:\/\/www.centraldevacaciones.com\/viajes\/ofertas-a-lanzarote.html\">Viajes a Lanzarote<\/a><\/h3>\t\t\t\t<\/div>\n\t\t\t\t\t<\/div>\n\t\t<\/div>\n\t\t\t\t<div class=\"elementor-column elementor-col-16 elementor-top-column elementor-element elementor-element-11337d8c\" data-id=\"11337d8c\" data-element_type=\"column\">\n\t\t\t<div class=\"elementor-widget-wrap elementor-element-populated\">\n\t\t\t\t\t\t<div class=\"elementor-element elementor-element-6943dbec elementor-widget elementor-widget-image\" data-id=\"6943dbec\" data-element_type=\"widget\" data-widget_type=\"image.default\">\n\t\t\t\t\t\t\t\t\t\t\t\t\t\t\t<img loading=\"lazy\" decoding=\"async\" width=\"128\" height=\"128\" src=\"https:\/\/www.centraldevacaciones.com\/blog\/wp-content\/uploads\/2020\/09\/avion.png\" class=\"attachment-large size-large wp-image-12734\" alt=\"\" \/>\t\t\t\t\t\t\t\t\t\t\t\t\t\t\t<\/div>\n\t\t\t\t<div class=\"elementor-element elementor-element-1840f17c elementor-widget elementor-widget-heading\" data-id=\"1840f17c\" data-element_type=\"widget\" data-widget_type=\"heading.default\">\n\t\t\t\t\t<h3 class=\"elementor-heading-title elementor-size-default\"><a href=\"https:\/\/www.centraldevacaciones.com\/viajes\/ofertas-a-islas-baleares.html\">Viajes a las Baleares<\/a><\/h3>\t\t\t\t<\/div>\n\t\t\t\t\t<\/div>\n\t\t<\/div>\n\t\t\t\t<div class=\"elementor-column elementor-col-16 elementor-top-column elementor-element elementor-element-1c61fb31\" data-id=\"1c61fb31\" data-element_type=\"column\">\n\t\t\t<div class=\"elementor-widget-wrap elementor-element-populated\">\n\t\t\t\t\t\t<div class=\"elementor-element elementor-element-a210765 elementor-widget elementor-widget-image\" data-id=\"a210765\" data-element_type=\"widget\" data-widget_type=\"image.default\">\n\t\t\t\t\t\t\t\t\t\t\t\t\t\t\t<img loading=\"lazy\" decoding=\"async\" width=\"128\" height=\"128\" src=\"https:\/\/www.centraldevacaciones.com\/blog\/wp-content\/uploads\/2021\/05\/dom.png\" class=\"attachment-large size-large wp-image-12635\" alt=\"\" \/>\t\t\t\t\t\t\t\t\t\t\t\t\t\t\t<\/div>\n\t\t\t\t<div class=\"elementor-element elementor-element-20157eb8 elementor-widget elementor-widget-heading\" data-id=\"20157eb8\" data-element_type=\"widget\" data-widget_type=\"heading.default\">\n\t\t\t\t\t<h3 class=\"elementor-heading-title elementor-size-default\"><a href=\"https:\/\/www.centraldevacaciones.com\/viajes\/ofertas-a-mallorca.html\">Viajes a Mallorca<\/a><\/h3>\t\t\t\t<\/div>\n\t\t\t\t\t<\/div>\n\t\t<\/div>\n\t\t\t\t\t<\/div>\n\t\t<\/section>\n\t\t\t\t<section class=\"elementor-section elementor-top-section elementor-element elementor-element-0fb6715 elementor-section-boxed elementor-section-height-default elementor-section-height-default\" data-id=\"0fb6715\" data-element_type=\"section\">\n\t\t\t\t\t\t<div class=\"elementor-container elementor-column-gap-default\">\n\t\t\t\t\t<div class=\"elementor-column elementor-col-100 elementor-top-column elementor-element elementor-element-1374932\" data-id=\"1374932\" data-element_type=\"column\">\n\t\t\t<div class=\"elementor-widget-wrap elementor-element-populated\">\n\t\t\t\t\t\t<div class=\"elementor-element elementor-element-6e2df8e elementor-widget elementor-widget-text-editor\" data-id=\"6e2df8e\" data-element_type=\"widget\" data-widget_type=\"text-editor.default\">\n\t\t\t\t\t\t\t\t\t<p><span style=\"font-weight: 400;\">\u00a1Disfruta este verano como el que m\u00e1s y haz realidad el sue\u00f1o que muchos otros tienen con Central de Vacaciones! Pasa unos d\u00edas de vacaciones de desconexi\u00f3n en Espa\u00f1a, concretamente en las Islas Canarias sin preocuparte de nada junto a quien m\u00e1s quieres en una estancia premium con los extras que m\u00e1s se adapten a ti. \u00a1Haz ahora tu reserva aprovechando las ofertas antes de que se agote la disponibilidad y empieza a hacer el planning de los d\u00edas de tu estancia!<\/span><\/p>\t\t\t\t\t\t\t\t<\/div>\n\t\t\t\t\t<\/div>\n\t\t<\/div>\n\t\t\t\t\t<\/div>\n\t\t<\/section>\n\t\t\t\t<\/div>\n\t\t","protected":false},"excerpt":{"rendered":"<p>Mallorca: Playa, fiesta y senderismo Mallorca es la isla con mayor extensi\u00f3n de la comunidad autonom\u00eda de Islas Baleares, comunidad compuesta por islas y archipi\u00e9lagos, que si bien no son muy grandes en extensi\u00f3n, si lo son en belleza. Estas islas con un gran atractivo natural han logrado cautivar a millones de viajeros, que no [&hellip;]<\/p>\n","protected":false},"author":1,"featured_media":0,"comment_status":"closed","ping_status":"open","sticky":false,"template":"elementor_theme","format":"standard","meta":{"_acf_changed":false,"footnotes":""},"categories":[204,4,193,205,194,200,17],"tags":[125],"class_list":["post-2011","post","type-post","status-publish","format-standard","hentry","category-ideas-viajes-verano","category-espana","category-europa","category-ideas-viajes-low-cost","category-islas-paradisiacas","category-rutas-por-espana","category-viajes-por-europa","tag-mallorca"],"acf":[],"_links":{"self":[{"href":"https:\/\/www.centraldevacaciones.com\/blog\/wp-json\/wp\/v2\/posts\/2011","targetHints":{"allow":["GET"]}}],"collection":[{"href":"https:\/\/www.centraldevacaciones.com\/blog\/wp-json\/wp\/v2\/posts"}],"about":[{"href":"https:\/\/www.centraldevacaciones.com\/blog\/wp-json\/wp\/v2\/types\/post"}],"author":[{"embeddable":true,"href":"https:\/\/www.centraldevacaciones.com\/blog\/wp-json\/wp\/v2\/users\/1"}],"replies":[{"embeddable":true,"href":"https:\/\/www.centraldevacaciones.com\/blog\/wp-json\/wp\/v2\/comments?post=2011"}],"version-history":[{"count":0,"href":"https:\/\/www.centraldevacaciones.com\/blog\/wp-json\/wp\/v2\/posts\/2011\/revisions"}],"wp:attachment":[{"href":"https:\/\/www.centraldevacaciones.com\/blog\/wp-json\/wp\/v2\/media?parent=2011"}],"wp:term":[{"taxonomy":"category","embeddable":true,"href":"https:\/\/www.centraldevacaciones.com\/blog\/wp-json\/wp\/v2\/categories?post=2011"},{"taxonomy":"post_tag","embeddable":true,"href":"https:\/\/www.centraldevacaciones.com\/blog\/wp-json\/wp\/v2\/tags?post=2011"}],"curies":[{"name":"wp","href":"https:\/\/api.w.org\/{rel}","templated":true}]}}