{"id":1980,"date":"2015-03-09T12:28:30","date_gmt":"2015-03-09T11:28:30","guid":{"rendered":"http:\/\/blog.centraldevacaciones.com\/?p=1980"},"modified":"2021-06-30T18:20:33","modified_gmt":"2021-06-30T16:20:33","slug":"vacaciones-baratas-en-el-caribe-reserva-anticipada","status":"publish","type":"post","link":"https:\/\/www.centraldevacaciones.com\/blog\/vacaciones-baratas-en-el-caribe-reserva-anticipada\/","title":{"rendered":"Vacaciones Baratas en el Caribe. Reserva Anticipada."},"content":{"rendered":"<p>Es la oportunidad de contratar <a href=\"http:\/\/www.centraldevacaciones.com\/viajes\/4\/0\/0\/0\/ofertas-a-El-Caribe.html\">Tus Vacaciones en el Caribe<\/a> al precio m\u00e1s econ\u00f3mico de la temporada. Autenticas Ofertas de Caribe para disfrutar de Rep\u00fablica Dominicana, Riviera Maya o de un combinado especial Caribe &#8211; Nueva York durante el pr\u00f3ximo verano, incluido el caro mes de agosto.<\/p>\n<p>Para poder aprovecharte de estos s\u00faper precios tienes que ser muy r\u00e1pido. Entra en <a href=\"http:\/\/www.centraldevacaciones.com\/viajes\/4\/0\/0\/0\/ofertas-a-El-Caribe.html\">centraldevacaciones.com<\/a> y realiza tu reserva antes del 15 de marzo. Recuerda que si tienes cualquier tipo de duda, uno de nuestros agentes comerciales te ayudar\u00e1 en todo lo que necesites.<\/p>\n<p><a href=\"http:\/\/blog.centraldevacaciones.com\/wp-content\/uploads\/2015\/03\/HappyWeekFB.jpg\"><img decoding=\"async\" class=\"aligncenter size-medium wp-image-1981\" src=\"http:\/\/blog.centraldevacaciones.com\/wp-content\/uploads\/2015\/03\/HappyWeekFB-300x134.jpg\" alt=\"HappyWeekFB\" width=\"300\" height=\"134\" srcset=\"https:\/\/www.centraldevacaciones.com\/blog\/wp-content\/uploads\/2015\/03\/HappyWeekFB-300x134.jpg 300w, https:\/\/www.centraldevacaciones.com\/blog\/wp-content\/uploads\/2015\/03\/HappyWeekFB.jpg 614w\" sizes=\"(max-width: 300px) 100vw, 300px\" \/><\/a><\/p>\n<p><strong>Desde solo 739\u20ac<\/strong> tus Vacaciones de Verano en <strong>Punta Cana<\/strong>, <strong>desde 869\u20ac<\/strong> ocho noches en la fabulosa <strong>Riviera Maya<\/strong> mexicana y por un poquito m\u00e1s, <strong>desde 1349\u20ac combina Nueva York con Punta Cana o con Riviera Maya<\/strong>. No encontraras un precio mejor para tu Combinado Caribe-Nueva York.<\/p>\n<p>Ya no tienes escusa, disfrutar de tus <strong>Vacaciones de Verano en el Caribe<\/strong> te saldr\u00e1 mucho m\u00e1s barato que viajar a tu destino de siempre&#8230; \u00bfA que estas esperando?<\/p>\n","protected":false},"excerpt":{"rendered":"<p>Es la oportunidad de contratar Tus Vacaciones en el Caribe al precio m\u00e1s econ\u00f3mico de la temporada. Autenticas Ofertas de Caribe para disfrutar de Rep\u00fablica Dominicana, Riviera Maya o de un combinado especial Caribe &#8211; Nueva York durante el pr\u00f3ximo verano, incluido el caro mes de agosto. Para poder aprovecharte de estos s\u00faper precios tienes [&hellip;]<\/p>\n","protected":false},"author":1,"featured_media":1981,"comment_status":"closed","ping_status":"open","sticky":false,"template":"elementor_theme","format":"standard","meta":{"_acf_changed":false,"footnotes":""},"categories":[297,207,204,205,9,1,12],"tags":[],"class_list":["post-1980","post","type-post","status-publish","format-standard","has-post-thumbnail","hentry","category-caribe","category-ideas-viajes-invierno","category-ideas-viajes-verano","category-ideas-viajes-low-cost","category-riviera-maya","category-vacaciones","category-viajes"],"acf":[],"_links":{"self":[{"href":"https:\/\/www.centraldevacaciones.com\/blog\/wp-json\/wp\/v2\/posts\/1980","targetHints":{"allow":["GET"]}}],"collection":[{"href":"https:\/\/www.centraldevacaciones.com\/blog\/wp-json\/wp\/v2\/posts"}],"about":[{"href":"https:\/\/www.centraldevacaciones.com\/blog\/wp-json\/wp\/v2\/types\/post"}],"author":[{"embeddable":true,"href":"https:\/\/www.centraldevacaciones.com\/blog\/wp-json\/wp\/v2\/users\/1"}],"replies":[{"embeddable":true,"href":"https:\/\/www.centraldevacaciones.com\/blog\/wp-json\/wp\/v2\/comments?post=1980"}],"version-history":[{"count":0,"href":"https:\/\/www.centraldevacaciones.com\/blog\/wp-json\/wp\/v2\/posts\/1980\/revisions"}],"wp:featuredmedia":[{"embeddable":true,"href":"https:\/\/www.centraldevacaciones.com\/blog\/wp-json\/wp\/v2\/media\/1981"}],"wp:attachment":[{"href":"https:\/\/www.centraldevacaciones.com\/blog\/wp-json\/wp\/v2\/media?parent=1980"}],"wp:term":[{"taxonomy":"category","embeddable":true,"href":"https:\/\/www.centraldevacaciones.com\/blog\/wp-json\/wp\/v2\/categories?post=1980"},{"taxonomy":"post_tag","embeddable":true,"href":"https:\/\/www.centraldevacaciones.com\/blog\/wp-json\/wp\/v2\/tags?post=1980"}],"curies":[{"name":"wp","href":"https:\/\/api.w.org\/{rel}","templated":true}]}}