{"id":1937,"date":"2015-02-13T11:37:54","date_gmt":"2015-02-13T10:37:54","guid":{"rendered":"http:\/\/blog.centraldevacaciones.com\/?p=1937"},"modified":"2022-05-10T14:11:42","modified_gmt":"2022-05-10T12:11:42","slug":"las-regiones-mas-visitadas-por-el-turismo-en-europa","status":"publish","type":"post","link":"https:\/\/www.centraldevacaciones.com\/blog\/las-regiones-mas-visitadas-por-el-turismo-en-europa\/","title":{"rendered":"Las regiones m\u00e1s visitadas por el turismo en Europa"},"content":{"rendered":"\t\t<div data-elementor-type=\"wp-post\" data-elementor-id=\"1937\" class=\"elementor elementor-1937\" data-elementor-post-type=\"post\">\n\t\t\t\t\t\t<section class=\"elementor-section elementor-top-section elementor-element elementor-element-a534154 elementor-section-boxed elementor-section-height-default elementor-section-height-default\" data-id=\"a534154\" data-element_type=\"section\">\n\t\t\t\t\t\t<div class=\"elementor-container elementor-column-gap-default\">\n\t\t\t\t\t<div class=\"elementor-column elementor-col-100 elementor-top-column elementor-element elementor-element-cf140bf\" data-id=\"cf140bf\" data-element_type=\"column\">\n\t\t\t<div class=\"elementor-widget-wrap elementor-element-populated\">\n\t\t\t\t\t\t<div class=\"elementor-element elementor-element-61de341 elementor-widget elementor-widget-text-editor\" data-id=\"61de341\" data-element_type=\"widget\" data-widget_type=\"text-editor.default\">\n\t\t\t\t\t\t\t\t\t<p>Canarias, se lleva el primer lugar de la elitista lista de 20 regiones, formulada por la Oficina Comunitaria Eurostat, en base al n\u00famero de noches de estad\u00eda en hoteles de toda la Uni\u00f3n Europea. Las islas Canarias (Espa\u00f1a) lograron ser la regi\u00f3n m\u00e1s visitada con m\u00e1s estad\u00edas hoteleras, con un total de 89.812.124 pernoctaciones en el a\u00f1o 2013. A continuaci\u00f3n les ofrecemos en su primera entrega, la lista de las zonas m\u00e1s visitadas en la Uni\u00f3n europea en el 2013, de menor a mayor.<\/p>\t\t\t\t\t\t\t\t<\/div>\n\t\t\t\t\t<\/div>\n\t\t<\/div>\n\t\t\t\t\t<\/div>\n\t\t<\/section>\n\t\t\t\t<section class=\"elementor-section elementor-top-section elementor-element elementor-element-457ca5d elementor-section-boxed elementor-section-height-default elementor-section-height-default\" data-id=\"457ca5d\" data-element_type=\"section\">\n\t\t\t\t\t\t<div class=\"elementor-container elementor-column-gap-default\">\n\t\t\t\t\t<div class=\"elementor-column elementor-col-100 elementor-top-column elementor-element elementor-element-caab65d\" data-id=\"caab65d\" data-element_type=\"column\">\n\t\t\t<div class=\"elementor-widget-wrap elementor-element-populated\">\n\t\t\t\t\t\t<div class=\"elementor-element elementor-element-f3bf34f elementor-widget elementor-widget-heading\" data-id=\"f3bf34f\" data-element_type=\"widget\" data-widget_type=\"heading.default\">\n\t\t\t\t\t<h2 class=\"elementor-heading-title elementor-size-default\">10. Toscana (Italia) 42.696.395 noches de estad\u00eda\n<\/h2>\t\t\t\t<\/div>\n\t\t\t\t\t<\/div>\n\t\t<\/div>\n\t\t\t\t\t<\/div>\n\t\t<\/section>\n\t\t\t\t<section class=\"elementor-section elementor-top-section elementor-element elementor-element-aac6218 elementor-section-boxed elementor-section-height-default elementor-section-height-default\" data-id=\"aac6218\" data-element_type=\"section\">\n\t\t\t\t\t\t<div class=\"elementor-container elementor-column-gap-default\">\n\t\t\t\t\t<div class=\"elementor-column elementor-col-100 elementor-top-column elementor-element elementor-element-2fa81d5\" data-id=\"2fa81d5\" data-element_type=\"column\">\n\t\t\t<div class=\"elementor-widget-wrap elementor-element-populated\">\n\t\t\t\t\t\t<div class=\"elementor-element elementor-element-6b6e7dd elementor-widget elementor-widget-text-editor\" data-id=\"6b6e7dd\" data-element_type=\"widget\" data-widget_type=\"text-editor.default\">\n\t\t\t\t\t\t\t\t\t<p>La Toscana es una regi\u00f3n ubicada hacia el noroeste centro de Italia. Tiene una superficie de 22.994 kil\u00f3metros cuadrados y una poblaci\u00f3n de 3.734.355 habitantes. La capital regional es <strong>Florencia<\/strong>. La regi\u00f3n de Toscana es una de las m\u00e1s importantes regiones italianas por su patrimonio art\u00edstico, hist\u00f3rico, econ\u00f3mico, cultural y geogr\u00e1fico. Es una de las metas tur\u00edsticas m\u00e1s frecuentes en Italia. Cada ciudad y pueblo de Toscana tiene una imponente belleza natural y arquitect\u00f3nica. Hay un Abundante conglomerado de visitantes a lo largo del a\u00f1o. Como resultado de ello, los servicios y las actividades de comercializaci\u00f3n, que son tan importantes para la econom\u00eda de la regi\u00f3n, son sustancialmente diversas y altamente organizadas. Cada a\u00f1o, se reservan m\u00e1s de 42,5M de estad\u00edas, logrando llegar al top 10 de las regions m\u00e1s visitadas de Europa por el turismo.\u00a0<\/p>\t\t\t\t\t\t\t\t<\/div>\n\t\t\t\t\t<\/div>\n\t\t<\/div>\n\t\t\t\t\t<\/div>\n\t\t<\/section>\n\t\t\t\t<section class=\"elementor-section elementor-top-section elementor-element elementor-element-6d964c7 elementor-section-boxed elementor-section-height-default elementor-section-height-default\" data-id=\"6d964c7\" data-element_type=\"section\">\n\t\t\t\t\t\t<div class=\"elementor-container elementor-column-gap-default\">\n\t\t\t\t\t<div class=\"elementor-column elementor-col-100 elementor-top-column elementor-element elementor-element-a9cf86c\" data-id=\"a9cf86c\" data-element_type=\"column\">\n\t\t\t<div class=\"elementor-widget-wrap elementor-element-populated\">\n\t\t\t\t\t\t<div class=\"elementor-element elementor-element-4cdb8d1 elementor-widget elementor-widget-heading\" data-id=\"4cdb8d1\" data-element_type=\"widget\" data-widget_type=\"heading.default\">\n\t\t\t\t\t<h2 class=\"elementor-heading-title elementor-size-default\">9. Rh\u00f4ne-Alpes (Francia) 48.828.855 noches de estad\u00eda\n<\/h2>\t\t\t\t<\/div>\n\t\t\t\t\t<\/div>\n\t\t<\/div>\n\t\t\t\t\t<\/div>\n\t\t<\/section>\n\t\t\t\t<section class=\"elementor-section elementor-top-section elementor-element elementor-element-18c1d95 elementor-section-boxed elementor-section-height-default elementor-section-height-default\" data-id=\"18c1d95\" data-element_type=\"section\">\n\t\t\t\t\t\t<div class=\"elementor-container elementor-column-gap-default\">\n\t\t\t\t\t<div class=\"elementor-column elementor-col-100 elementor-top-column elementor-element elementor-element-d70b251\" data-id=\"d70b251\" data-element_type=\"column\">\n\t\t\t<div class=\"elementor-widget-wrap elementor-element-populated\">\n\t\t\t\t\t\t<div class=\"elementor-element elementor-element-4ce1fd0 elementor-widget elementor-widget-text-editor\" data-id=\"4ce1fd0\" data-element_type=\"widget\" data-widget_type=\"text-editor.default\">\n\t\t\t\t\t\t\t\t\t<p>R\u00f3dano-Alpes es una regi\u00f3n francesa, situada en el este del pa\u00eds. Situada entre Par\u00eds y la Costa Azul, en la frontera con Suiza e Italia, R\u00f3dano-Alpes se encuentra en plena encrucijada de Europa, con sus dos aeropuertos internacionales, Lyon y Ginebra, una estupenda comunicaci\u00f3n por tren y una gran red de autov\u00edas.<\/p><p>Posee 8 parques naturales y lugares \u00fanicos, como el Mont Blanc y las Gargantas del Ard\u00e8che, R\u00f3dano-Alpes brinda paisajes muy numerosos: monta\u00f1as, vi\u00f1edos y suaves valles, campos de lavanda y de olivos. En R\u00f3dano-Alpes el agua se localiza bajo todas sus formas: nieve y glaciares, r\u00edos y lagos, la regi\u00f3n posee tres de los cinco mayores lagos de Francia: (lago Lem\u00e1n, lago Bourget y lago de Annecy).<\/p>\t\t\t\t\t\t\t\t<\/div>\n\t\t\t\t\t<\/div>\n\t\t<\/div>\n\t\t\t\t\t<\/div>\n\t\t<\/section>\n\t\t\t\t<section class=\"elementor-section elementor-top-section elementor-element elementor-element-9680f62 elementor-section-boxed elementor-section-height-default elementor-section-height-default\" data-id=\"9680f62\" data-element_type=\"section\">\n\t\t\t\t\t\t<div class=\"elementor-container elementor-column-gap-default\">\n\t\t\t\t\t<div class=\"elementor-column elementor-col-100 elementor-top-column elementor-element elementor-element-2d8adce\" data-id=\"2d8adce\" data-element_type=\"column\">\n\t\t\t<div class=\"elementor-widget-wrap elementor-element-populated\">\n\t\t\t\t\t\t<div class=\"elementor-element elementor-element-29d8032 elementor-widget elementor-widget-heading\" data-id=\"29d8032\" data-element_type=\"widget\" data-widget_type=\"heading.default\">\n\t\t\t\t\t<h2 class=\"elementor-heading-title elementor-size-default\">8. Andaluc\u00eda (Espa\u00f1a) 53.815.982 noches de estad\u00eda\n<\/h2>\t\t\t\t<\/div>\n\t\t\t\t\t<\/div>\n\t\t<\/div>\n\t\t\t\t\t<\/div>\n\t\t<\/section>\n\t\t\t\t<section class=\"elementor-section elementor-top-section elementor-element elementor-element-f88fafa elementor-section-boxed elementor-section-height-default elementor-section-height-default\" data-id=\"f88fafa\" data-element_type=\"section\">\n\t\t\t\t\t\t<div class=\"elementor-container elementor-column-gap-default\">\n\t\t\t\t\t<div class=\"elementor-column elementor-col-100 elementor-top-column elementor-element elementor-element-4cbc59a\" data-id=\"4cbc59a\" data-element_type=\"column\">\n\t\t\t<div class=\"elementor-widget-wrap elementor-element-populated\">\n\t\t\t\t\t\t<div class=\"elementor-element elementor-element-3f359b1 elementor-widget elementor-widget-text-editor\" data-id=\"3f359b1\" data-element_type=\"widget\" data-widget_type=\"text-editor.default\">\n\t\t\t\t\t\t\t\t\t<p>Andaluc\u00eda es una comunidad aut\u00f3noma de Espa\u00f1a, con estatus de nacionalidad hist\u00f3rica, est\u00e1 compuesta por las provincias de Almer\u00eda, C\u00e1diz, C\u00f3rdoba, Granada, Huelva, Ja\u00e9n, M\u00e1laga y Sevilla. Su capital es Sevilla. Los <strong>principales destinos tur\u00edsticos de la regi\u00f3n<\/strong> son la Costa del Sol y Sierra Nevada. La situaci\u00f3n geogr\u00e1fica de Andaluc\u00eda, al sur de la Pen\u00ednsula Ib\u00e9rica, hace que sea uno de los sitios m\u00e1s c\u00e1lidos de Europa. Impera el clima mediterr\u00e1neo, que aporta un gran n\u00famero de horas de sol, lo cual, junto con sus playas, configura las condiciones para el desarrollo tur\u00edstico de \u00absol y playa\u00bb. Conjuntamente con el turismo de sol y playa, tambi\u00e9n se observa un fuerte crecimiento del turismo de naturaleza y de interior, as\u00ed como el cultural, el monumental, el deportivo. \u00bfQuieres disfrutar de unas vacaciones en este destino? Descubre nuestras ofertas de hotel en Andaluc\u00eda, incluyendo los puntos de m\u00e1s inter\u00e9s:<\/p><div class=\"kno-fb-ctx kno-vrt-t\" data-ved=\"0CJ4DELcQKAAwQQ\"><ul><li>Granada<\/li><\/ul><\/div><div class=\"kno-fb-ctx kno-vrt-t\" data-ved=\"0CKEDELcQKAEwQQ\"><div class=\"thumb\">\u00a0<\/div><ul><li><a href=\"https:\/\/www.centraldevacaciones.com\/blog\/ofertas-viajes-costa-del-sol\/\">Ofertas en la Costa del Sol<\/a><\/li><\/ul><\/div><div class=\"kno-fb-ctx kno-vrt-t\" data-ved=\"0CKQDELcQKAIwQQ\"><div class=\"thumb\">\u00a0<\/div><ul><li>\u00a0Sevilla<\/li><\/ul><\/div><div class=\"kno-fb-ctx rhsg3 kno-vrt-t\" data-ved=\"0CKcDELcQKAMwQQ\"><div class=\"thumb\">\u00a0<\/div><ul><li>\u00a0C\u00f3rdoba<\/li><\/ul><\/div>\t\t\t\t\t\t\t\t<\/div>\n\t\t\t\t\t<\/div>\n\t\t<\/div>\n\t\t\t\t\t<\/div>\n\t\t<\/section>\n\t\t\t\t<section class=\"elementor-section elementor-top-section elementor-element elementor-element-3efda81 elementor-section-boxed elementor-section-height-default elementor-section-height-default\" data-id=\"3efda81\" data-element_type=\"section\">\n\t\t\t\t\t\t<div class=\"elementor-container elementor-column-gap-default\">\n\t\t\t\t\t<div class=\"elementor-column elementor-col-100 elementor-top-column elementor-element elementor-element-c02d31c\" data-id=\"c02d31c\" data-element_type=\"column\">\n\t\t\t<div class=\"elementor-widget-wrap elementor-element-populated\">\n\t\t\t\t\t\t<div class=\"elementor-element elementor-element-6d6b9b2 elementor-widget elementor-widget-heading\" data-id=\"6d6b9b2\" data-element_type=\"widget\" data-widget_type=\"heading.default\">\n\t\t\t\t\t<h2 class=\"elementor-heading-title elementor-size-default\">7. Provenza \u2013 Alpes \u2013 Costa Azul (Francia) 54.684.261 noches de estad\u00eda\n<\/h2>\t\t\t\t<\/div>\n\t\t\t\t\t<\/div>\n\t\t<\/div>\n\t\t\t\t\t<\/div>\n\t\t<\/section>\n\t\t\t\t<section class=\"elementor-section elementor-top-section elementor-element elementor-element-21d53f0 elementor-section-boxed elementor-section-height-default elementor-section-height-default\" data-id=\"21d53f0\" data-element_type=\"section\">\n\t\t\t\t\t\t<div class=\"elementor-container elementor-column-gap-default\">\n\t\t\t\t\t<div class=\"elementor-column elementor-col-100 elementor-top-column elementor-element elementor-element-6b97efa\" data-id=\"6b97efa\" data-element_type=\"column\">\n\t\t\t<div class=\"elementor-widget-wrap elementor-element-populated\">\n\t\t\t\t\t\t<div class=\"elementor-element elementor-element-d60e573 elementor-widget elementor-widget-text-editor\" data-id=\"d60e573\" data-element_type=\"widget\" data-widget_type=\"text-editor.default\">\n\t\t\t\t\t\t\t\t\t<p>Provenza-Alpes-Costa Azul es una regi\u00f3n de Francia ubicada en el sureste del pa\u00eds, en la costa del Mar Mediterr\u00e1neo. Marsella, Niza, pasando por Avi\u00f1\u00f3n, Cannes o Arl\u00e9s forman parte de la regi\u00f3n. El clima, de tipo mediterr\u00e1neo, est\u00e1 muy influido por el viento del norte, el mistral.\u00a0Es en el litoral mediterr\u00e1neo donde se concentra la mayor\u00eda de la poblaci\u00f3n. Es la tercera regi\u00f3n m\u00e1s poblada (4,5 millones de habitantes) luego de Isla de Francia y R\u00f3dano-Alpes. El Rally de Monte Carlo, la carrera de rally m\u00e1s famosa del mundo, se disputa en la mayor\u00eda de las veces, en rutas de la regi\u00f3n. El Circuito Paul Ricard cautiva a numerosos campeonatos internacionales de automovilismo de velocidad. La Costa Azul, parte del litoral que se extiende entre Toulon y la frontera italiana, es una de las regiones de Francia m\u00e1s frecuentadas por los turistas franceses y extranjeros.<\/p>\t\t\t\t\t\t\t\t<\/div>\n\t\t\t\t\t<\/div>\n\t\t<\/div>\n\t\t\t\t\t<\/div>\n\t\t<\/section>\n\t\t\t\t<section class=\"elementor-section elementor-top-section elementor-element elementor-element-88d1202 elementor-section-boxed elementor-section-height-default elementor-section-height-default\" data-id=\"88d1202\" data-element_type=\"section\">\n\t\t\t\t\t\t<div class=\"elementor-container elementor-column-gap-default\">\n\t\t\t\t\t<div class=\"elementor-column elementor-col-100 elementor-top-column elementor-element elementor-element-1964acc\" data-id=\"1964acc\" data-element_type=\"column\">\n\t\t\t<div class=\"elementor-widget-wrap elementor-element-populated\">\n\t\t\t\t\t\t<div class=\"elementor-element elementor-element-438899a elementor-widget elementor-widget-heading\" data-id=\"438899a\" data-element_type=\"widget\" data-widget_type=\"heading.default\">\n\t\t\t\t\t<h2 class=\"elementor-heading-title elementor-size-default\">6. V\u00e9neto (Italia) 61.536.258 noches de estad\u00eda<\/h2>\t\t\t\t<\/div>\n\t\t\t\t\t<\/div>\n\t\t<\/div>\n\t\t\t\t\t<\/div>\n\t\t<\/section>\n\t\t\t\t<section class=\"elementor-section elementor-top-section elementor-element elementor-element-0804182 elementor-section-boxed elementor-section-height-default elementor-section-height-default\" data-id=\"0804182\" data-element_type=\"section\">\n\t\t\t\t\t\t<div class=\"elementor-container elementor-column-gap-default\">\n\t\t\t\t\t<div class=\"elementor-column elementor-col-100 elementor-top-column elementor-element elementor-element-f99c1c7\" data-id=\"f99c1c7\" data-element_type=\"column\">\n\t\t\t<div class=\"elementor-widget-wrap elementor-element-populated\">\n\t\t\t\t\t\t<div class=\"elementor-element elementor-element-f2bb300 elementor-widget elementor-widget-text-editor\" data-id=\"f2bb300\" data-element_type=\"widget\" data-widget_type=\"text-editor.default\">\n\t\t\t\t\t\t\t\t\t<p>V\u00e9neto es la regi\u00f3n situada en el noreste de Italia de m\u00e1s de 5.000.000 habitantes que tiene como <strong>capital Venecia<\/strong>. Tiene una superficie de 18.399 km2, siendo la octava regi\u00f3n m\u00e1s grande del pa\u00eds. V\u00e9neto es la <strong>primera regi\u00f3n tur\u00edstica de Italia<\/strong>. En la regi\u00f3n del V\u00e9neto existen varios lugares declarados Patrimonio de la Humanidad por la Unesco: el Jard\u00edn Bot\u00e1nico de Padua, que es el jard\u00edn bot\u00e1nico acad\u00e9mico m\u00e1s antiguo del mundo se encuentra en Venecia. Las capitales de las provincias as\u00ed como las poblaciones m\u00e1s peque\u00f1as como Cortina d\u2019Ampezzo en las Dolomitas, Peschiera y Malcesine en el litoral del lago de Garda, Castelfranco V\u00e9neto (Cuna de Giorgione y de Agostino Steffani), el centro termal Abano Terme, las localidades de playa Jesolo e Caorle, las villas palladianas atraen un gran n\u00famero de turistas. Las costas del mar Adri\u00e1tico se caracterizan por la laguna de Venecia, un terreno llano con lagunas, marismas e islas.<\/p>\t\t\t\t\t\t\t\t<\/div>\n\t\t\t\t\t<\/div>\n\t\t<\/div>\n\t\t\t\t\t<\/div>\n\t\t<\/section>\n\t\t\t\t<section class=\"elementor-section elementor-top-section elementor-element elementor-element-8d88f2c elementor-section-boxed elementor-section-height-default elementor-section-height-default\" data-id=\"8d88f2c\" data-element_type=\"section\">\n\t\t\t\t\t\t<div class=\"elementor-container elementor-column-gap-default\">\n\t\t\t\t\t<div class=\"elementor-column elementor-col-100 elementor-top-column elementor-element elementor-element-0a967de\" data-id=\"0a967de\" data-element_type=\"column\">\n\t\t\t<div class=\"elementor-widget-wrap elementor-element-populated\">\n\t\t\t\t\t\t<div class=\"elementor-element elementor-element-52350ba elementor-widget elementor-widget-heading\" data-id=\"52350ba\" data-element_type=\"widget\" data-widget_type=\"heading.default\">\n\t\t\t\t\t<h2 class=\"elementor-heading-title elementor-size-default\">5. Jadranska Hrvatska (Croacia) 61.785.377 noches de estad\u00eda\n<\/h2>\t\t\t\t<\/div>\n\t\t\t\t\t<\/div>\n\t\t<\/div>\n\t\t\t\t\t<\/div>\n\t\t<\/section>\n\t\t\t\t<section class=\"elementor-section elementor-top-section elementor-element elementor-element-4c6fb41 elementor-section-boxed elementor-section-height-default elementor-section-height-default\" data-id=\"4c6fb41\" data-element_type=\"section\">\n\t\t\t\t\t\t<div class=\"elementor-container elementor-column-gap-default\">\n\t\t\t\t\t<div class=\"elementor-column elementor-col-100 elementor-top-column elementor-element elementor-element-1987b0a\" data-id=\"1987b0a\" data-element_type=\"column\">\n\t\t\t<div class=\"elementor-widget-wrap elementor-element-populated\">\n\t\t\t\t\t\t<div class=\"elementor-element elementor-element-0ac3d8b elementor-widget elementor-widget-text-editor\" data-id=\"0ac3d8b\" data-element_type=\"widget\" data-widget_type=\"text-editor.default\">\n\t\t\t\t\t\t\t\t\t<p>La regi\u00f3n forma la parte costera del pa\u00eds. Las cinco ciudades m\u00e1s pobladas de la regi\u00f3n son de Split , Rijeka , Zadar , Pula y \u0160ibenik . Representa el 44% del territorio del pa\u00eds y el 33% de la poblaci\u00f3n. El turismo domina el sector servicios y provee m\u00e1s del 20 % del PIB croata. Un gran n\u00famero de centros tur\u00edsticos a lo largo de la costa y en varias islas, donde se ofrecen numerosos servicios que van desde el turismo n\u00e1utico, gracias a las marinas numerosas con m\u00e1s de 16 mil amarraderos, hasta el turismo cultural, que basa su atractivo en las ciudades costeras medievales y los m\u00faltiples eventos culturales que se celebran cada verano. El interior ofrece destinos de monta\u00f1a, agroturismo y spas.<\/p>\t\t\t\t\t\t\t\t<\/div>\n\t\t\t\t\t<\/div>\n\t\t<\/div>\n\t\t\t\t\t<\/div>\n\t\t<\/section>\n\t\t\t\t<section class=\"elementor-section elementor-top-section elementor-element elementor-element-4f98ef5 elementor-section-boxed elementor-section-height-default elementor-section-height-default\" data-id=\"4f98ef5\" data-element_type=\"section\">\n\t\t\t\t\t\t<div class=\"elementor-container elementor-column-gap-default\">\n\t\t\t\t\t<div class=\"elementor-column elementor-col-100 elementor-top-column elementor-element elementor-element-0f9756a\" data-id=\"0f9756a\" data-element_type=\"column\">\n\t\t\t<div class=\"elementor-widget-wrap elementor-element-populated\">\n\t\t\t\t\t\t<div class=\"elementor-element elementor-element-375672e elementor-widget elementor-widget-heading\" data-id=\"375672e\" data-element_type=\"widget\" data-widget_type=\"heading.default\">\n\t\t\t\t\t<h2 class=\"elementor-heading-title elementor-size-default\">4. Islas Baleares (Espa\u00f1a) 65.286.846 noches de estad\u00eda\n<\/h2>\t\t\t\t<\/div>\n\t\t\t\t\t<\/div>\n\t\t<\/div>\n\t\t\t\t\t<\/div>\n\t\t<\/section>\n\t\t\t\t<section class=\"elementor-section elementor-top-section elementor-element elementor-element-c58f9df elementor-section-boxed elementor-section-height-default elementor-section-height-default\" data-id=\"c58f9df\" data-element_type=\"section\">\n\t\t\t\t\t\t<div class=\"elementor-container elementor-column-gap-default\">\n\t\t\t\t\t<div class=\"elementor-column elementor-col-100 elementor-top-column elementor-element elementor-element-5c46f95\" data-id=\"5c46f95\" data-element_type=\"column\">\n\t\t\t<div class=\"elementor-widget-wrap elementor-element-populated\">\n\t\t\t\t\t\t<div class=\"elementor-element elementor-element-c132e8b elementor-widget elementor-widget-text-editor\" data-id=\"c132e8b\" data-element_type=\"widget\" data-widget_type=\"text-editor.default\">\n\t\t\t\t\t\t\t\t\t<p>Se encuentran situadas en el mar Mediterr\u00e1neo, frente a la costa oriental de la Pen\u00ednsula Ib\u00e9rica. Su capital es Palma de Mallorca. El archipi\u00e9lago est\u00e1 constituido por dos grupos de islas y numerosos islotes: las Gimnesias (Mallorca, Menorca, Cabrera y algunos islotes colindantes como Dragonera, Conejera o la Isla del Aire) y las Pitiusas (Ibiza y Formentera, junto con los diferentes islotes que las rodean, como Espalmador y Espardell). <strong>Mallorca es el principal destino tur\u00edstico en las islas<\/strong>, con el 65% del total. La sigue Ibiza, con un 37% y luego Menorca y Formentera, con un 18,13% y un 12,37%, respectivamente. Los turistas que visitan las islas provienen principalmente de Europa, sobre todo de Alemania y Reino Unido. Si te interesa pasar unas vacaciones \u00fanicas, descubre nuestras\u00a0<a href=\"https:\/\/www.centraldevacaciones.com\/viajes\/ofertas-a-islas-baleares.html\">ofertas para unas vacaciones en las islas Baleares<\/a>.<\/p>\t\t\t\t\t\t\t\t<\/div>\n\t\t\t\t\t<\/div>\n\t\t<\/div>\n\t\t\t\t\t<\/div>\n\t\t<\/section>\n\t\t\t\t<section class=\"elementor-section elementor-top-section elementor-element elementor-element-1bb5a6b elementor-section-boxed elementor-section-height-default elementor-section-height-default\" data-id=\"1bb5a6b\" data-element_type=\"section\">\n\t\t\t\t\t\t<div class=\"elementor-container elementor-column-gap-default\">\n\t\t\t\t\t<div class=\"elementor-column elementor-col-100 elementor-top-column elementor-element elementor-element-38fff80\" data-id=\"38fff80\" data-element_type=\"column\">\n\t\t\t<div class=\"elementor-widget-wrap elementor-element-populated\">\n\t\t\t\t\t\t<div class=\"elementor-element elementor-element-70227aa elementor-widget elementor-widget-image\" data-id=\"70227aa\" data-element_type=\"widget\" data-widget_type=\"image.default\">\n\t\t\t\t\t\t\t\t\t\t\t\t\t\t\t<img fetchpriority=\"high\" decoding=\"async\" width=\"300\" height=\"257\" src=\"https:\/\/www.centraldevacaciones.com\/blog\/wp-content\/uploads\/2015\/02\/Mallorca.jpg\" class=\"attachment-medium size-medium wp-image-24770\" alt=\"\" \/>\t\t\t\t\t\t\t\t\t\t\t\t\t\t\t<\/div>\n\t\t\t\t\t<\/div>\n\t\t<\/div>\n\t\t\t\t\t<\/div>\n\t\t<\/section>\n\t\t\t\t<section class=\"elementor-section elementor-top-section elementor-element elementor-element-c1c94d1 elementor-section-boxed elementor-section-height-default elementor-section-height-default\" data-id=\"c1c94d1\" data-element_type=\"section\">\n\t\t\t\t\t\t<div class=\"elementor-container elementor-column-gap-default\">\n\t\t\t\t\t<div class=\"elementor-column elementor-col-100 elementor-top-column elementor-element elementor-element-adb9c9c\" data-id=\"adb9c9c\" data-element_type=\"column\">\n\t\t\t<div class=\"elementor-widget-wrap elementor-element-populated\">\n\t\t\t\t\t\t<div class=\"elementor-element elementor-element-5a5fd86 elementor-widget elementor-widget-heading\" data-id=\"5a5fd86\" data-element_type=\"widget\" data-widget_type=\"heading.default\">\n\t\t\t\t\t<h2 class=\"elementor-heading-title elementor-size-default\">3. Catalu\u00f1a: 70.521.899 noches de estad\u00eda\n\n<\/h2>\t\t\t\t<\/div>\n\t\t\t\t\t<\/div>\n\t\t<\/div>\n\t\t\t\t\t<\/div>\n\t\t<\/section>\n\t\t\t\t<section class=\"elementor-section elementor-top-section elementor-element elementor-element-dce977b elementor-section-boxed elementor-section-height-default elementor-section-height-default\" data-id=\"dce977b\" data-element_type=\"section\">\n\t\t\t\t\t\t<div class=\"elementor-container elementor-column-gap-default\">\n\t\t\t\t\t<div class=\"elementor-column elementor-col-100 elementor-top-column elementor-element elementor-element-50aa657\" data-id=\"50aa657\" data-element_type=\"column\">\n\t\t\t<div class=\"elementor-widget-wrap elementor-element-populated\">\n\t\t\t\t\t\t<div class=\"elementor-element elementor-element-61ad89d elementor-widget elementor-widget-text-editor\" data-id=\"61ad89d\" data-element_type=\"widget\" data-widget_type=\"text-editor.default\">\n\t\t\t\t\t\t\t\t\t<p>Catalu\u00f1a est\u00e1 situada al nordeste de la pen\u00ednsula ib\u00e9rica. Ocupa un territorio de unos 32.000 km\u00b2 que limita al norte con Francia y Andorra, al este con el mar Mediterr\u00e1neo a lo largo de una franja mar\u00edtima de unos 580 kil\u00f3metros, al sur con la Comunidad Valenciana, y al oeste con Arag\u00f3n. Est\u00e1 formada por las provincias de Barcelona, Girona, Lleida y Tarragona. Su capital es la ciudad de Barcelona. Catalu\u00f1a posee espectaculares playas de zonas como la Costa Brava, una gastronom\u00eda conocida a nivel mundial y obras de famosos artistas como Gaud\u00ed o Dal\u00ed, que hacen de esta Comunidad uno de los destinos m\u00e1s visitados de Espa\u00f1a. Sus excelentes\u00a0<a href=\"https:\/\/www.centraldevacaciones.com\/blog\/ofertas-viajes-costa-dorada\/\">playas de la Costa Dorada<\/a>,\u00a0<a href=\"https:\/\/www.centraldevacaciones.com\/blog\/ofertas-viajes-costa-barcelona\/\">Costa de Barcelona<\/a>\u00a0y la\u00a0<a href=\"https:\/\/www.centraldevacaciones.com\/blog\/ofertas-viajes-costa-brava\/\">Costa Brava<\/a>, con sitios de fama internacional como Salou, Sitges, Tossa de Mar, Cadaqu\u00e9s, Lloret de Mar o Roses. Catalu\u00f1a cuenta con m\u00faltiples Estaciones N\u00e1uticas para practicar actividades en el mar. Con preciosos paisajes de monta\u00f1a como el Pirineo catal\u00e1n (sus estaciones de esqu\u00ed son perfectas para el turismo de nieve).<\/p>\t\t\t\t\t\t\t\t<\/div>\n\t\t\t\t\t<\/div>\n\t\t<\/div>\n\t\t\t\t\t<\/div>\n\t\t<\/section>\n\t\t\t\t<section class=\"elementor-section elementor-top-section elementor-element elementor-element-fd81b9a elementor-section-boxed elementor-section-height-default elementor-section-height-default\" data-id=\"fd81b9a\" data-element_type=\"section\">\n\t\t\t\t\t\t<div class=\"elementor-container elementor-column-gap-default\">\n\t\t\t\t\t<div class=\"elementor-column elementor-col-100 elementor-top-column elementor-element elementor-element-00a29b0\" data-id=\"00a29b0\" data-element_type=\"column\">\n\t\t\t<div class=\"elementor-widget-wrap elementor-element-populated\">\n\t\t\t\t\t\t<div class=\"elementor-element elementor-element-52a3515 elementor-widget elementor-widget-heading\" data-id=\"52a3515\" data-element_type=\"widget\" data-widget_type=\"heading.default\">\n\t\t\t\t\t<h2 class=\"elementor-heading-title elementor-size-default\">2. Isla de Francia (Francia) 77.518.033 noches de estad\u00eda\n\n<\/h2>\t\t\t\t<\/div>\n\t\t\t\t\t<\/div>\n\t\t<\/div>\n\t\t\t\t\t<\/div>\n\t\t<\/section>\n\t\t\t\t<section class=\"elementor-section elementor-top-section elementor-element elementor-element-f512fa7 elementor-section-boxed elementor-section-height-default elementor-section-height-default\" data-id=\"f512fa7\" data-element_type=\"section\">\n\t\t\t\t\t\t<div class=\"elementor-container elementor-column-gap-default\">\n\t\t\t\t\t<div class=\"elementor-column elementor-col-100 elementor-top-column elementor-element elementor-element-c320655\" data-id=\"c320655\" data-element_type=\"column\">\n\t\t\t<div class=\"elementor-widget-wrap elementor-element-populated\">\n\t\t\t\t\t\t<div class=\"elementor-element elementor-element-7f4f249 elementor-widget elementor-widget-text-editor\" data-id=\"7f4f249\" data-element_type=\"widget\" data-widget_type=\"text-editor.default\">\n\t\t\t\t\t\t\t\t\t<p>Tambi\u00e9n se la conoce como la regi\u00f3n parisina, y posee la <strong>mayor renta per c\u00e1pita del Mundo<\/strong>, y constituye el \u00e1rea metropolitana de Par\u00eds. Es la regi\u00f3n m\u00e1s poblada de Francia, y tiene m\u00e1s habitantes que B\u00e9lgica, Suecia o Grecia. La regi\u00f3n metropolitana de Par\u00eds es famosa en todo el mundo por sus edificios, grandes y hermosos monumentos y sublimes museos. Entre los m\u00e1s famosos monumentos est\u00e1n la Torre Eiffel, la catedral de Notre-Dame de Par\u00eds, el Gran Arco y el barrio de la D\u00e9fense, la bas\u00edlica de Saint Denis, el castillo de Versalles. Posee ejemplares museos como el museo del Louvre, el Centro Pompidou, el Museo nacional del Renacimiento, la Ciudad de la cer\u00e1mica en S\u00e8vres, el Museo de las antig\u00fcedades nacionales de Saint-Germain. \u00bfA\u00fan te preguntas por qu\u00e9 es una de las regiones m\u00e1s visitadas por el turismo en Europa?\u00a0<\/p>\t\t\t\t\t\t\t\t<\/div>\n\t\t\t\t\t<\/div>\n\t\t<\/div>\n\t\t\t\t\t<\/div>\n\t\t<\/section>\n\t\t\t\t<section class=\"elementor-section elementor-top-section elementor-element elementor-element-9f47124 elementor-section-boxed elementor-section-height-default elementor-section-height-default\" data-id=\"9f47124\" data-element_type=\"section\">\n\t\t\t\t\t\t<div class=\"elementor-container elementor-column-gap-default\">\n\t\t\t\t\t<div class=\"elementor-column elementor-col-100 elementor-top-column elementor-element elementor-element-15408a9\" data-id=\"15408a9\" data-element_type=\"column\">\n\t\t\t<div class=\"elementor-widget-wrap elementor-element-populated\">\n\t\t\t\t\t\t<div class=\"elementor-element elementor-element-9699663 elementor-widget elementor-widget-heading\" data-id=\"9699663\" data-element_type=\"widget\" data-widget_type=\"heading.default\">\n\t\t\t\t\t<h2 class=\"elementor-heading-title elementor-size-default\">1. Islas Canarias (Espa\u00f1a) 89.812.124 noches de estad\u00eda\n<\/h2>\t\t\t\t<\/div>\n\t\t\t\t\t<\/div>\n\t\t<\/div>\n\t\t\t\t\t<\/div>\n\t\t<\/section>\n\t\t\t\t<section class=\"elementor-section elementor-top-section elementor-element elementor-element-1cb890e elementor-section-boxed elementor-section-height-default elementor-section-height-default\" data-id=\"1cb890e\" data-element_type=\"section\">\n\t\t\t\t\t\t<div class=\"elementor-container elementor-column-gap-default\">\n\t\t\t\t\t<div class=\"elementor-column elementor-col-100 elementor-top-column elementor-element elementor-element-7b64853\" data-id=\"7b64853\" data-element_type=\"column\">\n\t\t\t<div class=\"elementor-widget-wrap elementor-element-populated\">\n\t\t\t\t\t\t<div class=\"elementor-element elementor-element-53955a6 elementor-widget elementor-widget-text-editor\" data-id=\"53955a6\" data-element_type=\"widget\" data-widget_type=\"text-editor.default\">\n\t\t\t\t\t\t\t\t\t<p>Canarias es un archipi\u00e9lago del oc\u00e9ano Atl\u00e1ntico, que est\u00e1 situado en el norte de \u00c1frica, cerca de las costas del sur de Marruecos y del S\u00e1hara. Est\u00e1 constituido por una de las diecisiete comunidades aut\u00f3nomas de Espa\u00f1a, reconocida como nacionalidad. Se compone de <strong>siete islas principales<\/strong>: El Hierro, La Gomera, La Palma y Tenerife, que forman la provincia de Santa Cruz de Tenerife; y Fuerteventura, Gran Canaria y Lanzarote, que constituyen la provincia de Las Palmas.<\/p><p><strong>Tenerife<\/strong> es el <strong>principal destino tur\u00edstico en las islas<\/strong>, con el 37% del total, luego la Gran Canaria con un 31%, Lanzarote con un 16,28%, Fuerteventura con un 13,30%, La Palma con el 1,3%. Los principales turistas que visitan las islas provienen del norte de Europa, principalmente del Reino Unido y Alemania.<\/p><p>Muchos denominan a las Islas Canarias como el sol de Europa y se realzan por sus suaves temperaturas y su entorno natural. Uno de sus primordiales atractivos son sus playas, excelentes para descansar tomando el sol o practicando deportes n\u00e1uticos como el windsurf y el submarinismo. \u00a0En el interior, disfrutar\u00e1s de paisajes sorprendentes, que animan a hacer senderismo, ciclismo, escalada, espeleolog\u00eda. Destacan los paisajes volc\u00e1nicos de la isla de Lanzarote, las playas de dunas de Fuerteventura y Gran Canaria o los esplendorosos bosques de La Palma y La Gomera. Reserva ya tus\u00a0<a href=\"https:\/\/www.centraldevacaciones.com\/viajes\/ofertas-a-islas-canarias.html\">vacaciones en las Canarias<\/a>\u00a0con Central de Vacaciones al mejor precio. \u00bfA qu\u00e9 esperas?<\/p>\t\t\t\t\t\t\t\t<\/div>\n\t\t\t\t\t<\/div>\n\t\t<\/div>\n\t\t\t\t\t<\/div>\n\t\t<\/section>\n\t\t\t\t<section class=\"elementor-section elementor-top-section elementor-element elementor-element-cd382ae elementor-section-boxed elementor-section-height-default elementor-section-height-default\" data-id=\"cd382ae\" data-element_type=\"section\">\n\t\t\t\t\t\t<div class=\"elementor-container elementor-column-gap-default\">\n\t\t\t\t\t<div class=\"elementor-column elementor-col-100 elementor-top-column elementor-element elementor-element-b357ff2\" data-id=\"b357ff2\" data-element_type=\"column\">\n\t\t\t<div class=\"elementor-widget-wrap elementor-element-populated\">\n\t\t\t\t\t\t<div class=\"elementor-element elementor-element-bc7e098 elementor-widget elementor-widget-image\" data-id=\"bc7e098\" data-element_type=\"widget\" data-widget_type=\"image.default\">\n\t\t\t\t\t\t\t\t\t\t\t\t\t\t\t<img decoding=\"async\" width=\"300\" height=\"200\" src=\"https:\/\/www.centraldevacaciones.com\/blog\/wp-content\/uploads\/2015\/02\/Islas-Canarias.jpg\" class=\"attachment-medium size-medium wp-image-24771\" alt=\"\" \/>\t\t\t\t\t\t\t\t\t\t\t\t\t\t\t<\/div>\n\t\t\t\t\t<\/div>\n\t\t<\/div>\n\t\t\t\t\t<\/div>\n\t\t<\/section>\n\t\t\t\t<section class=\"elementor-section elementor-top-section elementor-element elementor-element-d9898fa elementor-section-boxed elementor-section-height-default elementor-section-height-default\" data-id=\"d9898fa\" data-element_type=\"section\">\n\t\t\t\t\t\t<div class=\"elementor-container elementor-column-gap-default\">\n\t\t\t\t\t<div class=\"elementor-column elementor-col-100 elementor-top-column elementor-element elementor-element-3ccbac3\" data-id=\"3ccbac3\" data-element_type=\"column\">\n\t\t\t<div class=\"elementor-widget-wrap elementor-element-populated\">\n\t\t\t\t\t\t<div class=\"elementor-element elementor-element-30d52ba elementor-widget elementor-widget-text-editor\" data-id=\"30d52ba\" data-element_type=\"widget\" data-widget_type=\"text-editor.default\">\n\t\t\t\t\t\t\t\t\t<p>Ahora que ya conoces las regiones m\u00e1s visitadas por el turismo en Europa, a lo mejor te gustar\u00eda saber cu\u00e1les son los <strong><a href=\"https:\/\/www.centraldevacaciones.com\/blog\/los-paises-mas-turisticos-del-mundo\/\">pa\u00edses con m\u00e1s turismo del mundo<\/a><\/strong>.\u00a0<\/p>\t\t\t\t\t\t\t\t<\/div>\n\t\t\t\t\t<\/div>\n\t\t<\/div>\n\t\t\t\t\t<\/div>\n\t\t<\/section>\n\t\t\t\t<\/div>\n\t\t","protected":false},"excerpt":{"rendered":"<p>Canarias, se lleva el primer lugar de la elitista lista de 20 regiones, formulada por la Oficina Comunitaria Eurostat, en base al n\u00famero de noches de estad\u00eda en hoteles de toda la Uni\u00f3n Europea. Las islas Canarias (Espa\u00f1a) lograron ser la regi\u00f3n m\u00e1s visitada con m\u00e1s estad\u00edas hoteleras, con un total de 89.812.124 pernoctaciones en [&hellip;]<\/p>\n","protected":false},"author":1,"featured_media":21183,"comment_status":"closed","ping_status":"open","sticky":false,"template":"elementor_theme","format":"standard","meta":{"_acf_changed":false,"footnotes":""},"categories":[208,4,193,207,203,204,194,200,195,17],"tags":[],"class_list":["post-1937","post","type-post","status-publish","format-standard","has-post-thumbnail","hentry","category-ideas-escapadas","category-espana","category-europa","category-ideas-viajes-invierno","category-ideas-viajes-de-novios","category-ideas-viajes-verano","category-islas-paradisiacas","category-rutas-por-espana","category-rutas-por-europa","category-viajes-por-europa"],"acf":[],"_links":{"self":[{"href":"https:\/\/www.centraldevacaciones.com\/blog\/wp-json\/wp\/v2\/posts\/1937","targetHints":{"allow":["GET"]}}],"collection":[{"href":"https:\/\/www.centraldevacaciones.com\/blog\/wp-json\/wp\/v2\/posts"}],"about":[{"href":"https:\/\/www.centraldevacaciones.com\/blog\/wp-json\/wp\/v2\/types\/post"}],"author":[{"embeddable":true,"href":"https:\/\/www.centraldevacaciones.com\/blog\/wp-json\/wp\/v2\/users\/1"}],"replies":[{"embeddable":true,"href":"https:\/\/www.centraldevacaciones.com\/blog\/wp-json\/wp\/v2\/comments?post=1937"}],"version-history":[{"count":0,"href":"https:\/\/www.centraldevacaciones.com\/blog\/wp-json\/wp\/v2\/posts\/1937\/revisions"}],"wp:featuredmedia":[{"embeddable":true,"href":"https:\/\/www.centraldevacaciones.com\/blog\/wp-json\/wp\/v2\/media\/21183"}],"wp:attachment":[{"href":"https:\/\/www.centraldevacaciones.com\/blog\/wp-json\/wp\/v2\/media?parent=1937"}],"wp:term":[{"taxonomy":"category","embeddable":true,"href":"https:\/\/www.centraldevacaciones.com\/blog\/wp-json\/wp\/v2\/categories?post=1937"},{"taxonomy":"post_tag","embeddable":true,"href":"https:\/\/www.centraldevacaciones.com\/blog\/wp-json\/wp\/v2\/tags?post=1937"}],"curies":[{"name":"wp","href":"https:\/\/api.w.org\/{rel}","templated":true}]}}