{"id":1921,"date":"2017-06-04T16:45:11","date_gmt":"2017-06-04T14:45:11","guid":{"rendered":"http:\/\/blog.centraldevacaciones.com\/?p=1921"},"modified":"2021-08-05T10:39:58","modified_gmt":"2021-08-05T08:39:58","slug":"un-destino-sin-igual-san-juan-de-puerto-rico","status":"publish","type":"post","link":"https:\/\/www.centraldevacaciones.com\/blog\/un-destino-sin-igual-san-juan-de-puerto-rico\/","title":{"rendered":"UN DESTINO SIN IGUAL, SAN JUAN DE PUERTO RICO"},"content":{"rendered":"\t\t<div data-elementor-type=\"wp-post\" data-elementor-id=\"1921\" class=\"elementor elementor-1921\" data-elementor-post-type=\"post\">\n\t\t\t\t\t\t<section class=\"elementor-section elementor-top-section elementor-element elementor-element-5bc8e8b9 elementor-section-boxed elementor-section-height-default elementor-section-height-default\" data-id=\"5bc8e8b9\" data-element_type=\"section\">\n\t\t\t\t\t\t<div class=\"elementor-container elementor-column-gap-default\">\n\t\t\t\t\t<div class=\"elementor-column elementor-col-100 elementor-top-column elementor-element elementor-element-63ce3476\" data-id=\"63ce3476\" data-element_type=\"column\">\n\t\t\t<div class=\"elementor-widget-wrap elementor-element-populated\">\n\t\t\t\t\t\t<div class=\"elementor-element elementor-element-1e2978de elementor-widget elementor-widget-text-editor\" data-id=\"1e2978de\" data-element_type=\"widget\" data-widget_type=\"text-editor.default\">\n\t\t\t\t\t\t\t\t\t<p><strong>El encanto de San Juan, Puerto Rico<\/strong><\/p><p>La isla del encanto, Puerto Rico, cuenta con una hermosa capital llamada San Juan, segunda ciudad latinoamericana con mayor ingreso per c\u00e1pita, \u00a0considerada adem\u00e1s\u00a0una de las m\u00e1s atractivas para invertir en la Am\u00e9rica hispanohablante.<\/p><p>Para visitarla, la recomendaci\u00f3n es hacerlo durante los meses que van entre mayo y noviembre, ya que es la \u00e9poca seca. El clima por lo general es de tipo tropical, siendo entre c\u00e1lido y h\u00famedo, estimando una temperatura anual en promedio de 26\u00baC, adem\u00e1s de precipitaciones que ocurren en el transcurso del a\u00f1o.<\/p><p>Si el turista desea conocerla durante la realizaci\u00f3n de alguna de sus festividades le ser\u00e1 importante saber que existen varias de tipo tradicional y numerosos eventos durante todo el a\u00f1o.<\/p><p>Algunas de estas celebraciones son: el D\u00eda de Reyes, el Festival de San Sebasti\u00e1n (uno de los m\u00e1s importantes para los puertorrique\u00f1os), el Nacimiento de Luis Mu\u00f1oz Mar\u00edn y D\u00eda de los Presidentes, el Carnaval (celebrado entre la segunda semana de febrero y la primera de marzo), el Festival Casals, el Festival Nacional del Caf\u00e9 de Yauco, el Domingo de Ramos, el Festival del Pescado, la Noche de San Juan, el Puerto Rico Salsa Congress (la fecha de su realizaci\u00f3n var\u00eda cada a\u00f1o), entre otros.<\/p><p><iframe src=\"https:\/\/player.vimeo.com\/video\/149983814\" width=\"640\" height=\"360\" frameborder=\"0\" allowfullscreen=\"allowfullscreen\"><\/iframe><\/p><p>\u00a0<\/p><p><img fetchpriority=\"high\" decoding=\"async\" class=\"alignnone wp-image-14678 size-full\" src=\"https:\/\/www.centraldevacaciones.com\/blog\/wp-content\/uploads\/2021\/08\/1280px-Old_San_Juan_Wade_9-1.jpg\" alt=\"\" width=\"1280\" height=\"857\" srcset=\"https:\/\/www.centraldevacaciones.com\/blog\/wp-content\/uploads\/2021\/08\/1280px-Old_San_Juan_Wade_9-1.jpg 1280w, https:\/\/www.centraldevacaciones.com\/blog\/wp-content\/uploads\/2021\/08\/1280px-Old_San_Juan_Wade_9-1-300x201.jpg 300w, https:\/\/www.centraldevacaciones.com\/blog\/wp-content\/uploads\/2021\/08\/1280px-Old_San_Juan_Wade_9-1-1024x686.jpg 1024w, https:\/\/www.centraldevacaciones.com\/blog\/wp-content\/uploads\/2021\/08\/1280px-Old_San_Juan_Wade_9-1-768x514.jpg 768w\" sizes=\"(max-width: 1280px) 100vw, 1280px\" \/><\/p><p>Si en alguna oportunidad deseas salir de Europa, y dirigirte a Am\u00e9rica, puedes realizar una parada en una isla llamada Puerto Rico, y quedarte en su capital, San Juan; una vez all\u00ed podr\u00e1s disfrutar de la playa y el mar y a la\u00a0vez conocer sobre la historia espa\u00f1ola y la conquista del continente americano.<\/p><p>Por su posici\u00f3n geogr\u00e1fica, <a href=\"http:\/\/es.wikipedia.org\/wiki\/San_Juan_(Puerto_Rico)\" rel=\"nofollow noopener\" target=\"_blank\">la ciudad de San Juan<\/a>, fue un fort\u00edn militar en los tiempos de la conquista, dejando un rico patrimonio cultural a trav\u00e9s de los siglos, entre los que recomendar\u00eda visitar es el Centro Hist\u00f3rico de la ciudad, donde encontrara varios monumentos hist\u00f3ricos de la \u00e9poca de la conquista.<\/p><p>Un monumento representativo en la ciudad de origen militar es la <em><strong>Fortaleza en San Felipe del Morro<\/strong><\/em>, una vez all\u00ed el lugar posee la magia de trasladar a los turistas a la \u00e9poca de la colonia, apreciando a su vez la imponente vista al mar, de ah\u00ed pueden pasar a visitar el castillo de San Crist\u00f3bal, magn\u00e1nima fortaleza de los tiempos de la colonia, la cual goza de un estado de conservaci\u00f3n \u00fanico, y que en su recorrido obtendr\u00e1 la plena satisfacci\u00f3n de conocer m\u00e1s a afondo el pasado.<\/p><p>Otro atractivo tur\u00edstico que podr\u00eda llamar su atenci\u00f3n son los eventos y fiestas que a\u00f1o tras a\u00f1os se celebran en la ciudad de San Juan, entre los que encontrara, siempre y cuando si su visita es el mes de enero el Festival Folcl\u00f3rico Internacional, el Festival de Teatro Musical y el Festival de la Calle San Sebasti\u00e1n, pero si por alg\u00fan caso decide visitar a San Juan en otro mes podr\u00e1 encontrar Festival Casals que se realiza en el mes febrero, el Festival de Teatro Puertorrique\u00f1o en el mes de marzo, la Fiesta M\u00fasica Puertorrique\u00f1a y el Concurso Nacional de Trovadores en mayo, las Fiestas Patronales de San Juan Bautista junto al Festival de Verano en junio, no menos importante las Fiestas de la Bah\u00eda en el mes de julio y si desea que su viaje sea en septiembre encontrara celebraciones como el Festival de Cer\u00e1mica y el Festival Cultural del Ni\u00f1o, y para cerrar el a\u00f1o el Concurso Nacional del Cuatro en el mes diciembre.<\/p><p>Como ven querido viajeros y amantes del turismo, la ciudad de San Juan, ofrece una serie de eventos culturales durante todo el a\u00f1o, con el \u00e1nimo de atraer la mayor cantidad de turistas y donde usted puede ser el part\u00edcipe en sus pr\u00f3ximas vacaciones.<\/p><p>Al caer el sol, para muchos, la ciudad se pone mejor, ya que es cuando restaurantes, bares, discotecas y vest\u00edbulos de hoteles cobran vida para recibir a personas llenas de ganas de celebrar. Aunque la salsa sea el baile caracter\u00edstico de este lugar los centros nocturnos tienen m\u00fasica para todos los gustos, desde m\u00fasica latina hasta el house.<\/p><p>La vida nocturna del lugar es tan buena que incluso es reconocida a nivel mundial, pero no s\u00f3lo una salida a bailar resulta divertido, tambi\u00e9n lo es ir a uno de sus espectaculares restaurantes para cenar mientras se observan las estrellas, ya que muchos restaurantes colocan sus mesas a orillas de la playa.<\/p><p>Actualmente San Juan cuenta con n\u00fameros lugares tur\u00edsticos que a su vez promocionan al resto del pa\u00eds, entre ellos est\u00e1n sus playas, los museos, los edificios hist\u00f3ricos y los centro comerciales.<\/p><p>Los lugares que podr\u00edan causar mayor inter\u00e9s tur\u00edstico son: el Parque de las Palomas, la Capilla del Cristo, el Castillo San Felipe del Morro, el Fuerte San Crist\u00f3bal, la Plaza de Armas de San Juan, la Catedral de San Juan Bautista y el Capitolio.<\/p><h3><strong>Faro de Los Morillos<\/strong><\/h3><p>Este sitio tur\u00edstico est\u00e1 ubicado en Puerto Rico, y el inicio de la construcci\u00f3n de esta estructura tan relacionada a este pa\u00eds comenz\u00f3 en el a\u00f1o 1882 por los espa\u00f1oles para la venida de embarcaciones y tuviesen la posibilidad de tener una gu\u00eda en esta costa sin tener contratiempos cuando se viajase de noche, este sitio funciona actualmente como sitio tur\u00edstico muy conocido debido a la antig\u00fcedad de este <strong>Faro de los Morillos<\/strong>, como tambi\u00e9n es muy nombrado a su caracter\u00edstica al acercarse a este lugar tur\u00edstico tendr\u00e1s que recorrer una carretera al natural solo constituida de tierra y lodo durante 15 minutos antes de llegar a este sitio tur\u00edstico, se le conoce tambi\u00e9n a <strong>El Faro de los Morillos<\/strong> tambi\u00e9n como El Faro de Cabo Rojo ya que es aparte de un sitio tur\u00edstico de Puerto Rico es un lugar hist\u00f3rico de este pa\u00eds, este \u00fanico camino para llegar a este faro consta de unos manglares y una fauna maravillosa lo cual lo hace un paisaje natural incluso antes de llegar a el <strong>Faro de los Morillos<\/strong>, al llegar a este lugar tur\u00edstico se tarda unos 10 minutos aproximados para llegar a la cima de este faro en donde se puede tener una vista muy clara del Mar Caribe, la estructura del faro de esta torre es bien peculiar debido a la sencillez de su dise\u00f1o con una m\u00ednima decoraci\u00f3n pero con una gran capacidad de iluminaci\u00f3n considerando el a\u00f1o de su realizaci\u00f3n, esta estructura tuvo una renovaci\u00f3n en el a\u00f1o 1967 cambi\u00e1ndola un poco de su original dise\u00f1o para que su funcionamiento fuese totalmente autom\u00e1tico, este <strong>Faro de los Morillos<\/strong> estuvo en total abandono durante d\u00e9cadas hasta que el gobierno actual de esa \u00e9poca en conjunto a organizaciones de salud y ambiente decidieron intervenir en este sitio hist\u00f3rico para su total funcionamiento y sitio en el cual puedes conocer un poco la historia de Puerto Rico.<\/p>\t\t\t\t\t\t\t\t<\/div>\n\t\t\t\t\t<\/div>\n\t\t<\/div>\n\t\t\t\t\t<\/div>\n\t\t<\/section>\n\t\t\t\t<section class=\"elementor-section elementor-top-section elementor-element elementor-element-35714e09 elementor-section-boxed elementor-section-height-default elementor-section-height-default\" data-id=\"35714e09\" data-element_type=\"section\">\n\t\t\t\t\t\t<div class=\"elementor-container elementor-column-gap-default\">\n\t\t\t\t\t<div class=\"elementor-column elementor-col-20 elementor-top-column elementor-element elementor-element-73f9a144\" data-id=\"73f9a144\" data-element_type=\"column\">\n\t\t\t<div class=\"elementor-widget-wrap elementor-element-populated\">\n\t\t\t\t\t\t<div class=\"elementor-element elementor-element-516bf0f9 elementor-widget elementor-widget-image\" data-id=\"516bf0f9\" data-element_type=\"widget\" data-widget_type=\"image.default\">\n\t\t\t\t\t\t\t\t\t\t\t\t\t\t\t<img decoding=\"async\" width=\"128\" height=\"128\" src=\"https:\/\/www.centraldevacaciones.com\/blog\/wp-content\/uploads\/2021\/03\/hamaca.png\" class=\"attachment-large size-large wp-image-12659\" alt=\"\" \/>\t\t\t\t\t\t\t\t\t\t\t\t\t\t\t<\/div>\n\t\t\t\t<div class=\"elementor-element elementor-element-3b6ddd51 elementor-widget elementor-widget-heading\" data-id=\"3b6ddd51\" data-element_type=\"widget\" data-widget_type=\"heading.default\">\n\t\t\t\t\t<h3 class=\"elementor-heading-title elementor-size-default\"><a href=\"https:\/\/www.centraldevacaciones.com\/viajes\/ofertas-a-el-caribe.html\">Ofertas de viaje al Caribe<\/a><\/h3>\t\t\t\t<\/div>\n\t\t\t\t\t<\/div>\n\t\t<\/div>\n\t\t\t\t<div class=\"elementor-column elementor-col-20 elementor-top-column elementor-element elementor-element-5251588a\" data-id=\"5251588a\" data-element_type=\"column\">\n\t\t\t<div class=\"elementor-widget-wrap elementor-element-populated\">\n\t\t\t\t\t\t<div class=\"elementor-element elementor-element-4571ca64 elementor-widget elementor-widget-image\" data-id=\"4571ca64\" data-element_type=\"widget\" data-widget_type=\"image.default\">\n\t\t\t\t\t\t\t\t\t\t\t\t\t\t\t<img decoding=\"async\" width=\"128\" height=\"128\" src=\"https:\/\/www.centraldevacaciones.com\/blog\/wp-content\/uploads\/2021\/03\/palmera.png\" class=\"attachment-large size-large wp-image-12660\" alt=\"\" \/>\t\t\t\t\t\t\t\t\t\t\t\t\t\t\t<\/div>\n\t\t\t\t<div class=\"elementor-element elementor-element-5e528277 elementor-widget elementor-widget-heading\" data-id=\"5e528277\" data-element_type=\"widget\" data-widget_type=\"heading.default\">\n\t\t\t\t\t<h3 class=\"elementor-heading-title elementor-size-default\"><a href=\"https:\/\/www.centraldevacaciones.com\/viajes\/ofertas-a-punta-cana.html\">Viajes a Punta Cana<\/a><\/h3>\t\t\t\t<\/div>\n\t\t\t\t\t<\/div>\n\t\t<\/div>\n\t\t\t\t<div class=\"elementor-column elementor-col-20 elementor-top-column elementor-element elementor-element-10a2861c\" data-id=\"10a2861c\" data-element_type=\"column\">\n\t\t\t<div class=\"elementor-widget-wrap elementor-element-populated\">\n\t\t\t\t\t\t<div class=\"elementor-element elementor-element-5095148e elementor-widget elementor-widget-image\" data-id=\"5095148e\" data-element_type=\"widget\" data-widget_type=\"image.default\">\n\t\t\t\t\t\t\t\t\t\t\t\t\t\t\t<img loading=\"lazy\" decoding=\"async\" width=\"128\" height=\"128\" src=\"https:\/\/www.centraldevacaciones.com\/blog\/wp-content\/uploads\/2021\/05\/dom.png\" class=\"attachment-large size-large wp-image-12635\" alt=\"\" \/>\t\t\t\t\t\t\t\t\t\t\t\t\t\t\t<\/div>\n\t\t\t\t<div class=\"elementor-element elementor-element-294f310a elementor-widget elementor-widget-heading\" data-id=\"294f310a\" data-element_type=\"widget\" data-widget_type=\"heading.default\">\n\t\t\t\t\t<h3 class=\"elementor-heading-title elementor-size-default\"><a href=\"https:\/\/www.centraldevacaciones.com\/viajes\/ofertas-a-varadero.html\">Viajes a Varadero<\/a><\/h3>\t\t\t\t<\/div>\n\t\t\t\t\t<\/div>\n\t\t<\/div>\n\t\t\t\t<div class=\"elementor-column elementor-col-20 elementor-top-column elementor-element elementor-element-5e929ea9\" data-id=\"5e929ea9\" data-element_type=\"column\">\n\t\t\t<div class=\"elementor-widget-wrap elementor-element-populated\">\n\t\t\t\t\t\t<div class=\"elementor-element elementor-element-18765b4c elementor-widget elementor-widget-image\" data-id=\"18765b4c\" data-element_type=\"widget\" data-widget_type=\"image.default\">\n\t\t\t\t\t\t\t\t\t\t\t\t\t\t\t<img loading=\"lazy\" decoding=\"async\" width=\"128\" height=\"128\" src=\"https:\/\/www.centraldevacaciones.com\/blog\/wp-content\/uploads\/2021\/05\/avion-1.png\" class=\"attachment-large size-large wp-image-12639\" alt=\"\" \/>\t\t\t\t\t\t\t\t\t\t\t\t\t\t\t<\/div>\n\t\t\t\t<div class=\"elementor-element elementor-element-d3a92c7 elementor-widget elementor-widget-heading\" data-id=\"d3a92c7\" data-element_type=\"widget\" data-widget_type=\"heading.default\">\n\t\t\t\t\t<h3 class=\"elementor-heading-title elementor-size-default\"><a href=\"https:\/\/www.centraldevacaciones.com\/bahiaprincipe\/\">Ofertas de Bahia Principe<\/a><\/h3>\t\t\t\t<\/div>\n\t\t\t\t\t<\/div>\n\t\t<\/div>\n\t\t\t\t<div class=\"elementor-column elementor-col-20 elementor-top-column elementor-element elementor-element-5de15914\" data-id=\"5de15914\" data-element_type=\"column\">\n\t\t\t<div class=\"elementor-widget-wrap elementor-element-populated\">\n\t\t\t\t\t\t<div class=\"elementor-element elementor-element-1d37e514 elementor-widget elementor-widget-image\" data-id=\"1d37e514\" data-element_type=\"widget\" data-widget_type=\"image.default\">\n\t\t\t\t\t\t\t\t\t\t\t\t\t\t\t<img loading=\"lazy\" decoding=\"async\" width=\"128\" height=\"128\" src=\"https:\/\/www.centraldevacaciones.com\/blog\/wp-content\/uploads\/2021\/03\/verano.png\" class=\"attachment-large size-large wp-image-12661\" alt=\"\" \/>\t\t\t\t\t\t\t\t\t\t\t\t\t\t\t<\/div>\n\t\t\t\t<div class=\"elementor-element elementor-element-4a76a8e4 elementor-widget elementor-widget-heading\" data-id=\"4a76a8e4\" data-element_type=\"widget\" data-widget_type=\"heading.default\">\n\t\t\t\t\t<h3 class=\"elementor-heading-title elementor-size-default\"><a href=\"https:\/\/www.centraldevacaciones.com\/blog\/ofertas-vacaciones-caribe\/\">Destinos del Caribe<\/a><\/h3>\t\t\t\t<\/div>\n\t\t\t\t\t<\/div>\n\t\t<\/div>\n\t\t\t\t\t<\/div>\n\t\t<\/section>\n\t\t\t\t<section class=\"elementor-section elementor-top-section elementor-element elementor-element-7188808 elementor-section-boxed elementor-section-height-default elementor-section-height-default\" data-id=\"7188808\" data-element_type=\"section\">\n\t\t\t\t\t\t<div class=\"elementor-container elementor-column-gap-default\">\n\t\t\t\t\t<div class=\"elementor-column elementor-col-100 elementor-top-column elementor-element elementor-element-aa07452\" data-id=\"aa07452\" data-element_type=\"column\">\n\t\t\t<div class=\"elementor-widget-wrap elementor-element-populated\">\n\t\t\t\t\t\t<div class=\"elementor-element elementor-element-e4d5907 elementor-widget elementor-widget-text-editor\" data-id=\"e4d5907\" data-element_type=\"widget\" data-widget_type=\"text-editor.default\">\n\t\t\t\t\t\t\t\t\t<p><span style=\"font-weight: 400;\">\u00bfTe imaginas este verano en un clima c\u00e1lido y unas espectaculares playas paradis\u00edacas? \u00a1Las playas del Caribe son para ti! Reserva ahora tu viaje al Caribe con Central de Vacaciones. Nuestras ofertas incluyen los extras m\u00e1s premium que mejor se adaptan a ti y empieza a hacer la cuenta atr\u00e1s para vivir una experiencia de verano inolvidable con quien m\u00e1s quieres.<\/span><\/p>\t\t\t\t\t\t\t\t<\/div>\n\t\t\t\t\t<\/div>\n\t\t<\/div>\n\t\t\t\t\t<\/div>\n\t\t<\/section>\n\t\t\t\t<\/div>\n\t\t","protected":false},"excerpt":{"rendered":"<p>El encanto de San Juan, Puerto Rico La isla del encanto, Puerto Rico, cuenta con una hermosa capital llamada San Juan, segunda ciudad latinoamericana con mayor ingreso per c\u00e1pita, \u00a0considerada adem\u00e1s\u00a0una de las m\u00e1s atractivas para invertir en la Am\u00e9rica hispanohablante. Para visitarla, la recomendaci\u00f3n es hacerlo durante los meses que van entre mayo y [&hellip;]<\/p>\n","protected":false},"author":1,"featured_media":3715,"comment_status":"closed","ping_status":"open","sticky":false,"template":"elementor_theme","format":"standard","meta":{"_acf_changed":false,"footnotes":""},"categories":[297,203,204,199,19],"tags":[154],"class_list":["post-1921","post","type-post","status-publish","format-standard","has-post-thumbnail","hentry","category-caribe","category-ideas-viajes-de-novios","category-ideas-viajes-verano","category-rutas-por-sudamerica","category-viajes-por-sudamerica","tag-puerto-rico"],"acf":[],"_links":{"self":[{"href":"https:\/\/www.centraldevacaciones.com\/blog\/wp-json\/wp\/v2\/posts\/1921","targetHints":{"allow":["GET"]}}],"collection":[{"href":"https:\/\/www.centraldevacaciones.com\/blog\/wp-json\/wp\/v2\/posts"}],"about":[{"href":"https:\/\/www.centraldevacaciones.com\/blog\/wp-json\/wp\/v2\/types\/post"}],"author":[{"embeddable":true,"href":"https:\/\/www.centraldevacaciones.com\/blog\/wp-json\/wp\/v2\/users\/1"}],"replies":[{"embeddable":true,"href":"https:\/\/www.centraldevacaciones.com\/blog\/wp-json\/wp\/v2\/comments?post=1921"}],"version-history":[{"count":0,"href":"https:\/\/www.centraldevacaciones.com\/blog\/wp-json\/wp\/v2\/posts\/1921\/revisions"}],"wp:featuredmedia":[{"embeddable":true,"href":"https:\/\/www.centraldevacaciones.com\/blog\/wp-json\/wp\/v2\/media\/3715"}],"wp:attachment":[{"href":"https:\/\/www.centraldevacaciones.com\/blog\/wp-json\/wp\/v2\/media?parent=1921"}],"wp:term":[{"taxonomy":"category","embeddable":true,"href":"https:\/\/www.centraldevacaciones.com\/blog\/wp-json\/wp\/v2\/categories?post=1921"},{"taxonomy":"post_tag","embeddable":true,"href":"https:\/\/www.centraldevacaciones.com\/blog\/wp-json\/wp\/v2\/tags?post=1921"}],"curies":[{"name":"wp","href":"https:\/\/api.w.org\/{rel}","templated":true}]}}