{"id":1885,"date":"2015-01-19T16:26:15","date_gmt":"2015-01-19T15:26:15","guid":{"rendered":"http:\/\/blog.centraldevacaciones.com\/?p=1885"},"modified":"2021-06-30T18:20:43","modified_gmt":"2021-06-30T16:20:43","slug":"3-playas-espanolas-que-no-te-puedes-perder","status":"publish","type":"post","link":"https:\/\/www.centraldevacaciones.com\/blog\/3-playas-espanolas-que-no-te-puedes-perder\/","title":{"rendered":"3 Playas espa\u00f1olas que no te puedes perder"},"content":{"rendered":"<p>&nbsp;<\/p>\n<p>Hoy te recomendamos tres playas espa\u00f1olas que no te puedes perder, para\u00edsos naturales a menos distancia de lo que te imaginas. \u00a1Desc\u00fabrelas!<\/p>\n<p>&nbsp;<\/p>\n<p><strong>PLAYA MITJANETA &#8211; Menorca<\/strong><\/p>\n<p>Que desde el principio de los tiempos esta isla haya estado habitada no puede ser una casualidad. Los hombres de la Edad del Bronce, romanos, fenicios, cartagineses y \u00e1rabes&#8230; Todos han visto en ella un para\u00edso imposible de abandonar. Y, por suerte, se ha mantenido al margen de la explotaci\u00f3n hotelera y todav\u00eda quedan playas casi v\u00edrgenes, como \u00e9sta, a la espera del viajero dispuesto a abandonar el coche y aventurarse por los caminos no oficiales.<\/p>\n<p><strong>C\u00f3mo llegar<\/strong> Por la carretera que une Ferrer\u00edas y Cala Galdana encontrar\u00e1s un desv\u00edo, que permanecer\u00e1 cerrado en el caso de que ya hayan pasado por aqu\u00ed muchos coches. Aparca, \u00e9chate la toalla al hombro y camina por el sendero hasta alcanzar la arena. No te arrepentir\u00e1s.<\/p>\n<p>&nbsp;<\/p>\n<p><strong>PLAYA DE RODAS &#8211; Pontevedra<\/strong><\/p>\n<p>Est\u00e1 en las Islas C\u00edes y el diario brit\u00e1nico The Guardian la ha elegido como la mejor playa del mundo (por delante de para\u00edsos de Brasil, Indonesia o El Caribe). Y para aumentar su encanto resulta imposible que su arena se llene de turistas atra\u00eddos por tan suculento reclamo, ya que est\u00e1 declarada Parque Natural y las visitas se controlan con cuentagotas \u2013que en este caso es una peque\u00f1a embarcaci\u00f3n desde Vigo.<\/p>\n<p>Alc\u00e1nzalas navegando Las C\u00edes s\u00f3lo son accesibles por barco entre julio y septiembre y, en caso de que las condiciones meteorol\u00f3gicas sean favorables, tambi\u00e9n en Semana Santa. Parte de Vigo. (M\u00e1s info. Oficina de Turismo de Vigo: tel. 986 43 05 77 o www.turgalicia.es).<\/p>\n<p><strong>EL M\u00d3NSUL &#8211; Cabo de Gata<\/strong><\/p>\n<p>Inexplicablemente Almer\u00eda ha logrado permanecer a salvo de ese s\u00edndrome incurable que lleva a edificar de modo desenfrenado y compulsivo cualquier lugar que se encuentre cercano a la costa mediterr\u00e1nea. El hecho de que esta zona fuera declarada Parque Natural en 1987 tiene mucho que ver con este milagro y que playas como Cala Higuera, Cala del Cuervo o El M\u00f3nsul permanezcan todav\u00eda casi v\u00edrgenes. Esta \u00faltima es famosa por la enorme roca que surge en el centro de la arena y hacia la que sentir\u00e1s una infinita gratitud en esas horas en las que el sol m\u00e1s que un placer es casi un infierno.<\/p>\n<p>Explora los ricos fondos marinos de este Parque y el casco de un barco hundido en sus aguas hace casi un siglo realizando alguna de las excursiones submarinas que podr\u00e1s realizar por la zona.<\/p>\n","protected":false},"excerpt":{"rendered":"<p>&nbsp; Hoy te recomendamos tres playas espa\u00f1olas que no te puedes perder, para\u00edsos naturales a menos distancia de lo que te imaginas. \u00a1Desc\u00fabrelas! &nbsp; PLAYA MITJANETA &#8211; Menorca Que desde el principio de los tiempos esta isla haya estado habitada no puede ser una casualidad. Los hombres de la Edad del Bronce, romanos, fenicios, cartagineses [&hellip;]<\/p>\n","protected":false},"author":1,"featured_media":0,"comment_status":"closed","ping_status":"open","sticky":false,"template":"elementor_theme","format":"standard","meta":{"_acf_changed":false,"footnotes":""},"categories":[297,4,193,208,204,205,194,200,195,1,17],"tags":[],"class_list":["post-1885","post","type-post","status-publish","format-standard","hentry","category-caribe","category-espana","category-europa","category-ideas-escapadas","category-ideas-viajes-verano","category-ideas-viajes-low-cost","category-islas-paradisiacas","category-rutas-por-espana","category-rutas-por-europa","category-vacaciones","category-viajes-por-europa"],"acf":[],"_links":{"self":[{"href":"https:\/\/www.centraldevacaciones.com\/blog\/wp-json\/wp\/v2\/posts\/1885","targetHints":{"allow":["GET"]}}],"collection":[{"href":"https:\/\/www.centraldevacaciones.com\/blog\/wp-json\/wp\/v2\/posts"}],"about":[{"href":"https:\/\/www.centraldevacaciones.com\/blog\/wp-json\/wp\/v2\/types\/post"}],"author":[{"embeddable":true,"href":"https:\/\/www.centraldevacaciones.com\/blog\/wp-json\/wp\/v2\/users\/1"}],"replies":[{"embeddable":true,"href":"https:\/\/www.centraldevacaciones.com\/blog\/wp-json\/wp\/v2\/comments?post=1885"}],"version-history":[{"count":0,"href":"https:\/\/www.centraldevacaciones.com\/blog\/wp-json\/wp\/v2\/posts\/1885\/revisions"}],"wp:attachment":[{"href":"https:\/\/www.centraldevacaciones.com\/blog\/wp-json\/wp\/v2\/media?parent=1885"}],"wp:term":[{"taxonomy":"category","embeddable":true,"href":"https:\/\/www.centraldevacaciones.com\/blog\/wp-json\/wp\/v2\/categories?post=1885"},{"taxonomy":"post_tag","embeddable":true,"href":"https:\/\/www.centraldevacaciones.com\/blog\/wp-json\/wp\/v2\/tags?post=1885"}],"curies":[{"name":"wp","href":"https:\/\/api.w.org\/{rel}","templated":true}]}}