{"id":186555,"date":"2025-01-03T10:38:11","date_gmt":"2025-01-03T09:38:11","guid":{"rendered":"https:\/\/www.centraldevacaciones.com\/blog\/?p=186555"},"modified":"2025-03-26T23:12:37","modified_gmt":"2025-03-26T22:12:37","slug":"importante-repercusion-sobre-el-comportamiento-del-viajero-digital-espanol-en-el-ano-2024","status":"publish","type":"post","link":"https:\/\/www.centraldevacaciones.com\/blog\/importante-repercusion-sobre-el-comportamiento-del-viajero-digital-espanol-en-el-ano-2024\/","title":{"rendered":"Importante repercusi\u00f3n sobre el Comportamiento del Viajero Digital espa\u00f1ol en el a\u00f1o 2024"},"content":{"rendered":"\t\t<div data-elementor-type=\"wp-post\" data-elementor-id=\"186555\" class=\"elementor elementor-186555\" data-elementor-post-type=\"post\">\n\t\t\t\t\t\t<section class=\"elementor-section elementor-top-section elementor-element elementor-element-639ddde elementor-section-boxed elementor-section-height-default elementor-section-height-default\" data-id=\"639ddde\" data-element_type=\"section\">\n\t\t\t\t\t\t<div class=\"elementor-container elementor-column-gap-default\">\n\t\t\t\t\t<div class=\"elementor-column elementor-col-100 elementor-top-column elementor-element elementor-element-6e1bd370\" data-id=\"6e1bd370\" data-element_type=\"column\">\n\t\t\t<div class=\"elementor-widget-wrap elementor-element-populated\">\n\t\t\t\t\t\t<div class=\"elementor-element elementor-element-5e06f8e0 elementor-widget elementor-widget-text-editor\" data-id=\"5e06f8e0\" data-element_type=\"widget\" data-widget_type=\"text-editor.default\">\n\t\t\t\t\t\t\t\t\t<p><strong class=\"before-title\">Las capitales europeas, destinos preferidos<\/strong><\/p><h1 class=\"title \">Fin de A\u00f1o: \u00bfcu\u00e1nto gastan los espa\u00f1oles en sus escapadas?<\/h1><h2 class=\"after-title\">Los viajeros digitales nacionales destinan algo m\u00e1s de 1.600\u20ac<\/h2><div class=\"before-body \"><p>El\u00a0mercado emisor espa\u00f1ol\u00a0est\u00e1\u00a0<strong>viajando intensamente durante el periodo de\u00a0Navidad\u00a0y\u00a0Fin de A\u00f1o<\/strong>. Pero, \u00bfcu\u00e1nto dinero est\u00e1n dedic\u00e1ndole a esas\u00a0escapadas\u00a0caracter\u00edsticas de esta \u00e9poca del a\u00f1o? Aunque es dif\u00edcil establecer una cantidad media definitiva, la agencia de viajes online<em>\u00a0Central de Vacaciones<\/em>\u00a0ha facilitado algunos datos de inter\u00e9s por lo que respecta a los viajeros digitales.<\/p><\/div><div class=\"body\"><p>As\u00ed, seg\u00fan la OTA, los turistas del mercado espa\u00f1ol\u00a0<strong>destinan una media de 1.600\u20ac a sus escapadas<\/strong>\u00a0durante el periodo navide\u00f1o. Una cantidad que, en un intento de ser m\u00e1s precisa, ha especificado que cambia seg\u00fan la modalidad de viaje. Concretamente, asciende a 1.625\u20ac por persona en el caso de la compra de paquetes vacacionales, mientras que para los viajes multi-destino se queda en 1.612\u20ac.<\/p><h2>Capitales europeas y Disneyland<\/h2><p>Adem\u00e1s, la misma fuente ha detallado cu\u00e1les son los destinos internacionales elegidos por los viajeros digitales espa\u00f1oles. Y las preferencias detectadas apuntan principalmente a las capitales europeas, destacando entre ellas\u00a0<strong>Londres, Roma, Budapest, Par\u00eds, Dubl\u00edn, Praga y Oporto<\/strong>. Se\u00f1alando adem\u00e1s que Disneyland Par\u00eds es otro de los puntos de inter\u00e9s de estos usuarios en las fechas navide\u00f1as.<\/p><div class=\"wysiwyg-photo\"><p><img decoding=\"async\" title=\"\" src=\"https:\/\/static.hosteltur.com\/app\/public\/uploads\/img\/articles\/2024\/12\/30\/L_151432_esta-es-la-cifra-que-gastan-los-espanoles-en-sus-viajes-de-nochevieja.jpg\" alt=\"Esta es la cifra que gastan los espa\u00f1oles en sus viajes de nochevieja\" data-id=\"262152\" \/><\/p><div class=\"caption\">Londres es una de las capitales europeas m\u00e1s elegidas para viajar en Navidad y Fin de A\u00f1o. Fuente: Pexels<\/div><\/div><p>Sin embargo, a\u00fan hay otros lugares que son frecuentemente seleccionados por los usuarios online para desplazarse en estas fechas se\u00f1aladas, como son\u00a0<strong>Nueva York, Tokio, Marrakech, Maldivas y Dub\u00e1i<\/strong>. Y, sumados a los anteriores, tambi\u00e9n forman parten del inter\u00e9s de los viajeros digitales los destinos de Caribe, entre ellos Punta Cana, Riviera Maya y Cuba, cuando lo que se busca es huir del fr\u00edo invernal.<\/p><h2>Buen clima y cultura<\/h2><p>Por el contrario, cuando la elecci\u00f3n de viaje se limita a Espa\u00f1a, Central de Vacaciones ha identificado un total de cinco destinos predilectos para los &#8216;travelers&#8217; nacionales:\u00a0<strong>Benidorm, Madrid, Fuerteventura, Ibiza y Granada<\/strong>. Todos ellos son elecciones comunes en el periodo de Navidad y Nochevieja, en algunos casos por el clima y en otros por la oferta cultural.<\/p><\/div><p>Enlaces de la noticia:<\/p><h4>Nexotur:<\/h4><p><span style=\"font-size: 10.0pt; font-family: 'Verdana',sans-serif;\">https:\/\/www.nexotur.com\/noticia\/125584\/paris-y-nueva-york-destinos-globales-de-los-viajeros-digitales-nacionales.html \u00a0<\/span><\/p><h4>Hosteltur:<\/h4><p>https:\/\/www.hosteltur.com\/167558_fin-de-ano-cuanto-gastan-los-espanoles-en-sus-escapadas.html<\/p><h4>Gaceta del Turismo:<\/h4><p><blockquote class=\"wp-embedded-content\" data-secret=\"KflwSwsxM5\"><a href=\"https:\/\/gacetadelturismo.com\/operadores-turisticos\/como-se-ha-comportado-el-viajero-digital-nacional-en-el-ano-2024\/\" rel=\"nofollow noopener\" target=\"_blank\">C\u00f3mo se ha comportado\u00a0 el viajero digital nacional en el a\u00f1o 2024<\/a><\/blockquote><iframe class=\"wp-embedded-content\" sandbox=\"allow-scripts\" security=\"restricted\" style=\"position: absolute; visibility: hidden;\" title=\"\u00abC\u00f3mo se ha comportado\u00a0 el viajero digital nacional en el a\u00f1o 2024\u00bb \u2014 Gaceta del Turismo\" src=\"https:\/\/gacetadelturismo.com\/operadores-turisticos\/como-se-ha-comportado-el-viajero-digital-nacional-en-el-ano-2024\/embed\/#?secret=vDTVQmRwMz#?secret=KflwSwsxM5\" data-secret=\"KflwSwsxM5\" width=\"600\" height=\"338\" frameborder=\"0\" marginwidth=\"0\" marginheight=\"0\" scrolling=\"no\"><\/iframe><\/p><h4>Sivarious:<\/h4><p>https:\/\/sivarious.com\/gestion\/radiografia-del-turismo-en-2024-los-destinos-globales-mas-visitados-por-los-espanoles-20241231-1035\/<\/p><h4>Expreso:<\/h4><p>https:\/\/www.expreso.info\/index.php\/noticias\/agencias\/104348_como_se_ha_comportado_el_viajero_digital_espanol_en_2024<\/p><h4>Smart Travel News:<\/h4><p><blockquote class=\"wp-embedded-content\" data-secret=\"XlXjGFkfFN\"><a href=\"https:\/\/www.smarttravel.news\/podcast\/el-turismo-representa-el-195-de-las-principales-intenciones-de-compra-de-los-espanoles-para-los-proximos-meses\/\" rel=\"nofollow noopener\" target=\"_blank\">El turismo representa el 19,5% de las principales intenciones de compra de los espa\u00f1oles para los pr\u00f3ximos meses<\/a><\/blockquote><iframe class=\"wp-embedded-content\" sandbox=\"allow-scripts\" security=\"restricted\" style=\"position: absolute; visibility: hidden;\" title=\"\u00abEl turismo representa el 19,5% de las principales intenciones de compra de los espa\u00f1oles para los pr\u00f3ximos meses\u00bb \u2014 Smart Travel News\" src=\"https:\/\/www.smarttravel.news\/podcast\/el-turismo-representa-el-195-de-las-principales-intenciones-de-compra-de-los-espanoles-para-los-proximos-meses\/embed\/#?secret=LCOfxX0QIh#?secret=XlXjGFkfFN\" data-secret=\"XlXjGFkfFN\" width=\"600\" height=\"338\" frameborder=\"0\" marginwidth=\"0\" marginheight=\"0\" scrolling=\"no\"><\/iframe><\/p>\t\t\t\t\t\t\t\t<\/div>\n\t\t\t\t\t<\/div>\n\t\t<\/div>\n\t\t\t\t\t<\/div>\n\t\t<\/section>\n\t\t\t\t<section class=\"elementor-section elementor-top-section elementor-element elementor-element-17fbe5cd elementor-section-boxed elementor-section-height-default elementor-section-height-default\" data-id=\"17fbe5cd\" data-element_type=\"section\">\n\t\t\t\t\t\t<div class=\"elementor-container elementor-column-gap-custom\">\n\t\t\t\t\t<div class=\"elementor-column elementor-col-16 elementor-top-column elementor-element elementor-element-28d2a940\" data-id=\"28d2a940\" data-element_type=\"column\">\n\t\t\t<div class=\"elementor-widget-wrap elementor-element-populated\">\n\t\t\t\t\t\t<div class=\"elementor-element elementor-element-557ddc61 elementor-widget elementor-widget-image\" data-id=\"557ddc61\" data-element_type=\"widget\" data-widget_type=\"image.default\">\n\t\t\t\t\t\t\t\t\t\t\t\t\t\t\t<img decoding=\"async\" width=\"128\" height=\"128\" src=\"https:\/\/www.centraldevacaciones.com\/blog\/wp-content\/uploads\/2021\/05\/dom.png\" class=\"attachment-large size-large wp-image-12635\" alt=\"\" \/>\t\t\t\t\t\t\t\t\t\t\t\t\t\t\t<\/div>\n\t\t\t\t<div class=\"elementor-element elementor-element-1fd0de01 elementor-widget elementor-widget-heading\" data-id=\"1fd0de01\" data-element_type=\"widget\" data-widget_type=\"heading.default\">\n\t\t\t\t\t<h4 class=\"elementor-heading-title elementor-size-default\"><a href=\"https:\/\/www.centraldevacaciones.com\/viajes\/\">Ofertas vacacionales<\/a><\/h4>\t\t\t\t<\/div>\n\t\t\t\t\t<\/div>\n\t\t<\/div>\n\t\t\t\t<div class=\"elementor-column elementor-col-16 elementor-top-column elementor-element elementor-element-6b664164\" data-id=\"6b664164\" data-element_type=\"column\">\n\t\t\t<div class=\"elementor-widget-wrap elementor-element-populated\">\n\t\t\t\t\t\t<div class=\"elementor-element elementor-element-6067d49e elementor-widget elementor-widget-image\" data-id=\"6067d49e\" data-element_type=\"widget\" data-widget_type=\"image.default\">\n\t\t\t\t\t\t\t\t\t\t\t\t\t\t\t<img decoding=\"async\" width=\"128\" height=\"128\" src=\"https:\/\/www.centraldevacaciones.com\/blog\/wp-content\/uploads\/2021\/05\/camas.png\" class=\"attachment-large size-large wp-image-12637\" alt=\"\" \/>\t\t\t\t\t\t\t\t\t\t\t\t\t\t\t<\/div>\n\t\t\t\t<div class=\"elementor-element elementor-element-213121d4 elementor-widget elementor-widget-heading\" data-id=\"213121d4\" data-element_type=\"widget\" data-widget_type=\"heading.default\">\n\t\t\t\t\t<h3 class=\"elementor-heading-title elementor-size-default\"><a href=\"https:\/\/www.centraldevacaciones.com\/blog\/hoteles-de-ciudad\/\">Ofertas hoteles<\/a><\/h3>\t\t\t\t<\/div>\n\t\t\t\t\t<\/div>\n\t\t<\/div>\n\t\t\t\t<div class=\"elementor-column elementor-col-16 elementor-top-column elementor-element elementor-element-11cd9f7\" data-id=\"11cd9f7\" data-element_type=\"column\">\n\t\t\t<div class=\"elementor-widget-wrap elementor-element-populated\">\n\t\t\t\t\t\t<div class=\"elementor-element elementor-element-d1ab2d3 elementor-widget elementor-widget-image\" data-id=\"d1ab2d3\" data-element_type=\"widget\" data-widget_type=\"image.default\">\n\t\t\t\t\t\t\t\t\t\t\t\t\t\t\t<img decoding=\"async\" width=\"128\" height=\"128\" src=\"https:\/\/www.centraldevacaciones.com\/blog\/wp-content\/uploads\/2021\/05\/avion-1.png\" class=\"attachment-large size-large wp-image-12639\" alt=\"\" \/>\t\t\t\t\t\t\t\t\t\t\t\t\t\t\t<\/div>\n\t\t\t\t<div class=\"elementor-element elementor-element-71a90fce elementor-widget elementor-widget-heading\" data-id=\"71a90fce\" data-element_type=\"widget\" data-widget_type=\"heading.default\">\n\t\t\t\t\t<h4 class=\"elementor-heading-title elementor-size-default\"><a href=\"https:\/\/www.centraldevacaciones.com\/blog\/destinos-vacaciones\/\">Mejores destinos<\/a><\/h4>\t\t\t\t<\/div>\n\t\t\t\t\t<\/div>\n\t\t<\/div>\n\t\t\t\t<div class=\"elementor-column elementor-col-16 elementor-top-column elementor-element elementor-element-4ca121b6\" data-id=\"4ca121b6\" data-element_type=\"column\">\n\t\t\t<div class=\"elementor-widget-wrap elementor-element-populated\">\n\t\t\t\t\t\t<div class=\"elementor-element elementor-element-7074d852 elementor-widget elementor-widget-image\" data-id=\"7074d852\" data-element_type=\"widget\" data-widget_type=\"image.default\">\n\t\t\t\t\t\t\t\t\t\t\t\t\t\t\t<img loading=\"lazy\" decoding=\"async\" width=\"128\" height=\"128\" src=\"https:\/\/www.centraldevacaciones.com\/blog\/wp-content\/uploads\/2021\/05\/cama-solar.png\" class=\"attachment-large size-large wp-image-12640\" alt=\"\" \/>\t\t\t\t\t\t\t\t\t\t\t\t\t\t\t<\/div>\n\t\t\t\t<div class=\"elementor-element elementor-element-60cc3fb4 elementor-widget elementor-widget-heading\" data-id=\"60cc3fb4\" data-element_type=\"widget\" data-widget_type=\"heading.default\">\n\t\t\t\t\t<h4 class=\"elementor-heading-title elementor-size-default\"><a href=\"https:\/\/www.centraldevacaciones.com\/blog\/ofertas-circuitos\/\">Circuitos vacacionales<\/a><\/h4>\t\t\t\t<\/div>\n\t\t\t\t\t<\/div>\n\t\t<\/div>\n\t\t\t\t<div class=\"elementor-column elementor-col-16 elementor-top-column elementor-element elementor-element-ef5a1f9\" data-id=\"ef5a1f9\" data-element_type=\"column\">\n\t\t\t<div class=\"elementor-widget-wrap elementor-element-populated\">\n\t\t\t\t\t\t<div class=\"elementor-element elementor-element-2f5b3e65 elementor-widget elementor-widget-image\" data-id=\"2f5b3e65\" data-element_type=\"widget\" data-widget_type=\"image.default\">\n\t\t\t\t\t\t\t\t\t\t\t\t\t\t\t<img loading=\"lazy\" decoding=\"async\" width=\"128\" height=\"128\" src=\"https:\/\/www.centraldevacaciones.com\/blog\/wp-content\/uploads\/2021\/05\/en-todo-el-mundo.png\" class=\"attachment-large size-large wp-image-12641\" alt=\"\" \/>\t\t\t\t\t\t\t\t\t\t\t\t\t\t\t<\/div>\n\t\t\t\t<div class=\"elementor-element elementor-element-44a01ceb elementor-widget elementor-widget-heading\" data-id=\"44a01ceb\" data-element_type=\"widget\" data-widget_type=\"heading.default\">\n\t\t\t\t\t<h4 class=\"elementor-heading-title elementor-size-default\"><a href=\"https:\/\/www.centraldevacaciones.com\/blog\/vuelo-hotel\/\">Vuelo + hotel <\/a><\/h4>\t\t\t\t<\/div>\n\t\t\t\t\t<\/div>\n\t\t<\/div>\n\t\t\t\t<div class=\"elementor-column elementor-col-16 elementor-top-column elementor-element elementor-element-730efa8e\" data-id=\"730efa8e\" data-element_type=\"column\">\n\t\t\t<div class=\"elementor-widget-wrap elementor-element-populated\">\n\t\t\t\t\t\t<div class=\"elementor-element elementor-element-30998163 elementor-widget elementor-widget-image\" data-id=\"30998163\" data-element_type=\"widget\" data-widget_type=\"image.default\">\n\t\t\t\t\t\t\t\t\t\t\t\t\t\t\t<img loading=\"lazy\" decoding=\"async\" width=\"128\" height=\"128\" src=\"https:\/\/www.centraldevacaciones.com\/blog\/wp-content\/uploads\/2021\/05\/crucero.png\" class=\"attachment-large size-large wp-image-12642\" alt=\"\" \/>\t\t\t\t\t\t\t\t\t\t\t\t\t\t\t<\/div>\n\t\t\t\t<div class=\"elementor-element elementor-element-2ebce847 elementor-widget elementor-widget-heading\" data-id=\"2ebce847\" data-element_type=\"widget\" data-widget_type=\"heading.default\">\n\t\t\t\t\t<h4 class=\"elementor-heading-title elementor-size-default\"><a href=\"https:\/\/www.centraldevacaciones.com\/blog\/destinos-cruceros\/\">Ofertas  cruceros<\/a><\/h4>\t\t\t\t<\/div>\n\t\t\t\t\t<\/div>\n\t\t<\/div>\n\t\t\t\t\t<\/div>\n\t\t<\/section>\n\t\t\t\t<section class=\"elementor-section elementor-top-section elementor-element elementor-element-ded4f15 elementor-section-boxed elementor-section-height-default elementor-section-height-default\" data-id=\"ded4f15\" data-element_type=\"section\">\n\t\t\t\t\t\t<div class=\"elementor-container elementor-column-gap-default\">\n\t\t\t\t\t<div class=\"elementor-column elementor-col-100 elementor-top-column elementor-element elementor-element-783ea83\" data-id=\"783ea83\" data-element_type=\"column\">\n\t\t\t<div class=\"elementor-widget-wrap elementor-element-populated\">\n\t\t\t\t\t\t<div class=\"elementor-element elementor-element-f552e2a elementor-widget elementor-widget-text-editor\" data-id=\"f552e2a\" data-element_type=\"widget\" data-widget_type=\"text-editor.default\">\n\t\t\t\t\t\t\t\t\t<p><span style=\"font-weight: 400;\">\u00bfTe gustar\u00eda poder disfrutar este verano de unas vacaciones en tu lugar favorito con los extras m\u00e1s premium que mejor se adapten a ti y poder contar la experiencia a tus conocidos? Est\u00e1s en el sitio correcto, \u00a1Si\u00e9ntete como en casa desde el primer d\u00eda de estancia en cualquier hotel reservado con Central de Vacaciones!<\/span><\/p>\n<p><span style=\"font-weight: 400;\">Haz tu reserva cuando quieras y a donde quieras, teniendo acceso a todo tipo de lujos para elegir y disfruta unos d\u00edas de verano inolvidables junto a las personas que m\u00e1s quieres. \u00a1Haz ya tu reserva antes de que se agote la disponibilidad a muchos destinos y disfruta de un verano espectacular cuando y donde quieras con Central de Vacaciones!<\/span><\/p>\t\t\t\t\t\t\t\t<\/div>\n\t\t\t\t\t<\/div>\n\t\t<\/div>\n\t\t\t\t\t<\/div>\n\t\t<\/section>\n\t\t\t\t<section class=\"elementor-section elementor-top-section elementor-element elementor-element-d54d9b2 elementor-section-boxed elementor-section-height-default elementor-section-height-default\" data-id=\"d54d9b2\" data-element_type=\"section\">\n\t\t\t\t\t\t<div class=\"elementor-container elementor-column-gap-default\">\n\t\t\t\t\t<div class=\"elementor-column elementor-col-100 elementor-top-column elementor-element elementor-element-639d978\" data-id=\"639d978\" data-element_type=\"column\">\n\t\t\t<div class=\"elementor-widget-wrap elementor-element-populated\">\n\t\t\t\t\t\t<div class=\"elementor-element elementor-element-ec69a5a elementor-arrows-position-inside elementor-widget elementor-widget-image-carousel\" data-id=\"ec69a5a\" data-element_type=\"widget\" data-settings=\"{&quot;slides_to_show&quot;:&quot;3&quot;,&quot;slides_to_scroll&quot;:&quot;3&quot;,&quot;navigation&quot;:&quot;arrows&quot;,&quot;autoplay&quot;:&quot;yes&quot;,&quot;pause_on_hover&quot;:&quot;yes&quot;,&quot;pause_on_interaction&quot;:&quot;yes&quot;,&quot;autoplay_speed&quot;:5000,&quot;infinite&quot;:&quot;yes&quot;,&quot;speed&quot;:500}\" data-widget_type=\"image-carousel.default\">\n\t\t\t\t\t\t\t<div class=\"elementor-image-carousel-wrapper swiper\" role=\"region\" aria-roledescription=\"carousel\" aria-label=\"Carrusel de im\u00e1genes\" dir=\"ltr\">\n\t\t\t<div class=\"elementor-image-carousel swiper-wrapper\" aria-live=\"off\">\n\t\t\t\t\t\t\t\t<div class=\"swiper-slide\" role=\"group\" aria-roledescription=\"slide\" aria-label=\"1 de 3\"><figure class=\"swiper-slide-inner\"><img decoding=\"async\" class=\"swiper-slide-image\" src=\"https:\/\/www.centraldevacaciones.com\/blog\/wp-content\/uploads\/2024\/11\/1732614507943-768x512.jpg\" alt=\"1732614507943\" \/><\/figure><\/div><div class=\"swiper-slide\" role=\"group\" aria-roledescription=\"slide\" aria-label=\"2 de 3\"><figure class=\"swiper-slide-inner\"><img decoding=\"async\" class=\"swiper-slide-image\" src=\"https:\/\/www.centraldevacaciones.com\/blog\/wp-content\/uploads\/2024\/11\/1732614508588-768x512.jpg\" alt=\"1732614508588\" \/><\/figure><\/div><div class=\"swiper-slide\" role=\"group\" aria-roledescription=\"slide\" aria-label=\"3 de 3\"><figure class=\"swiper-slide-inner\"><img decoding=\"async\" class=\"swiper-slide-image\" src=\"https:\/\/www.centraldevacaciones.com\/blog\/wp-content\/uploads\/2024\/11\/1732614501758-1-768x512.jpg\" alt=\"1732614501758\" \/><\/figure><\/div>\t\t\t<\/div>\n\t\t\t\t\t\t\t\t\t\t\t\t<div class=\"elementor-swiper-button elementor-swiper-button-prev\" role=\"button\" tabindex=\"0\">\n\t\t\t\t\t\t<i aria-hidden=\"true\" class=\"eicon-chevron-left\"><\/i>\t\t\t\t\t<\/div>\n\t\t\t\t\t<div class=\"elementor-swiper-button elementor-swiper-button-next\" role=\"button\" tabindex=\"0\">\n\t\t\t\t\t\t<i aria-hidden=\"true\" class=\"eicon-chevron-right\"><\/i>\t\t\t\t\t<\/div>\n\t\t\t\t\n\t\t\t\t\t\t\t\t\t<\/div>\n\t\t\t\t\t\t<\/div>\n\t\t\t\t\t<\/div>\n\t\t<\/div>\n\t\t\t\t\t<\/div>\n\t\t<\/section>\n\t\t\t\t<\/div>\n\t\t","protected":false},"excerpt":{"rendered":"<p>Las capitales europeas, destinos preferidos Fin de A\u00f1o: \u00bfcu\u00e1nto gastan los espa\u00f1oles en sus escapadas? Los viajeros digitales nacionales destinan algo m\u00e1s de 1.600\u20ac El\u00a0mercado emisor espa\u00f1ol\u00a0est\u00e1\u00a0viajando intensamente durante el periodo de\u00a0Navidad\u00a0y\u00a0Fin de A\u00f1o. Pero, \u00bfcu\u00e1nto dinero est\u00e1n dedic\u00e1ndole a esas\u00a0escapadas\u00a0caracter\u00edsticas de esta \u00e9poca del a\u00f1o? Aunque es dif\u00edcil establecer una cantidad media definitiva, la [&hellip;]<\/p>\n","protected":false},"author":5,"featured_media":186330,"comment_status":"closed","ping_status":"closed","sticky":true,"template":"elementor_theme","format":"standard","meta":{"_acf_changed":false,"footnotes":""},"categories":[2182],"tags":[2206,2365,2247,2359,2358,2354,2371,2353,2373,2355,2361,2374,2356,2342,2366,2363,2335],"class_list":["post-186555","post","type-post","status-publish","format-standard","has-post-thumbnail","hentry","category-noticias-central-de-vacaciones","tag-agencia-de-viajes-online","tag-agencias-de-viajes-en-espana","tag-central-de-vacaciones","tag-el-confidencial-digital","tag-europa-press","tag-experiencia-de-viaje-personalizada","tag-hosteltur","tag-innovaciones-turisticas","tag-la-gaceta-del-turismo","tag-medios-de-comunicacion","tag-merca2","tag-nexotur","tag-noticias-de-turismo","tag-planificacion-de-viajes","tag-planificacion-de-viajes-avanzada","tag-smart-travel-news","tag-tecnologia-de-viajes"],"acf":[],"_links":{"self":[{"href":"https:\/\/www.centraldevacaciones.com\/blog\/wp-json\/wp\/v2\/posts\/186555","targetHints":{"allow":["GET"]}}],"collection":[{"href":"https:\/\/www.centraldevacaciones.com\/blog\/wp-json\/wp\/v2\/posts"}],"about":[{"href":"https:\/\/www.centraldevacaciones.com\/blog\/wp-json\/wp\/v2\/types\/post"}],"author":[{"embeddable":true,"href":"https:\/\/www.centraldevacaciones.com\/blog\/wp-json\/wp\/v2\/users\/5"}],"replies":[{"embeddable":true,"href":"https:\/\/www.centraldevacaciones.com\/blog\/wp-json\/wp\/v2\/comments?post=186555"}],"version-history":[{"count":15,"href":"https:\/\/www.centraldevacaciones.com\/blog\/wp-json\/wp\/v2\/posts\/186555\/revisions"}],"predecessor-version":[{"id":187408,"href":"https:\/\/www.centraldevacaciones.com\/blog\/wp-json\/wp\/v2\/posts\/186555\/revisions\/187408"}],"wp:featuredmedia":[{"embeddable":true,"href":"https:\/\/www.centraldevacaciones.com\/blog\/wp-json\/wp\/v2\/media\/186330"}],"wp:attachment":[{"href":"https:\/\/www.centraldevacaciones.com\/blog\/wp-json\/wp\/v2\/media?parent=186555"}],"wp:term":[{"taxonomy":"category","embeddable":true,"href":"https:\/\/www.centraldevacaciones.com\/blog\/wp-json\/wp\/v2\/categories?post=186555"},{"taxonomy":"post_tag","embeddable":true,"href":"https:\/\/www.centraldevacaciones.com\/blog\/wp-json\/wp\/v2\/tags?post=186555"}],"curies":[{"name":"wp","href":"https:\/\/api.w.org\/{rel}","templated":true}]}}