{"id":185628,"date":"2024-09-20T10:11:00","date_gmt":"2024-09-20T08:11:00","guid":{"rendered":"https:\/\/www.centraldevacaciones.com\/blog\/?p=185628"},"modified":"2025-03-25T20:52:21","modified_gmt":"2025-03-25T19:52:21","slug":"entrevista-a-nuestro-ceo-en-el-portal-lider-en-turismo-de-habla-hispana-ladevi","status":"publish","type":"post","link":"https:\/\/www.centraldevacaciones.com\/blog\/entrevista-a-nuestro-ceo-en-el-portal-lider-en-turismo-de-habla-hispana-ladevi\/","title":{"rendered":"Entrevista a nuestro CEO en el portal l\u00edder en turismo de habla hispana Ladevi"},"content":{"rendered":"\t\t<div data-elementor-type=\"wp-post\" data-elementor-id=\"185628\" class=\"elementor elementor-185628\" data-elementor-post-type=\"post\">\n\t\t\t\t\t\t<section class=\"elementor-section elementor-top-section elementor-element elementor-element-639ddde elementor-section-boxed elementor-section-height-default elementor-section-height-default\" data-id=\"639ddde\" data-element_type=\"section\">\n\t\t\t\t\t\t<div class=\"elementor-container elementor-column-gap-default\">\n\t\t\t\t\t<div class=\"elementor-column elementor-col-100 elementor-top-column elementor-element elementor-element-6e1bd370\" data-id=\"6e1bd370\" data-element_type=\"column\">\n\t\t\t<div class=\"elementor-widget-wrap elementor-element-populated\">\n\t\t\t\t\t\t<div class=\"elementor-element elementor-element-5e06f8e0 elementor-widget elementor-widget-text-editor\" data-id=\"5e06f8e0\" data-element_type=\"widget\" data-widget_type=\"text-editor.default\">\n\t\t\t\t\t\t\t\t\t<p>La edici\u00f3n espa\u00f1ola del portal l\u00edder en turismo de habla hispana <a href=\"https:\/\/www.linkedin.com\/company\/ladevi-medios-y-soluciones\/\" target=\"_self\" data-test-app-aware-link=\"\" rel=\"nofollow noopener\">Ladevi Medios y Soluciones<\/a> lleva hoy en su portada una entrevista en la que soy protagonista, en calidad de CEO de <a href=\"https:\/\/www.linkedin.com\/company\/centraldevacaciones-com\/\" target=\"_self\" data-test-app-aware-link=\"\" rel=\"nofollow noopener\">Centraldevacaciones.com<\/a>, realizada por uno de sus colaboradores destacados en nuestro pa\u00eds, <a href=\"https:\/\/www.linkedin.com\/in\/borja-c-907460111\/\" rel=\"nofollow noopener\" target=\"_blank\">Borja C.<\/a>, con motivo del 15\u00aa aniversario de nuestra creaci\u00f3n.<\/p>\n<p>En su informaci\u00f3n, Borja recoge algunas de las claves de la gesti\u00f3n de nuestro modelo de negocio, que seg\u00fan explica \u201cconsiste en aglutinar en una misma web las mejores ofertas de los turoperadores m\u00e1s importantes para que el cliente no tenga que hacer mil y una b\u00fasquedas\u201d, algo que este medio califica de \u201cdisruptivo\u201d en el sector.<\/p>\n<p>En la charla mantenida con LADEVI Espa\u00f1a tambi\u00e9n detallo otros factores de nuestra gesti\u00f3n, entre los que destacan la reputaci\u00f3n de la marca, la variedad de nuestra oferta, la calidad y el precio, seg\u00fan explico en la entrevista, que esta disponible aqu\u00ed, a trav\u00e9s del siguiente enlace:<\/p>\n<p><a href=\"https:\/\/espana.ladevi.info\/central-vacaciones\/central-vacaciones-o-como-aunar-ofertas-turoperadores-un-solo-lugar-n72863\" rel=\"nofollow noopener\" target=\"_blank\">https:\/\/espana.ladevi.info\/central-vacaciones\/central-vacaciones-o-como-aunar-ofertas-turoperadores-un-solo-lugar-n72863<\/a><\/p>\n<p>Esperamos que os guste.<\/p>\t\t\t\t\t\t\t\t<\/div>\n\t\t\t\t\t<\/div>\n\t\t<\/div>\n\t\t\t\t\t<\/div>\n\t\t<\/section>\n\t\t\t\t<section class=\"elementor-section elementor-top-section elementor-element elementor-element-17fbe5cd elementor-section-boxed elementor-section-height-default elementor-section-height-default\" data-id=\"17fbe5cd\" data-element_type=\"section\">\n\t\t\t\t\t\t<div class=\"elementor-container elementor-column-gap-custom\">\n\t\t\t\t\t<div class=\"elementor-column elementor-col-16 elementor-top-column elementor-element elementor-element-28d2a940\" data-id=\"28d2a940\" data-element_type=\"column\">\n\t\t\t<div class=\"elementor-widget-wrap elementor-element-populated\">\n\t\t\t\t\t\t<div class=\"elementor-element elementor-element-557ddc61 elementor-widget elementor-widget-image\" data-id=\"557ddc61\" data-element_type=\"widget\" data-widget_type=\"image.default\">\n\t\t\t\t\t\t\t\t\t\t\t\t\t\t\t<img decoding=\"async\" width=\"128\" height=\"128\" src=\"https:\/\/www.centraldevacaciones.com\/blog\/wp-content\/uploads\/2021\/05\/dom.png\" class=\"attachment-large size-large wp-image-12635\" alt=\"\" \/>\t\t\t\t\t\t\t\t\t\t\t\t\t\t\t<\/div>\n\t\t\t\t<div class=\"elementor-element elementor-element-1fd0de01 elementor-widget elementor-widget-heading\" data-id=\"1fd0de01\" data-element_type=\"widget\" data-widget_type=\"heading.default\">\n\t\t\t\t\t<h3 class=\"elementor-heading-title elementor-size-default\"><a href=\"https:\/\/www.centraldevacaciones.com\/viajes\/\">Ofertas vacacionales<\/a><\/h3>\t\t\t\t<\/div>\n\t\t\t\t\t<\/div>\n\t\t<\/div>\n\t\t\t\t<div class=\"elementor-column elementor-col-16 elementor-top-column elementor-element elementor-element-6b664164\" data-id=\"6b664164\" data-element_type=\"column\">\n\t\t\t<div class=\"elementor-widget-wrap elementor-element-populated\">\n\t\t\t\t\t\t<div class=\"elementor-element elementor-element-6067d49e elementor-widget elementor-widget-image\" data-id=\"6067d49e\" data-element_type=\"widget\" data-widget_type=\"image.default\">\n\t\t\t\t\t\t\t\t\t\t\t\t\t\t\t<img decoding=\"async\" width=\"128\" height=\"128\" src=\"https:\/\/www.centraldevacaciones.com\/blog\/wp-content\/uploads\/2021\/05\/camas.png\" class=\"attachment-large size-large wp-image-12637\" alt=\"\" \/>\t\t\t\t\t\t\t\t\t\t\t\t\t\t\t<\/div>\n\t\t\t\t<div class=\"elementor-element elementor-element-213121d4 elementor-widget elementor-widget-heading\" data-id=\"213121d4\" data-element_type=\"widget\" data-widget_type=\"heading.default\">\n\t\t\t\t\t<h3 class=\"elementor-heading-title elementor-size-default\"><a href=\"https:\/\/www.centraldevacaciones.com\/blog\/hoteles-de-ciudad\/\">Ofertas hoteles<\/a><\/h3>\t\t\t\t<\/div>\n\t\t\t\t\t<\/div>\n\t\t<\/div>\n\t\t\t\t<div class=\"elementor-column elementor-col-16 elementor-top-column elementor-element elementor-element-11cd9f7\" data-id=\"11cd9f7\" data-element_type=\"column\">\n\t\t\t<div class=\"elementor-widget-wrap elementor-element-populated\">\n\t\t\t\t\t\t<div class=\"elementor-element elementor-element-d1ab2d3 elementor-widget elementor-widget-image\" data-id=\"d1ab2d3\" data-element_type=\"widget\" data-widget_type=\"image.default\">\n\t\t\t\t\t\t\t\t\t\t\t\t\t\t\t<img decoding=\"async\" width=\"128\" height=\"128\" src=\"https:\/\/www.centraldevacaciones.com\/blog\/wp-content\/uploads\/2021\/05\/avion-1.png\" class=\"attachment-large size-large wp-image-12639\" alt=\"\" \/>\t\t\t\t\t\t\t\t\t\t\t\t\t\t\t<\/div>\n\t\t\t\t<div class=\"elementor-element elementor-element-71a90fce elementor-widget elementor-widget-heading\" data-id=\"71a90fce\" data-element_type=\"widget\" data-widget_type=\"heading.default\">\n\t\t\t\t\t<h3 class=\"elementor-heading-title elementor-size-default\"><a href=\"https:\/\/www.centraldevacaciones.com\/blog\/destinos-vacaciones\/\">Mejores destinos<\/a><\/h3>\t\t\t\t<\/div>\n\t\t\t\t\t<\/div>\n\t\t<\/div>\n\t\t\t\t<div class=\"elementor-column elementor-col-16 elementor-top-column elementor-element elementor-element-4ca121b6\" data-id=\"4ca121b6\" data-element_type=\"column\">\n\t\t\t<div class=\"elementor-widget-wrap elementor-element-populated\">\n\t\t\t\t\t\t<div class=\"elementor-element elementor-element-7074d852 elementor-widget elementor-widget-image\" data-id=\"7074d852\" data-element_type=\"widget\" data-widget_type=\"image.default\">\n\t\t\t\t\t\t\t\t\t\t\t\t\t\t\t<img loading=\"lazy\" decoding=\"async\" width=\"128\" height=\"128\" src=\"https:\/\/www.centraldevacaciones.com\/blog\/wp-content\/uploads\/2021\/05\/cama-solar.png\" class=\"attachment-large size-large wp-image-12640\" alt=\"\" \/>\t\t\t\t\t\t\t\t\t\t\t\t\t\t\t<\/div>\n\t\t\t\t<div class=\"elementor-element elementor-element-60cc3fb4 elementor-widget elementor-widget-heading\" data-id=\"60cc3fb4\" data-element_type=\"widget\" data-widget_type=\"heading.default\">\n\t\t\t\t\t<h3 class=\"elementor-heading-title elementor-size-default\"><a href=\"https:\/\/www.centraldevacaciones.com\/blog\/ofertas-circuitos\/\">Circuitos vacacionales<\/a><\/h3>\t\t\t\t<\/div>\n\t\t\t\t\t<\/div>\n\t\t<\/div>\n\t\t\t\t<div class=\"elementor-column elementor-col-16 elementor-top-column elementor-element elementor-element-ef5a1f9\" data-id=\"ef5a1f9\" data-element_type=\"column\">\n\t\t\t<div class=\"elementor-widget-wrap elementor-element-populated\">\n\t\t\t\t\t\t<div class=\"elementor-element elementor-element-2f5b3e65 elementor-widget elementor-widget-image\" data-id=\"2f5b3e65\" data-element_type=\"widget\" data-widget_type=\"image.default\">\n\t\t\t\t\t\t\t\t\t\t\t\t\t\t\t<img loading=\"lazy\" decoding=\"async\" width=\"128\" height=\"128\" src=\"https:\/\/www.centraldevacaciones.com\/blog\/wp-content\/uploads\/2021\/05\/en-todo-el-mundo.png\" class=\"attachment-large size-large wp-image-12641\" alt=\"\" \/>\t\t\t\t\t\t\t\t\t\t\t\t\t\t\t<\/div>\n\t\t\t\t<div class=\"elementor-element elementor-element-44a01ceb elementor-widget elementor-widget-heading\" data-id=\"44a01ceb\" data-element_type=\"widget\" data-widget_type=\"heading.default\">\n\t\t\t\t\t<h3 class=\"elementor-heading-title elementor-size-default\"><a href=\"https:\/\/www.centraldevacaciones.com\/blog\/vuelo-hotel\/\">Vuelo + hotel <\/a><\/h3>\t\t\t\t<\/div>\n\t\t\t\t\t<\/div>\n\t\t<\/div>\n\t\t\t\t<div class=\"elementor-column elementor-col-16 elementor-top-column elementor-element elementor-element-730efa8e\" data-id=\"730efa8e\" data-element_type=\"column\">\n\t\t\t<div class=\"elementor-widget-wrap elementor-element-populated\">\n\t\t\t\t\t\t<div class=\"elementor-element elementor-element-30998163 elementor-widget elementor-widget-image\" data-id=\"30998163\" data-element_type=\"widget\" data-widget_type=\"image.default\">\n\t\t\t\t\t\t\t\t\t\t\t\t\t\t\t<img loading=\"lazy\" decoding=\"async\" width=\"128\" height=\"128\" src=\"https:\/\/www.centraldevacaciones.com\/blog\/wp-content\/uploads\/2021\/05\/crucero.png\" class=\"attachment-large size-large wp-image-12642\" alt=\"\" \/>\t\t\t\t\t\t\t\t\t\t\t\t\t\t\t<\/div>\n\t\t\t\t<div class=\"elementor-element elementor-element-2ebce847 elementor-widget elementor-widget-heading\" data-id=\"2ebce847\" data-element_type=\"widget\" data-widget_type=\"heading.default\">\n\t\t\t\t\t<h3 class=\"elementor-heading-title elementor-size-default\"><a href=\"https:\/\/www.centraldevacaciones.com\/blog\/destinos-cruceros\/\">Ofertas  cruceros<\/a><\/h3>\t\t\t\t<\/div>\n\t\t\t\t\t<\/div>\n\t\t<\/div>\n\t\t\t\t\t<\/div>\n\t\t<\/section>\n\t\t\t\t<section class=\"elementor-section elementor-top-section elementor-element elementor-element-ded4f15 elementor-section-boxed elementor-section-height-default elementor-section-height-default\" data-id=\"ded4f15\" data-element_type=\"section\">\n\t\t\t\t\t\t<div class=\"elementor-container elementor-column-gap-default\">\n\t\t\t\t\t<div class=\"elementor-column elementor-col-100 elementor-top-column elementor-element elementor-element-783ea83\" data-id=\"783ea83\" data-element_type=\"column\">\n\t\t\t<div class=\"elementor-widget-wrap elementor-element-populated\">\n\t\t\t\t\t\t<div class=\"elementor-element elementor-element-f552e2a elementor-widget elementor-widget-text-editor\" data-id=\"f552e2a\" data-element_type=\"widget\" data-widget_type=\"text-editor.default\">\n\t\t\t\t\t\t\t\t\t<p><span style=\"font-weight: 400;\">\u00bfTe gustar\u00eda poder disfrutar este verano de unas vacaciones en tu lugar favorito con los extras m\u00e1s premium que mejor se adapten a ti y poder contar la experiencia a tus conocidos? Est\u00e1s en el sitio correcto, \u00a1Si\u00e9ntete como en casa desde el primer d\u00eda de estancia en cualquier hotel reservado con Central de Vacaciones!<\/span><\/p>\n<p><span style=\"font-weight: 400;\">Haz tu reserva cuando quieras y a donde quieras, teniendo acceso a todo tipo de lujos para elegir y disfruta unos d\u00edas de verano inolvidables junto a las personas que m\u00e1s quieres. \u00a1Haz ya tu reserva antes de que se agote la disponibilidad a muchos destinos y disfruta de un verano espectacular cuando y donde quieras con Central de Vacaciones!<\/span><\/p>\t\t\t\t\t\t\t\t<\/div>\n\t\t\t\t\t<\/div>\n\t\t<\/div>\n\t\t\t\t\t<\/div>\n\t\t<\/section>\n\t\t\t\t<\/div>\n\t\t","protected":false},"excerpt":{"rendered":"<p>La edici\u00f3n espa\u00f1ola del portal l\u00edder en turismo de habla hispana Ladevi Medios y Soluciones lleva hoy en su portada una entrevista en la que soy protagonista, en calidad de CEO de Centraldevacaciones.com, realizada por uno de sus colaboradores destacados en nuestro pa\u00eds, Borja C., con motivo del 15\u00aa aniversario de nuestra creaci\u00f3n. En su [&hellip;]<\/p>\n","protected":false},"author":5,"featured_media":185629,"comment_status":"closed","ping_status":"closed","sticky":false,"template":"elementor_theme","format":"standard","meta":{"_acf_changed":false,"footnotes":""},"categories":[2182],"tags":[2206,2365,2247,2354,2353,2367,2355,2361,2356,2342,2366,2335,2357],"class_list":["post-185628","post","type-post","status-publish","format-standard","has-post-thumbnail","hentry","category-noticias-central-de-vacaciones","tag-agencia-de-viajes-online","tag-agencias-de-viajes-en-espana","tag-central-de-vacaciones","tag-experiencia-de-viaje-personalizada","tag-innovaciones-turisticas","tag-ladevi","tag-medios-de-comunicacion","tag-merca2","tag-noticias-de-turismo","tag-planificacion-de-viajes","tag-planificacion-de-viajes-avanzada","tag-tecnologia-de-viajes","tag-tendencias-de-viaje"],"acf":[],"_links":{"self":[{"href":"https:\/\/www.centraldevacaciones.com\/blog\/wp-json\/wp\/v2\/posts\/185628","targetHints":{"allow":["GET"]}}],"collection":[{"href":"https:\/\/www.centraldevacaciones.com\/blog\/wp-json\/wp\/v2\/posts"}],"about":[{"href":"https:\/\/www.centraldevacaciones.com\/blog\/wp-json\/wp\/v2\/types\/post"}],"author":[{"embeddable":true,"href":"https:\/\/www.centraldevacaciones.com\/blog\/wp-json\/wp\/v2\/users\/5"}],"replies":[{"embeddable":true,"href":"https:\/\/www.centraldevacaciones.com\/blog\/wp-json\/wp\/v2\/comments?post=185628"}],"version-history":[{"count":20,"href":"https:\/\/www.centraldevacaciones.com\/blog\/wp-json\/wp\/v2\/posts\/185628\/revisions"}],"predecessor-version":[{"id":187372,"href":"https:\/\/www.centraldevacaciones.com\/blog\/wp-json\/wp\/v2\/posts\/185628\/revisions\/187372"}],"wp:featuredmedia":[{"embeddable":true,"href":"https:\/\/www.centraldevacaciones.com\/blog\/wp-json\/wp\/v2\/media\/185629"}],"wp:attachment":[{"href":"https:\/\/www.centraldevacaciones.com\/blog\/wp-json\/wp\/v2\/media?parent=185628"}],"wp:term":[{"taxonomy":"category","embeddable":true,"href":"https:\/\/www.centraldevacaciones.com\/blog\/wp-json\/wp\/v2\/categories?post=185628"},{"taxonomy":"post_tag","embeddable":true,"href":"https:\/\/www.centraldevacaciones.com\/blog\/wp-json\/wp\/v2\/tags?post=185628"}],"curies":[{"name":"wp","href":"https:\/\/api.w.org\/{rel}","templated":true}]}}