{"id":185596,"date":"2024-08-30T13:44:35","date_gmt":"2024-08-30T11:44:35","guid":{"rendered":"https:\/\/www.centraldevacaciones.com\/blog\/?p=185596"},"modified":"2024-08-30T13:47:58","modified_gmt":"2024-08-30T11:47:58","slug":"central-vacaciones-medios-incorporacion-trip-planner","status":"publish","type":"post","link":"https:\/\/www.centraldevacaciones.com\/blog\/central-vacaciones-medios-incorporacion-trip-planner\/","title":{"rendered":"Central de Vacaciones en la Mira de los Medios por la Incorporaci\u00f3n de Trip Planner"},"content":{"rendered":"\t\t<div data-elementor-type=\"wp-post\" data-elementor-id=\"185596\" class=\"elementor elementor-185596\" data-elementor-post-type=\"post\">\n\t\t\t\t\t\t<section class=\"elementor-section elementor-top-section elementor-element elementor-element-639ddde elementor-section-boxed elementor-section-height-default elementor-section-height-default\" data-id=\"639ddde\" data-element_type=\"section\">\n\t\t\t\t\t\t<div class=\"elementor-container elementor-column-gap-default\">\n\t\t\t\t\t<div class=\"elementor-column elementor-col-100 elementor-top-column elementor-element elementor-element-6e1bd370\" data-id=\"6e1bd370\" data-element_type=\"column\">\n\t\t\t<div class=\"elementor-widget-wrap elementor-element-populated\">\n\t\t\t\t\t\t<div class=\"elementor-element elementor-element-5e06f8e0 elementor-widget elementor-widget-text-editor\" data-id=\"5e06f8e0\" data-element_type=\"widget\" data-widget_type=\"text-editor.default\">\n\t\t\t\t\t\t\t\t\t<p>Central de Vacaciones ha captado la atenci\u00f3n de una gran cantidad de medios de comunicaci\u00f3n por la reciente incorporaci\u00f3n de la tecnolog\u00eda Trip Planner de Travel Compositor a su cat\u00e1logo de servicios. Esta innovadora herramienta est\u00e1 dise\u00f1ada para ofrecer a nuestros clientes una experiencia de viaje personalizada, permitiendo combinar diferentes tipos de viajes en una sola sesi\u00f3n de reserva, optimizando as\u00ed el proceso de planificaci\u00f3n.<\/p><p>Medios de comunicaci\u00f3n de renombre, tanto generalistas como especializados en econom\u00eda y turismo, han publicado la noticia de este importante avance. Entre ellos se destacan <a href=\"https:\/\/www.europapress.es\/economia\/noticia-central-vacaciones-incorpora-nuevo-motor-travel-compositor-mercado-mundial-20240829110546.html\" rel=\"nofollow noopener\" target=\"_blank\">Europa Press<\/a>, <a href=\"https:\/\/www.elconfidencialdigital.com\/articulo\/ultima-hora\/central-vacaciones-incorpora-nuevo-motor-travel-compositor-mercado-mundial\/20240829091227834037.html\" rel=\"nofollow noopener\" target=\"_blank\">El Confidencial Digital<\/a>, <a href=\"https:\/\/www.diariosigloxxi.com\/texto-ep\/mostrar\/20240829110545\/central-vacaciones-incorpora-nuevo-motor-travel-compositor-mercado-mundial\" rel=\"nofollow noopener\" target=\"_blank\">Diario Siglo XXI<\/a> y <a href=\"https:\/\/www.msn.com\/es-es\/dinero\/economia\/central-de-vacaciones-incorpora-el-nuevo-motor-de-travel-compositor-para-el-mercado-mundial\/ar-AA1pDmBZ\" rel=\"nofollow noopener\" target=\"_blank\">MSN<\/a>, quienes han resaltado el impacto de Trip Planner en la transformaci\u00f3n del mercado tur\u00edstico.<\/p><p><strong>Menci\u00f3n especial merece Merca2<\/strong>, que ha destacado a Central de Vacaciones como <a href=\"https:\/\/www.merca2.es\/2024\/08\/29\/central-de-vacaciones-travel-compositor-1891855\/\" rel=\"nofollow noopener\" target=\"_blank\">una de las principales agencias de viajes de Espa\u00f1a<\/a>, subrayando nuestra apuesta por la innovaci\u00f3n y la tecnolog\u00eda para mejorar la experiencia del cliente. Este reconocimiento es un testimonio de nuestro compromiso continuo con la calidad y la vanguardia en el sector tur\u00edstico.<\/p><p>Adem\u00e1s, medios especializados como <a href=\"https:\/\/www.bolsamania.com\/noticias\/empresas\/economiaempresas--central-de-vacaciones-incorpora-el-nuevo-motor-de-travel-compositor-para-el-mercado-mundial--17362144.html\" rel=\"nofollow noopener\" target=\"_blank\">Bolsaman\u00eda<\/a> y Smart Travel News han se\u00f1alado la importancia estrat\u00e9gica de esta alianza con Travel Compositor, posicionando a Central de Vacaciones como la primera agencia en Espa\u00f1a en ofrecer esta avanzada herramienta de planificaci\u00f3n de viajes.<\/p><p>La adopci\u00f3n de Trip Planner refuerza nuestra misi\u00f3n de brindar un servicio excepcional a nuestros clientes, facilitando la creaci\u00f3n de itinerarios complejos y asegurando una experiencia de viaje inigualable. En Central de Vacaciones, seguimos apostando por la tecnolog\u00eda para liderar el futuro del turismo.<\/p><p>Para m\u00e1s informaci\u00f3n sobre Trip Planner y c\u00f3mo puede mejorar tu pr\u00f3xima experiencia de viaje, visita <a href=\"https:\/\/www.centraldevacaciones.com\/\">Centraldevacaciones.com<\/a> y descubre las infinitas posibilidades que esta herramienta tiene para ofrecerte.<\/p>\t\t\t\t\t\t\t\t<\/div>\n\t\t\t\t\t<\/div>\n\t\t<\/div>\n\t\t\t\t\t<\/div>\n\t\t<\/section>\n\t\t\t\t<section class=\"elementor-section elementor-top-section elementor-element elementor-element-17fbe5cd elementor-section-boxed elementor-section-height-default elementor-section-height-default\" data-id=\"17fbe5cd\" data-element_type=\"section\">\n\t\t\t\t\t\t<div class=\"elementor-container elementor-column-gap-custom\">\n\t\t\t\t\t<div class=\"elementor-column elementor-col-16 elementor-top-column elementor-element elementor-element-28d2a940\" data-id=\"28d2a940\" data-element_type=\"column\">\n\t\t\t<div class=\"elementor-widget-wrap elementor-element-populated\">\n\t\t\t\t\t\t<div class=\"elementor-element elementor-element-557ddc61 elementor-widget elementor-widget-image\" data-id=\"557ddc61\" data-element_type=\"widget\" data-widget_type=\"image.default\">\n\t\t\t\t\t\t\t\t\t\t\t\t\t\t\t<img decoding=\"async\" width=\"128\" height=\"128\" src=\"https:\/\/www.centraldevacaciones.com\/blog\/wp-content\/uploads\/2021\/05\/dom.png\" class=\"attachment-large size-large wp-image-12635\" alt=\"\" \/>\t\t\t\t\t\t\t\t\t\t\t\t\t\t\t<\/div>\n\t\t\t\t<div class=\"elementor-element elementor-element-1fd0de01 elementor-widget elementor-widget-heading\" data-id=\"1fd0de01\" data-element_type=\"widget\" data-widget_type=\"heading.default\">\n\t\t\t\t\t<h3 class=\"elementor-heading-title elementor-size-default\"><a href=\"https:\/\/www.centraldevacaciones.com\/viajes\/\">Ofertas vacacionales<\/a><\/h3>\t\t\t\t<\/div>\n\t\t\t\t\t<\/div>\n\t\t<\/div>\n\t\t\t\t<div class=\"elementor-column elementor-col-16 elementor-top-column elementor-element elementor-element-6b664164\" data-id=\"6b664164\" data-element_type=\"column\">\n\t\t\t<div class=\"elementor-widget-wrap elementor-element-populated\">\n\t\t\t\t\t\t<div class=\"elementor-element elementor-element-6067d49e elementor-widget elementor-widget-image\" data-id=\"6067d49e\" data-element_type=\"widget\" data-widget_type=\"image.default\">\n\t\t\t\t\t\t\t\t\t\t\t\t\t\t\t<img decoding=\"async\" width=\"128\" height=\"128\" src=\"https:\/\/www.centraldevacaciones.com\/blog\/wp-content\/uploads\/2021\/05\/camas.png\" class=\"attachment-large size-large wp-image-12637\" alt=\"\" \/>\t\t\t\t\t\t\t\t\t\t\t\t\t\t\t<\/div>\n\t\t\t\t<div class=\"elementor-element elementor-element-213121d4 elementor-widget elementor-widget-heading\" data-id=\"213121d4\" data-element_type=\"widget\" data-widget_type=\"heading.default\">\n\t\t\t\t\t<h3 class=\"elementor-heading-title elementor-size-default\"><a href=\"https:\/\/www.centraldevacaciones.com\/blog\/hoteles-de-ciudad\/\">Ofertas hoteles<\/a><\/h3>\t\t\t\t<\/div>\n\t\t\t\t\t<\/div>\n\t\t<\/div>\n\t\t\t\t<div class=\"elementor-column elementor-col-16 elementor-top-column elementor-element elementor-element-11cd9f7\" data-id=\"11cd9f7\" data-element_type=\"column\">\n\t\t\t<div class=\"elementor-widget-wrap elementor-element-populated\">\n\t\t\t\t\t\t<div class=\"elementor-element elementor-element-d1ab2d3 elementor-widget elementor-widget-image\" data-id=\"d1ab2d3\" data-element_type=\"widget\" data-widget_type=\"image.default\">\n\t\t\t\t\t\t\t\t\t\t\t\t\t\t\t<img decoding=\"async\" width=\"128\" height=\"128\" src=\"https:\/\/www.centraldevacaciones.com\/blog\/wp-content\/uploads\/2021\/05\/avion-1.png\" class=\"attachment-large size-large wp-image-12639\" alt=\"\" \/>\t\t\t\t\t\t\t\t\t\t\t\t\t\t\t<\/div>\n\t\t\t\t<div class=\"elementor-element elementor-element-71a90fce elementor-widget elementor-widget-heading\" data-id=\"71a90fce\" data-element_type=\"widget\" data-widget_type=\"heading.default\">\n\t\t\t\t\t<h3 class=\"elementor-heading-title elementor-size-default\"><a href=\"https:\/\/www.centraldevacaciones.com\/blog\/destinos-vacaciones\/\">Mejores destinos<\/a><\/h3>\t\t\t\t<\/div>\n\t\t\t\t\t<\/div>\n\t\t<\/div>\n\t\t\t\t<div class=\"elementor-column elementor-col-16 elementor-top-column elementor-element elementor-element-4ca121b6\" data-id=\"4ca121b6\" data-element_type=\"column\">\n\t\t\t<div class=\"elementor-widget-wrap elementor-element-populated\">\n\t\t\t\t\t\t<div class=\"elementor-element elementor-element-7074d852 elementor-widget elementor-widget-image\" data-id=\"7074d852\" data-element_type=\"widget\" data-widget_type=\"image.default\">\n\t\t\t\t\t\t\t\t\t\t\t\t\t\t\t<img loading=\"lazy\" decoding=\"async\" width=\"128\" height=\"128\" src=\"https:\/\/www.centraldevacaciones.com\/blog\/wp-content\/uploads\/2021\/05\/cama-solar.png\" class=\"attachment-large size-large wp-image-12640\" alt=\"\" \/>\t\t\t\t\t\t\t\t\t\t\t\t\t\t\t<\/div>\n\t\t\t\t<div class=\"elementor-element elementor-element-60cc3fb4 elementor-widget elementor-widget-heading\" data-id=\"60cc3fb4\" data-element_type=\"widget\" data-widget_type=\"heading.default\">\n\t\t\t\t\t<h3 class=\"elementor-heading-title elementor-size-default\"><a href=\"https:\/\/www.centraldevacaciones.com\/blog\/ofertas-circuitos\/\">Circuitos vacacionales<\/a><\/h3>\t\t\t\t<\/div>\n\t\t\t\t\t<\/div>\n\t\t<\/div>\n\t\t\t\t<div class=\"elementor-column elementor-col-16 elementor-top-column elementor-element elementor-element-ef5a1f9\" data-id=\"ef5a1f9\" data-element_type=\"column\">\n\t\t\t<div class=\"elementor-widget-wrap elementor-element-populated\">\n\t\t\t\t\t\t<div class=\"elementor-element elementor-element-2f5b3e65 elementor-widget elementor-widget-image\" data-id=\"2f5b3e65\" data-element_type=\"widget\" data-widget_type=\"image.default\">\n\t\t\t\t\t\t\t\t\t\t\t\t\t\t\t<img loading=\"lazy\" decoding=\"async\" width=\"128\" height=\"128\" src=\"https:\/\/www.centraldevacaciones.com\/blog\/wp-content\/uploads\/2021\/05\/en-todo-el-mundo.png\" class=\"attachment-large size-large wp-image-12641\" alt=\"\" \/>\t\t\t\t\t\t\t\t\t\t\t\t\t\t\t<\/div>\n\t\t\t\t<div class=\"elementor-element elementor-element-44a01ceb elementor-widget elementor-widget-heading\" data-id=\"44a01ceb\" data-element_type=\"widget\" data-widget_type=\"heading.default\">\n\t\t\t\t\t<h3 class=\"elementor-heading-title elementor-size-default\"><a href=\"https:\/\/www.centraldevacaciones.com\/blog\/vuelo-hotel\/\">Vuelo + hotel <\/a><\/h3>\t\t\t\t<\/div>\n\t\t\t\t\t<\/div>\n\t\t<\/div>\n\t\t\t\t<div class=\"elementor-column elementor-col-16 elementor-top-column elementor-element elementor-element-730efa8e\" data-id=\"730efa8e\" data-element_type=\"column\">\n\t\t\t<div class=\"elementor-widget-wrap elementor-element-populated\">\n\t\t\t\t\t\t<div class=\"elementor-element elementor-element-30998163 elementor-widget elementor-widget-image\" data-id=\"30998163\" data-element_type=\"widget\" data-widget_type=\"image.default\">\n\t\t\t\t\t\t\t\t\t\t\t\t\t\t\t<img loading=\"lazy\" decoding=\"async\" width=\"128\" height=\"128\" src=\"https:\/\/www.centraldevacaciones.com\/blog\/wp-content\/uploads\/2021\/05\/crucero.png\" class=\"attachment-large size-large wp-image-12642\" alt=\"\" \/>\t\t\t\t\t\t\t\t\t\t\t\t\t\t\t<\/div>\n\t\t\t\t<div class=\"elementor-element elementor-element-2ebce847 elementor-widget elementor-widget-heading\" data-id=\"2ebce847\" data-element_type=\"widget\" data-widget_type=\"heading.default\">\n\t\t\t\t\t<h3 class=\"elementor-heading-title elementor-size-default\"><a href=\"https:\/\/www.centraldevacaciones.com\/blog\/destinos-cruceros\/\">Ofertas  cruceros<\/a><\/h3>\t\t\t\t<\/div>\n\t\t\t\t\t<\/div>\n\t\t<\/div>\n\t\t\t\t\t<\/div>\n\t\t<\/section>\n\t\t\t\t<section class=\"elementor-section elementor-top-section elementor-element elementor-element-ded4f15 elementor-section-boxed elementor-section-height-default elementor-section-height-default\" data-id=\"ded4f15\" data-element_type=\"section\">\n\t\t\t\t\t\t<div class=\"elementor-container elementor-column-gap-default\">\n\t\t\t\t\t<div class=\"elementor-column elementor-col-100 elementor-top-column elementor-element elementor-element-783ea83\" data-id=\"783ea83\" data-element_type=\"column\">\n\t\t\t<div class=\"elementor-widget-wrap elementor-element-populated\">\n\t\t\t\t\t\t<div class=\"elementor-element elementor-element-f552e2a elementor-widget elementor-widget-text-editor\" data-id=\"f552e2a\" data-element_type=\"widget\" data-widget_type=\"text-editor.default\">\n\t\t\t\t\t\t\t\t\t<p><span style=\"font-weight: 400;\">\u00bfTe gustar\u00eda poder disfrutar este verano de unas vacaciones en tu lugar favorito con los extras m\u00e1s premium que mejor se adapten a ti y poder contar la experiencia a tus conocidos? Est\u00e1s en el sitio correcto, \u00a1Si\u00e9ntete como en casa desde el primer d\u00eda de estancia en cualquier hotel reservado con Central de Vacaciones!<\/span><\/p>\n<p><span style=\"font-weight: 400;\">Haz tu reserva cuando quieras y a donde quieras, teniendo acceso a todo tipo de lujos para elegir y disfruta unos d\u00edas de verano inolvidables junto a las personas que m\u00e1s quieres. \u00a1Haz ya tu reserva antes de que se agote la disponibilidad a muchos destinos y disfruta de un verano espectacular cuando y donde quieras con Central de Vacaciones!<\/span><\/p>\t\t\t\t\t\t\t\t<\/div>\n\t\t\t\t\t<\/div>\n\t\t<\/div>\n\t\t\t\t\t<\/div>\n\t\t<\/section>\n\t\t\t\t<\/div>\n\t\t","protected":false},"excerpt":{"rendered":"<p>Central de Vacaciones ha captado la atenci\u00f3n de una gran cantidad de medios de comunicaci\u00f3n por la reciente incorporaci\u00f3n de la tecnolog\u00eda Trip Planner de Travel Compositor a su cat\u00e1logo de servicios. Esta innovadora herramienta est\u00e1 dise\u00f1ada para ofrecer a nuestros clientes una experiencia de viaje personalizada, permitiendo combinar diferentes tipos de viajes en una [&hellip;]<\/p>\n","protected":false},"author":4,"featured_media":185598,"comment_status":"closed","ping_status":"closed","sticky":false,"template":"elementor_theme","format":"standard","meta":{"_acf_changed":false,"footnotes":""},"categories":[2182],"tags":[2206,2365,2364,2247,2360,2359,2358,2354,2353,2355,2361,2356,2342,2366,2363,2335,2357,2362,2331,2352],"class_list":["post-185596","post","type-post","status-publish","format-standard","has-post-thumbnail","hentry","category-noticias-central-de-vacaciones","tag-agencia-de-viajes-online","tag-agencias-de-viajes-en-espana","tag-bolsamania","tag-central-de-vacaciones","tag-diario-siglo-xxi","tag-el-confidencial-digital","tag-europa-press","tag-experiencia-de-viaje-personalizada","tag-innovaciones-turisticas","tag-medios-de-comunicacion","tag-merca2","tag-noticias-de-turismo","tag-planificacion-de-viajes","tag-planificacion-de-viajes-avanzada","tag-smart-travel-news","tag-tecnologia-de-viajes","tag-tendencias-de-viaje","tag-transformacion-del-turismo","tag-travel-compositor","tag-trip-planner"],"acf":[],"_links":{"self":[{"href":"https:\/\/www.centraldevacaciones.com\/blog\/wp-json\/wp\/v2\/posts\/185596","targetHints":{"allow":["GET"]}}],"collection":[{"href":"https:\/\/www.centraldevacaciones.com\/blog\/wp-json\/wp\/v2\/posts"}],"about":[{"href":"https:\/\/www.centraldevacaciones.com\/blog\/wp-json\/wp\/v2\/types\/post"}],"author":[{"embeddable":true,"href":"https:\/\/www.centraldevacaciones.com\/blog\/wp-json\/wp\/v2\/users\/4"}],"replies":[{"embeddable":true,"href":"https:\/\/www.centraldevacaciones.com\/blog\/wp-json\/wp\/v2\/comments?post=185596"}],"version-history":[{"count":4,"href":"https:\/\/www.centraldevacaciones.com\/blog\/wp-json\/wp\/v2\/posts\/185596\/revisions"}],"predecessor-version":[{"id":185601,"href":"https:\/\/www.centraldevacaciones.com\/blog\/wp-json\/wp\/v2\/posts\/185596\/revisions\/185601"}],"wp:featuredmedia":[{"embeddable":true,"href":"https:\/\/www.centraldevacaciones.com\/blog\/wp-json\/wp\/v2\/media\/185598"}],"wp:attachment":[{"href":"https:\/\/www.centraldevacaciones.com\/blog\/wp-json\/wp\/v2\/media?parent=185596"}],"wp:term":[{"taxonomy":"category","embeddable":true,"href":"https:\/\/www.centraldevacaciones.com\/blog\/wp-json\/wp\/v2\/categories?post=185596"},{"taxonomy":"post_tag","embeddable":true,"href":"https:\/\/www.centraldevacaciones.com\/blog\/wp-json\/wp\/v2\/tags?post=185596"}],"curies":[{"name":"wp","href":"https:\/\/api.w.org\/{rel}","templated":true}]}}