{"id":184995,"date":"2024-06-05T12:41:01","date_gmt":"2024-06-05T10:41:01","guid":{"rendered":"https:\/\/www.centraldevacaciones.com\/blog\/?p=184995"},"modified":"2024-06-05T12:45:33","modified_gmt":"2024-06-05T10:45:33","slug":"alianza-central-de-vacaciones-iag7","status":"publish","type":"post","link":"https:\/\/www.centraldevacaciones.com\/blog\/alianza-central-de-vacaciones-iag7\/","title":{"rendered":"Central de Vacaciones firma una alianza estrat\u00e9gica con los consolidadores de IAG7"},"content":{"rendered":"\t\t<div data-elementor-type=\"wp-post\" data-elementor-id=\"184995\" class=\"elementor elementor-184995\" data-elementor-post-type=\"post\">\n\t\t\t\t\t\t<section class=\"elementor-section elementor-top-section elementor-element elementor-element-639ddde elementor-section-boxed elementor-section-height-default elementor-section-height-default\" data-id=\"639ddde\" data-element_type=\"section\">\n\t\t\t\t\t\t<div class=\"elementor-container elementor-column-gap-default\">\n\t\t\t\t\t<div class=\"elementor-column elementor-col-100 elementor-top-column elementor-element elementor-element-6e1bd370\" data-id=\"6e1bd370\" data-element_type=\"column\">\n\t\t\t<div class=\"elementor-widget-wrap elementor-element-populated\">\n\t\t\t\t\t\t<div class=\"elementor-element elementor-element-5e06f8e0 elementor-widget elementor-widget-text-editor\" data-id=\"5e06f8e0\" data-element_type=\"widget\" data-widget_type=\"text-editor.default\">\n\t\t\t\t\t\t\t\t\t<ul><li><strong>Seg<\/strong><strong>\u00fa<\/strong><strong>n el acuerdo de colaboraci\u00f3n alcanzado, la agencia espa\u00f1ola de viajes online podr<\/strong><strong>\u00e1 <\/strong><strong>acceder a las tarifas m<\/strong><strong>\u00e1s <\/strong><strong>competitivas<\/strong> <strong>de la turoperacion y reforzar el contenido de sus <\/strong><strong>paquetes tur<\/strong><strong>\u00ed<\/strong><strong>sticos<\/strong><strong style=\"text-align: justify;\">\u00a0<\/strong><\/li><\/ul><ul><li><strong>El convenio permite asimismo a la<\/strong><strong> marca <\/strong><strong>digital acceder a los servicios de transporte multimodal a<\/strong><strong>\u00e9<\/strong><strong>reo y ferroviario para combinarlos con sus servicios hoteleros, \u2018<\/strong><strong>transfers<\/strong><strong>\u2019<\/strong><strong> o entradas,<\/strong><strong> entre otros<\/strong><strong style=\"text-align: justify;\">\u00a0<\/strong><\/li><\/ul><ul><li><strong>Para IAG7, \u201cesta firma nos posiciona como referentes en el mercado de la consolidaci\u00f3n en nuestro pa<\/strong><strong>\u00ed<\/strong><strong>s y nos empuja a seguir trabajando cerca de nuestros clientes<\/strong><strong>\u201d<\/strong><strong style=\"text-align: justify;\">\u00a0<\/strong><\/li><\/ul><p><strong>5 de junio de 2024.\u2014 <\/strong>Central de Vacaciones, la agencia espa\u00f1ola de viajes online l\u00edder en la venta de paquetes vacacionales al Caribe e Islas, anuncia hoy la firma de una alianza estrat\u00e9gica con los consolidadores de IAG7 Viajes, que incluye las marcas C\u00f3gelo al Vuelo y 123 Vuela.<\/p><p>Seg\u00fan el acuerdo de colaboraci\u00f3n alcanzado, <a href=\"http:\/\/centraldevacaciones.com\">centraldevacaciones.com<\/a> podr\u00e1 acceder a las tarifas m\u00e1s destacadas de la turoperaci\u00f3n para poder confeccionar los paquetes tur\u00edsticos m\u00e1s competitivos del mercado.<\/p><p>El convenio permite asimismo a la marca online con base en Cuenca acceder a los servicios de transporte multimodal a\u00e9reo y ferroviario para combinarlos con sus servicios hoteleros, \u2018transfers\u2019 o entradas, entre otros, para dar a su cliente desde paquetes din\u00e1micos sencillos hasta un complejo viaje multidestino.<\/p><p>Con la incorporaci\u00f3n de C\u00f3gelo al Vuelo y 123 Vuela, la OTA nacional suma un nuevo partner a su cat\u00e1logo de colaboradores, que incluye una treintena de bancos de camas (con m\u00e1s de un mill\u00f3n de alojamientos), seis consolidadores a\u00e9reos nacionales e internacionales, siete compa\u00f1\u00edas de \u2018transfer\u2019 y siete proveedores especializados en actividades en destino.<\/p><p>Asimismo, en lo referido a paquetes vacacionales, Central de Vacaciones mantiene acuerdos preferentes de colaboraci\u00f3n con Soltour, W2M, \u00c0voris y Explora Traveller, entre otros touroperadores.<\/p><p>La firma de esta alianza se produce s\u00f3lo unas semanas despu\u00e9s de que Central de Vacaciones comenzase a comercializar sus primeros viajes multi-destino con inteligencia artificial (IA), gracias a su nuevo motor de reservas AI Trips, que permite su dise\u00f1o a partir de una pregunta o un simple deseo.<\/p><p>Seg\u00fan Christian Lucas, CEO de Central de Vacaciones, \u201ctras evaluar y testar distintas soluciones, los consolidadores de IAG7 son los que mejor se adaptan a nuestras necesidades desde diversos puntos de vista. Tenemos una tecnolog\u00eda sencilla para el cliente final, pero compleja desde el punto de vista t\u00e9cnico y por ello necesitamos partners que nos aporten sencillez y servicio\u201d.<\/p><p>\u201cPara nosotros la colaboraci\u00f3n con Central de Vacaciones es una gran noticia, que refuerza nuestra inequ\u00edvoca apuesta por el servicio a las agencias de viaje. Este acuerdo nos posiciona como referentes en el mercado de la consolidaci\u00f3n en nuestro pa\u00eds y nos empuja a seguir trabajando cerca de nuestros clientes\u201d, se\u00f1alan fuentes de C\u00f3gelo al vuelo y 123 Vuela.<\/p>\t\t\t\t\t\t\t\t<\/div>\n\t\t\t\t\t<\/div>\n\t\t<\/div>\n\t\t\t\t\t<\/div>\n\t\t<\/section>\n\t\t\t\t<section class=\"elementor-section elementor-top-section elementor-element elementor-element-17fbe5cd elementor-section-boxed elementor-section-height-default elementor-section-height-default\" data-id=\"17fbe5cd\" data-element_type=\"section\">\n\t\t\t\t\t\t<div class=\"elementor-container elementor-column-gap-custom\">\n\t\t\t\t\t<div class=\"elementor-column elementor-col-16 elementor-top-column elementor-element elementor-element-28d2a940\" data-id=\"28d2a940\" data-element_type=\"column\">\n\t\t\t<div class=\"elementor-widget-wrap elementor-element-populated\">\n\t\t\t\t\t\t<div class=\"elementor-element elementor-element-557ddc61 elementor-widget elementor-widget-image\" data-id=\"557ddc61\" data-element_type=\"widget\" data-widget_type=\"image.default\">\n\t\t\t\t\t\t\t\t\t\t\t\t\t\t\t<img decoding=\"async\" width=\"128\" height=\"128\" src=\"https:\/\/www.centraldevacaciones.com\/blog\/wp-content\/uploads\/2021\/05\/dom.png\" class=\"attachment-large size-large wp-image-12635\" alt=\"\" \/>\t\t\t\t\t\t\t\t\t\t\t\t\t\t\t<\/div>\n\t\t\t\t<div class=\"elementor-element elementor-element-1fd0de01 elementor-widget elementor-widget-heading\" data-id=\"1fd0de01\" data-element_type=\"widget\" data-widget_type=\"heading.default\">\n\t\t\t\t\t<h3 class=\"elementor-heading-title elementor-size-default\"><a href=\"https:\/\/www.centraldevacaciones.com\/viajes\/\">Ofertas vacacionales<\/a><\/h3>\t\t\t\t<\/div>\n\t\t\t\t\t<\/div>\n\t\t<\/div>\n\t\t\t\t<div class=\"elementor-column elementor-col-16 elementor-top-column elementor-element elementor-element-6b664164\" data-id=\"6b664164\" data-element_type=\"column\">\n\t\t\t<div class=\"elementor-widget-wrap elementor-element-populated\">\n\t\t\t\t\t\t<div class=\"elementor-element elementor-element-6067d49e elementor-widget elementor-widget-image\" data-id=\"6067d49e\" data-element_type=\"widget\" data-widget_type=\"image.default\">\n\t\t\t\t\t\t\t\t\t\t\t\t\t\t\t<img decoding=\"async\" width=\"128\" height=\"128\" src=\"https:\/\/www.centraldevacaciones.com\/blog\/wp-content\/uploads\/2021\/05\/camas.png\" class=\"attachment-large size-large wp-image-12637\" alt=\"\" \/>\t\t\t\t\t\t\t\t\t\t\t\t\t\t\t<\/div>\n\t\t\t\t<div class=\"elementor-element elementor-element-213121d4 elementor-widget elementor-widget-heading\" data-id=\"213121d4\" data-element_type=\"widget\" data-widget_type=\"heading.default\">\n\t\t\t\t\t<h3 class=\"elementor-heading-title elementor-size-default\"><a href=\"https:\/\/www.centraldevacaciones.com\/blog\/hoteles-de-ciudad\/\">Ofertas hoteles<\/a><\/h3>\t\t\t\t<\/div>\n\t\t\t\t\t<\/div>\n\t\t<\/div>\n\t\t\t\t<div class=\"elementor-column elementor-col-16 elementor-top-column elementor-element elementor-element-11cd9f7\" data-id=\"11cd9f7\" data-element_type=\"column\">\n\t\t\t<div class=\"elementor-widget-wrap elementor-element-populated\">\n\t\t\t\t\t\t<div class=\"elementor-element elementor-element-d1ab2d3 elementor-widget elementor-widget-image\" data-id=\"d1ab2d3\" data-element_type=\"widget\" data-widget_type=\"image.default\">\n\t\t\t\t\t\t\t\t\t\t\t\t\t\t\t<img decoding=\"async\" width=\"128\" height=\"128\" src=\"https:\/\/www.centraldevacaciones.com\/blog\/wp-content\/uploads\/2021\/05\/avion-1.png\" class=\"attachment-large size-large wp-image-12639\" alt=\"\" \/>\t\t\t\t\t\t\t\t\t\t\t\t\t\t\t<\/div>\n\t\t\t\t<div class=\"elementor-element elementor-element-71a90fce elementor-widget elementor-widget-heading\" data-id=\"71a90fce\" data-element_type=\"widget\" data-widget_type=\"heading.default\">\n\t\t\t\t\t<h3 class=\"elementor-heading-title elementor-size-default\"><a href=\"https:\/\/www.centraldevacaciones.com\/blog\/destinos-vacaciones\/\">Mejores destinos<\/a><\/h3>\t\t\t\t<\/div>\n\t\t\t\t\t<\/div>\n\t\t<\/div>\n\t\t\t\t<div class=\"elementor-column elementor-col-16 elementor-top-column elementor-element elementor-element-4ca121b6\" data-id=\"4ca121b6\" data-element_type=\"column\">\n\t\t\t<div class=\"elementor-widget-wrap elementor-element-populated\">\n\t\t\t\t\t\t<div class=\"elementor-element elementor-element-7074d852 elementor-widget elementor-widget-image\" data-id=\"7074d852\" data-element_type=\"widget\" data-widget_type=\"image.default\">\n\t\t\t\t\t\t\t\t\t\t\t\t\t\t\t<img loading=\"lazy\" decoding=\"async\" width=\"128\" height=\"128\" src=\"https:\/\/www.centraldevacaciones.com\/blog\/wp-content\/uploads\/2021\/05\/cama-solar.png\" class=\"attachment-large size-large wp-image-12640\" alt=\"\" \/>\t\t\t\t\t\t\t\t\t\t\t\t\t\t\t<\/div>\n\t\t\t\t<div class=\"elementor-element elementor-element-60cc3fb4 elementor-widget elementor-widget-heading\" data-id=\"60cc3fb4\" data-element_type=\"widget\" data-widget_type=\"heading.default\">\n\t\t\t\t\t<h3 class=\"elementor-heading-title elementor-size-default\"><a href=\"https:\/\/www.centraldevacaciones.com\/blog\/ofertas-circuitos\/\">Circuitos vacacionales<\/a><\/h3>\t\t\t\t<\/div>\n\t\t\t\t\t<\/div>\n\t\t<\/div>\n\t\t\t\t<div class=\"elementor-column elementor-col-16 elementor-top-column elementor-element elementor-element-ef5a1f9\" data-id=\"ef5a1f9\" data-element_type=\"column\">\n\t\t\t<div class=\"elementor-widget-wrap elementor-element-populated\">\n\t\t\t\t\t\t<div class=\"elementor-element elementor-element-2f5b3e65 elementor-widget elementor-widget-image\" data-id=\"2f5b3e65\" data-element_type=\"widget\" data-widget_type=\"image.default\">\n\t\t\t\t\t\t\t\t\t\t\t\t\t\t\t<img loading=\"lazy\" decoding=\"async\" width=\"128\" height=\"128\" src=\"https:\/\/www.centraldevacaciones.com\/blog\/wp-content\/uploads\/2021\/05\/en-todo-el-mundo.png\" class=\"attachment-large size-large wp-image-12641\" alt=\"\" \/>\t\t\t\t\t\t\t\t\t\t\t\t\t\t\t<\/div>\n\t\t\t\t<div class=\"elementor-element elementor-element-44a01ceb elementor-widget elementor-widget-heading\" data-id=\"44a01ceb\" data-element_type=\"widget\" data-widget_type=\"heading.default\">\n\t\t\t\t\t<h3 class=\"elementor-heading-title elementor-size-default\"><a href=\"https:\/\/www.centraldevacaciones.com\/blog\/vuelo-hotel\/\">Vuelo + hotel <\/a><\/h3>\t\t\t\t<\/div>\n\t\t\t\t\t<\/div>\n\t\t<\/div>\n\t\t\t\t<div class=\"elementor-column elementor-col-16 elementor-top-column elementor-element elementor-element-730efa8e\" data-id=\"730efa8e\" data-element_type=\"column\">\n\t\t\t<div class=\"elementor-widget-wrap elementor-element-populated\">\n\t\t\t\t\t\t<div class=\"elementor-element elementor-element-30998163 elementor-widget elementor-widget-image\" data-id=\"30998163\" data-element_type=\"widget\" data-widget_type=\"image.default\">\n\t\t\t\t\t\t\t\t\t\t\t\t\t\t\t<img loading=\"lazy\" decoding=\"async\" width=\"128\" height=\"128\" src=\"https:\/\/www.centraldevacaciones.com\/blog\/wp-content\/uploads\/2021\/05\/crucero.png\" class=\"attachment-large size-large wp-image-12642\" alt=\"\" \/>\t\t\t\t\t\t\t\t\t\t\t\t\t\t\t<\/div>\n\t\t\t\t<div class=\"elementor-element elementor-element-2ebce847 elementor-widget elementor-widget-heading\" data-id=\"2ebce847\" data-element_type=\"widget\" data-widget_type=\"heading.default\">\n\t\t\t\t\t<h3 class=\"elementor-heading-title elementor-size-default\"><a href=\"https:\/\/www.centraldevacaciones.com\/blog\/destinos-cruceros\/\">Ofertas  cruceros<\/a><\/h3>\t\t\t\t<\/div>\n\t\t\t\t\t<\/div>\n\t\t<\/div>\n\t\t\t\t\t<\/div>\n\t\t<\/section>\n\t\t\t\t<section class=\"elementor-section elementor-top-section elementor-element elementor-element-ded4f15 elementor-section-boxed elementor-section-height-default elementor-section-height-default\" data-id=\"ded4f15\" data-element_type=\"section\">\n\t\t\t\t\t\t<div class=\"elementor-container elementor-column-gap-default\">\n\t\t\t\t\t<div class=\"elementor-column elementor-col-100 elementor-top-column elementor-element elementor-element-783ea83\" data-id=\"783ea83\" data-element_type=\"column\">\n\t\t\t<div class=\"elementor-widget-wrap elementor-element-populated\">\n\t\t\t\t\t\t<div class=\"elementor-element elementor-element-f552e2a elementor-widget elementor-widget-text-editor\" data-id=\"f552e2a\" data-element_type=\"widget\" data-widget_type=\"text-editor.default\">\n\t\t\t\t\t\t\t\t\t<p><span style=\"font-weight: 400;\">\u00bfTe gustar\u00eda poder disfrutar este verano de unas vacaciones en tu lugar favorito con los extras m\u00e1s premium que mejor se adapten a ti y poder contar la experiencia a tus conocidos? Est\u00e1s en el sitio correcto, \u00a1Si\u00e9ntete como en casa desde el primer d\u00eda de estancia en cualquier hotel reservado con Central de Vacaciones!<\/span><\/p>\n<p><span style=\"font-weight: 400;\">Haz tu reserva cuando quieras y a donde quieras, teniendo acceso a todo tipo de lujos para elegir y disfruta unos d\u00edas de verano inolvidables junto a las personas que m\u00e1s quieres. \u00a1Haz ya tu reserva antes de que se agote la disponibilidad a muchos destinos y disfruta de un verano espectacular cuando y donde quieras con Central de Vacaciones!<\/span><\/p>\t\t\t\t\t\t\t\t<\/div>\n\t\t\t\t\t<\/div>\n\t\t<\/div>\n\t\t\t\t\t<\/div>\n\t\t<\/section>\n\t\t\t\t<\/div>\n\t\t","protected":false},"excerpt":{"rendered":"<p>Seg\u00fan el acuerdo de colaboraci\u00f3n alcanzado, la agencia espa\u00f1ola de viajes online podr\u00e1 acceder a las tarifas m\u00e1s competitivas de la turoperacion y reforzar el contenido de sus paquetes tur\u00edsticos\u00a0 El convenio permite asimismo a la marca digital acceder a los servicios de transporte multimodal a\u00e9reo y ferroviario para combinarlos con sus servicios hoteleros, \u2018transfers\u2019 [&hellip;]<\/p>\n","protected":false},"author":4,"featured_media":184997,"comment_status":"closed","ping_status":"closed","sticky":false,"template":"elementor_theme","format":"standard","meta":{"_acf_changed":false,"footnotes":""},"categories":[2182],"tags":[2240,2227,2226,2237,2228,2236,2234,2239,2235,2229,2238,2232,2231,2230,2233],"class_list":["post-184995","post","type-post","status-publish","format-standard","has-post-thumbnail","hentry","category-noticias-central-de-vacaciones","tag-agenciasdeviaje","tag-alianzaestrategica","tag-centraldevacaciones","tag-colaboracion","tag-consolidadoresiag7","tag-ia","tag-inteligenciaartificial","tag-mercadodeconsolidacion","tag-motordereservas","tag-paquetesturisticos","tag-servicioalcliente","tag-servicioshoteleros","tag-transportemultimodal","tag-turoperacion","tag-viajesmultidestino"],"acf":[],"_links":{"self":[{"href":"https:\/\/www.centraldevacaciones.com\/blog\/wp-json\/wp\/v2\/posts\/184995","targetHints":{"allow":["GET"]}}],"collection":[{"href":"https:\/\/www.centraldevacaciones.com\/blog\/wp-json\/wp\/v2\/posts"}],"about":[{"href":"https:\/\/www.centraldevacaciones.com\/blog\/wp-json\/wp\/v2\/types\/post"}],"author":[{"embeddable":true,"href":"https:\/\/www.centraldevacaciones.com\/blog\/wp-json\/wp\/v2\/users\/4"}],"replies":[{"embeddable":true,"href":"https:\/\/www.centraldevacaciones.com\/blog\/wp-json\/wp\/v2\/comments?post=184995"}],"version-history":[{"count":0,"href":"https:\/\/www.centraldevacaciones.com\/blog\/wp-json\/wp\/v2\/posts\/184995\/revisions"}],"wp:featuredmedia":[{"embeddable":true,"href":"https:\/\/www.centraldevacaciones.com\/blog\/wp-json\/wp\/v2\/media\/184997"}],"wp:attachment":[{"href":"https:\/\/www.centraldevacaciones.com\/blog\/wp-json\/wp\/v2\/media?parent=184995"}],"wp:term":[{"taxonomy":"category","embeddable":true,"href":"https:\/\/www.centraldevacaciones.com\/blog\/wp-json\/wp\/v2\/categories?post=184995"},{"taxonomy":"post_tag","embeddable":true,"href":"https:\/\/www.centraldevacaciones.com\/blog\/wp-json\/wp\/v2\/tags?post=184995"}],"curies":[{"name":"wp","href":"https:\/\/api.w.org\/{rel}","templated":true}]}}