{"id":184936,"date":"2024-05-07T10:45:37","date_gmt":"2024-05-07T08:45:37","guid":{"rendered":"https:\/\/www.centraldevacaciones.com\/blog\/?p=184936"},"modified":"2025-01-15T19:29:56","modified_gmt":"2025-01-15T18:29:56","slug":"destinos-tendencia-verano-2024","status":"publish","type":"post","link":"https:\/\/www.centraldevacaciones.com\/blog\/destinos-tendencia-verano-2024\/","title":{"rendered":"Destinos que ser\u00e1n tendencia en el verano de 2025"},"content":{"rendered":"\t\t<div data-elementor-type=\"wp-post\" data-elementor-id=\"184936\" class=\"elementor elementor-184936\" data-elementor-post-type=\"post\">\n\t\t\t\t\t\t<section class=\"elementor-section elementor-top-section elementor-element elementor-element-639ddde elementor-section-boxed elementor-section-height-default elementor-section-height-default\" data-id=\"639ddde\" data-element_type=\"section\">\n\t\t\t\t\t\t<div class=\"elementor-container elementor-column-gap-default\">\n\t\t\t\t\t<div class=\"elementor-column elementor-col-100 elementor-top-column elementor-element elementor-element-6e1bd370\" data-id=\"6e1bd370\" data-element_type=\"column\">\n\t\t\t<div class=\"elementor-widget-wrap elementor-element-populated\">\n\t\t\t\t\t\t<div class=\"elementor-element elementor-element-5e06f8e0 elementor-widget elementor-widget-text-editor\" data-id=\"5e06f8e0\" data-element_type=\"widget\" data-widget_type=\"text-editor.default\">\n\t\t\t\t\t\t\t\t\t<div>De acuerdo con las predicciones derivadas de nuestros an\u00e1lisis de demanda interna, <a href=\"https:\/\/www.centraldevacaciones.com\/\">Central de Vacaciones<\/a> ha elaborado su \u2018quiniela\u2019 con los 10 destinos que marcar\u00e1n tendencia en el verano de 2024, tanto en el plano nacional como en la esfera internacional.\u00a0<\/div>\n<div>\n<div>\u00a0<\/div>\n<div>Propuestas que tienen en cuenta la diversidad de opciones de prometen (sol y playa, bienestar, deporte, cultura, naturaleza&#8230;), la baja sobrecarga tur\u00edstica que contienen en general, y la apuesta que est\u00e1n efectuando por impulsar el turismo sostenible.\u00a0<\/div>\n<div>\u00a0<\/div>\n<div>Alternativas a las que se sumar\u00eda otra de las corrientes en alza, como es el turismo de cruceros. De hecho, en 2023 un 19% de los espa\u00f1oles opt\u00f3 por disfrutar de unas vacaciones a bordo de un crucero, una cifra que previsiblemente aumentar\u00e1 un 24% en 2024, considerando, adem\u00e1s, que el 60% de los espa\u00f1oles reconoce que hacer un crucero se encuentra entre sus sue\u00f1os.<\/div>\n<div>\u00a0<\/div>\n<h2><strong>Destinos Nacionales<\/strong><\/h2>\n<div>En nuestro pa\u00eds, destino elegido por 9 cada 10 viajeros, seg\u00fan el INE, los lugares que despuntar\u00e1n en la pr\u00f3xima campa\u00f1a ser\u00e1n las islas (<a href=\"https:\/\/reservaviajes.centraldevacaciones.com\/destination\/pmi2\">Baleares<\/a> y <a href=\"https:\/\/reservaviajes.centraldevacaciones.com\/destination\/canarias\">Canarias<\/a>, imprescindibles cada temporada), las playas y pueblos de <a href=\"https:\/\/reservaviajes.centraldevacaciones.com\/destination\/llm-1\">Costa del Maresme<\/a>, la franja de la <a href=\"https:\/\/reservaviajes.centraldevacaciones.com\/destination\/fake-145\">Costa Verde<\/a> (que se extiende a lo largo de 345 km, entre Cantabria y Galicia, a orillas del mar Cant\u00e1brico) y los enclaves m\u00e1s pintorescos de la <a href=\"https:\/\/reservaviajes.centraldevacaciones.com\/destination\/caz-1\">Costa del Azahar<\/a> y el litoral de la <a href=\"https:\/\/reservaviajes.centraldevacaciones.com\/destination\/luz-01\">Costa de la Luz<\/a>, desde Tarifa hasta la desembocadura del r\u00edo Guadiana.<\/div>\n<div>\u00a0<\/div>\n<\/div>\n<div>\n<h3><strong>Tossa de Mar<\/strong><\/h3>\n<div><a href=\"https:\/\/reservaviajes.centraldevacaciones.com\/destination\/llm-30\">Tossa de Mar<\/a> es un destino tur\u00edstico en la famosa regi\u00f3n de la Costa Brava. El sector m\u00e1s meridional de la Costa Brava ofrece a los turistas una gama incre\u00edble de la historia, el arte y el ocio a orillas del mar Mediterr\u00e1neo. Esta localidad de la provincia de Girona pone a disposici\u00f3n de los viajeros una amplia y variada oferta de alojamiento hecha a medida para todos los gustos. La cocina, otra de las riquezas culturales de esta zona, har\u00e1 convencer a los paladares m\u00e1s refinados.<\/div>\n<div>\u00a0<\/div>\n<h3><strong>Costa Maresme<\/strong><\/h3>\n<div>Maresme es un condado situado a lo largo de la costa mediterr\u00e1nea catalana, entre los condados del Barcelon\u00e8s (en el suroeste) y Selva (en el noreste), y tambi\u00e9n en el l\u00edmite con el Vall\u00e8s Oriental (en el oeste). Maresme se extiende a lo largo de la costa, al sur de la <a href=\"https:\/\/reservaviajes.centraldevacaciones.com\/destination\/llm\">Costa Brava<\/a>. Playas largas de arena, bosques de pinos, pueblos de la costa y enclavado entre las monta\u00f1as para la protecci\u00f3n de los piratas, y mansiones modernistas que las clases acomodadas utilizan para pasar el verano.<\/div>\n<div>\u00a0<\/div>\n<h3><strong>Costa Verde<\/strong><\/h3>\n<div>Aunque instintivamente tendemos a asociar las playas de Espa\u00f1a con el Mediterr\u00e1neo, el litoral de la pen\u00ednsula ib\u00e9rica tiene mucho m\u00e1s que ofrecer al viajero. Por ejemplo, la espectacular l\u00ednea costera del norte. \u00bfQuieres descubrir uno de sus rincones m\u00e1s m\u00e1gicos al mejor precio? Si es as\u00ed, no dejes de consultar nuestras incre\u00edbles ofertas de vacaciones en la Costa Verde, Asturias.<\/div>\n<div>Esta franja se extiende a lo largo de 345 km, entre Cantabria\u00a0 y Galicia\u00a0 y a orillas del mar Cant\u00e1brico. Sin duda, este destino cautiva al reci\u00e9n llegado por sus paisajes naturales pintados de un verde intenso \u2014de ah\u00ed el nombre de su marca tur\u00edstica\u2014, sus calas solitarias, sus sobrecogedores acantilados, sus pueblos pesqueros tradicionales y las bondades de la cocina asturiana.<\/div>\n<div>\u00a0<\/div>\n<h3><strong>Costa de la Luz<\/strong><\/h3>\n<div>Costa de la Luz que se extiende desde Tarifa en el sur, a lo largo de las costas de la Provincia de C\u00e1diz y la provincia de Huelva, a la desembocadura del r\u00edo Guadiana. Esta zona cuenta con una serie de playas de arena blanca amplias donde el agua, dunas y pinares se encuentran. Los visitantes pueden encontrar todo, desde las \u00e1reas totalmente equipadas con un ambiente animado a los puntos salvajes y solitarios.<\/div>\n<\/div>\n<div>\n<div>\u00a0<\/div>\n<h2><strong>Destinos Internacionales<\/strong><\/h2>\n<div>Fuera de nuestras fronteras, destino seleccionado por el 10,4% de los espa\u00f1oles en 2023 (datos FAMILITUR), los lugares que podr\u00edan tener mayor \u2018tir\u00f3n\u2019 en el verano de 2024 ser\u00edan los siguientes:<\/div>\n<div>\u00a0<\/div>\n<h3>Caribe<\/h3>\n<div>El <a href=\"https:\/\/www.centraldevacaciones.com\/viajes\/ofertas-a-el-caribe.html\">Caribe<\/a>, un cl\u00e1sico de cada temporada, y uno de los destinos m\u00e1s demandados por nuestros clientes. Es uno de lo fijos en nuestra \u2018quiniela\u2019 para 2024.\u00a0<\/div>\n<div>\u00a0<\/div>\n<h3>Albania<\/h3>\n<div><a href=\"https:\/\/www.centraldevacaciones.com\/viajes\/ofertas-a-albania.html\">Albania<\/a>, fue el destino sorpresa del pasado verano y tambi\u00e9n lo ser\u00e1 en esta campa\u00f1a, pues cada vez va consolidado m\u00e1s su oferta y sus equipamientos tur\u00edsticos.\u00a0<\/div>\n<div>\u00a0<\/div>\n<h3>Mauricio<\/h3>\n<div>Si en Central de Vacaciones hemos de apostar por un destino TOP \u00e9ste es sin duda <a href=\"https:\/\/www.centraldevacaciones.com\/viajes\/ofertas-a-mauricio-en-junio-de-2024.html\">Mauricio<\/a>. Porque volar a estas islas permite descubrir el para\u00edso. Se trata de unas islas coralinas rodeadas por un mar c\u00e1lido, calmado y transparente. Y que adem\u00e1s poseen unas playas de ensue\u00f1o con sus inmensos arenales blancos.<\/div>\n<div>\u00a0<\/div>\n<h3>Uzbekist\u00e1n<\/h3>\n<div>Si lo que buscas es un destino que te sorprenda, <a href=\"https:\/\/www.centraldevacaciones.com\/ofertas-viajes\/ofertas-centraldevacaciones-a-uzbekistan;208;0;0;0;0.html\">Uzbekist\u00e1n<\/a> es, sin duda, la mejor elecci\u00f3n. C\u00fapulas turquesas, madrasas y las m\u00e1s bellas joyas de Asia central. Punto estrat\u00e9gico en la ruta de la seda, desborda cultura por todos sus rincones.<\/div>\n<div>\u00a0<\/div>\n<h3>Ljubljana<\/h3>\n<div><a href=\"https:\/\/www.centraldevacaciones.com\/viajes\/ofertas-a-ljubljana-en-agosto-de-2024.html\">Ljubljana<\/a>, adem\u00e1s de ser su capital, es el coraz\u00f3n de Eslovenia, un lugar cosmopolita, que transmite mucha tranquilidad, con un excelente ambiente maravilloso en todo su casco antiguo, as\u00ed como en la ribera del Rio Ljubljanica. En la misma \u00e1rea de Eslovenia Central se hallan otras muchas localidades, en las que la naturaleza, sus monumentos y castillos invaden los verdes campos. Es asimismo un punto estrat\u00e9gico lim\u00edtrofe con Austria, Hungr\u00eda, Italia y Croacia.<\/div>\n<div>\n<div>\u00a0<\/div>\n<h3>Cabo Verde<\/h3>\n<div>Conocido como el \u2018Caribe de \u00c1frica\u2019, es un emplazamiento ideal para unas vacaciones de sol y mar, aunque sus 10 islas de aguas cristalinas ofrecen un sinf\u00edn de posibilidades: turismo deportivo, n\u00e1utico, de naturaleza&#8230; E incluso, si es lo que se quiere, turismo volc\u00e1nico, gracias a la presencia del Pico do Fogo, enclavado en un parque natural con un volc\u00e1n activo de casi 3.000 metros.\u00a0<\/div>\n<\/div>\n<div>\u2003<\/div>\n<h4><em>Situaci\u00f3n<\/em><\/h4>\n<div><a href=\"https:\/\/www.centraldevacaciones.com\/viajes\/ofertas-a-sal.html\">Cabo Verde<\/a> muestra el exotismo caracter\u00edstico de los grandes destinos paradis\u00edacos. Situado geogr\u00e1ficamente debajo de las Islas Canarias, es un archipi\u00e9lago formado por 10 islas reconocidas por sus extensas playas de arena fina, sus aguas cristalinas y la honesta hospitalidad de su gente. Cabo Verde es un destino ideal para unas pr\u00f3ximas vacaciones de sol y mar.<\/div>\n<div>\u00a0<\/div>\n<div>Si quieres vivir una aventura a s\u00f3lo un par de horas, Cabo Verde no permite ninguna comparaci\u00f3n con los pa\u00edses de su entorno. Es un hurac\u00e1n, en el que est\u00e1n sucediendo lugares maravillosos en los que es posible vivir momentos perfectos, que est\u00e1n m\u00e1s all\u00e1 del propio destino. Curiosamente, Cabo Verde sigue siendo un destino desconocido para la mayor\u00eda de la gente, pero se vuelve reconocible para cualquier viajero que entre en \u00e9l.<\/div>\n<div>\u00a0<\/div>\n<div>Con la mirada perdida en un horizonte donde se mezclan finos granos de arena y aguas turquesas, Cabo Verde es lo m\u00e1s cercano al Caribe en toda \u00c1frica, siendo una irresistible propuesta de viaje donde el buen tiempo se destaca sonriendo en cualquier \u00e9poca del a\u00f1o.<\/div>\n<div>\u00a0<\/div>\n<h4><em>Un archipi\u00e9lago de 10 impresionantes islas<\/em><\/h4>\n<div><a href=\"https:\/\/www.centraldevacaciones.com\/viajes\/ofertas-a-boa-vista-cabo-verde-en-junio-de-2024.html\">Boa Vista<\/a> tiene una excelente gama de playas, como Santa M\u00f3nica o Chave, que retratan el nirvana caboverdiano: dunas de arena blanca, aguas turquesas y la inmensidad del oc\u00e9ano presente en el ojo. La sal es la elecci\u00f3n de los amantes de los deportes acu\u00e1ticos: surfistas en Ponta Preta, kite y windsurf en Kite Beach&#8230; y espectaculares lugares de buceo. Santiago es la isla m\u00e1s grande y sorprende al viajero por su colorido verde, las monta\u00f1as y una naturaleza salvaje donde tambi\u00e9n es posible encontrar playas con cocoteros, como Ribeira da Prata.<\/div>\n<div>\u00a0<\/div>\n<div>Sin duda, cada una de las islas tiene puntos de inter\u00e9s atractivos, que determinan una personalidad caracter\u00edstica. La Isla de Fogo es territorio para los amantes de los volcanes. ru. La isla de Santo Ant\u00e3o tiene que ver con los aficionados al senderismo, porque tiene varias rutas de gran inter\u00e9s natural. En ellos se puede admirar una paleta de colores en la que se mezclan marrones y rojos de una extraordinaria intensidad, a los que siguen vistas inigualables.\u00a0<\/div>\n<\/div>\n<p><!-- \/wp:image --><\/p>\n<p><!-- wp:paragraph --><\/p>\n<p><!-- \/wp:paragraph --><\/p>\t\t\t\t\t\t\t\t<\/div>\n\t\t\t\t\t<\/div>\n\t\t<\/div>\n\t\t\t\t\t<\/div>\n\t\t<\/section>\n\t\t\t\t<section class=\"elementor-section elementor-top-section elementor-element elementor-element-17fbe5cd elementor-section-boxed elementor-section-height-default elementor-section-height-default\" data-id=\"17fbe5cd\" data-element_type=\"section\">\n\t\t\t\t\t\t<div class=\"elementor-container elementor-column-gap-custom\">\n\t\t\t\t\t<div class=\"elementor-column elementor-col-16 elementor-top-column elementor-element elementor-element-28d2a940\" data-id=\"28d2a940\" data-element_type=\"column\">\n\t\t\t<div class=\"elementor-widget-wrap elementor-element-populated\">\n\t\t\t\t\t\t<div class=\"elementor-element elementor-element-557ddc61 elementor-widget elementor-widget-image\" data-id=\"557ddc61\" data-element_type=\"widget\" data-widget_type=\"image.default\">\n\t\t\t\t\t\t\t\t\t\t\t\t\t\t\t<img decoding=\"async\" width=\"128\" height=\"128\" src=\"https:\/\/www.centraldevacaciones.com\/blog\/wp-content\/uploads\/2021\/05\/dom.png\" class=\"attachment-large size-large wp-image-12635\" alt=\"\" \/>\t\t\t\t\t\t\t\t\t\t\t\t\t\t\t<\/div>\n\t\t\t\t<div class=\"elementor-element elementor-element-1fd0de01 elementor-widget elementor-widget-heading\" data-id=\"1fd0de01\" data-element_type=\"widget\" data-widget_type=\"heading.default\">\n\t\t\t\t\t<h3 class=\"elementor-heading-title elementor-size-default\"><a href=\"https:\/\/www.centraldevacaciones.com\/viajes\/\">Ofertas vacacionales<\/a><\/h3>\t\t\t\t<\/div>\n\t\t\t\t\t<\/div>\n\t\t<\/div>\n\t\t\t\t<div class=\"elementor-column elementor-col-16 elementor-top-column elementor-element elementor-element-6b664164\" data-id=\"6b664164\" data-element_type=\"column\">\n\t\t\t<div class=\"elementor-widget-wrap elementor-element-populated\">\n\t\t\t\t\t\t<div class=\"elementor-element elementor-element-6067d49e elementor-widget elementor-widget-image\" data-id=\"6067d49e\" data-element_type=\"widget\" data-widget_type=\"image.default\">\n\t\t\t\t\t\t\t\t\t\t\t\t\t\t\t<img decoding=\"async\" width=\"128\" height=\"128\" src=\"https:\/\/www.centraldevacaciones.com\/blog\/wp-content\/uploads\/2021\/05\/camas.png\" class=\"attachment-large size-large wp-image-12637\" alt=\"\" \/>\t\t\t\t\t\t\t\t\t\t\t\t\t\t\t<\/div>\n\t\t\t\t<div class=\"elementor-element elementor-element-213121d4 elementor-widget elementor-widget-heading\" data-id=\"213121d4\" data-element_type=\"widget\" data-widget_type=\"heading.default\">\n\t\t\t\t\t<h3 class=\"elementor-heading-title elementor-size-default\"><a href=\"https:\/\/www.centraldevacaciones.com\/blog\/hoteles-de-ciudad\/\">Ofertas hoteles<\/a><\/h3>\t\t\t\t<\/div>\n\t\t\t\t\t<\/div>\n\t\t<\/div>\n\t\t\t\t<div class=\"elementor-column elementor-col-16 elementor-top-column elementor-element elementor-element-11cd9f7\" data-id=\"11cd9f7\" data-element_type=\"column\">\n\t\t\t<div class=\"elementor-widget-wrap elementor-element-populated\">\n\t\t\t\t\t\t<div class=\"elementor-element elementor-element-d1ab2d3 elementor-widget elementor-widget-image\" data-id=\"d1ab2d3\" data-element_type=\"widget\" data-widget_type=\"image.default\">\n\t\t\t\t\t\t\t\t\t\t\t\t\t\t\t<img decoding=\"async\" width=\"128\" height=\"128\" src=\"https:\/\/www.centraldevacaciones.com\/blog\/wp-content\/uploads\/2021\/05\/avion-1.png\" class=\"attachment-large size-large wp-image-12639\" alt=\"\" \/>\t\t\t\t\t\t\t\t\t\t\t\t\t\t\t<\/div>\n\t\t\t\t<div class=\"elementor-element elementor-element-71a90fce elementor-widget elementor-widget-heading\" data-id=\"71a90fce\" data-element_type=\"widget\" data-widget_type=\"heading.default\">\n\t\t\t\t\t<h3 class=\"elementor-heading-title elementor-size-default\"><a href=\"https:\/\/www.centraldevacaciones.com\/blog\/destinos-vacaciones\/\">Mejores destinos<\/a><\/h3>\t\t\t\t<\/div>\n\t\t\t\t\t<\/div>\n\t\t<\/div>\n\t\t\t\t<div class=\"elementor-column elementor-col-16 elementor-top-column elementor-element elementor-element-4ca121b6\" data-id=\"4ca121b6\" data-element_type=\"column\">\n\t\t\t<div class=\"elementor-widget-wrap elementor-element-populated\">\n\t\t\t\t\t\t<div class=\"elementor-element elementor-element-7074d852 elementor-widget elementor-widget-image\" data-id=\"7074d852\" data-element_type=\"widget\" data-widget_type=\"image.default\">\n\t\t\t\t\t\t\t\t\t\t\t\t\t\t\t<img loading=\"lazy\" decoding=\"async\" width=\"128\" height=\"128\" src=\"https:\/\/www.centraldevacaciones.com\/blog\/wp-content\/uploads\/2021\/05\/cama-solar.png\" class=\"attachment-large size-large wp-image-12640\" alt=\"\" \/>\t\t\t\t\t\t\t\t\t\t\t\t\t\t\t<\/div>\n\t\t\t\t<div class=\"elementor-element elementor-element-60cc3fb4 elementor-widget elementor-widget-heading\" data-id=\"60cc3fb4\" data-element_type=\"widget\" data-widget_type=\"heading.default\">\n\t\t\t\t\t<h3 class=\"elementor-heading-title elementor-size-default\"><a href=\"https:\/\/www.centraldevacaciones.com\/blog\/ofertas-circuitos\/\">Circuitos vacacionales<\/a><\/h3>\t\t\t\t<\/div>\n\t\t\t\t\t<\/div>\n\t\t<\/div>\n\t\t\t\t<div class=\"elementor-column elementor-col-16 elementor-top-column elementor-element elementor-element-ef5a1f9\" data-id=\"ef5a1f9\" data-element_type=\"column\">\n\t\t\t<div class=\"elementor-widget-wrap elementor-element-populated\">\n\t\t\t\t\t\t<div class=\"elementor-element elementor-element-2f5b3e65 elementor-widget elementor-widget-image\" data-id=\"2f5b3e65\" data-element_type=\"widget\" data-widget_type=\"image.default\">\n\t\t\t\t\t\t\t\t\t\t\t\t\t\t\t<img loading=\"lazy\" decoding=\"async\" width=\"128\" height=\"128\" src=\"https:\/\/www.centraldevacaciones.com\/blog\/wp-content\/uploads\/2021\/05\/en-todo-el-mundo.png\" class=\"attachment-large size-large wp-image-12641\" alt=\"\" \/>\t\t\t\t\t\t\t\t\t\t\t\t\t\t\t<\/div>\n\t\t\t\t<div class=\"elementor-element elementor-element-44a01ceb elementor-widget elementor-widget-heading\" data-id=\"44a01ceb\" data-element_type=\"widget\" data-widget_type=\"heading.default\">\n\t\t\t\t\t<h3 class=\"elementor-heading-title elementor-size-default\"><a href=\"https:\/\/www.centraldevacaciones.com\/blog\/vuelo-hotel\/\">Vuelo + hotel <\/a><\/h3>\t\t\t\t<\/div>\n\t\t\t\t\t<\/div>\n\t\t<\/div>\n\t\t\t\t<div class=\"elementor-column elementor-col-16 elementor-top-column elementor-element elementor-element-730efa8e\" data-id=\"730efa8e\" data-element_type=\"column\">\n\t\t\t<div class=\"elementor-widget-wrap elementor-element-populated\">\n\t\t\t\t\t\t<div class=\"elementor-element elementor-element-30998163 elementor-widget elementor-widget-image\" data-id=\"30998163\" data-element_type=\"widget\" data-widget_type=\"image.default\">\n\t\t\t\t\t\t\t\t\t\t\t\t\t\t\t<img loading=\"lazy\" decoding=\"async\" width=\"128\" height=\"128\" src=\"https:\/\/www.centraldevacaciones.com\/blog\/wp-content\/uploads\/2021\/05\/crucero.png\" class=\"attachment-large size-large wp-image-12642\" alt=\"\" \/>\t\t\t\t\t\t\t\t\t\t\t\t\t\t\t<\/div>\n\t\t\t\t<div class=\"elementor-element elementor-element-2ebce847 elementor-widget elementor-widget-heading\" data-id=\"2ebce847\" data-element_type=\"widget\" data-widget_type=\"heading.default\">\n\t\t\t\t\t<h3 class=\"elementor-heading-title elementor-size-default\"><a href=\"https:\/\/www.centraldevacaciones.com\/blog\/destinos-cruceros\/\">Ofertas  cruceros<\/a><\/h3>\t\t\t\t<\/div>\n\t\t\t\t\t<\/div>\n\t\t<\/div>\n\t\t\t\t\t<\/div>\n\t\t<\/section>\n\t\t\t\t<section class=\"elementor-section elementor-top-section elementor-element elementor-element-ded4f15 elementor-section-boxed elementor-section-height-default elementor-section-height-default\" data-id=\"ded4f15\" data-element_type=\"section\">\n\t\t\t\t\t\t<div class=\"elementor-container elementor-column-gap-default\">\n\t\t\t\t\t<div class=\"elementor-column elementor-col-100 elementor-top-column elementor-element elementor-element-783ea83\" data-id=\"783ea83\" data-element_type=\"column\">\n\t\t\t<div class=\"elementor-widget-wrap elementor-element-populated\">\n\t\t\t\t\t\t<div class=\"elementor-element elementor-element-f552e2a elementor-widget elementor-widget-text-editor\" data-id=\"f552e2a\" data-element_type=\"widget\" data-widget_type=\"text-editor.default\">\n\t\t\t\t\t\t\t\t\t<p><span style=\"font-weight: 400;\">\u00bfTe gustar\u00eda poder disfrutar este verano de unas vacaciones en tu lugar favorito con los extras m\u00e1s premium que mejor se adapten a ti y poder contar la experiencia a tus conocidos? Est\u00e1s en el sitio correcto, \u00a1Si\u00e9ntete como en casa desde el primer d\u00eda de estancia en cualquier hotel reservado con Central de Vacaciones!<\/span><\/p>\n<p><span style=\"font-weight: 400;\">Haz tu reserva cuando quieras y a donde quieras, teniendo acceso a todo tipo de lujos para elegir y disfruta unos d\u00edas de verano inolvidables junto a las personas que m\u00e1s quieres. \u00a1Haz ya tu reserva antes de que se agote la disponibilidad a muchos destinos y disfruta de un verano espectacular cuando y donde quieras con Central de Vacaciones!<\/span><\/p>\t\t\t\t\t\t\t\t<\/div>\n\t\t\t\t\t<\/div>\n\t\t<\/div>\n\t\t\t\t\t<\/div>\n\t\t<\/section>\n\t\t\t\t<\/div>\n\t\t","protected":false},"excerpt":{"rendered":"<p>De acuerdo con las predicciones derivadas de nuestros an\u00e1lisis de demanda interna, Central de Vacaciones ha elaborado su \u2018quiniela\u2019 con los 10 destinos que marcar\u00e1n tendencia en el verano de 2024, tanto en el plano nacional como en la esfera internacional.\u00a0 \u00a0 Propuestas que tienen en cuenta la diversidad de opciones de prometen (sol y [&hellip;]<\/p>\n","protected":false},"author":4,"featured_media":184938,"comment_status":"closed","ping_status":"closed","sticky":false,"template":"elementor_theme","format":"standard","meta":{"_acf_changed":false,"footnotes":""},"categories":[2182],"tags":[2190,2189,2187,2191,2188],"class_list":["post-184936","post","type-post","status-publish","format-standard","has-post-thumbnail","hentry","category-noticias-central-de-vacaciones","tag-destinos-de-viaje-verano-2024","tag-destinos-mas-demandados","tag-tendencias-2024-en-viajes","tag-top-destinos-2024","tag-viajes-verano-2024"],"acf":[],"_links":{"self":[{"href":"https:\/\/www.centraldevacaciones.com\/blog\/wp-json\/wp\/v2\/posts\/184936","targetHints":{"allow":["GET"]}}],"collection":[{"href":"https:\/\/www.centraldevacaciones.com\/blog\/wp-json\/wp\/v2\/posts"}],"about":[{"href":"https:\/\/www.centraldevacaciones.com\/blog\/wp-json\/wp\/v2\/types\/post"}],"author":[{"embeddable":true,"href":"https:\/\/www.centraldevacaciones.com\/blog\/wp-json\/wp\/v2\/users\/4"}],"replies":[{"embeddable":true,"href":"https:\/\/www.centraldevacaciones.com\/blog\/wp-json\/wp\/v2\/comments?post=184936"}],"version-history":[{"count":1,"href":"https:\/\/www.centraldevacaciones.com\/blog\/wp-json\/wp\/v2\/posts\/184936\/revisions"}],"predecessor-version":[{"id":186588,"href":"https:\/\/www.centraldevacaciones.com\/blog\/wp-json\/wp\/v2\/posts\/184936\/revisions\/186588"}],"wp:featuredmedia":[{"embeddable":true,"href":"https:\/\/www.centraldevacaciones.com\/blog\/wp-json\/wp\/v2\/media\/184938"}],"wp:attachment":[{"href":"https:\/\/www.centraldevacaciones.com\/blog\/wp-json\/wp\/v2\/media?parent=184936"}],"wp:term":[{"taxonomy":"category","embeddable":true,"href":"https:\/\/www.centraldevacaciones.com\/blog\/wp-json\/wp\/v2\/categories?post=184936"},{"taxonomy":"post_tag","embeddable":true,"href":"https:\/\/www.centraldevacaciones.com\/blog\/wp-json\/wp\/v2\/tags?post=184936"}],"curies":[{"name":"wp","href":"https:\/\/api.w.org\/{rel}","templated":true}]}}