{"id":1673,"date":"2014-12-18T08:58:39","date_gmt":"2014-12-18T07:58:39","guid":{"rendered":"http:\/\/www.centraldevacaciones.com\/opiniones\/?p=1673"},"modified":"2021-08-10T08:15:19","modified_gmt":"2021-08-10T06:15:19","slug":"oferta-ultima-hora-caribe-riv-maya-1922-de-diciembre-desde-919e","status":"publish","type":"post","link":"https:\/\/www.centraldevacaciones.com\/blog\/oferta-ultima-hora-caribe-riv-maya-1922-de-diciembre-desde-919e\/","title":{"rendered":"OFERTA \u00daLTIMA HORA CARIBE: RIV. MAYA 19\/22 DE DICIEMBRE DESDE 919\u20ac"},"content":{"rendered":"\t\t<div data-elementor-type=\"wp-post\" data-elementor-id=\"1673\" class=\"elementor elementor-1673\" data-elementor-post-type=\"post\">\n\t\t\t\t\t\t<section class=\"elementor-section elementor-top-section elementor-element elementor-element-3fe74955 elementor-section-boxed elementor-section-height-default elementor-section-height-default\" data-id=\"3fe74955\" data-element_type=\"section\">\n\t\t\t\t\t\t<div class=\"elementor-container elementor-column-gap-default\">\n\t\t\t\t\t<div class=\"elementor-column elementor-col-100 elementor-top-column elementor-element elementor-element-5ce8f7b7\" data-id=\"5ce8f7b7\" data-element_type=\"column\">\n\t\t\t<div class=\"elementor-widget-wrap elementor-element-populated\">\n\t\t\t\t\t\t<div class=\"elementor-element elementor-element-579040d4 elementor-widget elementor-widget-text-editor\" data-id=\"579040d4\" data-element_type=\"widget\" data-widget_type=\"text-editor.default\">\n\t\t\t\t\t\t\t\t\t<p>Nueva Oferta de \u00daltima Hora para viajar al Caribe.<\/p><p>A\u00fan estas a tiempo de viajar al Caribe estas Navidades y adem\u00e1s aprovechar el mejor precio de la temporada. Son las \u00faltimas plazas, por eso podemos ofrec\u00e9rtelas con grandes descuentos.<\/p><p>Con nuestra <a title=\"http:\/\/www.centraldevacaciones.com\/viajes\/4\/0\/0\/0\/ofertas-a-El-Caribe.html\" href=\"http:\/\/www.centraldevacaciones.com\/viajes\/4\/0\/0\/0\/ofertas-a-El-Caribe.html\" target=\"_blank\" rel=\"noopener noreferrer\">Oferta Riviera Maya \u00daltima<\/a> Hora podr\u00e1s disfrutar de tus Vacaciones de Navidad en las fabulosas playas de la costa Mexicana. Los mejores resorts de Riviera Maya con su r\u00e9gimen de Todo Incluido te est\u00e1n esperando. Desde solo 919\u20ac puedes conseguir tu sue\u00f1o, disfrutar de unas aut\u00e9nticas Vacaciones de Navidad en pleno Caribe.<\/p><p><a href=\"http:\/\/www.centraldevacaciones.com\/viajes\/4\/0\/0\/0\/ofertas-a-El-Caribe.html\"><img fetchpriority=\"high\" decoding=\"async\" class=\"aligncenter wp-image-1674 size-full\" title=\"UltimaHoraFB\" src=\"https:\/\/www.centraldevacaciones.com\/blog\/wp-content\/uploads\/2014\/12\/UltimaHoraFB.jpg\" alt=\"Riviera Maya \u00daltima Hora\" width=\"628\" height=\"275\" srcset=\"https:\/\/www.centraldevacaciones.com\/blog\/wp-content\/uploads\/2014\/12\/UltimaHoraFB.jpg 628w, https:\/\/www.centraldevacaciones.com\/blog\/wp-content\/uploads\/2014\/12\/UltimaHoraFB-300x131.jpg 300w\" sizes=\"(max-width: 628px) 100vw, 628px\" \/><\/a><br \/>Recuerda que, esta Oferta de Caribe ya lleva incluido en su precio final los vuelos, tasas a\u00e9reas, traslados, alojamiento en todo incluido, gu\u00eda y seguro. \u00bfQu\u00e9 m\u00e1s se puede pedir? Entra ya en <a title=\"http:\/\/www.centraldevacaciones.com\/viajes\/4\/0\/0\/0\/ofertas-a-El-Caribe.html\" href=\"http:\/\/www.centraldevacaciones.com\/viajes\/4\/0\/0\/0\/ofertas-a-El-Caribe.html\" target=\"_blank\" rel=\"noopener noreferrer\">Centraldevacaciones.com<\/a> y reserva tu plaza. Las salidas son inminentes, 19 y 22 de Diciembre, as\u00ed que no pierdas ni un minuto m\u00e1s.<\/p>\t\t\t\t\t\t\t\t<\/div>\n\t\t\t\t\t<\/div>\n\t\t<\/div>\n\t\t\t\t\t<\/div>\n\t\t<\/section>\n\t\t\t\t<section class=\"elementor-section elementor-top-section elementor-element elementor-element-4cf00e8f elementor-section-boxed elementor-section-height-default elementor-section-height-default\" data-id=\"4cf00e8f\" data-element_type=\"section\">\n\t\t\t\t\t\t<div class=\"elementor-container elementor-column-gap-default\">\n\t\t\t\t\t<div class=\"elementor-column elementor-col-20 elementor-top-column elementor-element elementor-element-52472f63\" data-id=\"52472f63\" data-element_type=\"column\">\n\t\t\t<div class=\"elementor-widget-wrap elementor-element-populated\">\n\t\t\t\t\t\t<div class=\"elementor-element elementor-element-df7e8e3 elementor-widget elementor-widget-image\" data-id=\"df7e8e3\" data-element_type=\"widget\" data-widget_type=\"image.default\">\n\t\t\t\t\t\t\t\t\t\t\t\t\t\t\t<img decoding=\"async\" width=\"128\" height=\"128\" src=\"https:\/\/www.centraldevacaciones.com\/blog\/wp-content\/uploads\/2021\/03\/hamaca.png\" class=\"attachment-large size-large wp-image-12659\" alt=\"\" \/>\t\t\t\t\t\t\t\t\t\t\t\t\t\t\t<\/div>\n\t\t\t\t<div class=\"elementor-element elementor-element-6a203bf1 elementor-widget elementor-widget-heading\" data-id=\"6a203bf1\" data-element_type=\"widget\" data-widget_type=\"heading.default\">\n\t\t\t\t\t<h3 class=\"elementor-heading-title elementor-size-default\"><a href=\"https:\/\/www.centraldevacaciones.com\/viajes\/ofertas-a-el-caribe.html\">Ofertas de viaje al Caribe<\/a><\/h3>\t\t\t\t<\/div>\n\t\t\t\t\t<\/div>\n\t\t<\/div>\n\t\t\t\t<div class=\"elementor-column elementor-col-20 elementor-top-column elementor-element elementor-element-5803638\" data-id=\"5803638\" data-element_type=\"column\">\n\t\t\t<div class=\"elementor-widget-wrap elementor-element-populated\">\n\t\t\t\t\t\t<div class=\"elementor-element elementor-element-5460cf elementor-widget elementor-widget-image\" data-id=\"5460cf\" data-element_type=\"widget\" data-widget_type=\"image.default\">\n\t\t\t\t\t\t\t\t\t\t\t\t\t\t\t<img decoding=\"async\" width=\"128\" height=\"128\" src=\"https:\/\/www.centraldevacaciones.com\/blog\/wp-content\/uploads\/2021\/03\/palmera.png\" class=\"attachment-large size-large wp-image-12660\" alt=\"\" \/>\t\t\t\t\t\t\t\t\t\t\t\t\t\t\t<\/div>\n\t\t\t\t<div class=\"elementor-element elementor-element-3c2a8474 elementor-widget elementor-widget-heading\" data-id=\"3c2a8474\" data-element_type=\"widget\" data-widget_type=\"heading.default\">\n\t\t\t\t\t<h3 class=\"elementor-heading-title elementor-size-default\"><a href=\"https:\/\/www.centraldevacaciones.com\/viajes\/ofertas-a-punta-cana.html\">Viajes a Punta Cana<\/a><\/h3>\t\t\t\t<\/div>\n\t\t\t\t\t<\/div>\n\t\t<\/div>\n\t\t\t\t<div class=\"elementor-column elementor-col-20 elementor-top-column elementor-element elementor-element-5e92748\" data-id=\"5e92748\" data-element_type=\"column\">\n\t\t\t<div class=\"elementor-widget-wrap elementor-element-populated\">\n\t\t\t\t\t\t<div class=\"elementor-element elementor-element-40525ccd elementor-widget elementor-widget-image\" data-id=\"40525ccd\" data-element_type=\"widget\" data-widget_type=\"image.default\">\n\t\t\t\t\t\t\t\t\t\t\t\t\t\t\t<img loading=\"lazy\" decoding=\"async\" width=\"128\" height=\"128\" src=\"https:\/\/www.centraldevacaciones.com\/blog\/wp-content\/uploads\/2021\/05\/dom.png\" class=\"attachment-large size-large wp-image-12635\" alt=\"\" \/>\t\t\t\t\t\t\t\t\t\t\t\t\t\t\t<\/div>\n\t\t\t\t<div class=\"elementor-element elementor-element-20180482 elementor-widget elementor-widget-heading\" data-id=\"20180482\" data-element_type=\"widget\" data-widget_type=\"heading.default\">\n\t\t\t\t\t<h3 class=\"elementor-heading-title elementor-size-default\"><a href=\"https:\/\/www.centraldevacaciones.com\/viajes\/ofertas-a-varadero.html\">Viajes a Varadero<\/a><\/h3>\t\t\t\t<\/div>\n\t\t\t\t\t<\/div>\n\t\t<\/div>\n\t\t\t\t<div class=\"elementor-column elementor-col-20 elementor-top-column elementor-element elementor-element-749fe4a0\" data-id=\"749fe4a0\" data-element_type=\"column\">\n\t\t\t<div class=\"elementor-widget-wrap elementor-element-populated\">\n\t\t\t\t\t\t<div class=\"elementor-element elementor-element-45609fb1 elementor-widget elementor-widget-image\" data-id=\"45609fb1\" data-element_type=\"widget\" data-widget_type=\"image.default\">\n\t\t\t\t\t\t\t\t\t\t\t\t\t\t\t<img loading=\"lazy\" decoding=\"async\" width=\"128\" height=\"128\" src=\"https:\/\/www.centraldevacaciones.com\/blog\/wp-content\/uploads\/2021\/05\/avion-1.png\" class=\"attachment-large size-large wp-image-12639\" alt=\"\" \/>\t\t\t\t\t\t\t\t\t\t\t\t\t\t\t<\/div>\n\t\t\t\t<div class=\"elementor-element elementor-element-7050bdcd elementor-widget elementor-widget-heading\" data-id=\"7050bdcd\" data-element_type=\"widget\" data-widget_type=\"heading.default\">\n\t\t\t\t\t<h3 class=\"elementor-heading-title elementor-size-default\"><a href=\"https:\/\/www.centraldevacaciones.com\/bahiaprincipe\/\">Ofertas de Bahia Principe<\/a><\/h3>\t\t\t\t<\/div>\n\t\t\t\t\t<\/div>\n\t\t<\/div>\n\t\t\t\t<div class=\"elementor-column elementor-col-20 elementor-top-column elementor-element elementor-element-45737e08\" data-id=\"45737e08\" data-element_type=\"column\">\n\t\t\t<div class=\"elementor-widget-wrap elementor-element-populated\">\n\t\t\t\t\t\t<div class=\"elementor-element elementor-element-47179354 elementor-widget elementor-widget-image\" data-id=\"47179354\" data-element_type=\"widget\" data-widget_type=\"image.default\">\n\t\t\t\t\t\t\t\t\t\t\t\t\t\t\t<img loading=\"lazy\" decoding=\"async\" width=\"128\" height=\"128\" src=\"https:\/\/www.centraldevacaciones.com\/blog\/wp-content\/uploads\/2021\/03\/verano.png\" class=\"attachment-large size-large wp-image-12661\" alt=\"\" \/>\t\t\t\t\t\t\t\t\t\t\t\t\t\t\t<\/div>\n\t\t\t\t<div class=\"elementor-element elementor-element-7a1ba726 elementor-widget elementor-widget-heading\" data-id=\"7a1ba726\" data-element_type=\"widget\" data-widget_type=\"heading.default\">\n\t\t\t\t\t<h3 class=\"elementor-heading-title elementor-size-default\"><a href=\"https:\/\/www.centraldevacaciones.com\/blog\/ofertas-vacaciones-caribe\/\">Destinos del Caribe<\/a><\/h3>\t\t\t\t<\/div>\n\t\t\t\t\t<\/div>\n\t\t<\/div>\n\t\t\t\t\t<\/div>\n\t\t<\/section>\n\t\t\t\t<section class=\"elementor-section elementor-top-section elementor-element elementor-element-260a36f elementor-section-boxed elementor-section-height-default elementor-section-height-default\" data-id=\"260a36f\" data-element_type=\"section\">\n\t\t\t\t\t\t<div class=\"elementor-container elementor-column-gap-default\">\n\t\t\t\t\t<div class=\"elementor-column elementor-col-100 elementor-top-column elementor-element elementor-element-626580d\" data-id=\"626580d\" data-element_type=\"column\">\n\t\t\t<div class=\"elementor-widget-wrap elementor-element-populated\">\n\t\t\t\t\t\t<div class=\"elementor-element elementor-element-e2c9194 elementor-widget elementor-widget-text-editor\" data-id=\"e2c9194\" data-element_type=\"widget\" data-widget_type=\"text-editor.default\">\n\t\t\t\t\t\t\t\t\t<p><span style=\"font-weight: 400;\">\u00bfTe imaginas este verano en un clima c\u00e1lido y unas espectaculares playas paradis\u00edacas? \u00a1Las playas del Caribe son para ti! Reserva ahora tu viaje al Caribe con Central de Vacaciones. Nuestras ofertas incluyen los extras m\u00e1s premium que mejor se adaptan a ti y empieza a hacer la cuenta atr\u00e1s para vivir una experiencia de verano inolvidable con quien m\u00e1s quieres.<\/span><\/p>\t\t\t\t\t\t\t\t<\/div>\n\t\t\t\t\t<\/div>\n\t\t<\/div>\n\t\t\t\t\t<\/div>\n\t\t<\/section>\n\t\t\t\t<\/div>\n\t\t","protected":false},"excerpt":{"rendered":"<p>Nueva Oferta de \u00daltima Hora para viajar al Caribe. A\u00fan estas a tiempo de viajar al Caribe estas Navidades y adem\u00e1s aprovechar el mejor precio de la temporada. Son las \u00faltimas plazas, por eso podemos ofrec\u00e9rtelas con grandes descuentos. Con nuestra Oferta Riviera Maya \u00daltima Hora podr\u00e1s disfrutar de tus Vacaciones de Navidad en las [&hellip;]<\/p>\n","protected":false},"author":1,"featured_media":0,"comment_status":"closed","ping_status":"open","sticky":false,"template":"elementor_theme","format":"standard","meta":{"_acf_changed":false,"footnotes":""},"categories":[297,207,205,7,9,12,18],"tags":[],"class_list":["post-1673","post","type-post","status-publish","format-standard","hentry","category-caribe","category-ideas-viajes-invierno","category-ideas-viajes-low-cost","category-mexico","category-riviera-maya","category-viajes","category-viajes-por-norte-america"],"acf":[],"_links":{"self":[{"href":"https:\/\/www.centraldevacaciones.com\/blog\/wp-json\/wp\/v2\/posts\/1673","targetHints":{"allow":["GET"]}}],"collection":[{"href":"https:\/\/www.centraldevacaciones.com\/blog\/wp-json\/wp\/v2\/posts"}],"about":[{"href":"https:\/\/www.centraldevacaciones.com\/blog\/wp-json\/wp\/v2\/types\/post"}],"author":[{"embeddable":true,"href":"https:\/\/www.centraldevacaciones.com\/blog\/wp-json\/wp\/v2\/users\/1"}],"replies":[{"embeddable":true,"href":"https:\/\/www.centraldevacaciones.com\/blog\/wp-json\/wp\/v2\/comments?post=1673"}],"version-history":[{"count":0,"href":"https:\/\/www.centraldevacaciones.com\/blog\/wp-json\/wp\/v2\/posts\/1673\/revisions"}],"wp:attachment":[{"href":"https:\/\/www.centraldevacaciones.com\/blog\/wp-json\/wp\/v2\/media?parent=1673"}],"wp:term":[{"taxonomy":"category","embeddable":true,"href":"https:\/\/www.centraldevacaciones.com\/blog\/wp-json\/wp\/v2\/categories?post=1673"},{"taxonomy":"post_tag","embeddable":true,"href":"https:\/\/www.centraldevacaciones.com\/blog\/wp-json\/wp\/v2\/tags?post=1673"}],"curies":[{"name":"wp","href":"https:\/\/api.w.org\/{rel}","templated":true}]}}