{"id":1666,"date":"2014-12-17T12:24:10","date_gmt":"2014-12-17T11:24:10","guid":{"rendered":"http:\/\/www.centraldevacaciones.com\/opiniones\/?p=1666"},"modified":"2021-08-06T10:02:29","modified_gmt":"2021-08-06T08:02:29","slug":"conoce-san-marino-la-primera-republica-del-mundo","status":"publish","type":"post","link":"https:\/\/www.centraldevacaciones.com\/blog\/conoce-san-marino-la-primera-republica-del-mundo\/","title":{"rendered":"Conoce San Marino, la primera Rep\u00fablica del mundo"},"content":{"rendered":"\t\t<div data-elementor-type=\"wp-post\" data-elementor-id=\"1666\" class=\"elementor elementor-1666\" data-elementor-post-type=\"post\">\n\t\t\t\t\t\t<section class=\"elementor-section elementor-top-section elementor-element elementor-element-6cc1cf24 elementor-section-boxed elementor-section-height-default elementor-section-height-default\" data-id=\"6cc1cf24\" data-element_type=\"section\">\n\t\t\t\t\t\t<div class=\"elementor-container elementor-column-gap-default\">\n\t\t\t\t\t<div class=\"elementor-column elementor-col-100 elementor-top-column elementor-element elementor-element-499a36e2\" data-id=\"499a36e2\" data-element_type=\"column\">\n\t\t\t<div class=\"elementor-widget-wrap elementor-element-populated\">\n\t\t\t\t\t\t<div class=\"elementor-element elementor-element-300edbfe elementor-widget elementor-widget-text-editor\" data-id=\"300edbfe\" data-element_type=\"widget\" data-widget_type=\"text-editor.default\">\n\t\t\t\t\t\t\t\t\tEste peque\u00f1o pa\u00eds de (61 km2), situado en los montes Apeninos entre las regiones de Emilia-Romagna y Marche es una hermosa e interesante opci\u00f3n especialmente para aquellos que est\u00e9n pensando en disfrutar de las playas y fiestas de Rimini o para los viajeros que deseen realizar compras con precios m\u00e1s bajos.\n\nLa historia de San Marino comienza incluso en el siglo IV cuando San Marino y un grupo de monjes entre ellos San Leo huyeron a los Apeninos (cordillera que cortes de Italia) a causa de la persecuci\u00f3n del emperador Diocletian contra los cat\u00f3licos y se refugi\u00f3 en el Monte Titano.\n\n<a href=\"http:\/\/www.centraldevacaciones.com\/opiniones\/wp-content\/uploads\/2014\/12\/SMarino.jpg\"><img decoding=\"async\" class=\"aligncenter size-medium wp-image-1680\" title=\"SMarino\" src=\"http:\/\/www.centraldevacaciones.com\/opiniones\/wp-content\/uploads\/2014\/12\/SMarino-300x132.jpg\" alt=\"Oferta San Marino\" width=\"300\" height=\"132\" srcset=\"https:\/\/www.centraldevacaciones.com\/blog\/wp-content\/uploads\/2014\/12\/SMarino-300x132.jpg 300w, https:\/\/www.centraldevacaciones.com\/blog\/wp-content\/uploads\/2014\/12\/SMarino.jpg 624w\" sizes=\"(max-width: 300px) 100vw, 300px\" \/><\/a>\n\nLa comunidad de San Marino fue creciendo y ten\u00eda sus propias reglas independientes de los ducados que le rodeaban. En el a\u00f1o 1243, se form\u00f3 el primer consejo de hasta ahora sigue en San Marino intuido para organizar la pol\u00edtica comunitaria. En 1291 el Papa Nicol\u00e1s IV le dio a la comunidad reconocida como estado independiente garantiza a San Marino la primera Rep\u00fablica en el mundo. La independencia de San Marino fue confirmada por el Papa Urbano VIII en 1631.\n\nDurante las Guerras Napole\u00f3nicas, el territorio fue invadido por las tropas francesas y a\u00fan ten\u00eda garantizada su independencia por Napole\u00f3n quien ofreci\u00f3 nuevos territorios para la peque\u00f1a Rep\u00fablica, no contraria a los principios de la patria, el gobierno samarines hab\u00eda rechazado la oferta de Napole\u00f3n. A pesar de su neutralidad durante la unificaci\u00f3n de Italia la ubicaci\u00f3n sirvi\u00f3 como refugio de Giuseppe Garibaldi. Durante la primera y segunda guerra mundial, el territorio permaneci\u00f3 neutral durante el conflicto.\n\nUno de los ingresos per c\u00e1pita m\u00e1s altos de Europa, la econom\u00eda de San Marino se ocupa principalmente de sus bancos y por el turismo.\n\n<strong>C\u00f3mo llegar:<\/strong>\n\nComo San Marino es uno de los pa\u00edses m\u00e1s peque\u00f1os del mundo (pierde de M\u00f3naco y Vaticano) no puede alcanzar el pa\u00eds en tren o en avi\u00f3n. Con estos medios de transporte se puede llegar a la ciudad de Rimini y de su captura un autob\u00fas como indicado a continuaci\u00f3n:\n\n-Autob\u00fas. Para ir a San Marino en autob\u00fas, la mejor opci\u00f3n es coger un tren a Rimini (el bus sale de Roma cuesta 48 Euros). Al llegar a la estaci\u00f3n de tren de Rimini ir a la terminal de autobuses y tomar un 72 circular que va a la ciudad de San Marino.\n\nAuto. Si quieres alquilar un auto puedes tomar la autopista A14 Bologna a Ancona. En medio de la ruta de acceso es posible ver las se\u00f1ales que indican la salida a San Marino. Como San Marino no tiene frontera no control de acceso al pa\u00eds es simple llegar.\n\n<strong>Qu\u00e9 visitar en San Marino<\/strong>\n\nEl pa\u00eds parece un parque por su belleza y por lindos edificios. Constantemente restaurado, la ciudad de San Marino a\u00fan conserva su aspecto medieval aunque muchos de sus edificios han sido a trav\u00e9s de importantes reformas\/estiramientos faciales o fueron totalmente reconstruidos. Entre los numerosos monumentos de la ciudad nada mejor para empezar nuestro paseo a trav\u00e9s de tres s\u00edmbolos de la ciudad: las tres torres.\n\n<strong>Tres Torres. <\/strong>Ubicado en la cima de Monte Titano son las torres que forman el sistema defensivo de la ciudad hoy considerado que el s\u00edmbolo de San Marino es estampado en la bandera y el escudo de la Rep\u00fablica. Conozcamos a cada una de las torres gemelas:\n\n<strong>Guaita<\/strong>. Construida en el centro viejo (siglo X) y llamado la Guaita o Rocca fue la primera estructura de defensa de San Marino. Los interesados en visitar adem\u00e1s de varias estructuras construidas durante siglos (Capella Santa Barbara, Torre Campanaria y Torre Della Penna) todav\u00eda pueden ver algunas piezas de artiller\u00eda, morteros y ca\u00f1ones de 75 mil\u00edmetros que recibieron como regalo de Vittorio Emanuele II a la Rep\u00fablica de San Marino.\n\n<strong>Torre Cesta.<\/strong> Situada en el mayor punto de Monte Titano (755 m) el lugar donde se construy\u00f3 la torre cesta fue utilizada ya por los romanos como punto de observaci\u00f3n. El sitio ofrece una de las m\u00e1s hermosas vistas de San Marino casas desde 1956 alberga el Museo de arma antigua (Museo delle Armi Antiche) que expone m\u00e1s de 800 ejemplares como espadas, lanzas, pistolas y armadura. El precio de la entrada es de 3,00 Euros y 4,50 Euros, uno puede visitar las dos torres que se muestra.\n\n<strong>Torre Montale<\/strong>. Situada en el borde del Monte Titano, la tercera Torre del complejo defensivo de San Marino. A pesar de ser la m\u00e1s peque\u00f1a de las Torres, la Montale que fue construida en el siglo XIII en el mejor mirador punto de montaje. Dentro de la torre hay una prisi\u00f3n con 8 pies de profundidad.\n\n<strong>Palazzo Pubblico.<\/strong> Ubicado en la Plaza de la Libertad (Piazza Libert\u00e0) el actual Palacio inspirado en el Palacio de Gubbio fue construido en 1884 en el sitio del antiguo palacio llamado la Domus Magna en Victoria. Principal asiento del gobierno de San Marino, aqu\u00ed podemos ver cada hora el cambio de guardia. Tambi\u00e9n es posible visitar el interior del Palacio.\t\t\t\t\t\t\t\t<\/div>\n\t\t\t\t\t<\/div>\n\t\t<\/div>\n\t\t\t\t\t<\/div>\n\t\t<\/section>\n\t\t\t\t<section class=\"elementor-section elementor-top-section elementor-element elementor-element-38cb4321 elementor-section-boxed elementor-section-height-default elementor-section-height-default\" data-id=\"38cb4321\" data-element_type=\"section\">\n\t\t\t\t\t\t<div class=\"elementor-container elementor-column-gap-custom\">\n\t\t\t\t\t<div class=\"elementor-column elementor-col-16 elementor-top-column elementor-element elementor-element-46044140\" data-id=\"46044140\" data-element_type=\"column\">\n\t\t\t<div class=\"elementor-widget-wrap elementor-element-populated\">\n\t\t\t\t\t\t<div class=\"elementor-element elementor-element-52b95140 elementor-widget elementor-widget-image\" data-id=\"52b95140\" data-element_type=\"widget\" data-widget_type=\"image.default\">\n\t\t\t\t\t\t\t\t\t\t\t\t\t\t\t<img decoding=\"async\" width=\"128\" height=\"128\" src=\"https:\/\/www.centraldevacaciones.com\/blog\/wp-content\/uploads\/2021\/05\/dom.png\" class=\"attachment-large size-large wp-image-12635\" alt=\"\" \/>\t\t\t\t\t\t\t\t\t\t\t\t\t\t\t<\/div>\n\t\t\t\t<div class=\"elementor-element elementor-element-7f1b211e elementor-widget elementor-widget-heading\" data-id=\"7f1b211e\" data-element_type=\"widget\" data-widget_type=\"heading.default\">\n\t\t\t\t\t<h3 class=\"elementor-heading-title elementor-size-default\"><a href=\"https:\/\/www.centraldevacaciones.com\/viajes\/\">Ofertas vacacionales<\/a><\/h3>\t\t\t\t<\/div>\n\t\t\t\t\t<\/div>\n\t\t<\/div>\n\t\t\t\t<div class=\"elementor-column elementor-col-16 elementor-top-column elementor-element elementor-element-65a70f24\" data-id=\"65a70f24\" data-element_type=\"column\">\n\t\t\t<div class=\"elementor-widget-wrap elementor-element-populated\">\n\t\t\t\t\t\t<div class=\"elementor-element elementor-element-700e8d4a elementor-widget elementor-widget-image\" data-id=\"700e8d4a\" data-element_type=\"widget\" data-widget_type=\"image.default\">\n\t\t\t\t\t\t\t\t\t\t\t\t\t\t\t<img decoding=\"async\" width=\"128\" height=\"128\" src=\"https:\/\/www.centraldevacaciones.com\/blog\/wp-content\/uploads\/2021\/05\/camas.png\" class=\"attachment-large size-large wp-image-12637\" alt=\"\" \/>\t\t\t\t\t\t\t\t\t\t\t\t\t\t\t<\/div>\n\t\t\t\t<div class=\"elementor-element elementor-element-6ebf9c1f elementor-widget elementor-widget-heading\" data-id=\"6ebf9c1f\" data-element_type=\"widget\" data-widget_type=\"heading.default\">\n\t\t\t\t\t<h3 class=\"elementor-heading-title elementor-size-default\"><a href=\"https:\/\/www.centraldevacaciones.com\/blog\/hoteles-de-ciudad\/\">Ofertas hoteles<\/a><\/h3>\t\t\t\t<\/div>\n\t\t\t\t\t<\/div>\n\t\t<\/div>\n\t\t\t\t<div class=\"elementor-column elementor-col-16 elementor-top-column elementor-element elementor-element-4be35bb\" data-id=\"4be35bb\" data-element_type=\"column\">\n\t\t\t<div class=\"elementor-widget-wrap elementor-element-populated\">\n\t\t\t\t\t\t<div class=\"elementor-element elementor-element-1478804b elementor-widget elementor-widget-image\" data-id=\"1478804b\" data-element_type=\"widget\" data-widget_type=\"image.default\">\n\t\t\t\t\t\t\t\t\t\t\t\t\t\t\t<img loading=\"lazy\" decoding=\"async\" width=\"128\" height=\"128\" src=\"https:\/\/www.centraldevacaciones.com\/blog\/wp-content\/uploads\/2021\/05\/avion-1.png\" class=\"attachment-large size-large wp-image-12639\" alt=\"\" \/>\t\t\t\t\t\t\t\t\t\t\t\t\t\t\t<\/div>\n\t\t\t\t<div class=\"elementor-element elementor-element-51f347fb elementor-widget elementor-widget-heading\" data-id=\"51f347fb\" data-element_type=\"widget\" data-widget_type=\"heading.default\">\n\t\t\t\t\t<h3 class=\"elementor-heading-title elementor-size-default\"><a href=\"https:\/\/www.centraldevacaciones.com\/blog\/destinos-vacaciones\/\">Mejores destinos<\/a><\/h3>\t\t\t\t<\/div>\n\t\t\t\t\t<\/div>\n\t\t<\/div>\n\t\t\t\t<div class=\"elementor-column elementor-col-16 elementor-top-column elementor-element elementor-element-77d9e1bc\" data-id=\"77d9e1bc\" data-element_type=\"column\">\n\t\t\t<div class=\"elementor-widget-wrap elementor-element-populated\">\n\t\t\t\t\t\t<div class=\"elementor-element elementor-element-5959155f elementor-widget elementor-widget-image\" data-id=\"5959155f\" data-element_type=\"widget\" data-widget_type=\"image.default\">\n\t\t\t\t\t\t\t\t\t\t\t\t\t\t\t<img loading=\"lazy\" decoding=\"async\" width=\"128\" height=\"128\" src=\"https:\/\/www.centraldevacaciones.com\/blog\/wp-content\/uploads\/2021\/05\/cama-solar.png\" class=\"attachment-large size-large wp-image-12640\" alt=\"\" \/>\t\t\t\t\t\t\t\t\t\t\t\t\t\t\t<\/div>\n\t\t\t\t<div class=\"elementor-element elementor-element-dd07a13 elementor-widget elementor-widget-heading\" data-id=\"dd07a13\" data-element_type=\"widget\" data-widget_type=\"heading.default\">\n\t\t\t\t\t<h3 class=\"elementor-heading-title elementor-size-default\"><a href=\"https:\/\/www.centraldevacaciones.com\/blog\/ofertas-circuitos\/\">Circuitos vacacionales<\/a><\/h3>\t\t\t\t<\/div>\n\t\t\t\t\t<\/div>\n\t\t<\/div>\n\t\t\t\t<div class=\"elementor-column elementor-col-16 elementor-top-column elementor-element elementor-element-2f2f04e\" data-id=\"2f2f04e\" data-element_type=\"column\">\n\t\t\t<div class=\"elementor-widget-wrap elementor-element-populated\">\n\t\t\t\t\t\t<div class=\"elementor-element elementor-element-30fe7d3d elementor-widget elementor-widget-image\" data-id=\"30fe7d3d\" data-element_type=\"widget\" data-widget_type=\"image.default\">\n\t\t\t\t\t\t\t\t\t\t\t\t\t\t\t<img loading=\"lazy\" decoding=\"async\" width=\"128\" height=\"128\" src=\"https:\/\/www.centraldevacaciones.com\/blog\/wp-content\/uploads\/2021\/05\/en-todo-el-mundo.png\" class=\"attachment-large size-large wp-image-12641\" alt=\"\" \/>\t\t\t\t\t\t\t\t\t\t\t\t\t\t\t<\/div>\n\t\t\t\t<div class=\"elementor-element elementor-element-5daf63f5 elementor-widget elementor-widget-heading\" data-id=\"5daf63f5\" data-element_type=\"widget\" data-widget_type=\"heading.default\">\n\t\t\t\t\t<h3 class=\"elementor-heading-title elementor-size-default\"><a href=\"https:\/\/www.centraldevacaciones.com\/blog\/vuelo-hotel\/\">Vuelo + hotel <\/a><\/h3>\t\t\t\t<\/div>\n\t\t\t\t\t<\/div>\n\t\t<\/div>\n\t\t\t\t<div class=\"elementor-column elementor-col-16 elementor-top-column elementor-element elementor-element-35737781\" data-id=\"35737781\" data-element_type=\"column\">\n\t\t\t<div class=\"elementor-widget-wrap elementor-element-populated\">\n\t\t\t\t\t\t<div class=\"elementor-element elementor-element-7dca705 elementor-widget elementor-widget-image\" data-id=\"7dca705\" data-element_type=\"widget\" data-widget_type=\"image.default\">\n\t\t\t\t\t\t\t\t\t\t\t\t\t\t\t<img loading=\"lazy\" decoding=\"async\" width=\"128\" height=\"128\" src=\"https:\/\/www.centraldevacaciones.com\/blog\/wp-content\/uploads\/2021\/05\/crucero.png\" class=\"attachment-large size-large wp-image-12642\" alt=\"\" \/>\t\t\t\t\t\t\t\t\t\t\t\t\t\t\t<\/div>\n\t\t\t\t<div class=\"elementor-element elementor-element-2e6ac771 elementor-widget elementor-widget-heading\" data-id=\"2e6ac771\" data-element_type=\"widget\" data-widget_type=\"heading.default\">\n\t\t\t\t\t<h3 class=\"elementor-heading-title elementor-size-default\"><a href=\"https:\/\/www.centraldevacaciones.com\/blog\/destinos-cruceros\/\">Ofertas  cruceros<\/a><\/h3>\t\t\t\t<\/div>\n\t\t\t\t\t<\/div>\n\t\t<\/div>\n\t\t\t\t\t<\/div>\n\t\t<\/section>\n\t\t\t\t<section class=\"elementor-section elementor-top-section elementor-element elementor-element-1ee1c5b elementor-section-boxed elementor-section-height-default elementor-section-height-default\" data-id=\"1ee1c5b\" data-element_type=\"section\">\n\t\t\t\t\t\t<div class=\"elementor-container elementor-column-gap-default\">\n\t\t\t\t\t<div class=\"elementor-column elementor-col-100 elementor-top-column elementor-element elementor-element-59aa1b6\" data-id=\"59aa1b6\" data-element_type=\"column\">\n\t\t\t<div class=\"elementor-widget-wrap elementor-element-populated\">\n\t\t\t\t\t\t<div class=\"elementor-element elementor-element-b70b67e elementor-widget elementor-widget-text-editor\" data-id=\"b70b67e\" data-element_type=\"widget\" data-widget_type=\"text-editor.default\">\n\t\t\t\t\t\t\t\t\t<p><span style=\"font-weight: 400;\">\u00bfTe gustar\u00eda poder disfrutar este verano de unas vacaciones en tu lugar favorito con los extras m\u00e1s premium que mejor se adapten a ti y poder contar la experiencia a tus conocidos? Est\u00e1s en el sitio correcto, \u00a1Si\u00e9ntete como en casa desde el primer d\u00eda de estancia en cualquier hotel reservado con Central de Vacaciones!<\/span><\/p><p><span style=\"font-weight: 400;\">Haz tu reserva cuando quieras y a donde quieras, teniendo acceso a todo tipo de lujos para elegir y disfruta unos d\u00edas de verano inolvidables junto a las personas que m\u00e1s quieres. \u00a1Haz ya tu reserva antes de que se agote la disponibilidad a muchos destinos y disfruta de un verano espectacular cuando y donde quieras con Central de Vacaciones!<\/span><\/p>\t\t\t\t\t\t\t\t<\/div>\n\t\t\t\t\t<\/div>\n\t\t<\/div>\n\t\t\t\t\t<\/div>\n\t\t<\/section>\n\t\t\t\t<\/div>\n\t\t","protected":false},"excerpt":{"rendered":"<p>Este peque\u00f1o pa\u00eds de (61 km2), situado en los montes Apeninos entre las regiones de Emilia-Romagna y Marche es una hermosa e interesante opci\u00f3n especialmente para aquellos que est\u00e9n pensando en disfrutar de las playas y fiestas de Rimini o para los viajeros que deseen realizar compras con precios m\u00e1s bajos. La historia de San [&hellip;]<\/p>\n","protected":false},"author":1,"featured_media":0,"comment_status":"closed","ping_status":"open","sticky":false,"template":"elementor_theme","format":"standard","meta":{"_acf_changed":false,"footnotes":""},"categories":[193,208,205,195,17],"tags":[],"class_list":["post-1666","post","type-post","status-publish","format-standard","hentry","category-europa","category-ideas-escapadas","category-ideas-viajes-low-cost","category-rutas-por-europa","category-viajes-por-europa"],"acf":[],"_links":{"self":[{"href":"https:\/\/www.centraldevacaciones.com\/blog\/wp-json\/wp\/v2\/posts\/1666","targetHints":{"allow":["GET"]}}],"collection":[{"href":"https:\/\/www.centraldevacaciones.com\/blog\/wp-json\/wp\/v2\/posts"}],"about":[{"href":"https:\/\/www.centraldevacaciones.com\/blog\/wp-json\/wp\/v2\/types\/post"}],"author":[{"embeddable":true,"href":"https:\/\/www.centraldevacaciones.com\/blog\/wp-json\/wp\/v2\/users\/1"}],"replies":[{"embeddable":true,"href":"https:\/\/www.centraldevacaciones.com\/blog\/wp-json\/wp\/v2\/comments?post=1666"}],"version-history":[{"count":0,"href":"https:\/\/www.centraldevacaciones.com\/blog\/wp-json\/wp\/v2\/posts\/1666\/revisions"}],"wp:attachment":[{"href":"https:\/\/www.centraldevacaciones.com\/blog\/wp-json\/wp\/v2\/media?parent=1666"}],"wp:term":[{"taxonomy":"category","embeddable":true,"href":"https:\/\/www.centraldevacaciones.com\/blog\/wp-json\/wp\/v2\/categories?post=1666"},{"taxonomy":"post_tag","embeddable":true,"href":"https:\/\/www.centraldevacaciones.com\/blog\/wp-json\/wp\/v2\/tags?post=1666"}],"curies":[{"name":"wp","href":"https:\/\/api.w.org\/{rel}","templated":true}]}}