{"id":1602,"date":"2014-10-22T17:16:32","date_gmt":"2014-10-22T15:16:32","guid":{"rendered":"http:\/\/www.centraldevacaciones.com\/opiniones\/?p=1602"},"modified":"2021-07-22T09:03:40","modified_gmt":"2021-07-22T07:03:40","slug":"vacaciones-en-asturias-disfrutando-de-su-costa-verde-y-maravillas-historicas","status":"publish","type":"post","link":"https:\/\/www.centraldevacaciones.com\/blog\/vacaciones-en-asturias-disfrutando-de-su-costa-verde-y-maravillas-historicas\/","title":{"rendered":"Vacaciones en Asturias disfrutando de su costa verde y maravillas hist\u00f3ricas."},"content":{"rendered":"\t\t<div data-elementor-type=\"wp-post\" data-elementor-id=\"1602\" class=\"elementor elementor-1602\" data-elementor-post-type=\"post\">\n\t\t\t\t\t\t<section class=\"elementor-section elementor-top-section elementor-element elementor-element-4fcd14fe elementor-section-boxed elementor-section-height-default elementor-section-height-default\" data-id=\"4fcd14fe\" data-element_type=\"section\">\n\t\t\t\t\t\t<div class=\"elementor-container elementor-column-gap-default\">\n\t\t\t\t\t<div class=\"elementor-column elementor-col-100 elementor-top-column elementor-element elementor-element-444d384f\" data-id=\"444d384f\" data-element_type=\"column\">\n\t\t\t<div class=\"elementor-widget-wrap elementor-element-populated\">\n\t\t\t\t\t\t<div class=\"elementor-element elementor-element-1c87eb79 elementor-widget elementor-widget-text-editor\" data-id=\"1c87eb79\" data-element_type=\"widget\" data-widget_type=\"text-editor.default\">\n\t\t\t\t\t\t\t\t\tEntre costas de colores magistrales, rodeada por diversas monta\u00f1as y parques naturales y modernizada al mismo tiempo en que cautiva con sus monumentos hist\u00f3ricos, <strong>Asturias<\/strong> prevalece <strong>entre los destinos m\u00e1s aclamados por muchos turistas<\/strong>, por sus incre\u00edbles paisajes, playas y diversidades ofrece distintas formas de recreaci\u00f3n a los que eligen pasar sus vacaciones\u00a0en esta ciudad de <strong>Espa\u00f1a<\/strong>.\n\n<iframe title=\"Asturias: Si vienes, te quedas\" width=\"800\" height=\"450\" src=\"https:\/\/www.youtube.com\/embed\/gIWYgon1yik?feature=oembed\" frameborder=\"0\" allow=\"accelerometer; autoplay; clipboard-write; encrypted-media; gyroscope; picture-in-picture; web-share\" referrerpolicy=\"strict-origin-when-cross-origin\" allowfullscreen><\/iframe>\n\nAsturias se sit\u00faa en el norte de Espa\u00f1a, se caracteriza por que sus costas est\u00e1n ba\u00f1adas por el mar Cant\u00e1brico y bordeado por las comunidades de Castilla y Le\u00f3n, Cantabria y Galicia. Es conocida por sus parajes salvajes y vistas naturales de postal, adem\u00e1s de ser parte de la historia de Espa\u00f1a gracias al h\u00e9roe local Pelayo y su victoria en la batalla de Covadonga, en el a\u00f1o 722. Sus restos han sido enterrados en la Santa Cueva que ahora es un lugar de peregrinaci\u00f3n junto con los lagos que se encuentran en la zona que son referente tur\u00edstico.\n\n<strong>Asturias<\/strong>, o como se conoce por la denominaci\u00f3n, Principado de Asturias, es una de las comunidades aut\u00f3nomas uniprovinciales de Espa\u00f1a, se encuentra al norte del pa\u00eds, <strong>se le otorga el nombre de Principado por su historia<\/strong>, debido a ser la tierra que vi\u00f3 nacer al heredero de la corona Espa\u00f1ola, \u201cEl Pr\u00edncipe de Asturias\u201d cuando Juan I Castilla lo estableci\u00f3 en 1388.\n\n<a href=\"http:\/\/www.centraldevacaciones.com\/hoteles\/hoteles-en-Asturias,-Espana\/Z17884.html\" target=\"_blank\" rel=\"noopener noreferrer\"><img decoding=\"async\" class=\"aligncenter size-medium wp-image-1737\" title=\"Asturias\" src=\"http:\/\/www.centraldevacaciones.com\/opiniones\/wp-content\/uploads\/2014\/12\/Asturias-300x132.jpg\" alt=\"Oferta Asturias\" width=\"300\" height=\"132\" srcset=\"https:\/\/www.centraldevacaciones.com\/blog\/wp-content\/uploads\/2014\/12\/Asturias-300x132.jpg 300w, https:\/\/www.centraldevacaciones.com\/blog\/wp-content\/uploads\/2014\/12\/Asturias.jpg 624w\" sizes=\"(max-width: 300px) 100vw, 300px\" \/><\/a>\n<h1>Asturias, Paisajes dignos de la realeza, vanguardista y moderna<\/h1>\n<iframe title=\"De aventura por Asturias\" width=\"800\" height=\"450\" src=\"https:\/\/www.youtube.com\/embed\/x-r5tier-PA?feature=oembed\" frameborder=\"0\" allow=\"accelerometer; autoplay; clipboard-write; encrypted-media; gyroscope; picture-in-picture; web-share\" referrerpolicy=\"strict-origin-when-cross-origin\" allowfullscreen><\/iframe>\n\nEntre diferentes tipos de <strong>lugares para visitar<\/strong>, como sus <strong>maravillosas playas<\/strong> o calas, adem\u00e1s de <strong>Parques naturales<\/strong>, tambi\u00e9n posee diversas opciones para los amantes de la cultura como los museos, sus teatros, los monumentos hist\u00f3ricos y su <strong>gastronom\u00eda<\/strong>, ciertamente <strong>Asturias<\/strong> es un lugar que abarca cualquier tipo de turismo y actividades.\n\nPara que no te pierdas de ninguno de sus atractivos te dejamos los sitios m\u00e1s frecuentados y lugares m\u00e1s tur\u00edsticos de <strong>Asturias<\/strong>:\n<ul>\n \t<li><strong><u>Lagos de Covadonga<\/u><\/strong>, conjunto de lagos que se conforma por <strong>series de peque\u00f1os lagos y embalses de origen glacial<\/strong>, ubicados dentro del parque nacional de los picos.<\/li>\n \t<li><strong><u>Lastres<\/u><\/strong>, incre\u00edble <strong>comunidad isle\u00f1a ubicado al oriente<\/strong> de <strong>Asturias<\/strong>, su belleza es tanta que fue el paisaje protagonista de la serie televisada Doctor Marco.<\/li>\n \t<li><strong><u>Playa de Andrin<\/u><\/strong>, incre\u00edble costa natural, <strong>con aguas de color turquesa que representan la belleza de Asturias<\/strong>, cuenta con muchos servicios tur\u00edsticos y diversas actividades para hacer.<\/li>\n \t<li><strong><u>Santa cueva de Covadonga<\/u><\/strong>, templo cat\u00f3lico que <strong>se encuentra en una gruta<\/strong> y representa un fuerte atractivo cultural de <strong>Asturias<\/strong>.<\/li>\n \t<li><strong><u>Cabo pe\u00f1as<\/u><\/strong>, este hermoso cabo <strong>toma su nombre de las rocas que forman la costa<\/strong>, pero no cualquier tipo de rocas, estas son cuarcita armoricana, la cual se conoce por ser de corrosi\u00f3n nula.<\/li>\n \t<li><strong><u>Faro de Lastres<\/u><\/strong>, es el <strong>\u00faltimo faro construido en Asturias<\/strong> y funciona desde 1994, goza de una maravillosa pradera floral de camino al faro.<\/li>\n<\/ul>\n<iframe title=\"Asturias, para\u00edso natural\" width=\"800\" height=\"450\" src=\"https:\/\/www.youtube.com\/embed\/bcu2zcBdkCk?feature=oembed\" frameborder=\"0\" allow=\"accelerometer; autoplay; clipboard-write; encrypted-media; gyroscope; picture-in-picture; web-share\" referrerpolicy=\"strict-origin-when-cross-origin\" allowfullscreen><\/iframe>\n<ul>\n \t<li><strong>Parque Nacional de los Picos de Europa.<\/strong>Los Picos de Europa forman parte de la Cordillera Cant\u00e1brica y se encuentra a s\u00f3lo 20 km tierra adentro desde la costa. Este parque natural fue el primer parque nacional en Espa\u00f1a y cuenta con una extensi\u00f3n de 65.000 hect\u00e1reas entre Cantabria, Asturias y la provincia de Le\u00f3n. Las monta\u00f1as est\u00e1n compuestas casi en su totalidad de piedra caliza y se han formado de manera espectacular por la acci\u00f3n glacial en retirada despu\u00e9s de la \u00faltima edad de hielo. Tambi\u00e9n hay lagos de agua cristalina; bosques de hayas y robles, r\u00edos caudalosos y exuberantes praderas con pastos verdes. Los animales que se pueden ver en el Parque son los ciervos de monta\u00f1a, jabal\u00edes, buitres, osos ocasionales y lobos. Por esta raz\u00f3n, son un excelente destino para vacaciones y la realizaci\u00f3n actividades al aire libre como senderismo, escalada, monta\u00f1ismo, senderismo, espeleolog\u00eda, pirag\u00fcismo y pesca.<\/li>\n \t<li><strong>La costa verde.<\/strong>Asturias ofrece una maravillosa costa verde y agreste con playas de arena suave, calas interesantes y monumentos hist\u00f3ricos de culto como la conocida playa de las catedrales. La Costa Verde junto con sus peque\u00f1os pueblos de pescadores id\u00edlicos puede ofrecer un cambio refrescante para pasar unas vacaciones y los Picos de Europa son ideales \u00a0para aquellos interesados \u200b\u200ben actividades al aire libre o turismo de aventura.<\/li>\n<\/ul>\t\t\t\t\t\t\t\t<\/div>\n\t\t\t\t\t<\/div>\n\t\t<\/div>\n\t\t\t\t\t<\/div>\n\t\t<\/section>\n\t\t\t\t<section class=\"elementor-section elementor-top-section elementor-element elementor-element-5dd461ce elementor-section-boxed elementor-section-height-default elementor-section-height-default\" data-id=\"5dd461ce\" data-element_type=\"section\">\n\t\t\t\t\t\t<div class=\"elementor-container elementor-column-gap-default\">\n\t\t\t\t\t<div class=\"elementor-column elementor-col-16 elementor-top-column elementor-element elementor-element-65aa28d7\" data-id=\"65aa28d7\" data-element_type=\"column\">\n\t\t\t<div class=\"elementor-widget-wrap elementor-element-populated\">\n\t\t\t\t\t\t<div class=\"elementor-element elementor-element-101ba2a5 elementor-widget elementor-widget-image\" data-id=\"101ba2a5\" data-element_type=\"widget\" data-widget_type=\"image.default\">\n\t\t\t\t\t\t\t\t\t\t\t\t\t\t\t<img decoding=\"async\" width=\"128\" height=\"128\" src=\"https:\/\/www.centraldevacaciones.com\/blog\/wp-content\/uploads\/2020\/09\/espana.png\" class=\"attachment-large size-large wp-image-12730\" alt=\"\" \/>\t\t\t\t\t\t\t\t\t\t\t\t\t\t\t<\/div>\n\t\t\t\t<div class=\"elementor-element elementor-element-77908122 elementor-widget elementor-widget-heading\" data-id=\"77908122\" data-element_type=\"widget\" data-widget_type=\"heading.default\">\n\t\t\t\t\t<h3 class=\"elementor-heading-title elementor-size-default\"><a href=\"https:\/\/www.centraldevacaciones.com\/blog\/ofertas-de-vacaciones\/\">Viajes por Espa\u00f1a<\/a><\/h3>\t\t\t\t<\/div>\n\t\t\t\t\t<\/div>\n\t\t<\/div>\n\t\t\t\t<div class=\"elementor-column elementor-col-16 elementor-top-column elementor-element elementor-element-b4554c7\" data-id=\"b4554c7\" data-element_type=\"column\">\n\t\t\t<div class=\"elementor-widget-wrap elementor-element-populated\">\n\t\t\t\t\t\t<div class=\"elementor-element elementor-element-520f12ca elementor-widget elementor-widget-image\" data-id=\"520f12ca\" data-element_type=\"widget\" data-widget_type=\"image.default\">\n\t\t\t\t\t\t\t\t\t\t\t\t\t\t\t<img decoding=\"async\" width=\"128\" height=\"128\" src=\"https:\/\/www.centraldevacaciones.com\/blog\/wp-content\/uploads\/2020\/09\/isla.png\" class=\"attachment-large size-large wp-image-12732\" alt=\"\" \/>\t\t\t\t\t\t\t\t\t\t\t\t\t\t\t<\/div>\n\t\t\t\t<div class=\"elementor-element elementor-element-6af5f6b6 elementor-widget elementor-widget-heading\" data-id=\"6af5f6b6\" data-element_type=\"widget\" data-widget_type=\"heading.default\">\n\t\t\t\t\t<h3 class=\"elementor-heading-title elementor-size-default\"><a href=\"https:\/\/www.centraldevacaciones.com\/blog\/vacaciones-mejores-islas-espana\/\">Islas de Espa\u00f1a<\/a><\/h3>\t\t\t\t<\/div>\n\t\t\t\t\t<\/div>\n\t\t<\/div>\n\t\t\t\t<div class=\"elementor-column elementor-col-16 elementor-top-column elementor-element elementor-element-350085e8\" data-id=\"350085e8\" data-element_type=\"column\">\n\t\t\t<div class=\"elementor-widget-wrap elementor-element-populated\">\n\t\t\t\t\t\t<div class=\"elementor-element elementor-element-3f30dbd7 elementor-widget elementor-widget-image\" data-id=\"3f30dbd7\" data-element_type=\"widget\" data-widget_type=\"image.default\">\n\t\t\t\t\t\t\t\t\t\t\t\t\t\t\t<img loading=\"lazy\" decoding=\"async\" width=\"128\" height=\"128\" src=\"https:\/\/www.centraldevacaciones.com\/blog\/wp-content\/uploads\/2021\/05\/avion-1.png\" class=\"attachment-large size-large wp-image-12639\" alt=\"\" \/>\t\t\t\t\t\t\t\t\t\t\t\t\t\t\t<\/div>\n\t\t\t\t<div class=\"elementor-element elementor-element-41a8d882 elementor-widget elementor-widget-heading\" data-id=\"41a8d882\" data-element_type=\"widget\" data-widget_type=\"heading.default\">\n\t\t\t\t\t<h3 class=\"elementor-heading-title elementor-size-default\"><a href=\"https:\/\/www.centraldevacaciones.com\/viajes\/ofertas-a-islas-canarias.html\">Viajes a Canarias<\/a><\/h3>\t\t\t\t<\/div>\n\t\t\t\t\t<\/div>\n\t\t<\/div>\n\t\t\t\t<div class=\"elementor-column elementor-col-16 elementor-top-column elementor-element elementor-element-c5ee4b7\" data-id=\"c5ee4b7\" data-element_type=\"column\">\n\t\t\t<div class=\"elementor-widget-wrap elementor-element-populated\">\n\t\t\t\t\t\t<div class=\"elementor-element elementor-element-61bce689 elementor-widget elementor-widget-image\" data-id=\"61bce689\" data-element_type=\"widget\" data-widget_type=\"image.default\">\n\t\t\t\t\t\t\t\t\t\t\t\t\t\t\t<img loading=\"lazy\" decoding=\"async\" width=\"128\" height=\"128\" src=\"https:\/\/www.centraldevacaciones.com\/blog\/wp-content\/uploads\/2020\/09\/sombrilla.png\" class=\"attachment-large size-large wp-image-12733\" alt=\"\" \/>\t\t\t\t\t\t\t\t\t\t\t\t\t\t\t<\/div>\n\t\t\t\t<div class=\"elementor-element elementor-element-4408887c elementor-widget elementor-widget-heading\" data-id=\"4408887c\" data-element_type=\"widget\" data-widget_type=\"heading.default\">\n\t\t\t\t\t<h3 class=\"elementor-heading-title elementor-size-default\"><a href=\"https:\/\/www.centraldevacaciones.com\/viajes\/ofertas-a-lanzarote.html\">Viajes a Lanzarote<\/a><\/h3>\t\t\t\t<\/div>\n\t\t\t\t\t<\/div>\n\t\t<\/div>\n\t\t\t\t<div class=\"elementor-column elementor-col-16 elementor-top-column elementor-element elementor-element-e475e13\" data-id=\"e475e13\" data-element_type=\"column\">\n\t\t\t<div class=\"elementor-widget-wrap elementor-element-populated\">\n\t\t\t\t\t\t<div class=\"elementor-element elementor-element-d3bc437 elementor-widget elementor-widget-image\" data-id=\"d3bc437\" data-element_type=\"widget\" data-widget_type=\"image.default\">\n\t\t\t\t\t\t\t\t\t\t\t\t\t\t\t<img loading=\"lazy\" decoding=\"async\" width=\"128\" height=\"128\" src=\"https:\/\/www.centraldevacaciones.com\/blog\/wp-content\/uploads\/2020\/09\/avion.png\" class=\"attachment-large size-large wp-image-12734\" alt=\"\" \/>\t\t\t\t\t\t\t\t\t\t\t\t\t\t\t<\/div>\n\t\t\t\t<div class=\"elementor-element elementor-element-75504408 elementor-widget elementor-widget-heading\" data-id=\"75504408\" data-element_type=\"widget\" data-widget_type=\"heading.default\">\n\t\t\t\t\t<h3 class=\"elementor-heading-title elementor-size-default\"><a href=\"https:\/\/www.centraldevacaciones.com\/viajes\/ofertas-a-islas-baleares.html\">Viajes a las Baleares<\/a><\/h3>\t\t\t\t<\/div>\n\t\t\t\t\t<\/div>\n\t\t<\/div>\n\t\t\t\t<div class=\"elementor-column elementor-col-16 elementor-top-column elementor-element elementor-element-5a176c2b\" data-id=\"5a176c2b\" data-element_type=\"column\">\n\t\t\t<div class=\"elementor-widget-wrap elementor-element-populated\">\n\t\t\t\t\t\t<div class=\"elementor-element elementor-element-1e43555b elementor-widget elementor-widget-image\" data-id=\"1e43555b\" data-element_type=\"widget\" data-widget_type=\"image.default\">\n\t\t\t\t\t\t\t\t\t\t\t\t\t\t\t<img loading=\"lazy\" decoding=\"async\" width=\"128\" height=\"128\" src=\"https:\/\/www.centraldevacaciones.com\/blog\/wp-content\/uploads\/2021\/05\/dom.png\" class=\"attachment-large size-large wp-image-12635\" alt=\"\" \/>\t\t\t\t\t\t\t\t\t\t\t\t\t\t\t<\/div>\n\t\t\t\t<div class=\"elementor-element elementor-element-c2277a7 elementor-widget elementor-widget-heading\" data-id=\"c2277a7\" data-element_type=\"widget\" data-widget_type=\"heading.default\">\n\t\t\t\t\t<h3 class=\"elementor-heading-title elementor-size-default\"><a href=\"https:\/\/www.centraldevacaciones.com\/viajes\/ofertas-a-mallorca.html\">Viajes a Mallorca<\/a><\/h3>\t\t\t\t<\/div>\n\t\t\t\t\t<\/div>\n\t\t<\/div>\n\t\t\t\t\t<\/div>\n\t\t<\/section>\n\t\t\t\t<section class=\"elementor-section elementor-top-section elementor-element elementor-element-31f6216 elementor-section-boxed elementor-section-height-default elementor-section-height-default\" data-id=\"31f6216\" data-element_type=\"section\">\n\t\t\t\t\t\t<div class=\"elementor-container elementor-column-gap-default\">\n\t\t\t\t\t<div class=\"elementor-column elementor-col-100 elementor-top-column elementor-element elementor-element-327b092\" data-id=\"327b092\" data-element_type=\"column\">\n\t\t\t<div class=\"elementor-widget-wrap elementor-element-populated\">\n\t\t\t\t\t\t<div class=\"elementor-element elementor-element-0976241 elementor-widget elementor-widget-text-editor\" data-id=\"0976241\" data-element_type=\"widget\" data-widget_type=\"text-editor.default\">\n\t\t\t\t\t\t\t\t\t<p><span style=\"font-weight: 400;\">\u00a1Disfruta este verano como el que m\u00e1s y haz realidad el sue\u00f1o que muchos otros tienen con Central de Vacaciones! Pasa unos d\u00edas de vacaciones de desconexi\u00f3n en Espa\u00f1a, concretamente en las Islas Canarias sin preocuparte de nada junto a quien m\u00e1s quieres en una estancia premium con los extras que m\u00e1s se adapten a ti. \u00a1Haz ahora tu reserva aprovechando las ofertas antes de que se agote la disponibilidad y empieza a hacer el planning de los d\u00edas de tu estancia!<\/span><\/p>\t\t\t\t\t\t\t\t<\/div>\n\t\t\t\t\t<\/div>\n\t\t<\/div>\n\t\t\t\t\t<\/div>\n\t\t<\/section>\n\t\t\t\t<\/div>\n\t\t","protected":false},"excerpt":{"rendered":"<p>Entre costas de colores magistrales, rodeada por diversas monta\u00f1as y parques naturales y modernizada al mismo tiempo en que cautiva con sus monumentos hist\u00f3ricos, Asturias prevalece entre los destinos m\u00e1s aclamados por muchos turistas, por sus incre\u00edbles paisajes, playas y diversidades ofrece distintas formas de recreaci\u00f3n a los que eligen pasar sus vacaciones\u00a0en esta ciudad [&hellip;]<\/p>\n","protected":false},"author":1,"featured_media":1737,"comment_status":"closed","ping_status":"open","sticky":false,"template":"elementor_theme","format":"standard","meta":{"_acf_changed":false,"footnotes":""},"categories":[208,4,193,204,205,200,195,17],"tags":[28],"class_list":["post-1602","post","type-post","status-publish","format-standard","has-post-thumbnail","hentry","category-ideas-escapadas","category-espana","category-europa","category-ideas-viajes-verano","category-ideas-viajes-low-cost","category-rutas-por-espana","category-rutas-por-europa","category-viajes-por-europa","tag-asturias"],"acf":[],"_links":{"self":[{"href":"https:\/\/www.centraldevacaciones.com\/blog\/wp-json\/wp\/v2\/posts\/1602","targetHints":{"allow":["GET"]}}],"collection":[{"href":"https:\/\/www.centraldevacaciones.com\/blog\/wp-json\/wp\/v2\/posts"}],"about":[{"href":"https:\/\/www.centraldevacaciones.com\/blog\/wp-json\/wp\/v2\/types\/post"}],"author":[{"embeddable":true,"href":"https:\/\/www.centraldevacaciones.com\/blog\/wp-json\/wp\/v2\/users\/1"}],"replies":[{"embeddable":true,"href":"https:\/\/www.centraldevacaciones.com\/blog\/wp-json\/wp\/v2\/comments?post=1602"}],"version-history":[{"count":0,"href":"https:\/\/www.centraldevacaciones.com\/blog\/wp-json\/wp\/v2\/posts\/1602\/revisions"}],"wp:featuredmedia":[{"embeddable":true,"href":"https:\/\/www.centraldevacaciones.com\/blog\/wp-json\/wp\/v2\/media\/1737"}],"wp:attachment":[{"href":"https:\/\/www.centraldevacaciones.com\/blog\/wp-json\/wp\/v2\/media?parent=1602"}],"wp:term":[{"taxonomy":"category","embeddable":true,"href":"https:\/\/www.centraldevacaciones.com\/blog\/wp-json\/wp\/v2\/categories?post=1602"},{"taxonomy":"post_tag","embeddable":true,"href":"https:\/\/www.centraldevacaciones.com\/blog\/wp-json\/wp\/v2\/tags?post=1602"}],"curies":[{"name":"wp","href":"https:\/\/api.w.org\/{rel}","templated":true}]}}