{"id":1568,"date":"2014-12-15T09:56:20","date_gmt":"2014-12-15T08:56:20","guid":{"rendered":"http:\/\/www.centraldevacaciones.com\/opiniones\/?p=1568"},"modified":"2021-11-08T13:22:47","modified_gmt":"2021-11-08T12:22:47","slug":"ofertas-caribe-enero-ya-estan-aqui-las-rebajas-de-enero","status":"publish","type":"post","link":"https:\/\/www.centraldevacaciones.com\/blog\/ofertas-caribe-enero-ya-estan-aqui-las-rebajas-de-enero\/","title":{"rendered":"Ofertas Caribe Enero: Ya est\u00e1n aqu\u00ed las Rebajas de Enero"},"content":{"rendered":"\t\t<div data-elementor-type=\"wp-post\" data-elementor-id=\"1568\" class=\"elementor elementor-1568\" data-elementor-post-type=\"post\">\n\t\t\t\t\t\t<section class=\"elementor-section elementor-top-section elementor-element elementor-element-40a9dea0 elementor-section-boxed elementor-section-height-default elementor-section-height-default\" data-id=\"40a9dea0\" data-element_type=\"section\">\n\t\t\t\t\t\t<div class=\"elementor-container elementor-column-gap-default\">\n\t\t\t\t\t<div class=\"elementor-column elementor-col-100 elementor-top-column elementor-element elementor-element-7ccc9b34\" data-id=\"7ccc9b34\" data-element_type=\"column\">\n\t\t\t<div class=\"elementor-widget-wrap elementor-element-populated\">\n\t\t\t\t\t\t<div class=\"elementor-element elementor-element-5eb868be elementor-widget elementor-widget-text-editor\" data-id=\"5eb868be\" data-element_type=\"widget\" data-widget_type=\"text-editor.default\">\n\t\t\t\t\t\t\t\t\t<p>Las <strong>Rebajas de Enero<\/strong> ya han llegado a <a href=\"http:\/\/www.centraldevacaciones.com\/\">Centraldevacaciones.com<\/a>. Dos grand\u00edsimas Ofertas de Caribe para viajar a Punta Cana o Riviera Maya el pr\u00f3ximo mes de Enero de 2015.<\/p><p>Los Viajes Chollo no son un mito, y te lo queremos demostrar. Nuestras <a href=\"http:\/\/www.centraldevacaciones.com\/viajes\/4\/0\/0\/0\/ofertas-a-El-Caribe.html\">Ofertas Punta Cana y Ofertas Riviera Maya<\/a> para el nuevo a\u00f1o son inigualables. Desde <strong>solo 729\u20ac<\/strong> disfrutar\u00e1s de 9 d\u00edas y 7 noches de autentico lujo en las caribe\u00f1as Playas de Rep\u00fablica Dominicana. En r\u00e9gimen de Todo Incluido y con Vuelos, Tasas a\u00e9reas, Alojamiento, Traslados, Gu\u00eda y Seguros incluidos en este precio.<\/p><p><img fetchpriority=\"high\" decoding=\"async\" class=\"alignnone size-full wp-image-20377\" src=\"https:\/\/www.centraldevacaciones.com\/blog\/wp-content\/uploads\/2021\/11\/Rebajas-de-Enero-a-Punta-Cana.jpg\" alt=\"Ofertas Caribe Enero: Ya est\u00e1n aqu\u00ed las Rebajas de Enero: Rebajas de Enero a Punta Cana\" width=\"625\" height=\"275\" srcset=\"https:\/\/www.centraldevacaciones.com\/blog\/wp-content\/uploads\/2021\/11\/Rebajas-de-Enero-a-Punta-Cana.jpg 625w, https:\/\/www.centraldevacaciones.com\/blog\/wp-content\/uploads\/2021\/11\/Rebajas-de-Enero-a-Punta-Cana-300x132.jpg 300w\" sizes=\"(max-width: 625px) 100vw, 625px\" \/><\/p><p>Pero si prefieres conocer las costas mexicanas de Riviera Maya, esta es tu oportunidad, 0 desde <strong>solo 785\u20ac<\/strong> podemos prepararte tus vacaciones perfectas. \u00bfTe imaginas?, pleno mes de Enero, tumbado en una playa al solecito, disfrutando de tu bebida favorita y sin preocuparte por ning\u00fan tipo de gasto&#8230; esta Todo Incluido!!<\/p><p><img decoding=\"async\" class=\"alignnone size-full wp-image-20379\" src=\"https:\/\/www.centraldevacaciones.com\/blog\/wp-content\/uploads\/2021\/11\/Riviera-Maya-todo-incluido.jpg\" alt=\"Ofertas Caribe Enero: Ya est\u00e1n aqu\u00ed las Rebajas de Enero: Riviera Maya todo incluido\" width=\"630\" height=\"275\" srcset=\"https:\/\/www.centraldevacaciones.com\/blog\/wp-content\/uploads\/2021\/11\/Riviera-Maya-todo-incluido.jpg 630w, https:\/\/www.centraldevacaciones.com\/blog\/wp-content\/uploads\/2021\/11\/Riviera-Maya-todo-incluido-300x131.jpg 300w\" sizes=\"(max-width: 630px) 100vw, 630px\" \/><\/p><p>Entra ya en la secci\u00f3n Caribe de nuestra web y comprueba la ampl\u00edsima oferta hotelera que te ofrecemos en cada uno de estos destinos. Ya est\u00e1n aqu\u00ed las <strong>Rebajas de Enero<\/strong>, y como en todas rebajas, el stock es limitado, as\u00ed que date prisa y <a href=\"http:\/\/www.centraldevacaciones.com\/viajes\/4\/0\/0\/0\/ofertas-a-El-Caribe.html\">contrata ya tus s\u00faper vacaciones de invierno<\/a>.<\/p>\t\t\t\t\t\t\t\t<\/div>\n\t\t\t\t\t<\/div>\n\t\t<\/div>\n\t\t\t\t\t<\/div>\n\t\t<\/section>\n\t\t\t\t<section class=\"elementor-section elementor-top-section elementor-element elementor-element-1e662c0b elementor-section-boxed elementor-section-height-default elementor-section-height-default\" data-id=\"1e662c0b\" data-element_type=\"section\">\n\t\t\t\t\t\t<div class=\"elementor-container elementor-column-gap-default\">\n\t\t\t\t\t<div class=\"elementor-column elementor-col-20 elementor-top-column elementor-element elementor-element-248c0d3d\" data-id=\"248c0d3d\" data-element_type=\"column\">\n\t\t\t<div class=\"elementor-widget-wrap elementor-element-populated\">\n\t\t\t\t\t\t<div class=\"elementor-element elementor-element-786cffc elementor-widget elementor-widget-image\" data-id=\"786cffc\" data-element_type=\"widget\" data-widget_type=\"image.default\">\n\t\t\t\t\t\t\t\t\t\t\t\t\t\t\t<img decoding=\"async\" width=\"128\" height=\"128\" src=\"https:\/\/www.centraldevacaciones.com\/blog\/wp-content\/uploads\/2021\/03\/hamaca.png\" class=\"attachment-large size-large wp-image-12659\" alt=\"\" \/>\t\t\t\t\t\t\t\t\t\t\t\t\t\t\t<\/div>\n\t\t\t\t<div class=\"elementor-element elementor-element-54777d0e elementor-widget elementor-widget-heading\" data-id=\"54777d0e\" data-element_type=\"widget\" data-widget_type=\"heading.default\">\n\t\t\t\t\t<h3 class=\"elementor-heading-title elementor-size-default\"><a href=\"https:\/\/www.centraldevacaciones.com\/viajes\/ofertas-a-el-caribe.html\">Ofertas de viaje al Caribe<\/a><\/h3>\t\t\t\t<\/div>\n\t\t\t\t\t<\/div>\n\t\t<\/div>\n\t\t\t\t<div class=\"elementor-column elementor-col-20 elementor-top-column elementor-element elementor-element-1b984750\" data-id=\"1b984750\" data-element_type=\"column\">\n\t\t\t<div class=\"elementor-widget-wrap elementor-element-populated\">\n\t\t\t\t\t\t<div class=\"elementor-element elementor-element-6cd7b154 elementor-widget elementor-widget-image\" data-id=\"6cd7b154\" data-element_type=\"widget\" data-widget_type=\"image.default\">\n\t\t\t\t\t\t\t\t\t\t\t\t\t\t\t<img loading=\"lazy\" decoding=\"async\" width=\"128\" height=\"128\" src=\"https:\/\/www.centraldevacaciones.com\/blog\/wp-content\/uploads\/2021\/03\/palmera.png\" class=\"attachment-large size-large wp-image-12660\" alt=\"\" \/>\t\t\t\t\t\t\t\t\t\t\t\t\t\t\t<\/div>\n\t\t\t\t<div class=\"elementor-element elementor-element-16574ff elementor-widget elementor-widget-heading\" data-id=\"16574ff\" data-element_type=\"widget\" data-widget_type=\"heading.default\">\n\t\t\t\t\t<h3 class=\"elementor-heading-title elementor-size-default\"><a href=\"https:\/\/www.centraldevacaciones.com\/viajes\/ofertas-a-punta-cana.html\">Viajes a Punta Cana<\/a><\/h3>\t\t\t\t<\/div>\n\t\t\t\t\t<\/div>\n\t\t<\/div>\n\t\t\t\t<div class=\"elementor-column elementor-col-20 elementor-top-column elementor-element elementor-element-41d45d0e\" data-id=\"41d45d0e\" data-element_type=\"column\">\n\t\t\t<div class=\"elementor-widget-wrap elementor-element-populated\">\n\t\t\t\t\t\t<div class=\"elementor-element elementor-element-4d75b659 elementor-widget elementor-widget-image\" data-id=\"4d75b659\" data-element_type=\"widget\" data-widget_type=\"image.default\">\n\t\t\t\t\t\t\t\t\t\t\t\t\t\t\t<img loading=\"lazy\" decoding=\"async\" width=\"128\" height=\"128\" src=\"https:\/\/www.centraldevacaciones.com\/blog\/wp-content\/uploads\/2021\/05\/dom.png\" class=\"attachment-large size-large wp-image-12635\" alt=\"\" \/>\t\t\t\t\t\t\t\t\t\t\t\t\t\t\t<\/div>\n\t\t\t\t<div class=\"elementor-element elementor-element-50a76ab7 elementor-widget elementor-widget-heading\" data-id=\"50a76ab7\" data-element_type=\"widget\" data-widget_type=\"heading.default\">\n\t\t\t\t\t<h3 class=\"elementor-heading-title elementor-size-default\"><a href=\"https:\/\/www.centraldevacaciones.com\/viajes\/ofertas-a-varadero.html\">Viajes a Varadero<\/a><\/h3>\t\t\t\t<\/div>\n\t\t\t\t\t<\/div>\n\t\t<\/div>\n\t\t\t\t<div class=\"elementor-column elementor-col-20 elementor-top-column elementor-element elementor-element-37791071\" data-id=\"37791071\" data-element_type=\"column\">\n\t\t\t<div class=\"elementor-widget-wrap elementor-element-populated\">\n\t\t\t\t\t\t<div class=\"elementor-element elementor-element-4c7970fb elementor-widget elementor-widget-image\" data-id=\"4c7970fb\" data-element_type=\"widget\" data-widget_type=\"image.default\">\n\t\t\t\t\t\t\t\t\t\t\t\t\t\t\t<img loading=\"lazy\" decoding=\"async\" width=\"128\" height=\"128\" src=\"https:\/\/www.centraldevacaciones.com\/blog\/wp-content\/uploads\/2021\/05\/avion-1.png\" class=\"attachment-large size-large wp-image-12639\" alt=\"\" \/>\t\t\t\t\t\t\t\t\t\t\t\t\t\t\t<\/div>\n\t\t\t\t<div class=\"elementor-element elementor-element-3668d989 elementor-widget elementor-widget-heading\" data-id=\"3668d989\" data-element_type=\"widget\" data-widget_type=\"heading.default\">\n\t\t\t\t\t<h3 class=\"elementor-heading-title elementor-size-default\"><a href=\"https:\/\/www.centraldevacaciones.com\/bahiaprincipe\/\">Ofertas de Bahia Principe<\/a><\/h3>\t\t\t\t<\/div>\n\t\t\t\t\t<\/div>\n\t\t<\/div>\n\t\t\t\t<div class=\"elementor-column elementor-col-20 elementor-top-column elementor-element elementor-element-1a13beaa\" data-id=\"1a13beaa\" data-element_type=\"column\">\n\t\t\t<div class=\"elementor-widget-wrap elementor-element-populated\">\n\t\t\t\t\t\t<div class=\"elementor-element elementor-element-70aa1112 elementor-widget elementor-widget-image\" data-id=\"70aa1112\" data-element_type=\"widget\" data-widget_type=\"image.default\">\n\t\t\t\t\t\t\t\t\t\t\t\t\t\t\t<img loading=\"lazy\" decoding=\"async\" width=\"128\" height=\"128\" src=\"https:\/\/www.centraldevacaciones.com\/blog\/wp-content\/uploads\/2021\/03\/verano.png\" class=\"attachment-large size-large wp-image-12661\" alt=\"\" \/>\t\t\t\t\t\t\t\t\t\t\t\t\t\t\t<\/div>\n\t\t\t\t<div class=\"elementor-element elementor-element-2544afa elementor-widget elementor-widget-heading\" data-id=\"2544afa\" data-element_type=\"widget\" data-widget_type=\"heading.default\">\n\t\t\t\t\t<h3 class=\"elementor-heading-title elementor-size-default\"><a href=\"https:\/\/www.centraldevacaciones.com\/blog\/ofertas-vacaciones-caribe\/\">Destinos del Caribe<\/a><\/h3>\t\t\t\t<\/div>\n\t\t\t\t\t<\/div>\n\t\t<\/div>\n\t\t\t\t\t<\/div>\n\t\t<\/section>\n\t\t\t\t<section class=\"elementor-section elementor-top-section elementor-element elementor-element-f366f28 elementor-section-boxed elementor-section-height-default elementor-section-height-default\" data-id=\"f366f28\" data-element_type=\"section\">\n\t\t\t\t\t\t<div class=\"elementor-container elementor-column-gap-default\">\n\t\t\t\t\t<div class=\"elementor-column elementor-col-100 elementor-top-column elementor-element elementor-element-c3b6be8\" data-id=\"c3b6be8\" data-element_type=\"column\">\n\t\t\t<div class=\"elementor-widget-wrap elementor-element-populated\">\n\t\t\t\t\t\t<div class=\"elementor-element elementor-element-254eb62 elementor-widget elementor-widget-text-editor\" data-id=\"254eb62\" data-element_type=\"widget\" data-widget_type=\"text-editor.default\">\n\t\t\t\t\t\t\t\t\t<p><span style=\"font-weight: 400;\">\u00bfTe imaginas este verano en un clima c\u00e1lido y unas espectaculares playas paradis\u00edacas? \u00a1Las playas del Caribe son para ti! Reserva ahora tu viaje al Caribe con Central de Vacaciones. Nuestras ofertas incluyen los extras m\u00e1s premium que mejor se adaptan a ti y empieza a hacer la cuenta atr\u00e1s para vivir una experiencia de verano inolvidable con quien m\u00e1s quieres.<\/span><\/p>\t\t\t\t\t\t\t\t<\/div>\n\t\t\t\t\t<\/div>\n\t\t<\/div>\n\t\t\t\t\t<\/div>\n\t\t<\/section>\n\t\t\t\t<\/div>\n\t\t","protected":false},"excerpt":{"rendered":"<p>Las Rebajas de Enero ya han llegado a Centraldevacaciones.com. Dos grand\u00edsimas Ofertas de Caribe para viajar a Punta Cana o Riviera Maya el pr\u00f3ximo mes de Enero de 2015. Los Viajes Chollo no son un mito, y te lo queremos demostrar. Nuestras Ofertas Punta Cana y Ofertas Riviera Maya para el nuevo a\u00f1o son inigualables. [&hellip;]<\/p>\n","protected":false},"author":1,"featured_media":0,"comment_status":"closed","ping_status":"open","sticky":false,"template":"elementor_theme","format":"standard","meta":{"_acf_changed":false,"footnotes":""},"categories":[297,208,207,1,12],"tags":[],"class_list":["post-1568","post","type-post","status-publish","format-standard","hentry","category-caribe","category-ideas-escapadas","category-ideas-viajes-invierno","category-vacaciones","category-viajes"],"acf":[],"_links":{"self":[{"href":"https:\/\/www.centraldevacaciones.com\/blog\/wp-json\/wp\/v2\/posts\/1568","targetHints":{"allow":["GET"]}}],"collection":[{"href":"https:\/\/www.centraldevacaciones.com\/blog\/wp-json\/wp\/v2\/posts"}],"about":[{"href":"https:\/\/www.centraldevacaciones.com\/blog\/wp-json\/wp\/v2\/types\/post"}],"author":[{"embeddable":true,"href":"https:\/\/www.centraldevacaciones.com\/blog\/wp-json\/wp\/v2\/users\/1"}],"replies":[{"embeddable":true,"href":"https:\/\/www.centraldevacaciones.com\/blog\/wp-json\/wp\/v2\/comments?post=1568"}],"version-history":[{"count":0,"href":"https:\/\/www.centraldevacaciones.com\/blog\/wp-json\/wp\/v2\/posts\/1568\/revisions"}],"wp:attachment":[{"href":"https:\/\/www.centraldevacaciones.com\/blog\/wp-json\/wp\/v2\/media?parent=1568"}],"wp:term":[{"taxonomy":"category","embeddable":true,"href":"https:\/\/www.centraldevacaciones.com\/blog\/wp-json\/wp\/v2\/categories?post=1568"},{"taxonomy":"post_tag","embeddable":true,"href":"https:\/\/www.centraldevacaciones.com\/blog\/wp-json\/wp\/v2\/tags?post=1568"}],"curies":[{"name":"wp","href":"https:\/\/api.w.org\/{rel}","templated":true}]}}