{"id":1553,"date":"2014-12-12T09:33:58","date_gmt":"2014-12-12T08:33:58","guid":{"rendered":"http:\/\/www.centraldevacaciones.com\/opiniones\/?p=1553"},"modified":"2021-08-16T09:51:44","modified_gmt":"2021-08-16T07:51:44","slug":"nuevas-ofertas-caribe-navidad-punta-cana-y-riviera-maya","status":"publish","type":"post","link":"https:\/\/www.centraldevacaciones.com\/blog\/nuevas-ofertas-caribe-navidad-punta-cana-y-riviera-maya\/","title":{"rendered":"Nuevas Ofertas Caribe Navidad: Punta Cana y Riviera Maya"},"content":{"rendered":"\t\t<div data-elementor-type=\"wp-post\" data-elementor-id=\"1553\" class=\"elementor elementor-1553\" data-elementor-post-type=\"post\">\n\t\t\t\t\t\t<section class=\"elementor-section elementor-top-section elementor-element elementor-element-352bb4da elementor-section-boxed elementor-section-height-default elementor-section-height-default\" data-id=\"352bb4da\" data-element_type=\"section\">\n\t\t\t\t\t\t<div class=\"elementor-container elementor-column-gap-default\">\n\t\t\t\t\t<div class=\"elementor-column elementor-col-100 elementor-top-column elementor-element elementor-element-838aad\" data-id=\"838aad\" data-element_type=\"column\">\n\t\t\t<div class=\"elementor-widget-wrap elementor-element-populated\">\n\t\t\t\t\t\t<div class=\"elementor-element elementor-element-1ba87c84 elementor-widget elementor-widget-text-editor\" data-id=\"1ba87c84\" data-element_type=\"widget\" data-widget_type=\"text-editor.default\">\n\t\t\t\t\t\t\t\t\t<p>Ya os podemos ofrecer las \u00faltimas <a href=\"http:\/\/www.centraldevacaciones.com\/viajes\/4\/0\/0\/0\/ofertas-a-El-Caribe.html\">Ofertas de Navidad para viajar al Caribe<\/a>. Unas muy buenas Ofertas para olvidarte del frio y disfrutas de unas Navidades inolvidables.<\/p><p><strong>Riviera Maya o Punta Cana<\/strong>, t\u00fa decides. Nuestra <strong>Oferta Especial Navidad<\/strong> abarca los dos destinos m\u00e1s solicitados del Caribe. Desde <strong>solo 1.109\u20ac<\/strong> puedes gozar durante 9 d\u00edas y 7 noches en estos fabulosos destinos. Adem\u00e1s, la Oferta Punta Cana Navidad incluye una cena especial de gala la noche del 24.<\/p><p><a href=\"http:\/\/www.centraldevacaciones.com\/viajes\/4\/0\/0\/0\/ofertas-a-El-Caribe.html\"><img fetchpriority=\"high\" decoding=\"async\" class=\"aligncenter wp-image-1554 size-full\" title=\"Navidad2FB\" src=\"https:\/\/www.centraldevacaciones.com\/blog\/wp-content\/uploads\/2014\/12\/Navidad2FB.jpg\" alt=\"Ofertas Navidad Caribe\" width=\"624\" height=\"275\" srcset=\"https:\/\/www.centraldevacaciones.com\/blog\/wp-content\/uploads\/2014\/12\/Navidad2FB.jpg 624w, https:\/\/www.centraldevacaciones.com\/blog\/wp-content\/uploads\/2014\/12\/Navidad2FB-300x132.jpg 300w\" sizes=\"(max-width: 624px) 100vw, 624px\" \/><\/a><\/p><p><strong>Todo incluido<\/strong>, este es el r\u00e9gimen especial que incluye nuestra Oferta de Caribe. Vuelos, Tasas a\u00e9reas, alojamiento, traslados, gu\u00eda y seguro ya van incluidos en el precio \u00bfQue m\u00e1s se puede pedir? No le des m\u00e1s vueltas y entra ya en <a href=\"http:\/\/www.centraldevacaciones.com\/\">Centraldevacaciones.com<\/a> para realizar tu reserva. \u00a0Recuerda que tambi\u00e9n podr\u00e1s realizarla contactando con uno de nuestros agentes.<\/p><p>La Oferta Riviera Maya Navidad ofrece salidas desde Madrid, en vuelo directo, los d\u00edas 19 y 22 de diciembre, mientras que la Oferta Punta Cana Navidad \u00fanicamente ofrece una salida, tambi\u00e9n desde Madrid, para el d\u00eda 23 de diciembre.<\/p><p>Si quieres disfrutar del Caribe estas Navidades <a href=\"http:\/\/www.centraldevacaciones.com\/viajes\/4\/0\/0\/0\/ofertas-a-El-Caribe.html\">realiza ya tu reserva<\/a>, se trata de unas fechas muy demandadas y las plazas son limitadas. Te esperamos!<\/p>\t\t\t\t\t\t\t\t<\/div>\n\t\t\t\t\t<\/div>\n\t\t<\/div>\n\t\t\t\t\t<\/div>\n\t\t<\/section>\n\t\t\t\t<section class=\"elementor-section elementor-top-section elementor-element elementor-element-17029017 elementor-section-boxed elementor-section-height-default elementor-section-height-default\" data-id=\"17029017\" data-element_type=\"section\">\n\t\t\t\t\t\t<div class=\"elementor-container elementor-column-gap-default\">\n\t\t\t\t\t<div class=\"elementor-column elementor-col-20 elementor-top-column elementor-element elementor-element-3f1e673e\" data-id=\"3f1e673e\" data-element_type=\"column\">\n\t\t\t<div class=\"elementor-widget-wrap elementor-element-populated\">\n\t\t\t\t\t\t<div class=\"elementor-element elementor-element-7f116c1a elementor-widget elementor-widget-image\" data-id=\"7f116c1a\" data-element_type=\"widget\" data-widget_type=\"image.default\">\n\t\t\t\t\t\t\t\t\t\t\t\t\t\t\t<img decoding=\"async\" width=\"128\" height=\"128\" src=\"https:\/\/www.centraldevacaciones.com\/blog\/wp-content\/uploads\/2021\/03\/hamaca.png\" class=\"attachment-large size-large wp-image-12659\" alt=\"\" \/>\t\t\t\t\t\t\t\t\t\t\t\t\t\t\t<\/div>\n\t\t\t\t<div class=\"elementor-element elementor-element-13b97b4d elementor-widget elementor-widget-heading\" data-id=\"13b97b4d\" data-element_type=\"widget\" data-widget_type=\"heading.default\">\n\t\t\t\t\t<h3 class=\"elementor-heading-title elementor-size-default\"><a href=\"https:\/\/www.centraldevacaciones.com\/viajes\/ofertas-a-el-caribe.html\">Ofertas de viaje al Caribe<\/a><\/h3>\t\t\t\t<\/div>\n\t\t\t\t\t<\/div>\n\t\t<\/div>\n\t\t\t\t<div class=\"elementor-column elementor-col-20 elementor-top-column elementor-element elementor-element-b2e2843\" data-id=\"b2e2843\" data-element_type=\"column\">\n\t\t\t<div class=\"elementor-widget-wrap elementor-element-populated\">\n\t\t\t\t\t\t<div class=\"elementor-element elementor-element-6339fa29 elementor-widget elementor-widget-image\" data-id=\"6339fa29\" data-element_type=\"widget\" data-widget_type=\"image.default\">\n\t\t\t\t\t\t\t\t\t\t\t\t\t\t\t<img decoding=\"async\" width=\"128\" height=\"128\" src=\"https:\/\/www.centraldevacaciones.com\/blog\/wp-content\/uploads\/2021\/03\/palmera.png\" class=\"attachment-large size-large wp-image-12660\" alt=\"\" \/>\t\t\t\t\t\t\t\t\t\t\t\t\t\t\t<\/div>\n\t\t\t\t<div class=\"elementor-element elementor-element-5e0498d0 elementor-widget elementor-widget-heading\" data-id=\"5e0498d0\" data-element_type=\"widget\" data-widget_type=\"heading.default\">\n\t\t\t\t\t<h3 class=\"elementor-heading-title elementor-size-default\"><a href=\"https:\/\/www.centraldevacaciones.com\/viajes\/ofertas-a-punta-cana.html\">Viajes a Punta Cana<\/a><\/h3>\t\t\t\t<\/div>\n\t\t\t\t\t<\/div>\n\t\t<\/div>\n\t\t\t\t<div class=\"elementor-column elementor-col-20 elementor-top-column elementor-element elementor-element-1ca83c58\" data-id=\"1ca83c58\" data-element_type=\"column\">\n\t\t\t<div class=\"elementor-widget-wrap elementor-element-populated\">\n\t\t\t\t\t\t<div class=\"elementor-element elementor-element-4e0741d0 elementor-widget elementor-widget-image\" data-id=\"4e0741d0\" data-element_type=\"widget\" data-widget_type=\"image.default\">\n\t\t\t\t\t\t\t\t\t\t\t\t\t\t\t<img loading=\"lazy\" decoding=\"async\" width=\"128\" height=\"128\" src=\"https:\/\/www.centraldevacaciones.com\/blog\/wp-content\/uploads\/2021\/05\/dom.png\" class=\"attachment-large size-large wp-image-12635\" alt=\"\" \/>\t\t\t\t\t\t\t\t\t\t\t\t\t\t\t<\/div>\n\t\t\t\t<div class=\"elementor-element elementor-element-1c0fee7e elementor-widget elementor-widget-heading\" data-id=\"1c0fee7e\" data-element_type=\"widget\" data-widget_type=\"heading.default\">\n\t\t\t\t\t<h3 class=\"elementor-heading-title elementor-size-default\"><a href=\"https:\/\/www.centraldevacaciones.com\/viajes\/ofertas-a-varadero.html\">Viajes a Varadero<\/a><\/h3>\t\t\t\t<\/div>\n\t\t\t\t\t<\/div>\n\t\t<\/div>\n\t\t\t\t<div class=\"elementor-column elementor-col-20 elementor-top-column elementor-element elementor-element-7805aa62\" data-id=\"7805aa62\" data-element_type=\"column\">\n\t\t\t<div class=\"elementor-widget-wrap elementor-element-populated\">\n\t\t\t\t\t\t<div class=\"elementor-element elementor-element-24172066 elementor-widget elementor-widget-image\" data-id=\"24172066\" data-element_type=\"widget\" data-widget_type=\"image.default\">\n\t\t\t\t\t\t\t\t\t\t\t\t\t\t\t<img loading=\"lazy\" decoding=\"async\" width=\"128\" height=\"128\" src=\"https:\/\/www.centraldevacaciones.com\/blog\/wp-content\/uploads\/2021\/05\/avion-1.png\" class=\"attachment-large size-large wp-image-12639\" alt=\"\" \/>\t\t\t\t\t\t\t\t\t\t\t\t\t\t\t<\/div>\n\t\t\t\t<div class=\"elementor-element elementor-element-7c70f262 elementor-widget elementor-widget-heading\" data-id=\"7c70f262\" data-element_type=\"widget\" data-widget_type=\"heading.default\">\n\t\t\t\t\t<h3 class=\"elementor-heading-title elementor-size-default\"><a href=\"https:\/\/www.centraldevacaciones.com\/bahiaprincipe\/\">Ofertas de Bahia Principe<\/a><\/h3>\t\t\t\t<\/div>\n\t\t\t\t\t<\/div>\n\t\t<\/div>\n\t\t\t\t<div class=\"elementor-column elementor-col-20 elementor-top-column elementor-element elementor-element-63d836f2\" data-id=\"63d836f2\" data-element_type=\"column\">\n\t\t\t<div class=\"elementor-widget-wrap elementor-element-populated\">\n\t\t\t\t\t\t<div class=\"elementor-element elementor-element-1d279828 elementor-widget elementor-widget-image\" data-id=\"1d279828\" data-element_type=\"widget\" data-widget_type=\"image.default\">\n\t\t\t\t\t\t\t\t\t\t\t\t\t\t\t<img loading=\"lazy\" decoding=\"async\" width=\"128\" height=\"128\" src=\"https:\/\/www.centraldevacaciones.com\/blog\/wp-content\/uploads\/2021\/03\/verano.png\" class=\"attachment-large size-large wp-image-12661\" alt=\"\" \/>\t\t\t\t\t\t\t\t\t\t\t\t\t\t\t<\/div>\n\t\t\t\t<div class=\"elementor-element elementor-element-6a9b8b73 elementor-widget elementor-widget-heading\" data-id=\"6a9b8b73\" data-element_type=\"widget\" data-widget_type=\"heading.default\">\n\t\t\t\t\t<h3 class=\"elementor-heading-title elementor-size-default\"><a href=\"https:\/\/www.centraldevacaciones.com\/blog\/ofertas-vacaciones-caribe\/\">Destinos del Caribe<\/a><\/h3>\t\t\t\t<\/div>\n\t\t\t\t\t<\/div>\n\t\t<\/div>\n\t\t\t\t\t<\/div>\n\t\t<\/section>\n\t\t\t\t<section class=\"elementor-section elementor-top-section elementor-element elementor-element-6bd11e2 elementor-section-boxed elementor-section-height-default elementor-section-height-default\" data-id=\"6bd11e2\" data-element_type=\"section\">\n\t\t\t\t\t\t<div class=\"elementor-container elementor-column-gap-default\">\n\t\t\t\t\t<div class=\"elementor-column elementor-col-100 elementor-top-column elementor-element elementor-element-c3cf5e1\" data-id=\"c3cf5e1\" data-element_type=\"column\">\n\t\t\t<div class=\"elementor-widget-wrap elementor-element-populated\">\n\t\t\t\t\t\t<div class=\"elementor-element elementor-element-83b76e5 elementor-widget elementor-widget-text-editor\" data-id=\"83b76e5\" data-element_type=\"widget\" data-widget_type=\"text-editor.default\">\n\t\t\t\t\t\t\t\t\t<p><span style=\"font-weight: 400;\">\u00bfTe imaginas este verano en un clima c\u00e1lido y unas espectaculares playas paradis\u00edacas? \u00a1Las playas del Caribe son para ti! Reserva ahora tu viaje al Caribe con Central de Vacaciones. Nuestras ofertas incluyen los extras m\u00e1s premium que mejor se adaptan a ti y empieza a hacer la cuenta atr\u00e1s para vivir una experiencia de verano inolvidable con quien m\u00e1s quieres.<\/span><\/p>\t\t\t\t\t\t\t\t<\/div>\n\t\t\t\t\t<\/div>\n\t\t<\/div>\n\t\t\t\t\t<\/div>\n\t\t<\/section>\n\t\t\t\t<\/div>\n\t\t","protected":false},"excerpt":{"rendered":"<p>Ya os podemos ofrecer las \u00faltimas Ofertas de Navidad para viajar al Caribe. Unas muy buenas Ofertas para olvidarte del frio y disfrutas de unas Navidades inolvidables. Riviera Maya o Punta Cana, t\u00fa decides. Nuestra Oferta Especial Navidad abarca los dos destinos m\u00e1s solicitados del Caribe. Desde solo 1.109\u20ac puedes gozar durante 9 d\u00edas y [&hellip;]<\/p>\n","protected":false},"author":1,"featured_media":0,"comment_status":"closed","ping_status":"open","sticky":false,"template":"elementor_theme","format":"standard","meta":{"_acf_changed":false,"footnotes":""},"categories":[297,207,194,7,8,1,12],"tags":[],"class_list":["post-1553","post","type-post","status-publish","format-standard","hentry","category-caribe","category-ideas-viajes-invierno","category-islas-paradisiacas","category-mexico","category-republica-dominicana","category-vacaciones","category-viajes"],"acf":[],"_links":{"self":[{"href":"https:\/\/www.centraldevacaciones.com\/blog\/wp-json\/wp\/v2\/posts\/1553","targetHints":{"allow":["GET"]}}],"collection":[{"href":"https:\/\/www.centraldevacaciones.com\/blog\/wp-json\/wp\/v2\/posts"}],"about":[{"href":"https:\/\/www.centraldevacaciones.com\/blog\/wp-json\/wp\/v2\/types\/post"}],"author":[{"embeddable":true,"href":"https:\/\/www.centraldevacaciones.com\/blog\/wp-json\/wp\/v2\/users\/1"}],"replies":[{"embeddable":true,"href":"https:\/\/www.centraldevacaciones.com\/blog\/wp-json\/wp\/v2\/comments?post=1553"}],"version-history":[{"count":0,"href":"https:\/\/www.centraldevacaciones.com\/blog\/wp-json\/wp\/v2\/posts\/1553\/revisions"}],"wp:attachment":[{"href":"https:\/\/www.centraldevacaciones.com\/blog\/wp-json\/wp\/v2\/media?parent=1553"}],"wp:term":[{"taxonomy":"category","embeddable":true,"href":"https:\/\/www.centraldevacaciones.com\/blog\/wp-json\/wp\/v2\/categories?post=1553"},{"taxonomy":"post_tag","embeddable":true,"href":"https:\/\/www.centraldevacaciones.com\/blog\/wp-json\/wp\/v2\/tags?post=1553"}],"curies":[{"name":"wp","href":"https:\/\/api.w.org\/{rel}","templated":true}]}}