{"id":1483,"date":"2014-12-02T10:58:14","date_gmt":"2014-12-02T09:58:14","guid":{"rendered":"http:\/\/www.centraldevacaciones.com\/opiniones\/?p=1483"},"modified":"2021-08-06T15:56:52","modified_gmt":"2021-08-06T13:56:52","slug":"lugares-de-interes-turistico-en-brasilia","status":"publish","type":"post","link":"https:\/\/www.centraldevacaciones.com\/blog\/lugares-de-interes-turistico-en-brasilia\/","title":{"rendered":"Lugares de inter\u00e9s tur\u00edstico en Brasilia"},"content":{"rendered":"\t\t<div data-elementor-type=\"wp-post\" data-elementor-id=\"1483\" class=\"elementor elementor-1483\" data-elementor-post-type=\"post\">\n\t\t\t\t\t\t<section class=\"elementor-section elementor-top-section elementor-element elementor-element-0ac97e0 elementor-section-boxed elementor-section-height-default elementor-section-height-default\" data-id=\"0ac97e0\" data-element_type=\"section\">\n\t\t\t\t\t\t<div class=\"elementor-container elementor-column-gap-default\">\n\t\t\t\t\t<div class=\"elementor-column elementor-col-100 elementor-top-column elementor-element elementor-element-4287b63\" data-id=\"4287b63\" data-element_type=\"column\">\n\t\t\t<div class=\"elementor-widget-wrap elementor-element-populated\">\n\t\t\t\t\t\t<div class=\"elementor-element elementor-element-e603cf5 elementor-widget elementor-widget-text-editor\" data-id=\"e603cf5\" data-element_type=\"widget\" data-widget_type=\"text-editor.default\">\n\t\t\t\t\t\t\t\t\t<p>Inaugurado por el entonces Presidente Juscelino Kubitschek de Oliveira, de 21 de abril de 1960, Brasilia es la cuarta ciudad m\u00e1s importante de Brasil, luego de Sao Paulo, Salvador y R\u00edo de Janeiro. La transferencia de los principales \u00f3rganos de la administraci\u00f3n federal para la nueva capital era progresiva, con el cambio de los asientos del poder ejecutivo, legislativo y judicial federales.<\/p><p><a href=\"http:\/\/www.centraldevacaciones.com\/opiniones\/wp-content\/uploads\/2014\/12\/brasilia.jpg\"><img fetchpriority=\"high\" decoding=\"async\" class=\"aligncenter wp-image-1499 size-full\" title=\"Ofertas Brasil\" src=\"https:\/\/www.centraldevacaciones.com\/blog\/wp-content\/uploads\/2014\/12\/brasilia.jpg\" alt=\"\" width=\"600\" height=\"400\" srcset=\"https:\/\/www.centraldevacaciones.com\/blog\/wp-content\/uploads\/2014\/12\/brasilia.jpg 600w, https:\/\/www.centraldevacaciones.com\/blog\/wp-content\/uploads\/2014\/12\/brasilia-300x200.jpg 300w\" sizes=\"(max-width: 600px) 100vw, 600px\" \/><\/a><\/p><p>El plan de desarrollo de la capital, conocido como \u00abplan piloto\u00bb, fue preparado por el urbanista L\u00facio Costa, que quien, aprovechando la topograf\u00eda de la zona, la hab\u00eda adaptado al proyecto del lago Parano\u00e1, dise\u00f1ado por la misi\u00f3n Cruls en 1893. Muchos de los edificios de la Capital Federal fueron dise\u00f1ados por el famoso arquitecto Oscar Niemeyer.<\/p><h2><strong>Principales lugares de inter\u00e9s de Brasilia-Distrito Federal<\/strong><\/h2><p><strong>Pal\u00e1cio da Alvorada<\/strong><\/p><p>Brasilia est\u00e1 clasificado como Patrimonio Cultural de la humanidad por la Unesco. Recibe 1 mill\u00f3n de visitantes por a\u00f1o y sobre todo al Pal\u00e1cio da Alvorada, residencia oficial del Presidente de la Rep\u00fablica, dise\u00f1ada por Oscar Niemeyer.<\/p><p>El Palacio est\u00e1 situado a orillas del lago Parano\u00e1, despu\u00e9s de haber sido el primer edificio inaugurado en Brasilia en 30 de junio de 1958. Dise\u00f1ado por Oscar Niemeyer, este se convirti\u00f3 en uno de los iconos de la arquitectura moderna brasile\u00f1a y su peculiaridad en relaci\u00f3n con el movimiento moderno europeo. Fue tambi\u00e9n un s\u00edmbolo del progreso t\u00e9cnico y cultural de Brasil durante la d\u00e9cada de 1950, momento en el cual el pa\u00eds vivi\u00f3 una profusi\u00f3n cultural singular, caracterizada entre otras cosas por la bossa nova, la arquitectura moderna y el arte concreto. El formato diferente de los pilares exteriores del edificio dio lugar al s\u00edmbolo y emblema de la ciudad, presente en el escudo del Distrito Federal.<\/p><p><strong>Puente JK o Ponte Juscelino Kubitschek<\/strong><\/p><p>El puente Juscelino Kubitschek, tambi\u00e9n conocido como puente JK, se encuentra en Brasilia, conectando al sur lago Parano\u00e1 y S\u00e3o Sebasti\u00e3o en la parte central del plan piloto, a trav\u00e9s del eje Monumental, cruzando el lago Parano\u00e1.<\/p><p>Inaugurado en el 15 de diciembre de 2002, la estructura del puente tiene una longitud de 1200 metros, ancho total cruce de 24 metros con dos pistas, cada una con tres pistas, teniendo dos pasarelas en los lados para uso de ciclistas y peatones con 1.5 metros de longitud total y amplia de los palmos de 720 metros.<\/p><p>El puente se convirti\u00f3 r\u00e1pidamente en otro icono Brasilia impreso en postal, especialmente por la noche, cuando se destaca a\u00fan m\u00e1s su teatralidad.<\/p><p><strong>Teatro Nacional Cl\u00e1udio Santoro<\/strong><\/p><p>El Teatro Nacional Claudio Santoro es un teatro que tambi\u00e9n fue dise\u00f1ado por el arquitecto Oscar Niemeyer. Inici\u00f3 la construcci\u00f3n de 30 de julio de 1960 y la estructura fue terminada en 30 de enero de 1961, pero durante cinco a\u00f1os fue detenido el trabajo. La Sala Martins Pena se complet\u00f3 en 1966 y, despu\u00e9s de diez a\u00f1os de actividad, fue cerrado por renovaci\u00f3n y terminaci\u00f3n del teatro que ocurrieron en 21 de abril de 1981.<\/p><p>El Claudio Santoro se encuentra en Via N2, Sector Norte Cultural, tiene estructura piramidal irregular: dentro de las habitaciones destacan Martins Pena, Villa-Lobos y Alberto Nepomuceno, donde llevar a cabo durante todo el a\u00f1o numerosos actos y representaciones culturales.<\/p><p><strong>Catedral de Brasilia<\/strong><\/p><p>La Catedral Metropolitana de Nossa Senhora Aparecida es conocida como la Catedral de Brasilia. Dise\u00f1ado por el arquitecto Oscar Niemeyer, se coloc\u00f3 su piedra angular en 12 de septiembre de 1958. El acceso a la Plaza del templo son cuatro esculturas en bronce con tres pies de altura, que representa a los evangelistas; Dentro de la nave, est\u00e1n las esculturas de tres \u00c1ngeles, suspendidos por cables de acero. El ovoide en forma Baptisterio tenido en sus paredes las cer\u00e1micas pintadas del Panel en 1977 por Athos Bulc\u00e3o. La torre del campanario que consta de cuatro grandes campanas, donadas por Espa\u00f1a, completa el conjunto arquitect\u00f3nico.<\/p><p>La Via Sacra es un trabajo de Di Cavalcanti. En la entrada de la Catedral es un pilar con pasajes de la vida de Mar\u00eda, madre de Jes\u00fas, pintado por Athos Bulc\u00e3o.<\/p><p><strong>Memorial JK<\/strong><\/p><p>El Memorial JK es un museo en la ciudad de Brasilia dise\u00f1ada por Oscar Niemeyer, inaugurado en 12 de septiembre de 1981 y dedicado al ex presidente brasile\u00f1o Juscelino Kubitschek que fund\u00f3 la ciudad de Brasilia. En el sitio, son el cuerpo de JK, varias pertenencias, como su biblioteca personal y fotos de \u00e9l y su esposa Sarah.<\/p><ol><li><div>Im\u00e1genes de Brasilia<\/div><div id=\"iur\"><div><div><div>\u00a0<\/div><\/div><\/div><\/div><p>M\u00e1s im\u00e1genes de Brasilia<\/p><\/li><\/ol>\t\t\t\t\t\t\t\t<\/div>\n\t\t\t\t<div class=\"elementor-element elementor-element-4352575 elementor-widget elementor-widget-gallery\" data-id=\"4352575\" data-element_type=\"widget\" data-settings=\"{&quot;columns&quot;:3,&quot;aspect_ratio&quot;:&quot;4:3&quot;,&quot;lazyload&quot;:&quot;yes&quot;,&quot;gallery_layout&quot;:&quot;grid&quot;,&quot;columns_tablet&quot;:2,&quot;columns_mobile&quot;:1,&quot;gap&quot;:{&quot;unit&quot;:&quot;px&quot;,&quot;size&quot;:10,&quot;sizes&quot;:[]},&quot;gap_tablet&quot;:{&quot;unit&quot;:&quot;px&quot;,&quot;size&quot;:10,&quot;sizes&quot;:[]},&quot;gap_mobile&quot;:{&quot;unit&quot;:&quot;px&quot;,&quot;size&quot;:10,&quot;sizes&quot;:[]},&quot;link_to&quot;:&quot;file&quot;,&quot;overlay_background&quot;:&quot;yes&quot;,&quot;content_hover_animation&quot;:&quot;fade-in&quot;}\" data-widget_type=\"gallery.default\">\n\t\t\t\t\t\t\t<div class=\"elementor-gallery__container\">\n\t\t\t\t\t\t\t<a class=\"e-gallery-item elementor-gallery-item elementor-animated-content\" href=\"https:\/\/www.centraldevacaciones.com\/blog\/wp-content\/uploads\/2021\/08\/brasilia-1d.jpg\" data-elementor-open-lightbox=\"yes\" data-elementor-lightbox-slideshow=\"4352575\" data-elementor-lightbox-title=\"brasilia-1d\" data-e-action-hash=\"#elementor-action%3Aaction%3Dlightbox%26settings%3DeyJpZCI6MTUwNTAsInVybCI6Imh0dHBzOlwvXC93d3cuY2VudHJhbGRldmFjYWNpb25lcy5jb21cL2Jsb2dcL3dwLWNvbnRlbnRcL3VwbG9hZHNcLzIwMjFcLzA4XC9icmFzaWxpYS0xZC5qcGciLCJzbGlkZXNob3ciOiI0MzUyNTc1In0%3D\">\n\t\t\t\t\t<div class=\"e-gallery-image elementor-gallery-item__image\" data-thumbnail=\"https:\/\/www.centraldevacaciones.com\/blog\/wp-content\/uploads\/2021\/08\/brasilia-1d-300x300.jpg\" data-width=\"300\" data-height=\"300\" aria-label=\"\" role=\"img\" ><\/div>\n\t\t\t\t\t\t\t\t\t\t\t<div class=\"elementor-gallery-item__overlay\"><\/div>\n\t\t\t\t\t\t\t\t\t\t\t\t\t\t<\/a>\n\t\t\t\t\t\t\t<a class=\"e-gallery-item elementor-gallery-item elementor-animated-content\" href=\"https:\/\/www.centraldevacaciones.com\/blog\/wp-content\/uploads\/2021\/08\/brasilia-2.jpg\" data-elementor-open-lightbox=\"yes\" data-elementor-lightbox-slideshow=\"4352575\" data-elementor-lightbox-title=\"brasilia-2\" data-e-action-hash=\"#elementor-action%3Aaction%3Dlightbox%26settings%3DeyJpZCI6MTUwNTEsInVybCI6Imh0dHBzOlwvXC93d3cuY2VudHJhbGRldmFjYWNpb25lcy5jb21cL2Jsb2dcL3dwLWNvbnRlbnRcL3VwbG9hZHNcLzIwMjFcLzA4XC9icmFzaWxpYS0yLmpwZyIsInNsaWRlc2hvdyI6IjQzNTI1NzUifQ%3D%3D\">\n\t\t\t\t\t<div class=\"e-gallery-image elementor-gallery-item__image\" data-thumbnail=\"https:\/\/www.centraldevacaciones.com\/blog\/wp-content\/uploads\/2021\/08\/brasilia-2-300x300.jpg\" data-width=\"300\" data-height=\"300\" aria-label=\"\" role=\"img\" ><\/div>\n\t\t\t\t\t\t\t\t\t\t\t<div class=\"elementor-gallery-item__overlay\"><\/div>\n\t\t\t\t\t\t\t\t\t\t\t\t\t\t<\/a>\n\t\t\t\t\t\t\t<a class=\"e-gallery-item elementor-gallery-item elementor-animated-content\" href=\"https:\/\/www.centraldevacaciones.com\/blog\/wp-content\/uploads\/2021\/08\/brasilia-3.jpg\" data-elementor-open-lightbox=\"yes\" data-elementor-lightbox-slideshow=\"4352575\" data-elementor-lightbox-title=\"brasilia-3\" data-e-action-hash=\"#elementor-action%3Aaction%3Dlightbox%26settings%3DeyJpZCI6MTUwNTIsInVybCI6Imh0dHBzOlwvXC93d3cuY2VudHJhbGRldmFjYWNpb25lcy5jb21cL2Jsb2dcL3dwLWNvbnRlbnRcL3VwbG9hZHNcLzIwMjFcLzA4XC9icmFzaWxpYS0zLmpwZyIsInNsaWRlc2hvdyI6IjQzNTI1NzUifQ%3D%3D\">\n\t\t\t\t\t<div class=\"e-gallery-image elementor-gallery-item__image\" data-thumbnail=\"https:\/\/www.centraldevacaciones.com\/blog\/wp-content\/uploads\/2021\/08\/brasilia-3-300x300.jpg\" data-width=\"300\" data-height=\"300\" aria-label=\"\" role=\"img\" ><\/div>\n\t\t\t\t\t\t\t\t\t\t\t<div class=\"elementor-gallery-item__overlay\"><\/div>\n\t\t\t\t\t\t\t\t\t\t\t\t\t\t<\/a>\n\t\t\t\t\t<\/div>\n\t\t\t\t\t<\/div>\n\t\t\t\t<div class=\"elementor-element elementor-element-022cd3f elementor-widget elementor-widget-text-editor\" data-id=\"022cd3f\" data-element_type=\"widget\" data-widget_type=\"text-editor.default\">\n\t\t\t\t\t\t\t\t\t<ol><li><div id=\"media_result_group\">\u00a0<\/div><\/li><li><div><div>Brasilia<\/div><div>Capital de Brasil<\/div><\/div><\/li><li><div><div>Brasilia es la capital federal del Brasil y la sede del gobierno del Distrito Federal, localizada en la parte central del pa\u00eds.\u00a0Wikipedia<\/div><\/div><\/li><li><div><div>Fundaci\u00f3n:\u00a021 de abril de 1960<\/div><\/div><\/li><li><div><div>Elevaci\u00f3n:\u00a01.172\u00a0m<\/div><\/div><\/li><li id=\"uid_1\"><div><div>Superficie:\u00a05.802\u00a0km\u00b2<\/div><\/div><\/li><li><div><div>Poblaci\u00f3n:\u00a02,481 millones (2010) Organizaci\u00f3n de las Naciones Unidas<\/div><\/div><\/li><li><div><div>Hora local:\u00a0martes, 8:57<\/div><\/div><\/li><li><div><div>Tiempo:\u00a020 \u00b0C, viento E a 11 km\/h, 88\u00a0% de humedad<\/div><\/div><\/li><li><div>Lugares de inter\u00e9s<\/div><div><div>Ver otros 10<\/div><\/div><\/li><\/ol>\t\t\t\t\t\t\t\t<\/div>\n\t\t\t\t<section class=\"elementor-section elementor-inner-section elementor-element elementor-element-a1a0cdd elementor-section-boxed elementor-section-height-default elementor-section-height-default\" data-id=\"a1a0cdd\" data-element_type=\"section\">\n\t\t\t\t\t\t<div class=\"elementor-container elementor-column-gap-default\">\n\t\t\t\t\t<div class=\"elementor-column elementor-col-100 elementor-inner-column elementor-element elementor-element-412775c\" data-id=\"412775c\" data-element_type=\"column\">\n\t\t\t<div class=\"elementor-widget-wrap elementor-element-populated\">\n\t\t\t\t\t\t<div class=\"elementor-element elementor-element-04e568f elementor-widget elementor-widget-image\" data-id=\"04e568f\" data-element_type=\"widget\" data-widget_type=\"image.default\">\n\t\t\t\t\t\t\t\t\t\t\t\t\t\t\t<img decoding=\"async\" width=\"680\" height=\"420\" src=\"https:\/\/www.centraldevacaciones.com\/blog\/wp-content\/uploads\/2014\/12\/brasilia-estadio.jpg\" class=\"attachment-large size-large wp-image-15053\" alt=\"\" srcset=\"https:\/\/www.centraldevacaciones.com\/blog\/wp-content\/uploads\/2014\/12\/brasilia-estadio.jpg 680w, https:\/\/www.centraldevacaciones.com\/blog\/wp-content\/uploads\/2014\/12\/brasilia-estadio-300x185.jpg 300w\" sizes=\"(max-width: 680px) 100vw, 680px\" \/>\t\t\t\t\t\t\t\t\t\t\t\t\t\t\t<\/div>\n\t\t\t\t<div class=\"elementor-element elementor-element-b64ff11 elementor-widget elementor-widget-text-editor\" data-id=\"b64ff11\" data-element_type=\"widget\" data-widget_type=\"text-editor.default\">\n\t\t\t\t\t\t\t\t\t<p>Estadio Nacional de Brasilia<\/p>\t\t\t\t\t\t\t\t<\/div>\n\t\t\t\t\t<\/div>\n\t\t<\/div>\n\t\t\t\t\t<\/div>\n\t\t<\/section>\n\t\t\t\t<div class=\"elementor-element elementor-element-d6bf2de elementor-widget elementor-widget-image\" data-id=\"d6bf2de\" data-element_type=\"widget\" data-widget_type=\"image.default\">\n\t\t\t\t\t\t\t\t\t\t\t\t\t\t\t<img decoding=\"async\" width=\"680\" height=\"420\" src=\"https:\/\/www.centraldevacaciones.com\/blog\/wp-content\/uploads\/2014\/12\/brasilia-palacio.jpg\" class=\"attachment-large size-large wp-image-15054\" alt=\"\" srcset=\"https:\/\/www.centraldevacaciones.com\/blog\/wp-content\/uploads\/2014\/12\/brasilia-palacio.jpg 680w, https:\/\/www.centraldevacaciones.com\/blog\/wp-content\/uploads\/2014\/12\/brasilia-palacio-300x185.jpg 300w\" sizes=\"(max-width: 680px) 100vw, 680px\" \/>\t\t\t\t\t\t\t\t\t\t\t\t\t\t\t<\/div>\n\t\t\t\t<div class=\"elementor-element elementor-element-1e3d804 elementor-widget elementor-widget-text-editor\" data-id=\"1e3d804\" data-element_type=\"widget\" data-widget_type=\"text-editor.default\">\n\t\t\t\t\t\t\t\t\t<p>Palacio de Itamaraty<\/p>\t\t\t\t\t\t\t\t<\/div>\n\t\t\t\t<div class=\"elementor-element elementor-element-31ed975 elementor-widget elementor-widget-image\" data-id=\"31ed975\" data-element_type=\"widget\" data-widget_type=\"image.default\">\n\t\t\t\t\t\t\t\t\t\t\t\t\t\t\t<img loading=\"lazy\" decoding=\"async\" width=\"680\" height=\"420\" src=\"https:\/\/www.centraldevacaciones.com\/blog\/wp-content\/uploads\/2014\/12\/palacio-2.jpg\" class=\"attachment-large size-large wp-image-15055\" alt=\"\" srcset=\"https:\/\/www.centraldevacaciones.com\/blog\/wp-content\/uploads\/2014\/12\/palacio-2.jpg 680w, https:\/\/www.centraldevacaciones.com\/blog\/wp-content\/uploads\/2014\/12\/palacio-2-300x185.jpg 300w\" sizes=\"(max-width: 680px) 100vw, 680px\" \/>\t\t\t\t\t\t\t\t\t\t\t\t\t\t\t<\/div>\n\t\t\t\t<div class=\"elementor-element elementor-element-93c4828 elementor-widget elementor-widget-text-editor\" data-id=\"93c4828\" data-element_type=\"widget\" data-widget_type=\"text-editor.default\">\n\t\t\t\t\t\t\t\t\t<p>Pal\u00e1cio do Planalto<\/p>\t\t\t\t\t\t\t\t<\/div>\n\t\t\t\t<div class=\"elementor-element elementor-element-1712875 elementor-widget elementor-widget-image\" data-id=\"1712875\" data-element_type=\"widget\" data-widget_type=\"image.default\">\n\t\t\t\t\t\t\t\t\t\t\t\t\t\t\t<img loading=\"lazy\" decoding=\"async\" width=\"680\" height=\"420\" src=\"https:\/\/www.centraldevacaciones.com\/blog\/wp-content\/uploads\/2014\/12\/torre-1.jpg\" class=\"attachment-large size-large wp-image-15056\" alt=\"\" srcset=\"https:\/\/www.centraldevacaciones.com\/blog\/wp-content\/uploads\/2014\/12\/torre-1.jpg 680w, https:\/\/www.centraldevacaciones.com\/blog\/wp-content\/uploads\/2014\/12\/torre-1-300x185.jpg 300w\" sizes=\"(max-width: 680px) 100vw, 680px\" \/>\t\t\t\t\t\t\t\t\t\t\t\t\t\t\t<\/div>\n\t\t\t\t<div class=\"elementor-element elementor-element-ee86df2 elementor-widget elementor-widget-text-editor\" data-id=\"ee86df2\" data-element_type=\"widget\" data-widget_type=\"text-editor.default\">\n\t\t\t\t\t\t\t\t\t<p>Torre de TV de Brasilia<\/p>\t\t\t\t\t\t\t\t<\/div>\n\t\t\t\t<div class=\"elementor-element elementor-element-34334d8 elementor-widget elementor-widget-image\" data-id=\"34334d8\" data-element_type=\"widget\" data-widget_type=\"image.default\">\n\t\t\t\t\t\t\t\t\t\t\t\t\t\t\t<img loading=\"lazy\" decoding=\"async\" width=\"680\" height=\"420\" src=\"https:\/\/www.centraldevacaciones.com\/blog\/wp-content\/uploads\/2014\/12\/brasilia-puente.jpg\" class=\"attachment-large size-large wp-image-15057\" alt=\"\" srcset=\"https:\/\/www.centraldevacaciones.com\/blog\/wp-content\/uploads\/2014\/12\/brasilia-puente.jpg 680w, https:\/\/www.centraldevacaciones.com\/blog\/wp-content\/uploads\/2014\/12\/brasilia-puente-300x185.jpg 300w\" sizes=\"(max-width: 680px) 100vw, 680px\" \/>\t\t\t\t\t\t\t\t\t\t\t\t\t\t\t<\/div>\n\t\t\t\t<div class=\"elementor-element elementor-element-7e42eb4 elementor-widget elementor-widget-text-editor\" data-id=\"7e42eb4\" data-element_type=\"widget\" data-widget_type=\"text-editor.default\">\n\t\t\t\t\t\t\t\t\t<p>Puente Juscelino Kubitschek<\/p>\t\t\t\t\t\t\t\t<\/div>\n\t\t\t\t\t<\/div>\n\t\t<\/div>\n\t\t\t\t\t<\/div>\n\t\t<\/section>\n\t\t\t\t<section class=\"elementor-section elementor-top-section elementor-element elementor-element-7e8b3083 elementor-section-boxed elementor-section-height-default elementor-section-height-default\" data-id=\"7e8b3083\" data-element_type=\"section\">\n\t\t\t\t\t\t<div class=\"elementor-container elementor-column-gap-default\">\n\t\t\t\t\t<div class=\"elementor-column elementor-col-100 elementor-top-column elementor-element elementor-element-1a32cd74\" data-id=\"1a32cd74\" data-element_type=\"column\">\n\t\t\t<div class=\"elementor-widget-wrap elementor-element-populated\">\n\t\t\t\t\t\t<div class=\"elementor-element elementor-element-41d033f9 elementor-widget elementor-widget-text-editor\" data-id=\"41d033f9\" data-element_type=\"widget\" data-widget_type=\"text-editor.default\">\n\t\t\t\t\t\t\t\t\t<div>\u00a0<\/div><ol><li id=\"uid_7\"><div>Facultades y universidades<\/div><div><div><div>\u00a0<\/div><p>Universidad de Brasilia<\/p><div title=\"Universidad de Brasilia (Brasilia)\">Brasilia<\/div><\/div><div><div>\u00a0<\/div><p>Fundaci\u00f3n Getulio Vargas<\/p><div title=\"Fundaci\u00f3n Getulio Vargas (Brasilia)\">Brasilia<\/div><\/div><div><div>\u00a0<\/div><p>Universidad Cat\u00f3lica de Brasilia<\/p><div title=\"Universidad Cat\u00f3lica de Brasilia (Brasilia)\">Brasilia<\/div><\/div><div><div>\u00a0<\/div><p>Instituto Rio Branco<\/p><div title=\"Instituto Rio Branco (Brasilia)\">Brasilia<\/div><\/div><div><div>\u00a0<\/div><p>Escola Superior de Ci\u00eanci&#8230;<\/p><div title=\"Escola Superior de Ci\u00eancias da Sa\u00fade (Brasilia)\">Brasilia<\/div><\/div><\/div><\/li><\/ol>\t\t\t\t\t\t\t\t<\/div>\n\t\t\t\t\t<\/div>\n\t\t<\/div>\n\t\t\t\t\t<\/div>\n\t\t<\/section>\n\t\t\t\t<section class=\"elementor-section elementor-top-section elementor-element elementor-element-33afcaba elementor-section-boxed elementor-section-height-default elementor-section-height-default\" data-id=\"33afcaba\" data-element_type=\"section\">\n\t\t\t\t\t\t<div class=\"elementor-container elementor-column-gap-custom\">\n\t\t\t\t\t<div class=\"elementor-column elementor-col-16 elementor-top-column elementor-element elementor-element-7eb6fb49\" data-id=\"7eb6fb49\" data-element_type=\"column\">\n\t\t\t<div class=\"elementor-widget-wrap elementor-element-populated\">\n\t\t\t\t\t\t<div class=\"elementor-element elementor-element-1f6495b6 elementor-widget elementor-widget-image\" data-id=\"1f6495b6\" data-element_type=\"widget\" data-widget_type=\"image.default\">\n\t\t\t\t\t\t\t\t\t\t\t\t\t\t\t<img loading=\"lazy\" decoding=\"async\" width=\"128\" height=\"128\" src=\"https:\/\/www.centraldevacaciones.com\/blog\/wp-content\/uploads\/2021\/05\/dom.png\" class=\"attachment-large size-large wp-image-12635\" alt=\"\" \/>\t\t\t\t\t\t\t\t\t\t\t\t\t\t\t<\/div>\n\t\t\t\t<div class=\"elementor-element elementor-element-6f07760c elementor-widget elementor-widget-heading\" data-id=\"6f07760c\" data-element_type=\"widget\" data-widget_type=\"heading.default\">\n\t\t\t\t\t<h3 class=\"elementor-heading-title elementor-size-default\"><a href=\"https:\/\/www.centraldevacaciones.com\/viajes\/\">Ofertas vacacionales<\/a><\/h3>\t\t\t\t<\/div>\n\t\t\t\t\t<\/div>\n\t\t<\/div>\n\t\t\t\t<div class=\"elementor-column elementor-col-16 elementor-top-column elementor-element elementor-element-46710571\" data-id=\"46710571\" data-element_type=\"column\">\n\t\t\t<div class=\"elementor-widget-wrap elementor-element-populated\">\n\t\t\t\t\t\t<div class=\"elementor-element elementor-element-4b1d1695 elementor-widget elementor-widget-image\" data-id=\"4b1d1695\" data-element_type=\"widget\" data-widget_type=\"image.default\">\n\t\t\t\t\t\t\t\t\t\t\t\t\t\t\t<img loading=\"lazy\" decoding=\"async\" width=\"128\" height=\"128\" src=\"https:\/\/www.centraldevacaciones.com\/blog\/wp-content\/uploads\/2021\/05\/camas.png\" class=\"attachment-large size-large wp-image-12637\" alt=\"\" \/>\t\t\t\t\t\t\t\t\t\t\t\t\t\t\t<\/div>\n\t\t\t\t<div class=\"elementor-element elementor-element-5db00bd elementor-widget elementor-widget-heading\" data-id=\"5db00bd\" data-element_type=\"widget\" data-widget_type=\"heading.default\">\n\t\t\t\t\t<h3 class=\"elementor-heading-title elementor-size-default\"><a href=\"https:\/\/www.centraldevacaciones.com\/blog\/hoteles-de-ciudad\/\">Ofertas hoteles<\/a><\/h3>\t\t\t\t<\/div>\n\t\t\t\t\t<\/div>\n\t\t<\/div>\n\t\t\t\t<div class=\"elementor-column elementor-col-16 elementor-top-column elementor-element elementor-element-6149507f\" data-id=\"6149507f\" data-element_type=\"column\">\n\t\t\t<div class=\"elementor-widget-wrap elementor-element-populated\">\n\t\t\t\t\t\t<div class=\"elementor-element elementor-element-79868fbb elementor-widget elementor-widget-image\" data-id=\"79868fbb\" data-element_type=\"widget\" data-widget_type=\"image.default\">\n\t\t\t\t\t\t\t\t\t\t\t\t\t\t\t<img loading=\"lazy\" decoding=\"async\" width=\"128\" height=\"128\" src=\"https:\/\/www.centraldevacaciones.com\/blog\/wp-content\/uploads\/2021\/05\/avion-1.png\" class=\"attachment-large size-large wp-image-12639\" alt=\"\" \/>\t\t\t\t\t\t\t\t\t\t\t\t\t\t\t<\/div>\n\t\t\t\t<div class=\"elementor-element elementor-element-32c6137 elementor-widget elementor-widget-heading\" data-id=\"32c6137\" data-element_type=\"widget\" data-widget_type=\"heading.default\">\n\t\t\t\t\t<h3 class=\"elementor-heading-title elementor-size-default\"><a href=\"https:\/\/www.centraldevacaciones.com\/blog\/destinos-vacaciones\/\">Mejores destinos<\/a><\/h3>\t\t\t\t<\/div>\n\t\t\t\t\t<\/div>\n\t\t<\/div>\n\t\t\t\t<div class=\"elementor-column elementor-col-16 elementor-top-column elementor-element elementor-element-73e2d6a7\" data-id=\"73e2d6a7\" data-element_type=\"column\">\n\t\t\t<div class=\"elementor-widget-wrap elementor-element-populated\">\n\t\t\t\t\t\t<div class=\"elementor-element elementor-element-76dc7534 elementor-widget elementor-widget-image\" data-id=\"76dc7534\" data-element_type=\"widget\" data-widget_type=\"image.default\">\n\t\t\t\t\t\t\t\t\t\t\t\t\t\t\t<img loading=\"lazy\" decoding=\"async\" width=\"128\" height=\"128\" src=\"https:\/\/www.centraldevacaciones.com\/blog\/wp-content\/uploads\/2021\/05\/cama-solar.png\" class=\"attachment-large size-large wp-image-12640\" alt=\"\" \/>\t\t\t\t\t\t\t\t\t\t\t\t\t\t\t<\/div>\n\t\t\t\t<div class=\"elementor-element elementor-element-42d0a5a2 elementor-widget elementor-widget-heading\" data-id=\"42d0a5a2\" data-element_type=\"widget\" data-widget_type=\"heading.default\">\n\t\t\t\t\t<h3 class=\"elementor-heading-title elementor-size-default\"><a href=\"https:\/\/www.centraldevacaciones.com\/blog\/ofertas-circuitos\/\">Circuitos vacacionales<\/a><\/h3>\t\t\t\t<\/div>\n\t\t\t\t\t<\/div>\n\t\t<\/div>\n\t\t\t\t<div class=\"elementor-column elementor-col-16 elementor-top-column elementor-element elementor-element-38627c20\" data-id=\"38627c20\" data-element_type=\"column\">\n\t\t\t<div class=\"elementor-widget-wrap elementor-element-populated\">\n\t\t\t\t\t\t<div class=\"elementor-element elementor-element-7f1a3dd0 elementor-widget elementor-widget-image\" data-id=\"7f1a3dd0\" data-element_type=\"widget\" data-widget_type=\"image.default\">\n\t\t\t\t\t\t\t\t\t\t\t\t\t\t\t<img loading=\"lazy\" decoding=\"async\" width=\"128\" height=\"128\" src=\"https:\/\/www.centraldevacaciones.com\/blog\/wp-content\/uploads\/2021\/05\/en-todo-el-mundo.png\" class=\"attachment-large size-large wp-image-12641\" alt=\"\" \/>\t\t\t\t\t\t\t\t\t\t\t\t\t\t\t<\/div>\n\t\t\t\t<div class=\"elementor-element elementor-element-531039d elementor-widget elementor-widget-heading\" data-id=\"531039d\" data-element_type=\"widget\" data-widget_type=\"heading.default\">\n\t\t\t\t\t<h3 class=\"elementor-heading-title elementor-size-default\"><a href=\"https:\/\/www.centraldevacaciones.com\/blog\/vuelo-hotel\/\">Vuelo + hotel <\/a><\/h3>\t\t\t\t<\/div>\n\t\t\t\t\t<\/div>\n\t\t<\/div>\n\t\t\t\t<div class=\"elementor-column elementor-col-16 elementor-top-column elementor-element elementor-element-36acedee\" data-id=\"36acedee\" data-element_type=\"column\">\n\t\t\t<div class=\"elementor-widget-wrap elementor-element-populated\">\n\t\t\t\t\t\t<div class=\"elementor-element elementor-element-6629b3e4 elementor-widget elementor-widget-image\" data-id=\"6629b3e4\" data-element_type=\"widget\" data-widget_type=\"image.default\">\n\t\t\t\t\t\t\t\t\t\t\t\t\t\t\t<img loading=\"lazy\" decoding=\"async\" width=\"128\" height=\"128\" src=\"https:\/\/www.centraldevacaciones.com\/blog\/wp-content\/uploads\/2021\/05\/crucero.png\" class=\"attachment-large size-large wp-image-12642\" alt=\"\" \/>\t\t\t\t\t\t\t\t\t\t\t\t\t\t\t<\/div>\n\t\t\t\t<div class=\"elementor-element elementor-element-4a4f3ec6 elementor-widget elementor-widget-heading\" data-id=\"4a4f3ec6\" data-element_type=\"widget\" data-widget_type=\"heading.default\">\n\t\t\t\t\t<h3 class=\"elementor-heading-title elementor-size-default\"><a href=\"https:\/\/www.centraldevacaciones.com\/blog\/destinos-cruceros\/\">Ofertas  cruceros<\/a><\/h3>\t\t\t\t<\/div>\n\t\t\t\t\t<\/div>\n\t\t<\/div>\n\t\t\t\t\t<\/div>\n\t\t<\/section>\n\t\t\t\t<section class=\"elementor-section elementor-top-section elementor-element elementor-element-e730c82 elementor-section-boxed elementor-section-height-default elementor-section-height-default\" data-id=\"e730c82\" data-element_type=\"section\">\n\t\t\t\t\t\t<div class=\"elementor-container elementor-column-gap-default\">\n\t\t\t\t\t<div class=\"elementor-column elementor-col-100 elementor-top-column elementor-element elementor-element-d42b5f5\" data-id=\"d42b5f5\" data-element_type=\"column\">\n\t\t\t<div class=\"elementor-widget-wrap elementor-element-populated\">\n\t\t\t\t\t\t<div class=\"elementor-element elementor-element-a172332 elementor-widget elementor-widget-text-editor\" data-id=\"a172332\" data-element_type=\"widget\" data-widget_type=\"text-editor.default\">\n\t\t\t\t\t\t\t\t\t<p><span style=\"font-weight: 400;\">\u00bfTe gustar\u00eda poder disfrutar este verano de unas vacaciones en tu lugar favorito con los extras m\u00e1s premium que mejor se adapten a ti y poder contar la experiencia a tus conocidos? Est\u00e1s en el sitio correcto, \u00a1Si\u00e9ntete como en casa desde el primer d\u00eda de estancia en cualquier hotel reservado con Central de Vacaciones!<\/span><\/p><p><span style=\"font-weight: 400;\">Haz tu reserva cuando quieras y a donde quieras, teniendo acceso a todo tipo de lujos para elegir y disfruta unos d\u00edas de verano inolvidables junto a las personas que m\u00e1s quieres. \u00a1Haz ya tu reserva antes de que se agote la disponibilidad a muchos destinos y disfruta de un verano espectacular cuando y donde quieras con Central de Vacaciones!<\/span><\/p>\t\t\t\t\t\t\t\t<\/div>\n\t\t\t\t\t<\/div>\n\t\t<\/div>\n\t\t\t\t\t<\/div>\n\t\t<\/section>\n\t\t\t\t<\/div>\n\t\t","protected":false},"excerpt":{"rendered":"<p>Inaugurado por el entonces Presidente Juscelino Kubitschek de Oliveira, de 21 de abril de 1960, Brasilia es la cuarta ciudad m\u00e1s importante de Brasil, luego de Sao Paulo, Salvador y R\u00edo de Janeiro. La transferencia de los principales \u00f3rganos de la administraci\u00f3n federal para la nueva capital era progresiva, con el cambio de los asientos [&hellip;]<\/p>\n","protected":false},"author":1,"featured_media":0,"comment_status":"closed","ping_status":"open","sticky":false,"template":"elementor_theme","format":"standard","meta":{"_acf_changed":false,"footnotes":""},"categories":[204,203,199,1,12,19],"tags":[],"class_list":["post-1483","post","type-post","status-publish","format-standard","hentry","category-ideas-viajes-verano","category-ideas-viajes-de-novios","category-rutas-por-sudamerica","category-vacaciones","category-viajes","category-viajes-por-sudamerica"],"acf":[],"_links":{"self":[{"href":"https:\/\/www.centraldevacaciones.com\/blog\/wp-json\/wp\/v2\/posts\/1483","targetHints":{"allow":["GET"]}}],"collection":[{"href":"https:\/\/www.centraldevacaciones.com\/blog\/wp-json\/wp\/v2\/posts"}],"about":[{"href":"https:\/\/www.centraldevacaciones.com\/blog\/wp-json\/wp\/v2\/types\/post"}],"author":[{"embeddable":true,"href":"https:\/\/www.centraldevacaciones.com\/blog\/wp-json\/wp\/v2\/users\/1"}],"replies":[{"embeddable":true,"href":"https:\/\/www.centraldevacaciones.com\/blog\/wp-json\/wp\/v2\/comments?post=1483"}],"version-history":[{"count":0,"href":"https:\/\/www.centraldevacaciones.com\/blog\/wp-json\/wp\/v2\/posts\/1483\/revisions"}],"wp:attachment":[{"href":"https:\/\/www.centraldevacaciones.com\/blog\/wp-json\/wp\/v2\/media?parent=1483"}],"wp:term":[{"taxonomy":"category","embeddable":true,"href":"https:\/\/www.centraldevacaciones.com\/blog\/wp-json\/wp\/v2\/categories?post=1483"},{"taxonomy":"post_tag","embeddable":true,"href":"https:\/\/www.centraldevacaciones.com\/blog\/wp-json\/wp\/v2\/tags?post=1483"}],"curies":[{"name":"wp","href":"https:\/\/api.w.org\/{rel}","templated":true}]}}