{"id":1476,"date":"2014-12-02T10:42:27","date_gmt":"2014-12-02T09:42:27","guid":{"rendered":"http:\/\/www.centraldevacaciones.com\/opiniones\/?p=1476"},"modified":"2021-06-30T18:21:20","modified_gmt":"2021-06-30T16:21:20","slug":"visita-el-museo-de-las-comunicaciones-en-lisboa","status":"publish","type":"post","link":"https:\/\/www.centraldevacaciones.com\/blog\/visita-el-museo-de-las-comunicaciones-en-lisboa\/","title":{"rendered":"Visita el Museo de las Comunicaciones en Lisboa"},"content":{"rendered":"<p>El Museo de las Comunicaciones en Lisboa, es parte de la Fundaci\u00f3n de Comunicaciones Portuguesas, cuyos fundadores son la Autoridad Nacional de Comunicaciones \u2013 ANACOM, CTT-Correios de Portugal y PT \u2013 Portugal Telecom tiene como objetivo promover el estudio, conservaci\u00f3n y difusi\u00f3n de las comunicaciones de patrimonio hist\u00f3rico, cient\u00edfico y tecnol\u00f3gico. Los or\u00edgenes de la Constituci\u00f3n del Museo Colecci\u00f3n datan del a\u00f1o 1878, que se agrupa en grandes colecciones para facilitar la organizaci\u00f3n de este acervo y proporcionar las mejores condiciones para el tratamiento y archivo de investigaciones museol\u00f3gicas.<\/p>\n<p>Las colecciones del Museo de Comunicaciones lisboeta se dividen en tres \u00e1reas principales:<\/p>\n<p>-Colecciones postales<\/p>\n<p>-Colecciones telecomunicaciones<\/p>\n<p>-Colecciones filat\u00e9licas y art\u00edsticas<\/p>\n<p>Adem\u00e1s de los marcadores de posici\u00f3n las exposiciones temporales y permanentes, el Museo tambi\u00e9n cuenta con sala de comunicaciones, cafeter\u00eda, auditorio, la sala de baldosas decoradas con paneles de azulejos del Rosario Silva, tienda, centro de informaci\u00f3n documental, biblioteca, etc.. La programaci\u00f3n de las comunicaciones Museo es vasta, incluyendo numerosos talleres dirigidos a ni\u00f1os y adolescentes.<\/p>\n<p><a href=\"http:\/\/www.centraldevacaciones.com\/opiniones\/wp-content\/uploads\/2014\/12\/museodelascomunicaciones.jpg\"><img fetchpriority=\"high\" decoding=\"async\" class=\"aligncenter size-medium wp-image-1503\" title=\"Ofertas Portugal\" src=\"http:\/\/www.centraldevacaciones.com\/opiniones\/wp-content\/uploads\/2014\/12\/museodelascomunicaciones-300x247.jpg\" alt=\"\" width=\"300\" height=\"247\" srcset=\"https:\/\/www.centraldevacaciones.com\/blog\/wp-content\/uploads\/2014\/12\/museodelascomunicaciones-300x247.jpg 300w, https:\/\/www.centraldevacaciones.com\/blog\/wp-content\/uploads\/2014\/12\/museodelascomunicaciones.jpg 425w\" sizes=\"(max-width: 300px) 100vw, 300px\" \/><\/a><\/p>\n<p>El \u00faltimo jueves de cada mes el Museo cierra a las 22:00 y la entrada es gratuita de 18:00. El 28, 29 y 30 de septiembre, los d\u00edas del patrimonio europeo, bajo el lema de este a\u00f1o son el futuro de la memoria.<\/p>\n<p><strong>Informaci\u00f3n general del Museo de las Comunicaciones<br \/>\n<img decoding=\"async\" title=\"Direcci\u00f3n\" src=\"http:\/\/www.conocelisboa.com\/imagenes\/direccion.png\" alt=\"\" \/> <strong>Direcci\u00f3n<\/strong>: Rua do Instituto Industrial, 16 (1200-225) Lisboa.<br \/>\n<img decoding=\"async\" title=\"Horario\" src=\"http:\/\/www.conocelisboa.com\/imagenes\/calendario.png\" alt=\"\" \/> <strong>Horario<\/strong>:<br \/>\n&#8211; De lunes a viernes de 10:00h a 18:00h.<br \/>\n&#8211; S\u00e1bados de 14:00h a 18:00h.<br \/>\n&#8211; Cierra los d\u00edas festivos.<br \/>\n<img decoding=\"async\" title=\"Precio\" src=\"http:\/\/www.conocelisboa.com\/imagenes\/precio.png\" alt=\"\" \/> <strong>Precio<\/strong>:<br \/>\n&#8211; Normal: 2,50\u20ac.<br \/>\n&#8211; Portadores de Tarjeta Joven y carn\u00e9 de estudiantes o mayores de 65 a\u00f1os: 1,25\u20ac.<br \/>\n&#8211; Menores de 12 a\u00f1os o grupos escolares acompa\u00f1ados de profesores: GRATIS.<br \/>\n<img decoding=\"async\" title=\"Tel\u00e9fono\" src=\"http:\/\/www.conocelisboa.com\/imagenes\/telefono.png\" alt=\"\" \/> <strong>Tel\u00e9fono<\/strong>: +351 213 935 000<br \/>\n<img decoding=\"async\" title=\"Web\" src=\"http:\/\/www.conocelisboa.com\/imagenes\/web.png\" alt=\"\" \/> <strong>P\u00e1gina web<\/strong>:\u00a0<a href=\"http:\/\/www.fpc.pt\/\" rel=\"nofollow noopener\" target=\"_blank\">www.fpc.pt<\/a> <\/strong><\/p>\n","protected":false},"excerpt":{"rendered":"<p>El Museo de las Comunicaciones en Lisboa, es parte de la Fundaci\u00f3n de Comunicaciones Portuguesas, cuyos fundadores son la Autoridad Nacional de Comunicaciones \u2013 ANACOM, CTT-Correios de Portugal y PT \u2013 Portugal Telecom tiene como objetivo promover el estudio, conservaci\u00f3n y difusi\u00f3n de las comunicaciones de patrimonio hist\u00f3rico, cient\u00edfico y tecnol\u00f3gico. Los or\u00edgenes de la [&hellip;]<\/p>\n","protected":false},"author":1,"featured_media":0,"comment_status":"closed","ping_status":"open","sticky":false,"template":"elementor_theme","format":"standard","meta":{"_acf_changed":false,"footnotes":""},"categories":[193,204,205,195,1,17],"tags":[151],"class_list":["post-1476","post","type-post","status-publish","format-standard","hentry","category-europa","category-ideas-viajes-verano","category-ideas-viajes-low-cost","category-rutas-por-europa","category-vacaciones","category-viajes-por-europa","tag-portugal"],"acf":[],"_links":{"self":[{"href":"https:\/\/www.centraldevacaciones.com\/blog\/wp-json\/wp\/v2\/posts\/1476","targetHints":{"allow":["GET"]}}],"collection":[{"href":"https:\/\/www.centraldevacaciones.com\/blog\/wp-json\/wp\/v2\/posts"}],"about":[{"href":"https:\/\/www.centraldevacaciones.com\/blog\/wp-json\/wp\/v2\/types\/post"}],"author":[{"embeddable":true,"href":"https:\/\/www.centraldevacaciones.com\/blog\/wp-json\/wp\/v2\/users\/1"}],"replies":[{"embeddable":true,"href":"https:\/\/www.centraldevacaciones.com\/blog\/wp-json\/wp\/v2\/comments?post=1476"}],"version-history":[{"count":0,"href":"https:\/\/www.centraldevacaciones.com\/blog\/wp-json\/wp\/v2\/posts\/1476\/revisions"}],"wp:attachment":[{"href":"https:\/\/www.centraldevacaciones.com\/blog\/wp-json\/wp\/v2\/media?parent=1476"}],"wp:term":[{"taxonomy":"category","embeddable":true,"href":"https:\/\/www.centraldevacaciones.com\/blog\/wp-json\/wp\/v2\/categories?post=1476"},{"taxonomy":"post_tag","embeddable":true,"href":"https:\/\/www.centraldevacaciones.com\/blog\/wp-json\/wp\/v2\/tags?post=1476"}],"curies":[{"name":"wp","href":"https:\/\/api.w.org\/{rel}","templated":true}]}}