{"id":1396,"date":"2016-07-11T17:59:45","date_gmt":"2016-07-11T15:59:45","guid":{"rendered":"http:\/\/www.centraldevacaciones.com\/opiniones\/?p=1396"},"modified":"2022-03-23T15:13:10","modified_gmt":"2022-03-23T14:13:10","slug":"inolvidables-experiencias-en-la-hermosa-suiza","status":"publish","type":"post","link":"https:\/\/www.centraldevacaciones.com\/blog\/inolvidables-experiencias-en-la-hermosa-suiza\/","title":{"rendered":"Inolvidables experiencias en la hermosa Suiza"},"content":{"rendered":"\t\t<div data-elementor-type=\"wp-post\" data-elementor-id=\"1396\" class=\"elementor elementor-1396\" data-elementor-post-type=\"post\">\n\t\t\t\t\t\t<section class=\"elementor-section elementor-top-section elementor-element elementor-element-249bdfc elementor-section-boxed elementor-section-height-default elementor-section-height-default\" data-id=\"249bdfc\" data-element_type=\"section\">\n\t\t\t\t\t\t<div class=\"elementor-container elementor-column-gap-default\">\n\t\t\t\t\t<div class=\"elementor-column elementor-col-100 elementor-top-column elementor-element elementor-element-f122c32\" data-id=\"f122c32\" data-element_type=\"column\">\n\t\t\t<div class=\"elementor-widget-wrap elementor-element-populated\">\n\t\t\t\t\t\t<div class=\"elementor-element elementor-element-77a5854 elementor-widget elementor-widget-text-editor\" data-id=\"77a5854\" data-element_type=\"widget\" data-widget_type=\"text-editor.default\">\n\t\t\t\t\t\t\t\t\t<p>Suiza es un compendio natural que se encuentra en el<strong> centro de los Alpes<\/strong>. Este pa\u00eds representa la excelencia, debido a las tierras de pastos verdes, a las majestuosas monta\u00f1as de los Alpes, a los lagos de monta\u00f1as, que son sin lugar a dudas la<strong> raz\u00f3n principal para visitar Suiza<\/strong>. Sin embargo, el contacto directo con los centros tur\u00edsticos de la monta\u00f1a, la naturaleza y la grandiosa diversidad de paisajes, culturas, lenguas suizas y dem\u00e1s, son los elementos que representan la mayor fuerza en todo el pa\u00eds.<\/p><p><strong>Suiza<\/strong> adem\u00e1s posee mucho m\u00e1s que ofrecer a los visitantes turistas, desde los m\u00e1s pacificadores y tranquilos, hasta los m\u00e1s aventureros e intr\u00e9pidos. Este pa\u00eds cuenta con much\u00edsimos s\u00edmbolos que caracterizan a la cultura moderna y al bienestar, con ciudades de escalas bastante apreciables, excelentes servicios p\u00fablicos, entre muchas otras cosas m\u00e1s. Por esta raz\u00f3n, se citan a continuaci\u00f3n destinos o atracciones tur\u00edsticas que nos ofrecen las maravillas de Suiza.<\/p><p>\u00bfQuieres conocer las mejores experiencias para vivir en Suiza? \u00a1Aqu\u00ed te las vamos a contar!\u00a0<\/p>\t\t\t\t\t\t\t\t<\/div>\n\t\t\t\t\t<\/div>\n\t\t<\/div>\n\t\t\t\t\t<\/div>\n\t\t<\/section>\n\t\t\t\t<section class=\"elementor-section elementor-top-section elementor-element elementor-element-a1fd464 elementor-section-boxed elementor-section-height-default elementor-section-height-default\" data-id=\"a1fd464\" data-element_type=\"section\">\n\t\t\t\t\t\t<div class=\"elementor-container elementor-column-gap-default\">\n\t\t\t\t\t<div class=\"elementor-column elementor-col-100 elementor-top-column elementor-element elementor-element-716d734\" data-id=\"716d734\" data-element_type=\"column\">\n\t\t\t<div class=\"elementor-widget-wrap elementor-element-populated\">\n\t\t\t\t\t\t<div class=\"elementor-element elementor-element-cefb3e3 elementor-widget elementor-widget-heading\" data-id=\"cefb3e3\" data-element_type=\"widget\" data-widget_type=\"heading.default\">\n\t\t\t\t\t<h2 class=\"elementor-heading-title elementor-size-default\">Suiza: como salida de una obra de arte<\/h2>\t\t\t\t<\/div>\n\t\t\t\t\t<\/div>\n\t\t<\/div>\n\t\t\t\t\t<\/div>\n\t\t<\/section>\n\t\t\t\t<section class=\"elementor-section elementor-top-section elementor-element elementor-element-4c59afe elementor-section-boxed elementor-section-height-default elementor-section-height-default\" data-id=\"4c59afe\" data-element_type=\"section\">\n\t\t\t\t\t\t<div class=\"elementor-container elementor-column-gap-default\">\n\t\t\t\t\t<div class=\"elementor-column elementor-col-100 elementor-top-column elementor-element elementor-element-14675d2\" data-id=\"14675d2\" data-element_type=\"column\">\n\t\t\t<div class=\"elementor-widget-wrap elementor-element-populated\">\n\t\t\t\t\t\t<div class=\"elementor-element elementor-element-821871b elementor-widget elementor-widget-text-editor\" data-id=\"821871b\" data-element_type=\"widget\" data-widget_type=\"text-editor.default\">\n\t\t\t\t\t\t\t\t\t<p><strong>Suiza<\/strong>, es uno de los pa\u00edses m\u00e1s populares de <strong>Europa Central<\/strong>, siendo uno de los destinos predilectos por <strong>los turistas<\/strong>. Tiene una poblaci\u00f3n de 8.139.600 habitantes, siendo <strong><a href=\"https:\/\/www.centraldevacaciones.com\/blog\/conociendo-un-poco-de-berna-la-capital-suiza\/\">Berna la capital de Suiza<\/a><\/strong>, y en la actualidad se considera uno de los pa\u00edses m\u00e1s desarrollados del mundo.<\/p><p>El lugar que atrae mayor n\u00famero de visitas anuales son los Alpes, ocupan el 60% de la superficie del territorio, uno de los picos de mayor altitud es el Punta Dufour que se ubica en los Alpes Peninos,\u00a0All\u00ed se localizan glaciares, cascadas y una gran cantidad de valles y otras importantes monta\u00f1as como el\u00a0Dom\u00a0y el\u00a0Weisshorn.<\/p><p>Por otra parte en los <strong>Alpes Berneses<\/strong>, se encuentra un valle con aproximadamente 72 cascadas adem\u00e1s los montes\u00a0Jungfrau\u00a0\u00a0y Eiger, ideales <strong>para viajar<\/strong> durante los d\u00edas de invierno.<\/p><p><strong>Davos<\/strong> es otro de los importantes <strong>sitios tur\u00edsticos<\/strong> que deben estar en la lista de cosas por hacer en Suiza, pues los <strong>turistas<\/strong> la adoran por su clima propicio para practicar esqu\u00ed en la nieve, entre otros importantes deportes de invierno. Cuenta con chal\u00e9 y alojamiento para los visitantes y es la estaci\u00f3n de esqu\u00ed m\u00e1s grande del pa\u00eds.<\/p>\t\t\t\t\t\t\t\t<\/div>\n\t\t\t\t\t<\/div>\n\t\t<\/div>\n\t\t\t\t\t<\/div>\n\t\t<\/section>\n\t\t\t\t<section class=\"elementor-section elementor-top-section elementor-element elementor-element-f878aad elementor-section-boxed elementor-section-height-default elementor-section-height-default\" data-id=\"f878aad\" data-element_type=\"section\">\n\t\t\t\t\t\t<div class=\"elementor-container elementor-column-gap-default\">\n\t\t\t\t\t<div class=\"elementor-column elementor-col-100 elementor-top-column elementor-element elementor-element-3e25888\" data-id=\"3e25888\" data-element_type=\"column\">\n\t\t\t<div class=\"elementor-widget-wrap elementor-element-populated\">\n\t\t\t\t\t\t<div class=\"elementor-element elementor-element-9bbcceb elementor-widget elementor-widget-heading\" data-id=\"9bbcceb\" data-element_type=\"widget\" data-widget_type=\"heading.default\">\n\t\t\t\t\t<h2 class=\"elementor-heading-title elementor-size-default\">El lago Balchalpsee<\/h2>\t\t\t\t<\/div>\n\t\t\t\t\t<\/div>\n\t\t<\/div>\n\t\t\t\t\t<\/div>\n\t\t<\/section>\n\t\t\t\t<section class=\"elementor-section elementor-top-section elementor-element elementor-element-97459a6 elementor-section-boxed elementor-section-height-default elementor-section-height-default\" data-id=\"97459a6\" data-element_type=\"section\">\n\t\t\t\t\t\t<div class=\"elementor-container elementor-column-gap-default\">\n\t\t\t\t\t<div class=\"elementor-column elementor-col-100 elementor-top-column elementor-element elementor-element-b01a017\" data-id=\"b01a017\" data-element_type=\"column\">\n\t\t\t<div class=\"elementor-widget-wrap elementor-element-populated\">\n\t\t\t\t\t\t<div class=\"elementor-element elementor-element-299b721 elementor-widget elementor-widget-text-editor\" data-id=\"299b721\" data-element_type=\"widget\" data-widget_type=\"text-editor.default\">\n\t\t\t\t\t\t\t\t\t<p>Considerado por los visitantes como un paisaje \u00fanico, puede emprenderse en viaje durante el verano, est\u00e1 rodeado por <strong>los Alpes<\/strong> y hermosos bosques decorados con el verde del prado, que contrasta con el cielo azul y las monta\u00f1as blancas al fondo, que parecen salidos de una bella obra de arte.<\/p><p>Y finalmente hay un maravilloso paraje que imposible dejar de mencionar, no es nada m\u00e1s y nada menos que, el <strong>Mirador Klein Matterhonrm<\/strong>, cuenta con un telef\u00e9rico que facilita la subida a este peque\u00f1o lugar de donde se puede apreciar una vista espectacular, el ascenso alcanza los 3.800 metros de altura, siendo este el m\u00e1s alto de toda Europa. El viaje vale la pena no solo por la vista de este para\u00edso glaciar sino por lo refrescante de su aire puro en la cima.<\/p>\t\t\t\t\t\t\t\t<\/div>\n\t\t\t\t\t<\/div>\n\t\t<\/div>\n\t\t\t\t\t<\/div>\n\t\t<\/section>\n\t\t\t\t<section class=\"elementor-section elementor-top-section elementor-element elementor-element-07b1933 elementor-section-boxed elementor-section-height-default elementor-section-height-default\" data-id=\"07b1933\" data-element_type=\"section\">\n\t\t\t\t\t\t<div class=\"elementor-container elementor-column-gap-default\">\n\t\t\t\t\t<div class=\"elementor-column elementor-col-100 elementor-top-column elementor-element elementor-element-a0d89f1\" data-id=\"a0d89f1\" data-element_type=\"column\">\n\t\t\t<div class=\"elementor-widget-wrap elementor-element-populated\">\n\t\t\t\t\t\t<div class=\"elementor-element elementor-element-f69166a elementor-widget elementor-widget-heading\" data-id=\"f69166a\" data-element_type=\"widget\" data-widget_type=\"heading.default\">\n\t\t\t\t\t<h2 class=\"elementor-heading-title elementor-size-default\">Jungfrau<\/h2>\t\t\t\t<\/div>\n\t\t\t\t\t<\/div>\n\t\t<\/div>\n\t\t\t\t\t<\/div>\n\t\t<\/section>\n\t\t\t\t<section class=\"elementor-section elementor-top-section elementor-element elementor-element-9fd4c79 elementor-section-boxed elementor-section-height-default elementor-section-height-default\" data-id=\"9fd4c79\" data-element_type=\"section\">\n\t\t\t\t\t\t<div class=\"elementor-container elementor-column-gap-default\">\n\t\t\t\t\t<div class=\"elementor-column elementor-col-100 elementor-top-column elementor-element elementor-element-617d4c1\" data-id=\"617d4c1\" data-element_type=\"column\">\n\t\t\t<div class=\"elementor-widget-wrap elementor-element-populated\">\n\t\t\t\t\t\t<div class=\"elementor-element elementor-element-ed7fe22 elementor-widget elementor-widget-text-editor\" data-id=\"ed7fe22\" data-element_type=\"widget\" data-widget_type=\"text-editor.default\">\n\t\t\t\t\t\t\t\t\t<p>La regi\u00f3n de Jungfrau es uno de los<strong> mejores sitios a los cuales emprender visitas en Suiza<\/strong>, principalmente en verano, aunque tambi\u00e9n en temporadas de invierno. Hace un siglo o m\u00e1s, que esta regi\u00f3n de los Alpes hab\u00eda sido visitada \u00fanicamente por aventureres empedernidos que \u00fanicamente deseaban esquiar o subir por medio de las monta\u00f1as. En la actualidad, gracias a una gran extensa red de ferrocarriles, de pie y bicicleta, las zona es ya accesible para todos los tipos de viajeros. Esta regi\u00f3n consta de cuatro pueblos bastante pintorescos, que son <strong>Grindelwald, Wengen, Lauterbrunnen y Wengen<\/strong>, adem\u00e1s de tres monta\u00f1as que son bastante asombrosas, de nombre Eiger, Jungfrau y M\u00f6nch. Unas de las traves\u00edas m\u00e1s importantes y m\u00e1s impresionantes en tren esc\u00e9nico de Suiza y una Jungfraubahn llevar\u00eda a los visitantes de la monta\u00f1a Kleine Scheidegg por medio de las monta\u00f1as Eiger y M\u00f6nch hasta el Jungfraujoch.<\/p><p>Estas gigantescas monta\u00f1as, en conjunto a la<strong> lengua glaciar m\u00e1s larga de los Alpes<\/strong>, har\u00e1n sin lugar a dudas de nuestras m\u00e1s exigentes delicias. El ferrocarril de Jungfrau atraviesa a las monta\u00f1as hasta la estaci\u00f3n de ferrocarril y a mayor altitud de europa, que son los 3454 metros. Desde el puerto de la monta\u00f1a Kleine Scheidegg, el tren de la cremallera emprende un recorrido a lo largo del a\u00f1o del t\u00fanel que sube al collado del Jungfrau. El realizar dos paradas dentro de la galer\u00eda nos permitir\u00e1n contemplar una de las mejores vistas por medio de las ventanillas, apreciando la majestuosidad de la pared norte del Eiger y del paisaje glaciar.<\/p><p>En el momento en que se llegue al coraz\u00f3n de la monta\u00f1a cubierta de nieve, podremos ver el <strong>glaciar Aletsch<\/strong> y el Jungfrau, pudiendo emprender una excursi\u00f3n de 45 minutos a trav\u00e9s de la nieve, en direcci\u00f3n al collado de M\u00f6nch. De igual forma valdr\u00eda mucho la pena el hacer una parada en las escultura de hielo tan elegantes en el interior del glaciar, que es la terraza panor\u00e1mica de nombre Sphinx, el circuito de aventura Alpine Sensation, adem\u00e1s del restaurante Tol of Europe.<\/p>\t\t\t\t\t\t\t\t<\/div>\n\t\t\t\t\t<\/div>\n\t\t<\/div>\n\t\t\t\t\t<\/div>\n\t\t<\/section>\n\t\t\t\t<section class=\"elementor-section elementor-top-section elementor-element elementor-element-6a060060 elementor-section-boxed elementor-section-height-default elementor-section-height-default\" data-id=\"6a060060\" data-element_type=\"section\">\n\t\t\t\t\t\t<div class=\"elementor-container elementor-column-gap-default\">\n\t\t\t\t\t<div class=\"elementor-column elementor-col-100 elementor-top-column elementor-element elementor-element-2f741988\" data-id=\"2f741988\" data-element_type=\"column\">\n\t\t\t<div class=\"elementor-widget-wrap elementor-element-populated\">\n\t\t\t\t\t\t<div class=\"elementor-element elementor-element-527a28de elementor-widget elementor-widget-text-editor\" data-id=\"527a28de\" data-element_type=\"widget\" data-widget_type=\"text-editor.default\">\n\t\t\t\t\t\t\t\t\t<p><img fetchpriority=\"high\" decoding=\"async\" class=\"alignnone wp-image-19747 size-full\" src=\"https:\/\/www.centraldevacaciones.com\/blog\/wp-content\/uploads\/2021\/10\/Suiza-1.jpg\" alt=\"Inolvidables experiencias en la hermosa Suiza: Suiza\" width=\"610\" height=\"340\" srcset=\"https:\/\/www.centraldevacaciones.com\/blog\/wp-content\/uploads\/2021\/10\/Suiza-1.jpg 610w, https:\/\/www.centraldevacaciones.com\/blog\/wp-content\/uploads\/2021\/10\/Suiza-1-300x167.jpg 300w\" sizes=\"(max-width: 610px) 100vw, 610px\" \/><\/p>\t\t\t\t\t\t\t\t<\/div>\n\t\t\t\t\t<\/div>\n\t\t<\/div>\n\t\t\t\t\t<\/div>\n\t\t<\/section>\n\t\t\t\t<section class=\"elementor-section elementor-top-section elementor-element elementor-element-b0ac587 elementor-section-boxed elementor-section-height-default elementor-section-height-default\" data-id=\"b0ac587\" data-element_type=\"section\">\n\t\t\t\t\t\t<div class=\"elementor-container elementor-column-gap-default\">\n\t\t\t\t\t<div class=\"elementor-column elementor-col-100 elementor-top-column elementor-element elementor-element-bbb85fc\" data-id=\"bbb85fc\" data-element_type=\"column\">\n\t\t\t<div class=\"elementor-widget-wrap elementor-element-populated\">\n\t\t\t\t\t\t<div class=\"elementor-element elementor-element-4260f69 elementor-widget elementor-widget-heading\" data-id=\"4260f69\" data-element_type=\"widget\" data-widget_type=\"heading.default\">\n\t\t\t\t\t<h2 class=\"elementor-heading-title elementor-size-default\">La reserva de Biosfera Entlebuch<\/h2>\t\t\t\t<\/div>\n\t\t\t\t\t<\/div>\n\t\t<\/div>\n\t\t\t\t\t<\/div>\n\t\t<\/section>\n\t\t\t\t<section class=\"elementor-section elementor-top-section elementor-element elementor-element-f2279c1 elementor-section-boxed elementor-section-height-default elementor-section-height-default\" data-id=\"f2279c1\" data-element_type=\"section\">\n\t\t\t\t\t\t<div class=\"elementor-container elementor-column-gap-default\">\n\t\t\t\t\t<div class=\"elementor-column elementor-col-100 elementor-top-column elementor-element elementor-element-e79e1aa\" data-id=\"e79e1aa\" data-element_type=\"column\">\n\t\t\t<div class=\"elementor-widget-wrap elementor-element-populated\">\n\t\t\t\t\t\t<div class=\"elementor-element elementor-element-fc1ab9d elementor-widget elementor-widget-text-editor\" data-id=\"fc1ab9d\" data-element_type=\"widget\" data-widget_type=\"text-editor.default\">\n\t\t\t\t\t\t\t\t\t<p>Una de las m\u00e1s bellas y majestuosas maravillas de Suiza se encuentran en la reserva de Biosfera de Entlebuch. En este lugar podremos apreciar unos paisajes pantanosos ilimitados, con mesetas calc\u00e1reas, adem\u00e1s de torrentes imponentemente salvajes, los cuales nos ofrecer\u00e1n una de las mejores vistas que podamos apreciar en nuestras vidas. En este lugar abundan much\u00edsimo los pantanos m\u00e1s grandes de toda Suiza, adem\u00e1s de que dispone de una fauna y flora bastante diversas, de mucho valor internacional y nacional. No llamar\u00eda la atenci\u00f3n que esta reserva se haya calificado como <strong>patrimonio natural por parte de la UNESCO<\/strong>, pues es la primera reserva de biosfera en toda Suiza. Esta reserva tambi\u00e9n significa la red mundial de reservas de biosfera, de un paisaje pantanoso y calc\u00e1reo prealpino.<\/p><p>A lo largo de 400 kil\u00f3metros cuadrados, nos encontraremos con un universo nuevo que merece ser explorado, bastante <strong>mistico y magico<\/strong>, que nos ofrece mucha calma y relajaci\u00f3n, haci\u00e9ndonos sentir en un para\u00edso bajado del mismo cielo, con paisajes pantanosos v\u00edrgenes, un pico majestuoso que nos garantiza experiencias m\u00e1s que inolvidables. No obstante, esta reserva no solo nos ofrece calma y relajaci\u00f3n en una de las mejores naturalezas de las que pueden disfrutar nuestros sentidos, sino que tambi\u00e9n nos ofrecen un n\u00famero incalculable de actividades de ocio, pues podemos practicar senderismo de energ\u00eda, remontarnos a los elementos que sugieren los cuentos de hadas, disfrutar y entretenerse con los balnearios Kneipp o ba\u00f1o de fangos, el senderismo satelital o excursiones guiadas. Sin lugar a dudas, las oportunidades son m\u00e1s que numerosas.<\/p>\t\t\t\t\t\t\t\t<\/div>\n\t\t\t\t\t<\/div>\n\t\t<\/div>\n\t\t\t\t\t<\/div>\n\t\t<\/section>\n\t\t\t\t<section class=\"elementor-section elementor-top-section elementor-element elementor-element-2f17c46 elementor-section-boxed elementor-section-height-default elementor-section-height-default\" data-id=\"2f17c46\" data-element_type=\"section\">\n\t\t\t\t\t\t<div class=\"elementor-container elementor-column-gap-default\">\n\t\t\t\t\t<div class=\"elementor-column elementor-col-100 elementor-top-column elementor-element elementor-element-d8b67e1\" data-id=\"d8b67e1\" data-element_type=\"column\">\n\t\t\t<div class=\"elementor-widget-wrap elementor-element-populated\">\n\t\t\t\t\t\t<div class=\"elementor-element elementor-element-ad5f28b elementor-widget elementor-widget-heading\" data-id=\"ad5f28b\" data-element_type=\"widget\" data-widget_type=\"heading.default\">\n\t\t\t\t\t<h2 class=\"elementor-heading-title elementor-size-default\">El Parque natural Pfyn-Finges<\/h2>\t\t\t\t<\/div>\n\t\t\t\t\t<\/div>\n\t\t<\/div>\n\t\t\t\t\t<\/div>\n\t\t<\/section>\n\t\t\t\t<section class=\"elementor-section elementor-top-section elementor-element elementor-element-ebc1153 elementor-section-boxed elementor-section-height-default elementor-section-height-default\" data-id=\"ebc1153\" data-element_type=\"section\">\n\t\t\t\t\t\t<div class=\"elementor-container elementor-column-gap-default\">\n\t\t\t\t\t<div class=\"elementor-column elementor-col-100 elementor-top-column elementor-element elementor-element-d71c132\" data-id=\"d71c132\" data-element_type=\"column\">\n\t\t\t<div class=\"elementor-widget-wrap elementor-element-populated\">\n\t\t\t\t\t\t<div class=\"elementor-element elementor-element-e02d7fb elementor-widget elementor-widget-text-editor\" data-id=\"e02d7fb\" data-element_type=\"widget\" data-widget_type=\"text-editor.default\">\n\t\t\t\t\t\t\t\t\t<p>En este parque podr\u00e1 deleitarse los viajeros turistas m\u00e1s exigentes y amantes de la naturaleza, pues se encontrar\u00e1n con muchos paisajes, peculiaridades naturales y culturales, y muchos h\u00e1bitats naturales. En este lugar podremos disfrutar desde las <strong>zonas h\u00famedas<\/strong>, estepas maravillosas, hasta las caba\u00f1as de los Alpes, que conforman este maravilloso compendio de naturaleza.<\/p><p>Pfyn-Finges tiene la peculiaridad de extenderse de Gampel hasta Sierre, y de los v<strong>i\u00f1edos de Salgesch<\/strong> hasta Bishorn. Tiene 12 municipios que ocupan aproximadamente 279 kil\u00f3metros cuadrados, encontr\u00e1ndose entre 500 y 4.153 metros. A causa del muy adecuado clima c\u00e1lido y seco, el Valais Central goza de una<strong> importante biodiversidad<\/strong> que se asimila bastante a los climas mediterr\u00e1neos. Adem\u00e1s de las condiciones clim\u00e1ticas, otros procesos externos influyen de una forma especial en la naturaleza de este lugar, pues se dan muchos aludes, desprendimientos, etc. El parque en cuesti\u00f3n se encuentra comunicado de una forma muy adecuada por medio del transporte p\u00fablico, y es bastante famoso y conocido por los ornit\u00f3logos.<\/p>\t\t\t\t\t\t\t\t<\/div>\n\t\t\t\t\t<\/div>\n\t\t<\/div>\n\t\t\t\t\t<\/div>\n\t\t<\/section>\n\t\t\t\t<section class=\"elementor-section elementor-top-section elementor-element elementor-element-0a533c7 elementor-section-boxed elementor-section-height-default elementor-section-height-default\" data-id=\"0a533c7\" data-element_type=\"section\">\n\t\t\t\t\t\t<div class=\"elementor-container elementor-column-gap-default\">\n\t\t\t\t\t<div class=\"elementor-column elementor-col-100 elementor-top-column elementor-element elementor-element-d94d426\" data-id=\"d94d426\" data-element_type=\"column\">\n\t\t\t<div class=\"elementor-widget-wrap elementor-element-populated\">\n\t\t\t\t\t\t<div class=\"elementor-element elementor-element-74f4694 elementor-widget elementor-widget-heading\" data-id=\"74f4694\" data-element_type=\"widget\" data-widget_type=\"heading.default\">\n\t\t\t\t\t<h2 class=\"elementor-heading-title elementor-size-default\">El balneario de Montreux<\/h2>\t\t\t\t<\/div>\n\t\t\t\t\t<\/div>\n\t\t<\/div>\n\t\t\t\t\t<\/div>\n\t\t<\/section>\n\t\t\t\t<section class=\"elementor-section elementor-top-section elementor-element elementor-element-f21200b elementor-section-boxed elementor-section-height-default elementor-section-height-default\" data-id=\"f21200b\" data-element_type=\"section\">\n\t\t\t\t\t\t<div class=\"elementor-container elementor-column-gap-default\">\n\t\t\t\t\t<div class=\"elementor-column elementor-col-100 elementor-top-column elementor-element elementor-element-ee4506d\" data-id=\"ee4506d\" data-element_type=\"column\">\n\t\t\t<div class=\"elementor-widget-wrap elementor-element-populated\">\n\t\t\t\t\t\t<div class=\"elementor-element elementor-element-1263661 elementor-widget elementor-widget-text-editor\" data-id=\"1263661\" data-element_type=\"widget\" data-widget_type=\"text-editor.default\">\n\t\t\t\t\t\t\t\t\t<p>Este balneario es el m\u00e1s frecuentado en el <strong>lago de Ginebra<\/strong> y es m\u00e1s que famoso por la magnifica ubicaci\u00f3n de la que goza, en la parte suroeste de Suiza. En el fondo se pueden observar los Alpes, imponentes y majestuosos, un ciudad de 20.000 habitantes que ha maravillado a much\u00edsimos viajeros turistas. A causa del clima mediterr\u00e1neo, Montreux es considerado por los m\u00e1s exigentes e intr\u00e9pidos turistas como <strong>uno de los destinos m\u00e1s nobles y m\u00e1s merecidos<\/strong> de Suiza.<\/p><p>La ciudad en cuesti\u00f3n se extiende a lo largo de muchas <strong>costas de una bah\u00eda sin igual<\/strong>, que da hacia el sur, y se eleva hasta los bosques y vi\u00f1edos que van desde la parte norte hasta los vientos del este. Adem\u00e1s de considerar la arquitectura hist\u00f3rica, a los caminos art\u00edsticos y pintorescos, los lugares hist\u00f3ricos y los centros comerciales, el atractivo tan original y natural de Montreux ha aumentado por sus festivales tan numerosos y m\u00f3dicos, que son internacionales, como el Montreux Jazz Festival, que se da en los meses de Julio, en Concierto Musical, y el Festival Coral Internacional.<\/p><p>La <strong>suavidad y majestuosidad del clima<\/strong> en Montreux, hace de ella y de sus pueblos vecinos un lugar m\u00e1s que apto para poder disfrutar y entretenernos en cualquier \u00e9poca del a\u00f1o, de forma que se se gana el nombre de Vaud Azul, por las cristalinas y azules aguas de su lago. En las orillas del mismo se encuentran la bah\u00eda, los \u00e1rboles de morera, e inclusive de cipreses, palmeras, almendros, magnolias, etc. Estos elementos naturales se conservan de una forma bastante adecuada en este lugar, y se encuentran en un desarrollo que promete temperaturas agradables y asombrosas, provenientes del mar Mediterr\u00e1neo. El clima circundante es excelente y es el m\u00e1s suave en el lado norte de los Alpes, y las vides crecen a una altitud de <strong>casi 2.000 pies<\/strong>, nogales hasta los 2.300 pies y \u00e1rboles frutales de hasta 3.250 pies.<\/p>\t\t\t\t\t\t\t\t<\/div>\n\t\t\t\t\t<\/div>\n\t\t<\/div>\n\t\t\t\t\t<\/div>\n\t\t<\/section>\n\t\t\t\t<section class=\"elementor-section elementor-top-section elementor-element elementor-element-52ca531e elementor-section-boxed elementor-section-height-default elementor-section-height-default\" data-id=\"52ca531e\" data-element_type=\"section\">\n\t\t\t\t\t\t<div class=\"elementor-container elementor-column-gap-custom\">\n\t\t\t\t\t<div class=\"elementor-column elementor-col-16 elementor-top-column elementor-element elementor-element-411df879\" data-id=\"411df879\" data-element_type=\"column\">\n\t\t\t<div class=\"elementor-widget-wrap elementor-element-populated\">\n\t\t\t\t\t\t<div class=\"elementor-element elementor-element-2500d187 elementor-widget elementor-widget-image\" data-id=\"2500d187\" data-element_type=\"widget\" data-widget_type=\"image.default\">\n\t\t\t\t\t\t\t\t\t\t\t\t\t\t\t<img decoding=\"async\" width=\"128\" height=\"128\" src=\"https:\/\/www.centraldevacaciones.com\/blog\/wp-content\/uploads\/2021\/05\/dom.png\" class=\"attachment-large size-large wp-image-12635\" alt=\"\" \/>\t\t\t\t\t\t\t\t\t\t\t\t\t\t\t<\/div>\n\t\t\t\t<div class=\"elementor-element elementor-element-6c713147 elementor-widget elementor-widget-heading\" data-id=\"6c713147\" data-element_type=\"widget\" data-widget_type=\"heading.default\">\n\t\t\t\t\t<h3 class=\"elementor-heading-title elementor-size-default\"><a href=\"https:\/\/www.centraldevacaciones.com\/viajes\/\">Ofertas vacacionales<\/a><\/h3>\t\t\t\t<\/div>\n\t\t\t\t\t<\/div>\n\t\t<\/div>\n\t\t\t\t<div class=\"elementor-column elementor-col-16 elementor-top-column elementor-element elementor-element-30882392\" data-id=\"30882392\" data-element_type=\"column\">\n\t\t\t<div class=\"elementor-widget-wrap elementor-element-populated\">\n\t\t\t\t\t\t<div class=\"elementor-element elementor-element-72e6e71c elementor-widget elementor-widget-image\" data-id=\"72e6e71c\" data-element_type=\"widget\" data-widget_type=\"image.default\">\n\t\t\t\t\t\t\t\t\t\t\t\t\t\t\t<img decoding=\"async\" width=\"128\" height=\"128\" src=\"https:\/\/www.centraldevacaciones.com\/blog\/wp-content\/uploads\/2021\/05\/camas.png\" class=\"attachment-large size-large wp-image-12637\" alt=\"\" \/>\t\t\t\t\t\t\t\t\t\t\t\t\t\t\t<\/div>\n\t\t\t\t<div class=\"elementor-element elementor-element-6eaf5516 elementor-widget elementor-widget-heading\" data-id=\"6eaf5516\" data-element_type=\"widget\" data-widget_type=\"heading.default\">\n\t\t\t\t\t<h3 class=\"elementor-heading-title elementor-size-default\"><a href=\"https:\/\/www.centraldevacaciones.com\/blog\/hoteles-de-ciudad\/\">Ofertas hoteles<\/a><\/h3>\t\t\t\t<\/div>\n\t\t\t\t\t<\/div>\n\t\t<\/div>\n\t\t\t\t<div class=\"elementor-column elementor-col-16 elementor-top-column elementor-element elementor-element-1d339008\" data-id=\"1d339008\" data-element_type=\"column\">\n\t\t\t<div class=\"elementor-widget-wrap elementor-element-populated\">\n\t\t\t\t\t\t<div class=\"elementor-element elementor-element-4c052bd5 elementor-widget elementor-widget-image\" data-id=\"4c052bd5\" data-element_type=\"widget\" data-widget_type=\"image.default\">\n\t\t\t\t\t\t\t\t\t\t\t\t\t\t\t<img loading=\"lazy\" decoding=\"async\" width=\"128\" height=\"128\" src=\"https:\/\/www.centraldevacaciones.com\/blog\/wp-content\/uploads\/2021\/05\/avion-1.png\" class=\"attachment-large size-large wp-image-12639\" alt=\"\" \/>\t\t\t\t\t\t\t\t\t\t\t\t\t\t\t<\/div>\n\t\t\t\t<div class=\"elementor-element elementor-element-4a1951e1 elementor-widget elementor-widget-heading\" data-id=\"4a1951e1\" data-element_type=\"widget\" data-widget_type=\"heading.default\">\n\t\t\t\t\t<h3 class=\"elementor-heading-title elementor-size-default\"><a href=\"https:\/\/www.centraldevacaciones.com\/blog\/destinos-vacaciones\/\">Mejores destinos<\/a><\/h3>\t\t\t\t<\/div>\n\t\t\t\t\t<\/div>\n\t\t<\/div>\n\t\t\t\t<div class=\"elementor-column elementor-col-16 elementor-top-column elementor-element elementor-element-2cd2d50\" data-id=\"2cd2d50\" data-element_type=\"column\">\n\t\t\t<div class=\"elementor-widget-wrap elementor-element-populated\">\n\t\t\t\t\t\t<div class=\"elementor-element elementor-element-6f1bd929 elementor-widget elementor-widget-image\" data-id=\"6f1bd929\" data-element_type=\"widget\" data-widget_type=\"image.default\">\n\t\t\t\t\t\t\t\t\t\t\t\t\t\t\t<img loading=\"lazy\" decoding=\"async\" width=\"128\" height=\"128\" src=\"https:\/\/www.centraldevacaciones.com\/blog\/wp-content\/uploads\/2021\/05\/cama-solar.png\" class=\"attachment-large size-large wp-image-12640\" alt=\"\" \/>\t\t\t\t\t\t\t\t\t\t\t\t\t\t\t<\/div>\n\t\t\t\t<div class=\"elementor-element elementor-element-22707e8e elementor-widget elementor-widget-heading\" data-id=\"22707e8e\" data-element_type=\"widget\" data-widget_type=\"heading.default\">\n\t\t\t\t\t<h3 class=\"elementor-heading-title elementor-size-default\"><a href=\"https:\/\/www.centraldevacaciones.com\/blog\/ofertas-circuitos\/\">Circuitos vacacionales<\/a><\/h3>\t\t\t\t<\/div>\n\t\t\t\t\t<\/div>\n\t\t<\/div>\n\t\t\t\t<div class=\"elementor-column elementor-col-16 elementor-top-column elementor-element elementor-element-7606661b\" data-id=\"7606661b\" data-element_type=\"column\">\n\t\t\t<div class=\"elementor-widget-wrap elementor-element-populated\">\n\t\t\t\t\t\t<div class=\"elementor-element elementor-element-4e37ff9b elementor-widget elementor-widget-image\" data-id=\"4e37ff9b\" data-element_type=\"widget\" data-widget_type=\"image.default\">\n\t\t\t\t\t\t\t\t\t\t\t\t\t\t\t<img loading=\"lazy\" decoding=\"async\" width=\"128\" height=\"128\" src=\"https:\/\/www.centraldevacaciones.com\/blog\/wp-content\/uploads\/2021\/05\/en-todo-el-mundo.png\" class=\"attachment-large size-large wp-image-12641\" alt=\"\" \/>\t\t\t\t\t\t\t\t\t\t\t\t\t\t\t<\/div>\n\t\t\t\t<div class=\"elementor-element elementor-element-3196d999 elementor-widget elementor-widget-heading\" data-id=\"3196d999\" data-element_type=\"widget\" data-widget_type=\"heading.default\">\n\t\t\t\t\t<h3 class=\"elementor-heading-title elementor-size-default\"><a href=\"https:\/\/www.centraldevacaciones.com\/blog\/vuelo-hotel\/\">Vuelo + hotel <\/a><\/h3>\t\t\t\t<\/div>\n\t\t\t\t\t<\/div>\n\t\t<\/div>\n\t\t\t\t<div class=\"elementor-column elementor-col-16 elementor-top-column elementor-element elementor-element-139e7d09\" data-id=\"139e7d09\" data-element_type=\"column\">\n\t\t\t<div class=\"elementor-widget-wrap elementor-element-populated\">\n\t\t\t\t\t\t<div class=\"elementor-element elementor-element-637e5c21 elementor-widget elementor-widget-image\" data-id=\"637e5c21\" data-element_type=\"widget\" data-widget_type=\"image.default\">\n\t\t\t\t\t\t\t\t\t\t\t\t\t\t\t<img loading=\"lazy\" decoding=\"async\" width=\"128\" height=\"128\" src=\"https:\/\/www.centraldevacaciones.com\/blog\/wp-content\/uploads\/2021\/05\/crucero.png\" class=\"attachment-large size-large wp-image-12642\" alt=\"\" \/>\t\t\t\t\t\t\t\t\t\t\t\t\t\t\t<\/div>\n\t\t\t\t<div class=\"elementor-element elementor-element-223ae99 elementor-widget elementor-widget-heading\" data-id=\"223ae99\" data-element_type=\"widget\" data-widget_type=\"heading.default\">\n\t\t\t\t\t<h3 class=\"elementor-heading-title elementor-size-default\"><a href=\"https:\/\/www.centraldevacaciones.com\/blog\/destinos-cruceros\/\">Ofertas  cruceros<\/a><\/h3>\t\t\t\t<\/div>\n\t\t\t\t\t<\/div>\n\t\t<\/div>\n\t\t\t\t\t<\/div>\n\t\t<\/section>\n\t\t\t\t<section class=\"elementor-section elementor-top-section elementor-element elementor-element-623de69 elementor-section-boxed elementor-section-height-default elementor-section-height-default\" data-id=\"623de69\" data-element_type=\"section\">\n\t\t\t\t\t\t<div class=\"elementor-container elementor-column-gap-default\">\n\t\t\t\t\t<div class=\"elementor-column elementor-col-100 elementor-top-column elementor-element elementor-element-3d75ee8\" data-id=\"3d75ee8\" data-element_type=\"column\">\n\t\t\t<div class=\"elementor-widget-wrap elementor-element-populated\">\n\t\t\t\t\t\t<div class=\"elementor-element elementor-element-4799603 elementor-widget elementor-widget-text-editor\" data-id=\"4799603\" data-element_type=\"widget\" data-widget_type=\"text-editor.default\">\n\t\t\t\t\t\t\t\t\t<p><span style=\"font-weight: 400;\">\u00bfTe gustar\u00eda poder disfrutar este verano de unas vacaciones en Suiza con los extras m\u00e1s premium que mejor se adapten a ti y poder contar la experiencia a tus conocidos? Est\u00e1s en el sitio correcto, \u00a1Si\u00e9ntete como en casa desde el primer d\u00eda de estancia en cualquier hotel reservado con Central de Vacaciones!<\/span><\/p><p><span style=\"font-weight: 400;\">Haz tu reserva cuando quieras y a donde quieras, teniendo acceso a todo tipo de lujos para elegir y disfruta unos d\u00edas de verano inolvidables junto a las personas que m\u00e1s quieres. \u00a1Haz ya tu reserva antes de que se agote la disponibilidad a muchos destinos y disfruta de un verano espectacular cuando y donde quieras con Central de Vacaciones!<\/span><\/p>\t\t\t\t\t\t\t\t<\/div>\n\t\t\t\t\t<\/div>\n\t\t<\/div>\n\t\t\t\t\t<\/div>\n\t\t<\/section>\n\t\t\t\t<\/div>\n\t\t","protected":false},"excerpt":{"rendered":"<p>Suiza es un compendio natural que se encuentra en el centro de los Alpes. Este pa\u00eds representa la excelencia, debido a las tierras de pastos verdes, a las majestuosas monta\u00f1as de los Alpes, a los lagos de monta\u00f1as, que son sin lugar a dudas la raz\u00f3n principal para visitar Suiza. Sin embargo, el contacto directo [&hellip;]<\/p>\n","protected":false},"author":1,"featured_media":0,"comment_status":"closed","ping_status":"open","sticky":false,"template":"elementor_theme","format":"standard","meta":{"_acf_changed":false,"footnotes":""},"categories":[208,207,195,17],"tags":[171],"class_list":["post-1396","post","type-post","status-publish","format-standard","hentry","category-ideas-escapadas","category-ideas-viajes-invierno","category-rutas-por-europa","category-viajes-por-europa","tag-suiza"],"acf":[],"_links":{"self":[{"href":"https:\/\/www.centraldevacaciones.com\/blog\/wp-json\/wp\/v2\/posts\/1396","targetHints":{"allow":["GET"]}}],"collection":[{"href":"https:\/\/www.centraldevacaciones.com\/blog\/wp-json\/wp\/v2\/posts"}],"about":[{"href":"https:\/\/www.centraldevacaciones.com\/blog\/wp-json\/wp\/v2\/types\/post"}],"author":[{"embeddable":true,"href":"https:\/\/www.centraldevacaciones.com\/blog\/wp-json\/wp\/v2\/users\/1"}],"replies":[{"embeddable":true,"href":"https:\/\/www.centraldevacaciones.com\/blog\/wp-json\/wp\/v2\/comments?post=1396"}],"version-history":[{"count":0,"href":"https:\/\/www.centraldevacaciones.com\/blog\/wp-json\/wp\/v2\/posts\/1396\/revisions"}],"wp:attachment":[{"href":"https:\/\/www.centraldevacaciones.com\/blog\/wp-json\/wp\/v2\/media?parent=1396"}],"wp:term":[{"taxonomy":"category","embeddable":true,"href":"https:\/\/www.centraldevacaciones.com\/blog\/wp-json\/wp\/v2\/categories?post=1396"},{"taxonomy":"post_tag","embeddable":true,"href":"https:\/\/www.centraldevacaciones.com\/blog\/wp-json\/wp\/v2\/tags?post=1396"}],"curies":[{"name":"wp","href":"https:\/\/api.w.org\/{rel}","templated":true}]}}