{"id":1386,"date":"2018-05-01T16:46:46","date_gmt":"2018-05-01T14:46:46","guid":{"rendered":"http:\/\/www.centraldevacaciones.com\/opiniones\/?p=1386"},"modified":"2021-12-15T12:31:42","modified_gmt":"2021-12-15T11:31:42","slug":"francia-un-recorrido-por-su-capital","status":"publish","type":"post","link":"https:\/\/www.centraldevacaciones.com\/blog\/francia-un-recorrido-por-su-capital\/","title":{"rendered":"Francia  Un recorrido por su capital, Par\u00eds"},"content":{"rendered":"\t\t<div data-elementor-type=\"wp-post\" data-elementor-id=\"1386\" class=\"elementor elementor-1386\" data-elementor-post-type=\"post\">\n\t\t\t\t\t\t<section class=\"elementor-section elementor-top-section elementor-element elementor-element-c78f766 elementor-section-boxed elementor-section-height-default elementor-section-height-default\" data-id=\"c78f766\" data-element_type=\"section\">\n\t\t\t\t\t\t<div class=\"elementor-container elementor-column-gap-default\">\n\t\t\t\t\t<div class=\"elementor-column elementor-col-100 elementor-top-column elementor-element elementor-element-e81c8bf\" data-id=\"e81c8bf\" data-element_type=\"column\">\n\t\t\t<div class=\"elementor-widget-wrap elementor-element-populated\">\n\t\t\t\t\t\t<div class=\"elementor-element elementor-element-bfd72d2 elementor--h-position-center elementor--v-position-middle elementor-arrows-position-inside elementor-pagination-position-inside elementor-widget elementor-widget-slides\" data-id=\"bfd72d2\" data-element_type=\"widget\" data-settings=\"{&quot;navigation&quot;:&quot;both&quot;,&quot;autoplay&quot;:&quot;yes&quot;,&quot;pause_on_hover&quot;:&quot;yes&quot;,&quot;pause_on_interaction&quot;:&quot;yes&quot;,&quot;autoplay_speed&quot;:5000,&quot;infinite&quot;:&quot;yes&quot;,&quot;transition&quot;:&quot;slide&quot;,&quot;transition_speed&quot;:500}\" data-widget_type=\"slides.default\">\n\t\t\t\t\t\t\t\t\t\t<div class=\"elementor-slides-wrapper elementor-main-swiper swiper\" role=\"region\" aria-roledescription=\"carousel\" aria-label=\"Diapositivas\" dir=\"ltr\" data-animation=\"fadeInUp\">\n\t\t\t\t<div class=\"swiper-wrapper elementor-slides\">\n\t\t\t\t\t\t\t\t\t\t<div class=\"elementor-repeater-item-9dad4d9 swiper-slide\" role=\"group\" aria-roledescription=\"slide\"><div class=\"swiper-slide-bg\" role=\"img\" aria-label=\"paris-3\"><\/div><div class=\"swiper-slide-inner\" ><div class=\"swiper-slide-contents\"><\/div><\/div><\/div><div class=\"elementor-repeater-item-0893345 swiper-slide\" role=\"group\" aria-roledescription=\"slide\"><div class=\"swiper-slide-bg\" role=\"img\" aria-label=\"paris-4\"><\/div><div class=\"swiper-slide-inner\" ><div class=\"swiper-slide-contents\"><\/div><\/div><\/div><div class=\"elementor-repeater-item-464747a swiper-slide\" role=\"group\" aria-roledescription=\"slide\"><div class=\"swiper-slide-bg\" role=\"img\" aria-label=\"paris-6\"><\/div><div class=\"swiper-slide-inner\" ><div class=\"swiper-slide-contents\"><\/div><\/div><\/div>\t\t\t\t<\/div>\n\t\t\t\t\t\t\t\t\t\t\t\t\t\t\t<div class=\"elementor-swiper-button elementor-swiper-button-prev\" role=\"button\" tabindex=\"0\" aria-label=\"Diapositiva anterior\">\n\t\t\t\t\t\t\t<i aria-hidden=\"true\" class=\"eicon-chevron-left\"><\/i>\t\t\t\t\t\t<\/div>\n\t\t\t\t\t\t<div class=\"elementor-swiper-button elementor-swiper-button-next\" role=\"button\" tabindex=\"0\" aria-label=\"Diapositiva siguiente\">\n\t\t\t\t\t\t\t<i aria-hidden=\"true\" class=\"eicon-chevron-right\"><\/i>\t\t\t\t\t\t<\/div>\n\t\t\t\t\t\t\t\t\t\t\t\t\t\t\t\t<div class=\"swiper-pagination\"><\/div>\n\t\t\t\t\t\t\t\t\t\t\t\t<\/div>\n\t\t\t\t\t\t\t\t<\/div>\n\t\t\t\t<div class=\"elementor-element elementor-element-e302af5 elementor-widget elementor-widget-text-editor\" data-id=\"e302af5\" data-element_type=\"widget\" data-widget_type=\"text-editor.default\">\n\t\t\t\t\t\t\t\t\tUno de los placeres que comparte cada persona del mundo es sin duda alguna viajar, pues, el ser humano por naturaleza tiene la necesidad de conocer lugares nuevos y experiencias diferentes. Y si el destino para <strong>viajar<\/strong> se trata de <strong>Francia<\/strong>, sin duda obtendr\u00e1s una experiencia que recordar\u00e1s durante mucho tiempo.\n\n<strong>Francia<\/strong> es un pa\u00eds es un pa\u00eds que cuenta aproximadamente con una poblaci\u00f3n de 66.3 Millones de Habitantes, lleno de paisajes y monumentos hist\u00f3ricos los cu\u00e1les son realmente muy recomendables de visitar y conocer.\n\nAdem\u00e1s, posee una gran riqueza gastron\u00f3mica en la cual el atractivo principal resultan ser la alta cantidad de restaurantes que se distribuyen casi por toda <strong>Francia<\/strong>. Adem\u00e1s, es un pa\u00eds donde a su vez viajan muchas personas para disfrutar del mundialmente conocido Tour de Francia.\n\nIndudablemente Francia es otro de los pa\u00edses pertenecientes al continente europeo, m\u00e1s visitado por los turistas de todas partes del mundo. Desde imponentes construcciones, antiguos edificios hasta playas paradis\u00edacas, hacen que este pa\u00eds sea visitado por personas de variados gustos. Historia, ocio y placer se conjugan en un mismo sitio.\t\t\t\t\t\t\t\t<\/div>\n\t\t\t\t\t<\/div>\n\t\t<\/div>\n\t\t\t\t\t<\/div>\n\t\t<\/section>\n\t\t\t\t<section class=\"elementor-section elementor-top-section elementor-element elementor-element-cb9ecea elementor-section-boxed elementor-section-height-default elementor-section-height-default\" data-id=\"cb9ecea\" data-element_type=\"section\">\n\t\t\t\t\t\t<div class=\"elementor-container elementor-column-gap-default\">\n\t\t\t\t\t<div class=\"elementor-column elementor-col-100 elementor-top-column elementor-element elementor-element-4d7c5dc\" data-id=\"4d7c5dc\" data-element_type=\"column\">\n\t\t\t<div class=\"elementor-widget-wrap elementor-element-populated\">\n\t\t\t\t\t\t<div class=\"elementor-element elementor-element-9514922 elementor-widget elementor-widget-text-editor\" data-id=\"9514922\" data-element_type=\"widget\" data-widget_type=\"text-editor.default\">\n\t\t\t\t\t\t\t\t\t<p><span style=\"font-weight: 400;\">En esta oportunidad\u00a0 haremos un recorrido por <\/span><b>Par\u00eds, la capital francesa<\/b><span style=\"font-weight: 400;\"> donde se encuentra la famosa Torre Eiffel, es cita obligada para el que vaya por primera vez a Francia. Pero, adem\u00e1s de esta atracci\u00f3n tur\u00edstica, hay muchos m\u00e1s rincones de visita obligada en esta ciudad, conocida como la \u201cciudad del amor\u201d.\u00a0<\/span><\/p><p><span style=\"font-weight: 400;\">Aqu\u00ed te ofrecemos un<\/span><b> recorrido por Par\u00eds <\/b><span style=\"font-weight: 400;\">para que conozcas todo lo que puedes ver y hacer en la capital de Francia.\u00a0<\/span><\/p>\t\t\t\t\t\t\t\t<\/div>\n\t\t\t\t\t<\/div>\n\t\t<\/div>\n\t\t\t\t\t<\/div>\n\t\t<\/section>\n\t\t\t\t<section class=\"elementor-section elementor-top-section elementor-element elementor-element-fffc1c4 elementor-section-boxed elementor-section-height-default elementor-section-height-default\" data-id=\"fffc1c4\" data-element_type=\"section\">\n\t\t\t\t\t\t<div class=\"elementor-container elementor-column-gap-default\">\n\t\t\t\t\t<div class=\"elementor-column elementor-col-100 elementor-top-column elementor-element elementor-element-9cf70de\" data-id=\"9cf70de\" data-element_type=\"column\">\n\t\t\t<div class=\"elementor-widget-wrap elementor-element-populated\">\n\t\t\t\t\t\t<div class=\"elementor-element elementor-element-32ac88a elementor-widget elementor-widget-heading\" data-id=\"32ac88a\" data-element_type=\"widget\" data-widget_type=\"heading.default\">\n\t\t\t\t\t<h2 class=\"elementor-heading-title elementor-size-default\">\u00bfQu\u00e9 ver y hacer en Par\u00eds? \n<\/h2>\t\t\t\t<\/div>\n\t\t\t\t\t<\/div>\n\t\t<\/div>\n\t\t\t\t\t<\/div>\n\t\t<\/section>\n\t\t\t\t<section class=\"elementor-section elementor-top-section elementor-element elementor-element-e3e5469 elementor-section-boxed elementor-section-height-default elementor-section-height-default\" data-id=\"e3e5469\" data-element_type=\"section\">\n\t\t\t\t\t\t<div class=\"elementor-container elementor-column-gap-default\">\n\t\t\t\t\t<div class=\"elementor-column elementor-col-100 elementor-top-column elementor-element elementor-element-4220db2\" data-id=\"4220db2\" data-element_type=\"column\">\n\t\t\t<div class=\"elementor-widget-wrap elementor-element-populated\">\n\t\t\t\t\t\t<div class=\"elementor-element elementor-element-f7a2eca elementor-widget elementor-widget-text-editor\" data-id=\"f7a2eca\" data-element_type=\"widget\" data-widget_type=\"text-editor.default\">\n\t\t\t\t\t\t\t\t\t<p><span style=\"font-weight: 400;\">Aqu\u00ed te dejaremos un repaso de lo<\/span><b>s rincones que hay que ver en Par\u00eds <\/b><span style=\"font-weight: 400;\">y que te mostrar\u00e1n la ciudad de un modo majestuoso e imponente. \u00a1Toma nota!\u00a0<\/span><\/p>\t\t\t\t\t\t\t\t<\/div>\n\t\t\t\t\t<\/div>\n\t\t<\/div>\n\t\t\t\t\t<\/div>\n\t\t<\/section>\n\t\t\t\t<section class=\"elementor-section elementor-top-section elementor-element elementor-element-2c9a313 elementor-section-boxed elementor-section-height-default elementor-section-height-default\" data-id=\"2c9a313\" data-element_type=\"section\">\n\t\t\t\t\t\t<div class=\"elementor-container elementor-column-gap-default\">\n\t\t\t\t\t<div class=\"elementor-column elementor-col-100 elementor-top-column elementor-element elementor-element-2f2b49e\" data-id=\"2f2b49e\" data-element_type=\"column\">\n\t\t\t<div class=\"elementor-widget-wrap elementor-element-populated\">\n\t\t\t\t\t\t<div class=\"elementor-element elementor-element-e70af7c elementor-widget elementor-widget-heading\" data-id=\"e70af7c\" data-element_type=\"widget\" data-widget_type=\"heading.default\">\n\t\t\t\t\t<h3 class=\"elementor-heading-title elementor-size-default\">Torre Eiffel \n<\/h3>\t\t\t\t<\/div>\n\t\t\t\t\t<\/div>\n\t\t<\/div>\n\t\t\t\t\t<\/div>\n\t\t<\/section>\n\t\t\t\t<section class=\"elementor-section elementor-top-section elementor-element elementor-element-2fbb31c elementor-section-boxed elementor-section-height-default elementor-section-height-default\" data-id=\"2fbb31c\" data-element_type=\"section\">\n\t\t\t\t\t\t<div class=\"elementor-container elementor-column-gap-default\">\n\t\t\t\t\t<div class=\"elementor-column elementor-col-100 elementor-top-column elementor-element elementor-element-d2f7b43\" data-id=\"d2f7b43\" data-element_type=\"column\">\n\t\t\t<div class=\"elementor-widget-wrap elementor-element-populated\">\n\t\t\t\t\t\t<div class=\"elementor-element elementor-element-f6d16a1 elementor-widget elementor-widget-text-editor\" data-id=\"f6d16a1\" data-element_type=\"widget\" data-widget_type=\"text-editor.default\">\n\t\t\t\t\t\t\t\t\t<p><b>La torre construida en 1889 cuenta actualmente con m\u00e1s de 300 metros de altura <\/b><span style=\"font-weight: 400;\">y tres niveles en los que se puede parar y apreciar el encanto de toda la ciudad. A la torre se puede acceder por medio de escaleras o bien por un ascensor que transporta a las personas desde la base hasta la cima, permitiendo bajar en cada uno de los tres pisos con los que cuenta.\u00a0<\/span><\/p><p><span style=\"font-weight: 400;\">En uno de ellos hay un<\/span><b> exclusivo restaurante<\/b><span style=\"font-weight: 400;\"> y en los otros se puede apreciar un mirador de la ciudad, venta de merchandising\u00a0 y un peque\u00f1o bar de paso con\u00a0 un museo. Desde su cima se puede ver la ciudad y las imponentes construcciones y c\u00fapulas de los sitios m\u00e1s exclusivos de Par\u00eds.<\/span><\/p>\t\t\t\t\t\t\t\t<\/div>\n\t\t\t\t\t<\/div>\n\t\t<\/div>\n\t\t\t\t\t<\/div>\n\t\t<\/section>\n\t\t\t\t<section class=\"elementor-section elementor-top-section elementor-element elementor-element-acaad5f elementor-section-boxed elementor-section-height-default elementor-section-height-default\" data-id=\"acaad5f\" data-element_type=\"section\">\n\t\t\t\t\t\t<div class=\"elementor-container elementor-column-gap-default\">\n\t\t\t\t\t<div class=\"elementor-column elementor-col-100 elementor-top-column elementor-element elementor-element-5cf186a\" data-id=\"5cf186a\" data-element_type=\"column\">\n\t\t\t<div class=\"elementor-widget-wrap elementor-element-populated\">\n\t\t\t\t\t\t<div class=\"elementor-element elementor-element-340d818 elementor-widget elementor-widget-heading\" data-id=\"340d818\" data-element_type=\"widget\" data-widget_type=\"heading.default\">\n\t\t\t\t\t<h3 class=\"elementor-heading-title elementor-size-default\">R\u00edo Senna\n<\/h3>\t\t\t\t<\/div>\n\t\t\t\t\t<\/div>\n\t\t<\/div>\n\t\t\t\t\t<\/div>\n\t\t<\/section>\n\t\t\t\t<section class=\"elementor-section elementor-top-section elementor-element elementor-element-5f62d38 elementor-section-boxed elementor-section-height-default elementor-section-height-default\" data-id=\"5f62d38\" data-element_type=\"section\">\n\t\t\t\t\t\t<div class=\"elementor-container elementor-column-gap-default\">\n\t\t\t\t\t<div class=\"elementor-column elementor-col-100 elementor-top-column elementor-element elementor-element-f22d7dd\" data-id=\"f22d7dd\" data-element_type=\"column\">\n\t\t\t<div class=\"elementor-widget-wrap elementor-element-populated\">\n\t\t\t\t\t\t<div class=\"elementor-element elementor-element-704455b elementor-widget elementor-widget-text-editor\" data-id=\"704455b\" data-element_type=\"widget\" data-widget_type=\"text-editor.default\">\n\t\t\t\t\t\t\t\t\t<p><span style=\"font-weight: 400;\">Luego de visitar este lugar, se puede realizar un<\/span><b> paseo por el cauce\u00a0 del R\u00edo Senna, <\/b><span style=\"font-weight: 400;\">a pocos metros, se encuentran barcos que realizan excursiones por este r\u00edo con una vista encantadora del lugar.<\/span><\/p>\t\t\t\t\t\t\t\t<\/div>\n\t\t\t\t\t<\/div>\n\t\t<\/div>\n\t\t\t\t\t<\/div>\n\t\t<\/section>\n\t\t\t\t<section class=\"elementor-section elementor-top-section elementor-element elementor-element-5024bb2 elementor-section-boxed elementor-section-height-default elementor-section-height-default\" data-id=\"5024bb2\" data-element_type=\"section\">\n\t\t\t\t\t\t<div class=\"elementor-container elementor-column-gap-default\">\n\t\t\t\t\t<div class=\"elementor-column elementor-col-100 elementor-top-column elementor-element elementor-element-76a784e\" data-id=\"76a784e\" data-element_type=\"column\">\n\t\t\t<div class=\"elementor-widget-wrap elementor-element-populated\">\n\t\t\t\t\t\t<div class=\"elementor-element elementor-element-6598628 elementor-widget elementor-widget-heading\" data-id=\"6598628\" data-element_type=\"widget\" data-widget_type=\"heading.default\">\n\t\t\t\t\t<h3 class=\"elementor-heading-title elementor-size-default\">Arco del triunfo de Par\u00eds \n<\/h3>\t\t\t\t<\/div>\n\t\t\t\t\t<\/div>\n\t\t<\/div>\n\t\t\t\t\t<\/div>\n\t\t<\/section>\n\t\t\t\t<section class=\"elementor-section elementor-top-section elementor-element elementor-element-c0f6893 elementor-section-boxed elementor-section-height-default elementor-section-height-default\" data-id=\"c0f6893\" data-element_type=\"section\">\n\t\t\t\t\t\t<div class=\"elementor-container elementor-column-gap-default\">\n\t\t\t\t\t<div class=\"elementor-column elementor-col-100 elementor-top-column elementor-element elementor-element-805c807\" data-id=\"805c807\" data-element_type=\"column\">\n\t\t\t<div class=\"elementor-widget-wrap elementor-element-populated\">\n\t\t\t\t\t\t<div class=\"elementor-element elementor-element-4bb67e1 elementor-widget elementor-widget-text-editor\" data-id=\"4bb67e1\" data-element_type=\"widget\" data-widget_type=\"text-editor.default\">\n\t\t\t\t\t\t\t\t\t<p><span style=\"font-weight: 400;\">Quienes visiten Par\u00eds no pueden dejar de conocer el Arco del triunfo, en el que se halla un <\/span><b>museo con la misma historia del arco. <\/b><span style=\"font-weight: 400;\">A la cima del arco se debe acceder a pie por las escaleras y permite tambi\u00e9n tener una hermosa vista de la ciudad desde arriba.\u00a0<\/span><\/p><p><span style=\"font-weight: 400;\">Alguno recomiendan<\/span><b> hacer la visita de noche por el bello espect\u00e1culo que ofrece.<\/b><span style=\"font-weight: 400;\"> Este monumento resulta ser un punto de encuentro bastante importante y representativo tanto para los turistas que lo visitan como para los habitantes. Est\u00e1 ubicado en Par\u00eds y conmemora la victoria de Napole\u00f3n en la batalla de Austerlitz.<\/span><\/p>\t\t\t\t\t\t\t\t<\/div>\n\t\t\t\t\t<\/div>\n\t\t<\/div>\n\t\t\t\t\t<\/div>\n\t\t<\/section>\n\t\t\t\t<section class=\"elementor-section elementor-top-section elementor-element elementor-element-725e30a elementor-section-boxed elementor-section-height-default elementor-section-height-default\" data-id=\"725e30a\" data-element_type=\"section\">\n\t\t\t\t\t\t<div class=\"elementor-container elementor-column-gap-default\">\n\t\t\t\t\t<div class=\"elementor-column elementor-col-100 elementor-top-column elementor-element elementor-element-aecac44\" data-id=\"aecac44\" data-element_type=\"column\">\n\t\t\t<div class=\"elementor-widget-wrap elementor-element-populated\">\n\t\t\t\t\t\t<div class=\"elementor-element elementor-element-c428a4a elementor-widget elementor-widget-heading\" data-id=\"c428a4a\" data-element_type=\"widget\" data-widget_type=\"heading.default\">\n\t\t\t\t\t<h3 class=\"elementor-heading-title elementor-size-default\">Catedral de Notre Dame \n<\/h3>\t\t\t\t<\/div>\n\t\t\t\t\t<\/div>\n\t\t<\/div>\n\t\t\t\t\t<\/div>\n\t\t<\/section>\n\t\t\t\t<section class=\"elementor-section elementor-top-section elementor-element elementor-element-f93f7e2 elementor-section-boxed elementor-section-height-default elementor-section-height-default\" data-id=\"f93f7e2\" data-element_type=\"section\">\n\t\t\t\t\t\t<div class=\"elementor-container elementor-column-gap-default\">\n\t\t\t\t\t<div class=\"elementor-column elementor-col-100 elementor-top-column elementor-element elementor-element-ed875e2\" data-id=\"ed875e2\" data-element_type=\"column\">\n\t\t\t<div class=\"elementor-widget-wrap elementor-element-populated\">\n\t\t\t\t\t\t<div class=\"elementor-element elementor-element-2acd227 elementor-widget elementor-widget-text-editor\" data-id=\"2acd227\" data-element_type=\"widget\" data-widget_type=\"text-editor.default\">\n\t\t\t\t\t\t\t\t\t<p><b>La Catedral de Notre Dame es otra cita obligada en Par\u00eds.<\/b><span style=\"font-weight: 400;\"> Una imponente construcci\u00f3n de estilo g\u00f3tico hace que durante el d\u00eda se formen filas para acceder al lugar. Adem\u00e1s, en sus alrededores se encuentran varios caf\u00e9s y un peque\u00f1o y pintoresco centro comercial, donde se pueden adquirir algunos recuerdos y miniaturas de la catedral.<\/span><\/p>\t\t\t\t\t\t\t\t<\/div>\n\t\t\t\t\t<\/div>\n\t\t<\/div>\n\t\t\t\t\t<\/div>\n\t\t<\/section>\n\t\t\t\t<section class=\"elementor-section elementor-top-section elementor-element elementor-element-9f0ec68 elementor-section-boxed elementor-section-height-default elementor-section-height-default\" data-id=\"9f0ec68\" data-element_type=\"section\">\n\t\t\t\t\t\t<div class=\"elementor-container elementor-column-gap-default\">\n\t\t\t\t\t<div class=\"elementor-column elementor-col-100 elementor-top-column elementor-element elementor-element-a4c84f9\" data-id=\"a4c84f9\" data-element_type=\"column\">\n\t\t\t<div class=\"elementor-widget-wrap elementor-element-populated\">\n\t\t\t\t\t\t<div class=\"elementor-element elementor-element-3c2dc60 elementor-widget elementor-widget-heading\" data-id=\"3c2dc60\" data-element_type=\"widget\" data-widget_type=\"heading.default\">\n\t\t\t\t\t<h3 class=\"elementor-heading-title elementor-size-default\">Museo del Louvre\n\n<\/h3>\t\t\t\t<\/div>\n\t\t\t\t\t<\/div>\n\t\t<\/div>\n\t\t\t\t\t<\/div>\n\t\t<\/section>\n\t\t\t\t<section class=\"elementor-section elementor-top-section elementor-element elementor-element-800c4ff elementor-section-boxed elementor-section-height-default elementor-section-height-default\" data-id=\"800c4ff\" data-element_type=\"section\">\n\t\t\t\t\t\t<div class=\"elementor-container elementor-column-gap-default\">\n\t\t\t\t\t<div class=\"elementor-column elementor-col-100 elementor-top-column elementor-element elementor-element-587b6fb\" data-id=\"587b6fb\" data-element_type=\"column\">\n\t\t\t<div class=\"elementor-widget-wrap elementor-element-populated\">\n\t\t\t\t\t\t<div class=\"elementor-element elementor-element-9563c89 elementor-widget elementor-widget-text-editor\" data-id=\"9563c89\" data-element_type=\"widget\" data-widget_type=\"text-editor.default\">\n\t\t\t\t\t\t\t\t\t<p><span style=\"font-weight: 400;\">Sin duda, uno de los <\/span><b>museos m\u00e1s importantes<\/b><span style=\"font-weight: 400;\"> de Par\u00eds es el Museo del Louvre, que funcion\u00f3 antiguamente como fortaleza de los reyes de Francia. All\u00ed mismo se encuentran obras relevantes a nivel mundial como <\/span><b>la Gioconda y la Venus de Milo. <\/b><span style=\"font-weight: 400;\">Desde las piezas que all\u00ed se encuentran, hasta la construcci\u00f3n del museo y sus incre\u00edbles historias, hacen del sitio uno de los predilectos de los turistas.<\/span><\/p><p><span style=\"font-weight: 400;\">El museo del Louvre, es considerado como el Museo nacional de Francia y es uno de los museos m\u00e1s importantes de Europa. Es consagrado principalmente al arte anterior a la era del Impresionismo en artes decorativas y arqueolog\u00eda.<\/span><\/p>\t\t\t\t\t\t\t\t<\/div>\n\t\t\t\t\t<\/div>\n\t\t<\/div>\n\t\t\t\t\t<\/div>\n\t\t<\/section>\n\t\t\t\t<section class=\"elementor-section elementor-top-section elementor-element elementor-element-281331c elementor-section-boxed elementor-section-height-default elementor-section-height-default\" data-id=\"281331c\" data-element_type=\"section\">\n\t\t\t\t\t\t<div class=\"elementor-container elementor-column-gap-default\">\n\t\t\t\t\t<div class=\"elementor-column elementor-col-100 elementor-top-column elementor-element elementor-element-0f0c283\" data-id=\"0f0c283\" data-element_type=\"column\">\n\t\t\t<div class=\"elementor-widget-wrap elementor-element-populated\">\n\t\t\t\t\t\t<div class=\"elementor-element elementor-element-f1d15da elementor-widget elementor-widget-heading\" data-id=\"f1d15da\" data-element_type=\"widget\" data-widget_type=\"heading.default\">\n\t\t\t\t\t<h3 class=\"elementor-heading-title elementor-size-default\">Museo de Orsay\n\n<\/h3>\t\t\t\t<\/div>\n\t\t\t\t\t<\/div>\n\t\t<\/div>\n\t\t\t\t\t<\/div>\n\t\t<\/section>\n\t\t\t\t<section class=\"elementor-section elementor-top-section elementor-element elementor-element-b9ebea0 elementor-section-boxed elementor-section-height-default elementor-section-height-default\" data-id=\"b9ebea0\" data-element_type=\"section\">\n\t\t\t\t\t\t<div class=\"elementor-container elementor-column-gap-default\">\n\t\t\t\t\t<div class=\"elementor-column elementor-col-100 elementor-top-column elementor-element elementor-element-13b99c6\" data-id=\"13b99c6\" data-element_type=\"column\">\n\t\t\t<div class=\"elementor-widget-wrap elementor-element-populated\">\n\t\t\t\t\t\t<div class=\"elementor-element elementor-element-084ea34 elementor-widget elementor-widget-text-editor\" data-id=\"084ea34\" data-element_type=\"widget\" data-widget_type=\"text-editor.default\">\n\t\t\t\t\t\t\t\t\t<p><span style=\"font-weight: 400;\">Otro de los museos m\u00e1s reconocidos de Par\u00eds es el de Orsay, u<\/span><b>bicado en la antigua estaci\u00f3n de trenes de Orsay.<\/b><span style=\"font-weight: 400;\"> El lugar cuenta con tres plantas que contienen cientos de cuadros importantes. Del mismo modo que se puede acudir al famoso palacio de Versalles que asisti\u00f3 como la residencia oficial de los reyes en la antig\u00fcedad.<\/span><\/p>\t\t\t\t\t\t\t\t<\/div>\n\t\t\t\t\t<\/div>\n\t\t<\/div>\n\t\t\t\t\t<\/div>\n\t\t<\/section>\n\t\t\t\t<section class=\"elementor-section elementor-top-section elementor-element elementor-element-62349af elementor-section-boxed elementor-section-height-default elementor-section-height-default\" data-id=\"62349af\" data-element_type=\"section\">\n\t\t\t\t\t\t<div class=\"elementor-container elementor-column-gap-default\">\n\t\t\t\t\t<div class=\"elementor-column elementor-col-100 elementor-top-column elementor-element elementor-element-6461fcd\" data-id=\"6461fcd\" data-element_type=\"column\">\n\t\t\t<div class=\"elementor-widget-wrap elementor-element-populated\">\n\t\t\t\t\t\t<div class=\"elementor-element elementor-element-a05acd4 elementor-widget elementor-widget-heading\" data-id=\"a05acd4\" data-element_type=\"widget\" data-widget_type=\"heading.default\">\n\t\t\t\t\t<h3 class=\"elementor-heading-title elementor-size-default\">Bas\u00edlica de Sacr\u00e9- Coeur\n\n\n<\/h3>\t\t\t\t<\/div>\n\t\t\t\t\t<\/div>\n\t\t<\/div>\n\t\t\t\t\t<\/div>\n\t\t<\/section>\n\t\t\t\t<section class=\"elementor-section elementor-top-section elementor-element elementor-element-312fc26 elementor-section-boxed elementor-section-height-default elementor-section-height-default\" data-id=\"312fc26\" data-element_type=\"section\">\n\t\t\t\t\t\t<div class=\"elementor-container elementor-column-gap-default\">\n\t\t\t\t\t<div class=\"elementor-column elementor-col-100 elementor-top-column elementor-element elementor-element-ea3eee2\" data-id=\"ea3eee2\" data-element_type=\"column\">\n\t\t\t<div class=\"elementor-widget-wrap elementor-element-populated\">\n\t\t\t\t\t\t<div class=\"elementor-element elementor-element-47d2c53 elementor-widget elementor-widget-text-editor\" data-id=\"47d2c53\" data-element_type=\"widget\" data-widget_type=\"text-editor.default\">\n\t\t\t\t\t\t\t\t\t<p><span style=\"font-weight: 400;\">Otro lugar importante que no se puede dejar pasar es la <\/span><b>Bas\u00edlica de Sacr\u00e9- Coeur ubicada en la colina de Montmatre<\/b><span style=\"font-weight: 400;\">. Para acceder a la bas\u00edlica hay que subir una gran cantidad de escalones para luego llegar a la imponente construcci\u00f3n. All\u00ed dentro se aloja una campana de 26 toneladas de peso. Este tambi\u00e9n es un lugar muy lindo para recrear la vista nocturna, ya que permite ver parte de la ciudad iluminada.<\/span><\/p>\t\t\t\t\t\t\t\t<\/div>\n\t\t\t\t\t<\/div>\n\t\t<\/div>\n\t\t\t\t\t<\/div>\n\t\t<\/section>\n\t\t\t\t<section class=\"elementor-section elementor-top-section elementor-element elementor-element-054ac3b elementor-section-boxed elementor-section-height-default elementor-section-height-default\" data-id=\"054ac3b\" data-element_type=\"section\">\n\t\t\t\t\t\t<div class=\"elementor-container elementor-column-gap-default\">\n\t\t\t\t\t<div class=\"elementor-column elementor-col-100 elementor-top-column elementor-element elementor-element-14cb40d\" data-id=\"14cb40d\" data-element_type=\"column\">\n\t\t\t<div class=\"elementor-widget-wrap elementor-element-populated\">\n\t\t\t\t\t\t<div class=\"elementor-element elementor-element-7e29ecd elementor-widget elementor-widget-heading\" data-id=\"7e29ecd\" data-element_type=\"widget\" data-widget_type=\"heading.default\">\n\t\t\t\t\t<h3 class=\"elementor-heading-title elementor-size-default\">Plaza de la Bastilla\n\n\n\n<\/h3>\t\t\t\t<\/div>\n\t\t\t\t\t<\/div>\n\t\t<\/div>\n\t\t\t\t\t<\/div>\n\t\t<\/section>\n\t\t\t\t<section class=\"elementor-section elementor-top-section elementor-element elementor-element-6631a5a elementor-section-boxed elementor-section-height-default elementor-section-height-default\" data-id=\"6631a5a\" data-element_type=\"section\">\n\t\t\t\t\t\t<div class=\"elementor-container elementor-column-gap-default\">\n\t\t\t\t\t<div class=\"elementor-column elementor-col-100 elementor-top-column elementor-element elementor-element-7f090a5\" data-id=\"7f090a5\" data-element_type=\"column\">\n\t\t\t<div class=\"elementor-widget-wrap elementor-element-populated\">\n\t\t\t\t\t\t<div class=\"elementor-element elementor-element-f6190bd elementor-widget elementor-widget-text-editor\" data-id=\"f6190bd\" data-element_type=\"widget\" data-widget_type=\"text-editor.default\">\n\t\t\t\t\t\t\t\t\t<p><span style=\"font-weight: 400;\">Siguiendo con el paseo por Par\u00eds, llegamos a la plaza de la Bastilla, donde adem\u00e1s de cientos de <\/span><b>locales gastron\u00f3micos y comerciales <\/b><span style=\"font-weight: 400;\">se encuentra un lugar impresionante: <\/span><b>La antigua \u00f3pera,<\/b><span style=\"font-weight: 400;\"> tambi\u00e9n conocido como el Palacio Garnier. Es uno de los palacios de \u00f3pera m\u00e1s grandes del mundo con una capacidad para m\u00e1s de dos mil espectadores.<\/span><\/p>\t\t\t\t\t\t\t\t<\/div>\n\t\t\t\t\t<\/div>\n\t\t<\/div>\n\t\t\t\t\t<\/div>\n\t\t<\/section>\n\t\t\t\t<section class=\"elementor-section elementor-top-section elementor-element elementor-element-f1ff712 elementor-section-boxed elementor-section-height-default elementor-section-height-default\" data-id=\"f1ff712\" data-element_type=\"section\">\n\t\t\t\t\t\t<div class=\"elementor-container elementor-column-gap-default\">\n\t\t\t\t\t<div class=\"elementor-column elementor-col-100 elementor-top-column elementor-element elementor-element-e03f0d9\" data-id=\"e03f0d9\" data-element_type=\"column\">\n\t\t\t<div class=\"elementor-widget-wrap elementor-element-populated\">\n\t\t\t\t\t\t<div class=\"elementor-element elementor-element-88bbe73 elementor-widget elementor-widget-heading\" data-id=\"88bbe73\" data-element_type=\"widget\" data-widget_type=\"heading.default\">\n\t\t\t\t\t<h3 class=\"elementor-heading-title elementor-size-default\">Palacio nacional de los Inv\u00e1lidos\n<\/h3>\t\t\t\t<\/div>\n\t\t\t\t\t<\/div>\n\t\t<\/div>\n\t\t\t\t\t<\/div>\n\t\t<\/section>\n\t\t\t\t<section class=\"elementor-section elementor-top-section elementor-element elementor-element-cd03bb7 elementor-section-boxed elementor-section-height-default elementor-section-height-default\" data-id=\"cd03bb7\" data-element_type=\"section\">\n\t\t\t\t\t\t<div class=\"elementor-container elementor-column-gap-default\">\n\t\t\t\t\t<div class=\"elementor-column elementor-col-100 elementor-top-column elementor-element elementor-element-7408b0d\" data-id=\"7408b0d\" data-element_type=\"column\">\n\t\t\t<div class=\"elementor-widget-wrap elementor-element-populated\">\n\t\t\t\t\t\t<div class=\"elementor-element elementor-element-db92aac elementor-widget elementor-widget-text-editor\" data-id=\"db92aac\" data-element_type=\"widget\" data-widget_type=\"text-editor.default\">\n\t\t\t\t\t\t\t\t\t<p><span style=\"font-weight: 400;\">Uno de los monumentos m\u00e1s importantes y visitados de Par\u00eds es el del Palacio nacional de los Inv\u00e1lidos. Destacado por su <\/span><b>enorme c\u00fapula en color dorado<\/b><span style=\"font-weight: 400;\"> adem\u00e1s de sus hermosas construcciones. Cuenta con un enorme museo All\u00ed actualmente <\/span><b>residen los restos de Napol\u00e9on Bonaparte.<\/b><\/p>\t\t\t\t\t\t\t\t<\/div>\n\t\t\t\t\t<\/div>\n\t\t<\/div>\n\t\t\t\t\t<\/div>\n\t\t<\/section>\n\t\t\t\t<section class=\"elementor-section elementor-top-section elementor-element elementor-element-07dbde3 elementor-section-boxed elementor-section-height-default elementor-section-height-default\" data-id=\"07dbde3\" data-element_type=\"section\">\n\t\t\t\t\t\t<div class=\"elementor-container elementor-column-gap-default\">\n\t\t\t\t\t<div class=\"elementor-column elementor-col-100 elementor-top-column elementor-element elementor-element-bc024a8\" data-id=\"bc024a8\" data-element_type=\"column\">\n\t\t\t<div class=\"elementor-widget-wrap elementor-element-populated\">\n\t\t\t\t\t\t<div class=\"elementor-element elementor-element-37a2b71 elementor-widget elementor-widget-heading\" data-id=\"37a2b71\" data-element_type=\"widget\" data-widget_type=\"heading.default\">\n\t\t\t\t\t<h3 class=\"elementor-heading-title elementor-size-default\">El  pante\u00f3n de Par\u00eds<\/h3>\t\t\t\t<\/div>\n\t\t\t\t\t<\/div>\n\t\t<\/div>\n\t\t\t\t\t<\/div>\n\t\t<\/section>\n\t\t\t\t<section class=\"elementor-section elementor-top-section elementor-element elementor-element-f29bc50 elementor-section-boxed elementor-section-height-default elementor-section-height-default\" data-id=\"f29bc50\" data-element_type=\"section\">\n\t\t\t\t\t\t<div class=\"elementor-container elementor-column-gap-default\">\n\t\t\t\t\t<div class=\"elementor-column elementor-col-100 elementor-top-column elementor-element elementor-element-b493774\" data-id=\"b493774\" data-element_type=\"column\">\n\t\t\t<div class=\"elementor-widget-wrap elementor-element-populated\">\n\t\t\t\t\t\t<div class=\"elementor-element elementor-element-2494ccc elementor-widget elementor-widget-text-editor\" data-id=\"2494ccc\" data-element_type=\"widget\" data-widget_type=\"text-editor.default\">\n\t\t\t\t\t\t\t\t\t<p><span style=\"font-weight: 400;\">Siguiendo con los bellos monumentos hist\u00f3ricos del lugar, se puede ver el\u00a0 pante\u00f3n de Par\u00eds, donde se aprecia su<\/span><b> magn\u00edfica construcci\u00f3n y decoraci\u00f3n<\/b><span style=\"font-weight: 400;\"> y la parte denominada la cripta donde se encuentran las tumbas de algunos personajes caracter\u00edsticos del pa\u00eds.<\/span><\/p>\t\t\t\t\t\t\t\t<\/div>\n\t\t\t\t\t<\/div>\n\t\t<\/div>\n\t\t\t\t\t<\/div>\n\t\t<\/section>\n\t\t\t\t<section class=\"elementor-section elementor-top-section elementor-element elementor-element-4c2514e elementor-section-boxed elementor-section-height-default elementor-section-height-default\" data-id=\"4c2514e\" data-element_type=\"section\">\n\t\t\t\t\t\t<div class=\"elementor-container elementor-column-gap-default\">\n\t\t\t\t\t<div class=\"elementor-column elementor-col-100 elementor-top-column elementor-element elementor-element-d174894\" data-id=\"d174894\" data-element_type=\"column\">\n\t\t\t<div class=\"elementor-widget-wrap elementor-element-populated\">\n\t\t\t\t\t\t<div class=\"elementor-element elementor-element-985efe0 elementor-widget elementor-widget-heading\" data-id=\"985efe0\" data-element_type=\"widget\" data-widget_type=\"heading.default\">\n\t\t\t\t\t<h3 class=\"elementor-heading-title elementor-size-default\">Jardines de Luxemburgo\n\n<\/h3>\t\t\t\t<\/div>\n\t\t\t\t\t<\/div>\n\t\t<\/div>\n\t\t\t\t\t<\/div>\n\t\t<\/section>\n\t\t\t\t<section class=\"elementor-section elementor-top-section elementor-element elementor-element-f7e387f elementor-section-boxed elementor-section-height-default elementor-section-height-default\" data-id=\"f7e387f\" data-element_type=\"section\">\n\t\t\t\t\t\t<div class=\"elementor-container elementor-column-gap-default\">\n\t\t\t\t\t<div class=\"elementor-column elementor-col-100 elementor-top-column elementor-element elementor-element-aef614b\" data-id=\"aef614b\" data-element_type=\"column\">\n\t\t\t<div class=\"elementor-widget-wrap elementor-element-populated\">\n\t\t\t\t\t\t<div class=\"elementor-element elementor-element-8f5b5ba elementor-widget elementor-widget-text-editor\" data-id=\"8f5b5ba\" data-element_type=\"widget\" data-widget_type=\"text-editor.default\">\n\t\t\t\t\t\t\t\t\t<p><span style=\"font-weight: 400;\">Quienes visiten esta ciudad no pueden dejar de pasar por los Jardines de Luxemburgo, convertidos en sitios de encuentro y recreaci\u00f3n para locales y visitantes. Adem\u00e1s de mucho verde, hay esculturas, estatuas y sillas met\u00e1licas para quienes lo visiten.\u00a0 Cuenta adem\u00e1s con un <\/span><b>\u00e1rea de visita y juegos para los m\u00e1s peque\u00f1os.<\/b><\/p>\t\t\t\t\t\t\t\t<\/div>\n\t\t\t\t\t<\/div>\n\t\t<\/div>\n\t\t\t\t\t<\/div>\n\t\t<\/section>\n\t\t\t\t<section class=\"elementor-section elementor-top-section elementor-element elementor-element-8fb9b82 elementor-section-boxed elementor-section-height-default elementor-section-height-default\" data-id=\"8fb9b82\" data-element_type=\"section\">\n\t\t\t\t\t\t<div class=\"elementor-container elementor-column-gap-default\">\n\t\t\t\t\t<div class=\"elementor-column elementor-col-100 elementor-top-column elementor-element elementor-element-27ee1cc\" data-id=\"27ee1cc\" data-element_type=\"column\">\n\t\t\t<div class=\"elementor-widget-wrap elementor-element-populated\">\n\t\t\t\t\t\t<div class=\"elementor-element elementor-element-0527b75 elementor-widget elementor-widget-heading\" data-id=\"0527b75\" data-element_type=\"widget\" data-widget_type=\"heading.default\">\n\t\t\t\t\t<h3 class=\"elementor-heading-title elementor-size-default\">Plaza de la Concordia\n\n<\/h3>\t\t\t\t<\/div>\n\t\t\t\t\t<\/div>\n\t\t<\/div>\n\t\t\t\t\t<\/div>\n\t\t<\/section>\n\t\t\t\t<section class=\"elementor-section elementor-top-section elementor-element elementor-element-7c2bf2f elementor-section-boxed elementor-section-height-default elementor-section-height-default\" data-id=\"7c2bf2f\" data-element_type=\"section\">\n\t\t\t\t\t\t<div class=\"elementor-container elementor-column-gap-default\">\n\t\t\t\t\t<div class=\"elementor-column elementor-col-100 elementor-top-column elementor-element elementor-element-37952d4\" data-id=\"37952d4\" data-element_type=\"column\">\n\t\t\t<div class=\"elementor-widget-wrap elementor-element-populated\">\n\t\t\t\t\t\t<div class=\"elementor-element elementor-element-bd7ea1e elementor-widget elementor-widget-text-editor\" data-id=\"bd7ea1e\" data-element_type=\"widget\" data-widget_type=\"text-editor.default\">\n\t\t\t\t\t\t\t\t\t<p><span style=\"font-weight: 400;\">La Plaza de la Concordia es uno de los lugares que cualquier turista debe visitar de manera totalmente obligatoria si tiene la oportunidad de visitar Francia. Esta plaza resulta ser un punto de inter\u00e9s bastante representativo tanto para la historia de Francia como para los <\/span><b>turistas que desean conocer la historia del Pa\u00eds. <\/b><span style=\"font-weight: 400;\">Se encuentra en el centro de Par\u00eds, y es adornada con bellas estatuas representativas y fuentes.<\/span><\/p>\t\t\t\t\t\t\t\t<\/div>\n\t\t\t\t\t<\/div>\n\t\t<\/div>\n\t\t\t\t\t<\/div>\n\t\t<\/section>\n\t\t\t\t<section class=\"elementor-section elementor-top-section elementor-element elementor-element-dd61bcf elementor-section-boxed elementor-section-height-default elementor-section-height-default\" data-id=\"dd61bcf\" data-element_type=\"section\">\n\t\t\t\t\t\t<div class=\"elementor-container elementor-column-gap-default\">\n\t\t\t\t\t<div class=\"elementor-column elementor-col-100 elementor-top-column elementor-element elementor-element-936e90a\" data-id=\"936e90a\" data-element_type=\"column\">\n\t\t\t<div class=\"elementor-widget-wrap elementor-element-populated\">\n\t\t\t\t\t\t<div class=\"elementor-element elementor-element-6c275c4 elementor-widget elementor-widget-heading\" data-id=\"6c275c4\" data-element_type=\"widget\" data-widget_type=\"heading.default\">\n\t\t\t\t\t<h3 class=\"elementor-heading-title elementor-size-default\">Museo Maison de Victor Hugo en Paris\n<\/h3>\t\t\t\t<\/div>\n\t\t\t\t\t<\/div>\n\t\t<\/div>\n\t\t\t\t\t<\/div>\n\t\t<\/section>\n\t\t\t\t<section class=\"elementor-section elementor-top-section elementor-element elementor-element-ee38d75 elementor-section-boxed elementor-section-height-default elementor-section-height-default\" data-id=\"ee38d75\" data-element_type=\"section\">\n\t\t\t\t\t\t<div class=\"elementor-container elementor-column-gap-default\">\n\t\t\t\t\t<div class=\"elementor-column elementor-col-100 elementor-top-column elementor-element elementor-element-0c83dc5\" data-id=\"0c83dc5\" data-element_type=\"column\">\n\t\t\t<div class=\"elementor-widget-wrap elementor-element-populated\">\n\t\t\t\t\t\t<div class=\"elementor-element elementor-element-2996059 elementor-widget elementor-widget-text-editor\" data-id=\"2996059\" data-element_type=\"widget\" data-widget_type=\"text-editor.default\">\n\t\t\t\t\t\t\t\t\t<p><span style=\"font-weight: 400;\">Victor Hugo fue un escritor franc\u00e9s, autor de importantes obras como <\/span><b>Les Mis\u00e9rables y Notre-Dame de Par\u00eds.<\/b><span style=\"font-weight: 400;\"> Con una rica historia de la vida, una infancia marcada por grandes acontecimientos y una vida adulta rodeado de gente influyente y muchos amantes, Victor Hugo, escribi\u00f3 m\u00e1s de 30 libros y se convirti\u00f3 en uno de los grandes nombres del romanticismo franc\u00e9s.<\/span><\/p><p><span style=\"font-weight: 400;\">Con una personal, pol\u00edtica y emocional vida digna de un hombre y absolutamente \u00fanica, Victor Hugo, <\/span><b>tiene su vida expuesta en el Museo Maison de Victor Hugo en Par\u00eds, <\/b><span style=\"font-weight: 400;\">m\u00e1s exactamente en la Place des Vosges, el m\u00e1s antiguo de Par\u00eds, situado en la Rive Droite; donde Victor Hugo vivi\u00f3 mucho de su vida.<\/span><\/p><p><span style=\"font-weight: 400;\">El sitio expone todo el mobiliario utilizado en su momento por Victor Hugo, primeras ediciones de sus libros, m\u00e1s de 400 dibujos ejecutados por el escritor, obras de arte, y a\u00fan las plumas utilizan por Victor Hugo para escribir \u2013 Les Mis\u00e9rables. El primer piso est\u00e1 destinado a la exposici\u00f3n de los objetos y el segundo piso est\u00e1 la casa del escritor.<\/span><\/p><p><span style=\"font-weight: 400;\">Si estas en Par\u00eds, un paseo para no perderse para los amantes de la historia, arte, literatura y grandes biograf\u00edas de Victor Hugo.<\/span><\/p>\t\t\t\t\t\t\t\t<\/div>\n\t\t\t\t\t<\/div>\n\t\t<\/div>\n\t\t\t\t\t<\/div>\n\t\t<\/section>\n\t\t\t\t<section class=\"elementor-section elementor-top-section elementor-element elementor-element-f6f3fb5 elementor-section-boxed elementor-section-height-default elementor-section-height-default\" data-id=\"f6f3fb5\" data-element_type=\"section\">\n\t\t\t\t\t\t<div class=\"elementor-container elementor-column-gap-default\">\n\t\t\t\t\t<div class=\"elementor-column elementor-col-100 elementor-top-column elementor-element elementor-element-fda16cf\" data-id=\"fda16cf\" data-element_type=\"column\">\n\t\t\t<div class=\"elementor-widget-wrap elementor-element-populated\">\n\t\t\t\t\t\t<div class=\"elementor-element elementor-element-6b4176c elementor-widget elementor-widget-heading\" data-id=\"6b4176c\" data-element_type=\"widget\" data-widget_type=\"heading.default\">\n\t\t\t\t\t<h2 class=\"elementor-heading-title elementor-size-default\">Bares de moda en Par\u00eds\n<\/h2>\t\t\t\t<\/div>\n\t\t\t\t\t<\/div>\n\t\t<\/div>\n\t\t\t\t\t<\/div>\n\t\t<\/section>\n\t\t\t\t<section class=\"elementor-section elementor-top-section elementor-element elementor-element-3226e1b elementor-section-boxed elementor-section-height-default elementor-section-height-default\" data-id=\"3226e1b\" data-element_type=\"section\">\n\t\t\t\t\t\t<div class=\"elementor-container elementor-column-gap-default\">\n\t\t\t\t\t<div class=\"elementor-column elementor-col-100 elementor-top-column elementor-element elementor-element-99f24a5\" data-id=\"99f24a5\" data-element_type=\"column\">\n\t\t\t<div class=\"elementor-widget-wrap elementor-element-populated\">\n\t\t\t\t\t\t<div class=\"elementor-element elementor-element-356ead3 elementor-widget elementor-widget-text-editor\" data-id=\"356ead3\" data-element_type=\"widget\" data-widget_type=\"text-editor.default\">\n\t\t\t\t\t\t\t\t\t<p><span style=\"font-weight: 400;\">Dentro de este recorrido por Par\u00eds, no quer\u00edamos dejar de lado sus famosas cafeter\u00edas y bares, ya que las pasteler\u00edas y gastronom\u00eda francesa son extremadamente conocidas.\u00a0<\/span><\/p><p><span style=\"font-weight: 400;\">Lo primero y principal es<\/span><b> alejarse de la zona m\u00e1s tur\u00edstica.<\/b><span style=\"font-weight: 400;\"> As\u00ed pues, id hasta R\u00e9publique (es f\u00e1cil llegar, ya que la estaci\u00f3n de metro cuenta con varias l\u00edneas y est\u00e1 muy bien comunicada) y desde all\u00ed podr\u00e9is llegar andando tranquilamente al Canal St. Martin. La zona ha cambiado en los \u00faltimos a\u00f1os y ahora est\u00e1 llena de vida.<\/span><\/p><p><span style=\"font-weight: 400;\">Hoy en d\u00eda<\/span><b> permite respirar el romanticismo de Par\u00eds <\/b><span style=\"font-weight: 400;\">sin que esto afecte a los precios de las bebidas.<\/span><\/p>\t\t\t\t\t\t\t\t<\/div>\n\t\t\t\t\t<\/div>\n\t\t<\/div>\n\t\t\t\t\t<\/div>\n\t\t<\/section>\n\t\t\t\t<section class=\"elementor-section elementor-top-section elementor-element elementor-element-3ed293c elementor-section-boxed elementor-section-height-default elementor-section-height-default\" data-id=\"3ed293c\" data-element_type=\"section\">\n\t\t\t\t\t\t<div class=\"elementor-container elementor-column-gap-default\">\n\t\t\t\t\t<div class=\"elementor-column elementor-col-100 elementor-top-column elementor-element elementor-element-61417d6\" data-id=\"61417d6\" data-element_type=\"column\">\n\t\t\t<div class=\"elementor-widget-wrap elementor-element-populated\">\n\t\t\t\t\t\t<div class=\"elementor-element elementor-element-d3594f1 elementor-widget elementor-widget-heading\" data-id=\"d3594f1\" data-element_type=\"widget\" data-widget_type=\"heading.default\">\n\t\t\t\t\t<h3 class=\"elementor-heading-title elementor-size-default\">Chez Prune\n<\/h3>\t\t\t\t<\/div>\n\t\t\t\t\t<\/div>\n\t\t<\/div>\n\t\t\t\t\t<\/div>\n\t\t<\/section>\n\t\t\t\t<section class=\"elementor-section elementor-top-section elementor-element elementor-element-d504ce0 elementor-section-boxed elementor-section-height-default elementor-section-height-default\" data-id=\"d504ce0\" data-element_type=\"section\">\n\t\t\t\t\t\t<div class=\"elementor-container elementor-column-gap-default\">\n\t\t\t\t\t<div class=\"elementor-column elementor-col-100 elementor-top-column elementor-element elementor-element-386fc45\" data-id=\"386fc45\" data-element_type=\"column\">\n\t\t\t<div class=\"elementor-widget-wrap elementor-element-populated\">\n\t\t\t\t\t\t<div class=\"elementor-element elementor-element-7ad00b2 elementor-widget elementor-widget-text-editor\" data-id=\"7ad00b2\" data-element_type=\"widget\" data-widget_type=\"text-editor.default\">\n\t\t\t\t\t\t\t\t\t<p><span style=\"font-weight: 400;\">En primer lugar aconsejamos el <\/span><i><span style=\"font-weight: 400;\">Chez Prune <\/span><\/i><span style=\"font-weight: 400;\">(36 rue Beaurepaire \u2013 Quai Valmy 75010). Es ideal para tomar una copa por la tarde, desde la terraza con vistas al canal cuando cae el atardecer. En el interior, vidrieras y cer\u00e1mica crean una decoraci\u00f3n t\u00edpica de tiempos pasados\u2026<\/span><\/p>\t\t\t\t\t\t\t\t<\/div>\n\t\t\t\t\t<\/div>\n\t\t<\/div>\n\t\t\t\t\t<\/div>\n\t\t<\/section>\n\t\t\t\t<section class=\"elementor-section elementor-top-section elementor-element elementor-element-0e2f1ab elementor-section-boxed elementor-section-height-default elementor-section-height-default\" data-id=\"0e2f1ab\" data-element_type=\"section\">\n\t\t\t\t\t\t<div class=\"elementor-container elementor-column-gap-default\">\n\t\t\t\t\t<div class=\"elementor-column elementor-col-100 elementor-top-column elementor-element elementor-element-5ffbd7c\" data-id=\"5ffbd7c\" data-element_type=\"column\">\n\t\t\t<div class=\"elementor-widget-wrap elementor-element-populated\">\n\t\t\t\t\t\t<div class=\"elementor-element elementor-element-7f0f345 elementor-widget elementor-widget-heading\" data-id=\"7f0f345\" data-element_type=\"widget\" data-widget_type=\"heading.default\">\n\t\t\t\t\t<h3 class=\"elementor-heading-title elementor-size-default\">Le Point Eph\u00e9m\u00e8r\n<\/h3>\t\t\t\t<\/div>\n\t\t\t\t\t<\/div>\n\t\t<\/div>\n\t\t\t\t\t<\/div>\n\t\t<\/section>\n\t\t\t\t<section class=\"elementor-section elementor-top-section elementor-element elementor-element-0947b11 elementor-section-boxed elementor-section-height-default elementor-section-height-default\" data-id=\"0947b11\" data-element_type=\"section\">\n\t\t\t\t\t\t<div class=\"elementor-container elementor-column-gap-default\">\n\t\t\t\t\t<div class=\"elementor-column elementor-col-100 elementor-top-column elementor-element elementor-element-1b060af\" data-id=\"1b060af\" data-element_type=\"column\">\n\t\t\t<div class=\"elementor-widget-wrap elementor-element-populated\">\n\t\t\t\t\t\t<div class=\"elementor-element elementor-element-3874d83 elementor-widget elementor-widget-text-editor\" data-id=\"3874d83\" data-element_type=\"widget\" data-widget_type=\"text-editor.default\">\n\t\t\t\t\t\t\t\t\t<p><span style=\"font-weight: 400;\">Andando unos minutos junto al canal llegar\u00e9is a <\/span><i><span style=\"font-weight: 400;\">Le Point Eph\u00e9m\u00e8re<\/span><\/i><span style=\"font-weight: 400;\"> (200 quai de Valmy 75010). Este bar est\u00e1 ubicado en un edificio que comparte con la estaci\u00f3n de bomberos, \u00a1ni m\u00e1s ni menos! La principal caracter\u00edstica es que combina el arte y el entretenimiento; en el interior podr\u00e9is ver exposiciones fotogr\u00e1ficas y retrospectivas de j\u00f3venes artistas locales, y en ocasiones incluso hay conciertos de m\u00fasica en directo.<\/span><\/p>\t\t\t\t\t\t\t\t<\/div>\n\t\t\t\t\t<\/div>\n\t\t<\/div>\n\t\t\t\t\t<\/div>\n\t\t<\/section>\n\t\t\t\t<section class=\"elementor-section elementor-top-section elementor-element elementor-element-f0116aa elementor-section-boxed elementor-section-height-default elementor-section-height-default\" data-id=\"f0116aa\" data-element_type=\"section\">\n\t\t\t\t\t\t<div class=\"elementor-container elementor-column-gap-default\">\n\t\t\t\t\t<div class=\"elementor-column elementor-col-100 elementor-top-column elementor-element elementor-element-33c7467\" data-id=\"33c7467\" data-element_type=\"column\">\n\t\t\t<div class=\"elementor-widget-wrap elementor-element-populated\">\n\t\t\t\t\t\t<div class=\"elementor-element elementor-element-76ec156 elementor-widget elementor-widget-heading\" data-id=\"76ec156\" data-element_type=\"widget\" data-widget_type=\"heading.default\">\n\t\t\t\t\t<h3 class=\"elementor-heading-title elementor-size-default\">Bar Ourcq\n<\/h3>\t\t\t\t<\/div>\n\t\t\t\t\t<\/div>\n\t\t<\/div>\n\t\t\t\t\t<\/div>\n\t\t<\/section>\n\t\t\t\t<section class=\"elementor-section elementor-top-section elementor-element elementor-element-f0dbd49 elementor-section-boxed elementor-section-height-default elementor-section-height-default\" data-id=\"f0dbd49\" data-element_type=\"section\">\n\t\t\t\t\t\t<div class=\"elementor-container elementor-column-gap-default\">\n\t\t\t\t\t<div class=\"elementor-column elementor-col-100 elementor-top-column elementor-element elementor-element-5d92556\" data-id=\"5d92556\" data-element_type=\"column\">\n\t\t\t<div class=\"elementor-widget-wrap elementor-element-populated\">\n\t\t\t\t\t\t<div class=\"elementor-element elementor-element-32413f3 elementor-widget elementor-widget-text-editor\" data-id=\"32413f3\" data-element_type=\"widget\" data-widget_type=\"text-editor.default\">\n\t\t\t\t\t\t\t\t\t<p><span style=\"font-weight: 400;\">La tercera etapa de esta breve ronda de bares junto al canal termina en <\/span><i><span style=\"font-weight: 400;\">Bar Ourcq<\/span><\/i><span style=\"font-weight: 400;\"> (68 quai de la Loire 75019), que recibe el nombre del Canal de l\u2019Ourcq. Tardar\u00e9is unos 15 minutos andando desde el otro bar. Esta zona es un ejemplo perfecto de la multiculturalidad francesa, ya que aqu\u00ed diferentes culturas conviven y crean un ambiente creativo y estimulante.<\/span><\/p><p><span style=\"font-weight: 400;\">El local es bastante peque\u00f1o y a menudo en el interior hay sesiones de DJs. Sin embargo, el tama\u00f1o es muy limitado y, sobre todo cuando hace buen tiempo, la mayor\u00eda de gente compra su bebida y se sienta junto al canal.<\/span><\/p><p><span style=\"font-weight: 400;\">Hay muchos otros bares en Par\u00eds que os pueden interesar, pero estos tres son perfectos para hacer una peque\u00f1a ruta junto al canal, disfrutar de una copa al aire libre (si el tiempo lo permite), y todo sin tener que gastaros una fortuna.<\/span><\/p>\t\t\t\t\t\t\t\t<\/div>\n\t\t\t\t\t<\/div>\n\t\t<\/div>\n\t\t\t\t\t<\/div>\n\t\t<\/section>\n\t\t\t\t<section class=\"elementor-section elementor-top-section elementor-element elementor-element-4a0f1b06 elementor-section-boxed elementor-section-height-default elementor-section-height-default\" data-id=\"4a0f1b06\" data-element_type=\"section\">\n\t\t\t\t\t\t<div class=\"elementor-container elementor-column-gap-default\">\n\t\t\t\t\t<div class=\"elementor-column elementor-col-100 elementor-top-column elementor-element elementor-element-5256d8a5\" data-id=\"5256d8a5\" data-element_type=\"column\">\n\t\t\t<div class=\"elementor-widget-wrap elementor-element-populated\">\n\t\t\t\t\t\t<div class=\"elementor-element elementor-element-165cc98b elementor-widget elementor-widget-text-editor\" data-id=\"165cc98b\" data-element_type=\"widget\" data-widget_type=\"text-editor.default\">\n\t\t\t\t\t\t\t\t\t<h2><strong><em>5 Consejos a seguir al Viajar a Francia<\/em><\/strong><\/h2><p>Al viajar a este hermoso pa\u00eds, se deben tomar en cuenta una serie de datos importantes para saber a d\u00f3nde ir y c\u00f3mo ir. Adem\u00e1s de tener informaci\u00f3n importante al momento de realizar el viaje. 5 Consejos \u00fatiles pueden ser:<\/p><p><strong><em>1) Siempre dar Propina<\/em><\/strong><\/p><p>Para actuar de manera correcta con las personas que les facilitan un servicio, bien sea los camareros, los ayudantes de las maletas en los hoteles o las\/os meseras\/os en restaurantes, es bastante costumbre importante dejar una peque\u00f1a propina.<\/p><p><strong><em>2)\u00a0 Acudir a los museos temprano para ahorrar esperas<\/em><\/strong><\/p><p>Los museos, por ser la atracci\u00f3n caracter\u00edstica al visitar Francia, siempre estar\u00e1n llenos o con personas esperando para poder disfrutar de las artes que los mismos ofrecen, por ello es importante planificar el viaje a los mismos y acudir de manera temprana<\/p><p><strong><em>3) La mejor \u00e9poca para viajar a Francia es en Primavera<\/em><\/strong><\/p><p>La temporada en la cual m\u00e1s personas acuden a Francia por diversos motivos, resultan ser entre Julio y Agosto adem\u00e1s de Navidad, por ello es importante evitar \u00e9stas \u00e9pocas y viajar en otros meses.<\/p><p><strong><em>4) La seguridad es muy buena en Francia, pero conviene estar pendiente de los carteristas.<\/em><\/strong><\/p><p>Francia es un pa\u00eds bastante tranquilo y seguro, siempre se ver\u00e1n agentes de seguridad a cualquier lado que la persona se dirija, pero como en cualquier destino tur\u00edstico es importante estar al pendiente siempre de las pertenencias pues existen muchos carteristas que aprovechar\u00e1n cualquier despiste.<\/p><p><em>5) La moneda en Francia son los Euros y en casi todos los establecimientos se aceptan tarjetas de cr\u00e9dito.<\/em><\/p><p><strong><em>Francia, un pa\u00eds incre\u00edble a visitar<\/em><\/strong><\/p><p>Como pa\u00eds del viejo continente, resulta ser un pa\u00eds lleno de historia y de bastantes sitios de inter\u00e9s en materia de artes e historia general, sumado a la gran cultura gastron\u00f3mica que el pa\u00eds ofrece, por ello, este pa\u00eds es un pa\u00eds bastante recomendable a visitar y disfrutar.<\/p>\t\t\t\t\t\t\t\t<\/div>\n\t\t\t\t\t<\/div>\n\t\t<\/div>\n\t\t\t\t\t<\/div>\n\t\t<\/section>\n\t\t\t\t<section class=\"elementor-section elementor-top-section elementor-element elementor-element-1e76c19b elementor-section-boxed elementor-section-height-default elementor-section-height-default\" data-id=\"1e76c19b\" data-element_type=\"section\">\n\t\t\t\t\t\t<div class=\"elementor-container elementor-column-gap-custom\">\n\t\t\t\t\t<div class=\"elementor-column elementor-col-16 elementor-top-column elementor-element elementor-element-262610d0\" data-id=\"262610d0\" data-element_type=\"column\">\n\t\t\t<div class=\"elementor-widget-wrap elementor-element-populated\">\n\t\t\t\t\t\t<div class=\"elementor-element elementor-element-5aacb6c1 elementor-widget elementor-widget-image\" data-id=\"5aacb6c1\" data-element_type=\"widget\" data-widget_type=\"image.default\">\n\t\t\t\t\t\t\t\t\t\t\t\t\t\t\t<img decoding=\"async\" width=\"128\" height=\"128\" src=\"https:\/\/www.centraldevacaciones.com\/blog\/wp-content\/uploads\/2021\/05\/dom.png\" class=\"attachment-large size-large wp-image-12635\" alt=\"\" \/>\t\t\t\t\t\t\t\t\t\t\t\t\t\t\t<\/div>\n\t\t\t\t<div class=\"elementor-element elementor-element-5de1f6fb elementor-widget elementor-widget-heading\" data-id=\"5de1f6fb\" data-element_type=\"widget\" data-widget_type=\"heading.default\">\n\t\t\t\t\t<h3 class=\"elementor-heading-title elementor-size-default\"><a href=\"https:\/\/www.centraldevacaciones.com\/viajes\/\">Ofertas vacacionales<\/a><\/h3>\t\t\t\t<\/div>\n\t\t\t\t\t<\/div>\n\t\t<\/div>\n\t\t\t\t<div class=\"elementor-column elementor-col-16 elementor-top-column elementor-element elementor-element-34b99688\" data-id=\"34b99688\" data-element_type=\"column\">\n\t\t\t<div class=\"elementor-widget-wrap elementor-element-populated\">\n\t\t\t\t\t\t<div class=\"elementor-element elementor-element-1f817c7d elementor-widget elementor-widget-image\" data-id=\"1f817c7d\" data-element_type=\"widget\" data-widget_type=\"image.default\">\n\t\t\t\t\t\t\t\t\t\t\t\t\t\t\t<img decoding=\"async\" width=\"128\" height=\"128\" src=\"https:\/\/www.centraldevacaciones.com\/blog\/wp-content\/uploads\/2021\/05\/camas.png\" class=\"attachment-large size-large wp-image-12637\" alt=\"\" \/>\t\t\t\t\t\t\t\t\t\t\t\t\t\t\t<\/div>\n\t\t\t\t<div class=\"elementor-element elementor-element-3afb1dd2 elementor-widget elementor-widget-heading\" data-id=\"3afb1dd2\" data-element_type=\"widget\" data-widget_type=\"heading.default\">\n\t\t\t\t\t<h3 class=\"elementor-heading-title elementor-size-default\"><a href=\"https:\/\/www.centraldevacaciones.com\/blog\/hoteles-de-ciudad\/\">Ofertas hoteles<\/a><\/h3>\t\t\t\t<\/div>\n\t\t\t\t\t<\/div>\n\t\t<\/div>\n\t\t\t\t<div class=\"elementor-column elementor-col-16 elementor-top-column elementor-element elementor-element-2d995928\" data-id=\"2d995928\" data-element_type=\"column\">\n\t\t\t<div class=\"elementor-widget-wrap elementor-element-populated\">\n\t\t\t\t\t\t<div class=\"elementor-element elementor-element-1ff40f6 elementor-widget elementor-widget-image\" data-id=\"1ff40f6\" data-element_type=\"widget\" data-widget_type=\"image.default\">\n\t\t\t\t\t\t\t\t\t\t\t\t\t\t\t<img decoding=\"async\" width=\"128\" height=\"128\" src=\"https:\/\/www.centraldevacaciones.com\/blog\/wp-content\/uploads\/2021\/05\/avion-1.png\" class=\"attachment-large size-large wp-image-12639\" alt=\"\" \/>\t\t\t\t\t\t\t\t\t\t\t\t\t\t\t<\/div>\n\t\t\t\t<div class=\"elementor-element elementor-element-1a7b24f6 elementor-widget elementor-widget-heading\" data-id=\"1a7b24f6\" data-element_type=\"widget\" data-widget_type=\"heading.default\">\n\t\t\t\t\t<h3 class=\"elementor-heading-title elementor-size-default\"><a href=\"https:\/\/www.centraldevacaciones.com\/blog\/destinos-vacaciones\/\">Mejores destinos<\/a><\/h3>\t\t\t\t<\/div>\n\t\t\t\t\t<\/div>\n\t\t<\/div>\n\t\t\t\t<div class=\"elementor-column elementor-col-16 elementor-top-column elementor-element elementor-element-59e65daa\" data-id=\"59e65daa\" data-element_type=\"column\">\n\t\t\t<div class=\"elementor-widget-wrap elementor-element-populated\">\n\t\t\t\t\t\t<div class=\"elementor-element elementor-element-6ee346ba elementor-widget elementor-widget-image\" data-id=\"6ee346ba\" data-element_type=\"widget\" data-widget_type=\"image.default\">\n\t\t\t\t\t\t\t\t\t\t\t\t\t\t\t<img loading=\"lazy\" decoding=\"async\" width=\"128\" height=\"128\" src=\"https:\/\/www.centraldevacaciones.com\/blog\/wp-content\/uploads\/2021\/05\/cama-solar.png\" class=\"attachment-large size-large wp-image-12640\" alt=\"\" \/>\t\t\t\t\t\t\t\t\t\t\t\t\t\t\t<\/div>\n\t\t\t\t<div class=\"elementor-element elementor-element-61d70568 elementor-widget elementor-widget-heading\" data-id=\"61d70568\" data-element_type=\"widget\" data-widget_type=\"heading.default\">\n\t\t\t\t\t<h3 class=\"elementor-heading-title elementor-size-default\"><a href=\"https:\/\/www.centraldevacaciones.com\/blog\/ofertas-circuitos\/\">Circuitos vacacionales<\/a><\/h3>\t\t\t\t<\/div>\n\t\t\t\t\t<\/div>\n\t\t<\/div>\n\t\t\t\t<div class=\"elementor-column elementor-col-16 elementor-top-column elementor-element elementor-element-658a2dc0\" data-id=\"658a2dc0\" data-element_type=\"column\">\n\t\t\t<div class=\"elementor-widget-wrap elementor-element-populated\">\n\t\t\t\t\t\t<div class=\"elementor-element elementor-element-3603e701 elementor-widget elementor-widget-image\" data-id=\"3603e701\" data-element_type=\"widget\" data-widget_type=\"image.default\">\n\t\t\t\t\t\t\t\t\t\t\t\t\t\t\t<img loading=\"lazy\" decoding=\"async\" width=\"128\" height=\"128\" src=\"https:\/\/www.centraldevacaciones.com\/blog\/wp-content\/uploads\/2021\/05\/en-todo-el-mundo.png\" class=\"attachment-large size-large wp-image-12641\" alt=\"\" \/>\t\t\t\t\t\t\t\t\t\t\t\t\t\t\t<\/div>\n\t\t\t\t<div class=\"elementor-element elementor-element-b52c6e1 elementor-widget elementor-widget-heading\" data-id=\"b52c6e1\" data-element_type=\"widget\" data-widget_type=\"heading.default\">\n\t\t\t\t\t<h3 class=\"elementor-heading-title elementor-size-default\"><a href=\"https:\/\/www.centraldevacaciones.com\/blog\/vuelo-hotel\/\">Vuelo + hotel <\/a><\/h3>\t\t\t\t<\/div>\n\t\t\t\t\t<\/div>\n\t\t<\/div>\n\t\t\t\t<div class=\"elementor-column elementor-col-16 elementor-top-column elementor-element elementor-element-78e2f97d\" data-id=\"78e2f97d\" data-element_type=\"column\">\n\t\t\t<div class=\"elementor-widget-wrap elementor-element-populated\">\n\t\t\t\t\t\t<div class=\"elementor-element elementor-element-eccbcf4 elementor-widget elementor-widget-image\" data-id=\"eccbcf4\" data-element_type=\"widget\" data-widget_type=\"image.default\">\n\t\t\t\t\t\t\t\t\t\t\t\t\t\t\t<img loading=\"lazy\" decoding=\"async\" width=\"128\" height=\"128\" src=\"https:\/\/www.centraldevacaciones.com\/blog\/wp-content\/uploads\/2021\/05\/crucero.png\" class=\"attachment-large size-large wp-image-12642\" alt=\"\" \/>\t\t\t\t\t\t\t\t\t\t\t\t\t\t\t<\/div>\n\t\t\t\t<div class=\"elementor-element elementor-element-151ae4e5 elementor-widget elementor-widget-heading\" data-id=\"151ae4e5\" data-element_type=\"widget\" data-widget_type=\"heading.default\">\n\t\t\t\t\t<h3 class=\"elementor-heading-title elementor-size-default\"><a href=\"https:\/\/www.centraldevacaciones.com\/blog\/destinos-cruceros\/\">Ofertas  cruceros<\/a><\/h3>\t\t\t\t<\/div>\n\t\t\t\t\t<\/div>\n\t\t<\/div>\n\t\t\t\t\t<\/div>\n\t\t<\/section>\n\t\t\t\t<section class=\"elementor-section elementor-top-section elementor-element elementor-element-b52172c elementor-section-boxed elementor-section-height-default elementor-section-height-default\" data-id=\"b52172c\" data-element_type=\"section\">\n\t\t\t\t\t\t<div class=\"elementor-container elementor-column-gap-default\">\n\t\t\t\t\t<div class=\"elementor-column elementor-col-100 elementor-top-column elementor-element elementor-element-071171d\" data-id=\"071171d\" data-element_type=\"column\">\n\t\t\t<div class=\"elementor-widget-wrap elementor-element-populated\">\n\t\t\t\t\t\t<div class=\"elementor-element elementor-element-ad5f543 elementor-widget elementor-widget-text-editor\" data-id=\"ad5f543\" data-element_type=\"widget\" data-widget_type=\"text-editor.default\">\n\t\t\t\t\t\t\t\t\t<p><span style=\"font-weight: 400;\">\u00bfTe gustar\u00eda poder disfrutar este verano de unas vacaciones en tu lugar favorito con los extras m\u00e1s premium que mejor se adapten a ti y poder contar la experiencia a tus conocidos? Est\u00e1s en el sitio correcto, \u00a1Si\u00e9ntete como en casa desde el primer d\u00eda de estancia en cualquier hotel reservado con Central de Vacaciones!<\/span><\/p><p><span style=\"font-weight: 400;\">Haz tu reserva cuando quieras y a donde quieras, teniendo acceso a todo tipo de lujos para elegir y disfruta unos d\u00edas de verano inolvidables junto a las personas que m\u00e1s quieres. \u00a1Haz ya tu reserva antes de que se agote la disponibilidad a muchos destinos y disfruta de un verano espectacular cuando y donde quieras con Central de Vacaciones!<\/span><\/p>\t\t\t\t\t\t\t\t<\/div>\n\t\t\t\t\t<\/div>\n\t\t<\/div>\n\t\t\t\t\t<\/div>\n\t\t<\/section>\n\t\t\t\t<\/div>\n\t\t","protected":false},"excerpt":{"rendered":"<p>Previous Next Uno de los placeres que comparte cada persona del mundo es sin duda alguna viajar, pues, el ser humano por naturaleza tiene la necesidad de conocer lugares nuevos y experiencias diferentes. Y si el destino para viajar se trata de Francia, sin duda obtendr\u00e1s una experiencia que recordar\u00e1s durante mucho tiempo. Francia es [&hellip;]<\/p>\n","protected":false},"author":1,"featured_media":6211,"comment_status":"closed","ping_status":"open","sticky":false,"template":"elementor_theme","format":"standard","meta":{"_acf_changed":false,"footnotes":""},"categories":[208,193,206,195,17],"tags":[89,145],"class_list":["post-1386","post","type-post","status-publish","format-standard","has-post-thumbnail","hentry","category-ideas-escapadas","category-europa","category-ideas-viajes-lujo","category-rutas-por-europa","category-viajes-por-europa","tag-francia","tag-paris"],"acf":[],"_links":{"self":[{"href":"https:\/\/www.centraldevacaciones.com\/blog\/wp-json\/wp\/v2\/posts\/1386","targetHints":{"allow":["GET"]}}],"collection":[{"href":"https:\/\/www.centraldevacaciones.com\/blog\/wp-json\/wp\/v2\/posts"}],"about":[{"href":"https:\/\/www.centraldevacaciones.com\/blog\/wp-json\/wp\/v2\/types\/post"}],"author":[{"embeddable":true,"href":"https:\/\/www.centraldevacaciones.com\/blog\/wp-json\/wp\/v2\/users\/1"}],"replies":[{"embeddable":true,"href":"https:\/\/www.centraldevacaciones.com\/blog\/wp-json\/wp\/v2\/comments?post=1386"}],"version-history":[{"count":0,"href":"https:\/\/www.centraldevacaciones.com\/blog\/wp-json\/wp\/v2\/posts\/1386\/revisions"}],"wp:featuredmedia":[{"embeddable":true,"href":"https:\/\/www.centraldevacaciones.com\/blog\/wp-json\/wp\/v2\/media\/6211"}],"wp:attachment":[{"href":"https:\/\/www.centraldevacaciones.com\/blog\/wp-json\/wp\/v2\/media?parent=1386"}],"wp:term":[{"taxonomy":"category","embeddable":true,"href":"https:\/\/www.centraldevacaciones.com\/blog\/wp-json\/wp\/v2\/categories?post=1386"},{"taxonomy":"post_tag","embeddable":true,"href":"https:\/\/www.centraldevacaciones.com\/blog\/wp-json\/wp\/v2\/tags?post=1386"}],"curies":[{"name":"wp","href":"https:\/\/api.w.org\/{rel}","templated":true}]}}