{"id":1348,"date":"2014-11-11T10:54:33","date_gmt":"2014-11-11T09:54:33","guid":{"rendered":"http:\/\/www.centraldevacaciones.com\/opiniones\/?p=1348"},"modified":"2021-08-05T12:07:57","modified_gmt":"2021-08-05T10:07:57","slug":"las-maravillas-de-viena","status":"publish","type":"post","link":"https:\/\/www.centraldevacaciones.com\/blog\/las-maravillas-de-viena\/","title":{"rendered":"Las maravillas de Viena"},"content":{"rendered":"\t\t<div data-elementor-type=\"wp-post\" data-elementor-id=\"1348\" class=\"elementor elementor-1348\" data-elementor-post-type=\"post\">\n\t\t\t\t\t\t<section class=\"elementor-section elementor-top-section elementor-element elementor-element-51c4ec0d elementor-section-boxed elementor-section-height-default elementor-section-height-default\" data-id=\"51c4ec0d\" data-element_type=\"section\">\n\t\t\t\t\t\t<div class=\"elementor-container elementor-column-gap-default\">\n\t\t\t\t\t<div class=\"elementor-column elementor-col-100 elementor-top-column elementor-element elementor-element-4d3b10a4\" data-id=\"4d3b10a4\" data-element_type=\"column\">\n\t\t\t<div class=\"elementor-widget-wrap elementor-element-populated\">\n\t\t\t\t\t\t<div class=\"elementor-element elementor-element-616f54a1 elementor-widget elementor-widget-text-editor\" data-id=\"616f54a1\" data-element_type=\"widget\" data-widget_type=\"text-editor.default\">\n\t\t\t\t\t\t\t\t\t<strong> <\/strong>\n\n<strong> <\/strong>\n\n<strong> <\/strong>\n\n<strong> <\/strong>\n\n<strong>El <\/strong><strong> <\/strong><em><strong>Palacio<\/strong><\/em><strong> <\/strong><strong>de\u00a0<em>Sch\u00f6nbrunn<\/em><\/strong><strong> <\/strong>\n\n<em>Este palacio junto con los edificios de los alrededores y el enorme parque que le rodea es uno de los monumentos culturales m\u00e1s importantes de toda\u00a0 Austria.\u00a0Los gobernantes de Habsburgo los usaron como residencia durante el verano.\u00a0El emperador Francisco Jos\u00e9, naci\u00f3 en el palacio en 1830, y all\u00ed pas\u00f3 los \u00faltimos d\u00edas de su vida.\u00a0Debido a su importancia hist\u00f3rica, a su ubicaci\u00f3n y hermosos jardines, el palacio es uno de los lugares m\u00e1s bellos y visitado por turistas de Viena. <\/em><em> <\/em>\n\n<a href=\"http:\/\/www.centraldevacaciones.com\/opiniones\/wp-content\/uploads\/2014\/11\/palacio-schonbrunn-2.jpg\"><img fetchpriority=\"high\" decoding=\"async\" class=\"aligncenter size-medium wp-image-1350\" title=\"palacio-schonbrunn-2\" src=\"http:\/\/www.centraldevacaciones.com\/opiniones\/wp-content\/uploads\/2014\/11\/palacio-schonbrunn-2-300x199.jpg\" alt=\"\" width=\"300\" height=\"199\" srcset=\"https:\/\/www.centraldevacaciones.com\/blog\/wp-content\/uploads\/2014\/11\/palacio-schonbrunn-2-300x199.jpg 300w, https:\/\/www.centraldevacaciones.com\/blog\/wp-content\/uploads\/2014\/11\/palacio-schonbrunn-2-768x510.jpg 768w, https:\/\/www.centraldevacaciones.com\/blog\/wp-content\/uploads\/2014\/11\/palacio-schonbrunn-2.jpg 900w\" sizes=\"(max-width: 300px) 100vw, 300px\" \/><\/a>\n\n<em><strong>Tiergarten Sch\u00f6nbrunn<\/strong><\/em><em><strong> <\/strong><\/em>\n\n<em>Es el zool\u00f3gico m\u00e1s antiguo y de estilo barroco \u00fanico en el mundo.\u00a0Fue construido en 1760 y est\u00e1 situado en la parte sureste de la residencia de veraneo de los Habsburgo.\u00a0Si eres amante de los animales no debes irte de Viena sin visitar este magn\u00edfico rinc\u00f3n.<\/em><em> <\/em>\n\n<em><strong>Hofburg<\/strong><\/em><em><strong> <\/strong><\/em>\n\n<em>Fue un castillo medieval, pero hoy en d\u00eda es s\u00f3lo una capilla que recuerda a los turistas su pasado medieval.\u00a0Hofburg se present\u00f3 en su pasado como una magn\u00edfica residencia en el fortalecimiento del poder de los Habsburgo.\u00a0Por esta raz\u00f3n, en este castillo se pueden encontrar rastros de diferentes estilos arquitect\u00f3nicos.\u00a0Actualmente los grandes edificios del palacio son la Biblioteca Nacional, el Tesoro Imperial, la colecci\u00f3n de instrumentos musicales, la colecci\u00f3n de armas, el Museo Etnogr\u00e1fico y la Escuela Espa\u00f1ola de Equitaci\u00f3n.<\/em><em> <\/em>\n\n<em><strong>Catedral San Esteban <\/strong><\/em><em><strong> <\/strong><\/em>\n\n<em>Se encuentra en el centro de la ciudad y es considerada el coraz\u00f3n de Viena desde hace muchos siglos.\u00a0La catedral tiene dos caracter\u00edsticas que la diferencian de las dem\u00e1s, la enorme torre que la cobre y el gran techo que mide 140 metros. <\/em><em> <\/em>\n\n<em><strong>Escuela Espa\u00f1ola de Equitaci\u00f3n <\/strong><\/em><em><strong> <\/strong><\/em>\n\n<em>Esta escuela es la m\u00e1s antigua y la \u00faltima de su estilo en todo el mundo. En ella practican los entrenadores cl\u00e1sicos de equitaci\u00f3n por lo que si eres fan de este deporte no te pierdas los espect\u00e1culos gratuitos que se realizan en ella para los turistas. <\/em><em> <\/em>\n\n<em><strong>El bulevar del anillo <\/strong><\/em><em><strong> <\/strong><\/em>\n\n<em>Este bulevar mide alrededor de 4 km de largo y se encuentra el centro de la ciudad.\u00a0El dise\u00f1o del bulevar anillo fue creado por el emperador Francisco Jos\u00e9 en 1857.\u00a0La ceremonia de apertura de la avenida se llev\u00f3 a cabo ocho a\u00f1os m\u00e1s tarde.<\/em><em> <\/em>\n\n<em><strong>Palacio de Belvedere <\/strong><\/em><em><strong> <\/strong><\/em>\n\n<em>Este palacio y su arquitectura interior muestran un curioso estilo rococ\u00f3.\u00a0Este edificio cuenta con un museo de galer\u00eda y arte barroco con obras de artistas de los siglos 19 y 20. <\/em><em><\/em>\n\n<em><strong>Prater <\/strong><\/em><em><strong><\/strong><\/em>\n\n<em>Est\u00e1 situado en el centro de la ciudad y es ideal para caminar, montar en bicicleta, correr y otras formas de entretenimiento.\u00a0Las dos atracciones principales con las que cuenta son la enorme rueda de la fortuna de la que se puede presenciar una impresionante vista de toda Viena y la l\u00ednea de tren liliputiense que rodea todo el parque y ofrece servicio de transporte para los turistas.<\/em>\n\n<em><a href=\"http:\/\/www.centraldevacaciones.com\/opiniones\/wp-content\/uploads\/2014\/11\/Prater_vom_Riesenrad.jpg\"><img decoding=\"async\" class=\"aligncenter size-medium wp-image-1352\" title=\"Prater_vom_Riesenrad\" src=\"http:\/\/www.centraldevacaciones.com\/opiniones\/wp-content\/uploads\/2014\/11\/Prater_vom_Riesenrad-300x200.jpg\" alt=\"\" width=\"300\" height=\"200\" srcset=\"https:\/\/www.centraldevacaciones.com\/blog\/wp-content\/uploads\/2014\/11\/Prater_vom_Riesenrad-300x200.jpg 300w, https:\/\/www.centraldevacaciones.com\/blog\/wp-content\/uploads\/2014\/11\/Prater_vom_Riesenrad-768x512.jpg 768w, https:\/\/www.centraldevacaciones.com\/blog\/wp-content\/uploads\/2014\/11\/Prater_vom_Riesenrad-1024x683.jpg 1024w, https:\/\/www.centraldevacaciones.com\/blog\/wp-content\/uploads\/2014\/11\/Prater_vom_Riesenrad.jpg 1500w\" sizes=\"(max-width: 300px) 100vw, 300px\" \/><\/a>\n<\/em>\n\n<em><strong><\/strong><\/em>\n\n<em><strong> <\/strong><\/em>\n\n<em><strong> <\/strong><\/em>\n\n<em><strong> <\/strong><\/em>\n\n<em><strong> <\/strong><\/em>\n\n<em><strong>\u00d3pera de Viena <\/strong><\/em><em><strong><\/strong><\/em>\n\n<em>Este edificio fue construido entre 1861 y 1869.\u00a0La \u00f3pera de Viena tiene una gran reputaci\u00f3n y fama en todo el mundo debido a sus excelentes actuaciones y a la conocida mundialmente Orquesta Filarm\u00f3nica de Viena.<\/em><em><\/em>\n\n<em><strong>Teatro Nacional <\/strong><\/em><em><strong><\/strong><\/em>\n\n<em>El teatro es muy visitado por turistas de todos los rincones debido a sus obras dramat\u00fargicas brillantes y realistas con las que entretiene a p\u00fablicos de todas las edades. <\/em><em><\/em>\n\n<em><strong>Torre Danubio<\/strong><\/em><em><strong><\/strong><\/em>\n\n<em>La torre mide 352 metros de altura y fue construida en menos de 20 meses.\u00a0Mientras disfrutan de los magn\u00edficos paisajes y vistas, los turistas pueden visitar cualquiera de los restaurantes que hay all\u00ed aunque sus precios exceden los presupuestos de muchos visitantes.<\/em><em><\/em>\n\n<em><strong>River Island<\/strong><\/em><em><strong> <\/strong><\/em><em><strong><\/strong><\/em>\n\n<em>Es una isla qu\u00e9 est\u00e1 rodeada por el Danubio.\u00a0Mide unos 21 km de largo y 250 m de ancho.\u00a0En junio es la \u00e9poca en la que la isla recibe m\u00e1s visitantes ya que es famosa por la fiesta que se celebra ah\u00ed todos los a\u00f1os.<\/em>\n\n<em><a href=\"http:\/\/www.centraldevacaciones.com\/opiniones\/wp-content\/uploads\/2014\/11\/donau_nacht_wien3.jpg\"><img decoding=\"async\" class=\"aligncenter size-medium wp-image-1349\" title=\"donau_nacht_wien3\" src=\"http:\/\/www.centraldevacaciones.com\/opiniones\/wp-content\/uploads\/2014\/11\/donau_nacht_wien3-300x198.jpg\" alt=\"\" width=\"300\" height=\"198\" \/><\/a>\n<\/em>\t\t\t\t\t\t\t\t<\/div>\n\t\t\t\t\t<\/div>\n\t\t<\/div>\n\t\t\t\t\t<\/div>\n\t\t<\/section>\n\t\t\t\t<section class=\"elementor-section elementor-top-section elementor-element elementor-element-1e2d3b1d elementor-section-boxed elementor-section-height-default elementor-section-height-default\" data-id=\"1e2d3b1d\" data-element_type=\"section\">\n\t\t\t\t\t\t<div class=\"elementor-container elementor-column-gap-custom\">\n\t\t\t\t\t<div class=\"elementor-column elementor-col-16 elementor-top-column elementor-element elementor-element-78dd8167\" data-id=\"78dd8167\" data-element_type=\"column\">\n\t\t\t<div class=\"elementor-widget-wrap elementor-element-populated\">\n\t\t\t\t\t\t<div class=\"elementor-element elementor-element-7a8d0c6c elementor-widget elementor-widget-image\" data-id=\"7a8d0c6c\" data-element_type=\"widget\" data-widget_type=\"image.default\">\n\t\t\t\t\t\t\t\t\t\t\t\t\t\t\t<img loading=\"lazy\" decoding=\"async\" width=\"128\" height=\"128\" src=\"https:\/\/www.centraldevacaciones.com\/blog\/wp-content\/uploads\/2021\/05\/dom.png\" class=\"attachment-large size-large wp-image-12635\" alt=\"\" \/>\t\t\t\t\t\t\t\t\t\t\t\t\t\t\t<\/div>\n\t\t\t\t<div class=\"elementor-element elementor-element-2080e99f elementor-widget elementor-widget-heading\" data-id=\"2080e99f\" data-element_type=\"widget\" data-widget_type=\"heading.default\">\n\t\t\t\t\t<h3 class=\"elementor-heading-title elementor-size-default\"><a href=\"https:\/\/www.centraldevacaciones.com\/viajes\/\">Ofertas vacacionales<\/a><\/h3>\t\t\t\t<\/div>\n\t\t\t\t\t<\/div>\n\t\t<\/div>\n\t\t\t\t<div class=\"elementor-column elementor-col-16 elementor-top-column elementor-element elementor-element-2e2c4114\" data-id=\"2e2c4114\" data-element_type=\"column\">\n\t\t\t<div class=\"elementor-widget-wrap elementor-element-populated\">\n\t\t\t\t\t\t<div class=\"elementor-element elementor-element-458c47ad elementor-widget elementor-widget-image\" data-id=\"458c47ad\" data-element_type=\"widget\" data-widget_type=\"image.default\">\n\t\t\t\t\t\t\t\t\t\t\t\t\t\t\t<img loading=\"lazy\" decoding=\"async\" width=\"128\" height=\"128\" src=\"https:\/\/www.centraldevacaciones.com\/blog\/wp-content\/uploads\/2021\/05\/camas.png\" class=\"attachment-large size-large wp-image-12637\" alt=\"\" \/>\t\t\t\t\t\t\t\t\t\t\t\t\t\t\t<\/div>\n\t\t\t\t<div class=\"elementor-element elementor-element-1c23cd34 elementor-widget elementor-widget-heading\" data-id=\"1c23cd34\" data-element_type=\"widget\" data-widget_type=\"heading.default\">\n\t\t\t\t\t<h3 class=\"elementor-heading-title elementor-size-default\"><a href=\"https:\/\/www.centraldevacaciones.com\/blog\/hoteles-de-ciudad\/\">Ofertas hoteles<\/a><\/h3>\t\t\t\t<\/div>\n\t\t\t\t\t<\/div>\n\t\t<\/div>\n\t\t\t\t<div class=\"elementor-column elementor-col-16 elementor-top-column elementor-element elementor-element-7a52f80\" data-id=\"7a52f80\" data-element_type=\"column\">\n\t\t\t<div class=\"elementor-widget-wrap elementor-element-populated\">\n\t\t\t\t\t\t<div class=\"elementor-element elementor-element-3e7d08c8 elementor-widget elementor-widget-image\" data-id=\"3e7d08c8\" data-element_type=\"widget\" data-widget_type=\"image.default\">\n\t\t\t\t\t\t\t\t\t\t\t\t\t\t\t<img loading=\"lazy\" decoding=\"async\" width=\"128\" height=\"128\" src=\"https:\/\/www.centraldevacaciones.com\/blog\/wp-content\/uploads\/2021\/05\/avion-1.png\" class=\"attachment-large size-large wp-image-12639\" alt=\"\" \/>\t\t\t\t\t\t\t\t\t\t\t\t\t\t\t<\/div>\n\t\t\t\t<div class=\"elementor-element elementor-element-6b624f1b elementor-widget elementor-widget-heading\" data-id=\"6b624f1b\" data-element_type=\"widget\" data-widget_type=\"heading.default\">\n\t\t\t\t\t<h3 class=\"elementor-heading-title elementor-size-default\"><a href=\"https:\/\/www.centraldevacaciones.com\/blog\/destinos-vacaciones\/\">Mejores destinos<\/a><\/h3>\t\t\t\t<\/div>\n\t\t\t\t\t<\/div>\n\t\t<\/div>\n\t\t\t\t<div class=\"elementor-column elementor-col-16 elementor-top-column elementor-element elementor-element-6a4b5848\" data-id=\"6a4b5848\" data-element_type=\"column\">\n\t\t\t<div class=\"elementor-widget-wrap elementor-element-populated\">\n\t\t\t\t\t\t<div class=\"elementor-element elementor-element-3e02779d elementor-widget elementor-widget-image\" data-id=\"3e02779d\" data-element_type=\"widget\" data-widget_type=\"image.default\">\n\t\t\t\t\t\t\t\t\t\t\t\t\t\t\t<img loading=\"lazy\" decoding=\"async\" width=\"128\" height=\"128\" src=\"https:\/\/www.centraldevacaciones.com\/blog\/wp-content\/uploads\/2021\/05\/cama-solar.png\" class=\"attachment-large size-large wp-image-12640\" alt=\"\" \/>\t\t\t\t\t\t\t\t\t\t\t\t\t\t\t<\/div>\n\t\t\t\t<div class=\"elementor-element elementor-element-32b9e7f8 elementor-widget elementor-widget-heading\" data-id=\"32b9e7f8\" data-element_type=\"widget\" data-widget_type=\"heading.default\">\n\t\t\t\t\t<h3 class=\"elementor-heading-title elementor-size-default\"><a href=\"https:\/\/www.centraldevacaciones.com\/blog\/ofertas-circuitos\/\">Circuitos vacacionales<\/a><\/h3>\t\t\t\t<\/div>\n\t\t\t\t\t<\/div>\n\t\t<\/div>\n\t\t\t\t<div class=\"elementor-column elementor-col-16 elementor-top-column elementor-element elementor-element-32caa19b\" data-id=\"32caa19b\" data-element_type=\"column\">\n\t\t\t<div class=\"elementor-widget-wrap elementor-element-populated\">\n\t\t\t\t\t\t<div class=\"elementor-element elementor-element-2c284bc4 elementor-widget elementor-widget-image\" data-id=\"2c284bc4\" data-element_type=\"widget\" data-widget_type=\"image.default\">\n\t\t\t\t\t\t\t\t\t\t\t\t\t\t\t<img loading=\"lazy\" decoding=\"async\" width=\"128\" height=\"128\" src=\"https:\/\/www.centraldevacaciones.com\/blog\/wp-content\/uploads\/2021\/05\/en-todo-el-mundo.png\" class=\"attachment-large size-large wp-image-12641\" alt=\"\" \/>\t\t\t\t\t\t\t\t\t\t\t\t\t\t\t<\/div>\n\t\t\t\t<div class=\"elementor-element elementor-element-66d8e94f elementor-widget elementor-widget-heading\" data-id=\"66d8e94f\" data-element_type=\"widget\" data-widget_type=\"heading.default\">\n\t\t\t\t\t<h3 class=\"elementor-heading-title elementor-size-default\"><a href=\"https:\/\/www.centraldevacaciones.com\/blog\/vuelo-hotel\/\">Vuelo + hotel <\/a><\/h3>\t\t\t\t<\/div>\n\t\t\t\t\t<\/div>\n\t\t<\/div>\n\t\t\t\t<div class=\"elementor-column elementor-col-16 elementor-top-column elementor-element elementor-element-4d8f7c82\" data-id=\"4d8f7c82\" data-element_type=\"column\">\n\t\t\t<div class=\"elementor-widget-wrap elementor-element-populated\">\n\t\t\t\t\t\t<div class=\"elementor-element elementor-element-5a9ce355 elementor-widget elementor-widget-image\" data-id=\"5a9ce355\" data-element_type=\"widget\" data-widget_type=\"image.default\">\n\t\t\t\t\t\t\t\t\t\t\t\t\t\t\t<img loading=\"lazy\" decoding=\"async\" width=\"128\" height=\"128\" src=\"https:\/\/www.centraldevacaciones.com\/blog\/wp-content\/uploads\/2021\/05\/crucero.png\" class=\"attachment-large size-large wp-image-12642\" alt=\"\" \/>\t\t\t\t\t\t\t\t\t\t\t\t\t\t\t<\/div>\n\t\t\t\t<div class=\"elementor-element elementor-element-31a82ead elementor-widget elementor-widget-heading\" data-id=\"31a82ead\" data-element_type=\"widget\" data-widget_type=\"heading.default\">\n\t\t\t\t\t<h3 class=\"elementor-heading-title elementor-size-default\"><a href=\"https:\/\/www.centraldevacaciones.com\/blog\/destinos-cruceros\/\">Ofertas  cruceros<\/a><\/h3>\t\t\t\t<\/div>\n\t\t\t\t\t<\/div>\n\t\t<\/div>\n\t\t\t\t\t<\/div>\n\t\t<\/section>\n\t\t\t\t<section class=\"elementor-section elementor-top-section elementor-element elementor-element-652285b elementor-section-boxed elementor-section-height-default elementor-section-height-default\" data-id=\"652285b\" data-element_type=\"section\">\n\t\t\t\t\t\t<div class=\"elementor-container elementor-column-gap-default\">\n\t\t\t\t\t<div class=\"elementor-column elementor-col-100 elementor-top-column elementor-element elementor-element-30380b7\" data-id=\"30380b7\" data-element_type=\"column\">\n\t\t\t<div class=\"elementor-widget-wrap elementor-element-populated\">\n\t\t\t\t\t\t<div class=\"elementor-element elementor-element-1cc43c9 elementor-widget elementor-widget-text-editor\" data-id=\"1cc43c9\" data-element_type=\"widget\" data-widget_type=\"text-editor.default\">\n\t\t\t\t\t\t\t\t\t<p><span style=\"font-weight: 400;\">\u00bfTe gustar\u00eda poder disfrutar este verano de unas vacaciones en tu lugar favorito con los extras m\u00e1s premium que mejor se adapten a ti y poder contar la experiencia a tus conocidos? Est\u00e1s en el sitio correcto, \u00a1Si\u00e9ntete como en casa desde el primer d\u00eda de estancia en cualquier hotel reservado con Central de Vacaciones!<\/span><\/p><p><span style=\"font-weight: 400;\">Haz tu reserva cuando quieras y a donde quieras, teniendo acceso a todo tipo de lujos para elegir y disfruta unos d\u00edas de verano inolvidables junto a las personas que m\u00e1s quieres. \u00a1Haz ya tu reserva antes de que se agote la disponibilidad a muchos destinos y disfruta de un verano espectacular cuando y donde quieras con Central de Vacaciones!<\/span><\/p>\t\t\t\t\t\t\t\t<\/div>\n\t\t\t\t\t<\/div>\n\t\t<\/div>\n\t\t\t\t\t<\/div>\n\t\t<\/section>\n\t\t\t\t<\/div>\n\t\t","protected":false},"excerpt":{"rendered":"<p>El Palacio de\u00a0Sch\u00f6nbrunn Este palacio junto con los edificios de los alrededores y el enorme parque que le rodea es uno de los monumentos culturales m\u00e1s importantes de toda\u00a0 Austria.\u00a0Los gobernantes de Habsburgo los usaron como residencia durante el verano.\u00a0El emperador Francisco Jos\u00e9, naci\u00f3 en el palacio en 1830, y all\u00ed pas\u00f3 los \u00faltimos d\u00edas [&hellip;]<\/p>\n","protected":false},"author":1,"featured_media":0,"comment_status":"closed","ping_status":"open","sticky":false,"template":"elementor_theme","format":"standard","meta":{"_acf_changed":false,"footnotes":""},"categories":[193,208,207,203,205,195,1,17],"tags":[],"class_list":["post-1348","post","type-post","status-publish","format-standard","hentry","category-europa","category-ideas-escapadas","category-ideas-viajes-invierno","category-ideas-viajes-de-novios","category-ideas-viajes-low-cost","category-rutas-por-europa","category-vacaciones","category-viajes-por-europa"],"acf":[],"_links":{"self":[{"href":"https:\/\/www.centraldevacaciones.com\/blog\/wp-json\/wp\/v2\/posts\/1348","targetHints":{"allow":["GET"]}}],"collection":[{"href":"https:\/\/www.centraldevacaciones.com\/blog\/wp-json\/wp\/v2\/posts"}],"about":[{"href":"https:\/\/www.centraldevacaciones.com\/blog\/wp-json\/wp\/v2\/types\/post"}],"author":[{"embeddable":true,"href":"https:\/\/www.centraldevacaciones.com\/blog\/wp-json\/wp\/v2\/users\/1"}],"replies":[{"embeddable":true,"href":"https:\/\/www.centraldevacaciones.com\/blog\/wp-json\/wp\/v2\/comments?post=1348"}],"version-history":[{"count":0,"href":"https:\/\/www.centraldevacaciones.com\/blog\/wp-json\/wp\/v2\/posts\/1348\/revisions"}],"wp:attachment":[{"href":"https:\/\/www.centraldevacaciones.com\/blog\/wp-json\/wp\/v2\/media?parent=1348"}],"wp:term":[{"taxonomy":"category","embeddable":true,"href":"https:\/\/www.centraldevacaciones.com\/blog\/wp-json\/wp\/v2\/categories?post=1348"},{"taxonomy":"post_tag","embeddable":true,"href":"https:\/\/www.centraldevacaciones.com\/blog\/wp-json\/wp\/v2\/tags?post=1348"}],"curies":[{"name":"wp","href":"https:\/\/api.w.org\/{rel}","templated":true}]}}