{"id":133433,"date":"2023-06-20T12:46:45","date_gmt":"2023-06-20T10:46:45","guid":{"rendered":"https:\/\/www.centraldevacaciones.com\/blog\/?p=133433"},"modified":"2024-04-10T17:02:48","modified_gmt":"2024-04-10T15:02:48","slug":"mejores-destinos-de-playa-para-tus-vacaciones","status":"publish","type":"post","link":"https:\/\/www.centraldevacaciones.com\/blog\/mejores-destinos-de-playa-para-tus-vacaciones\/","title":{"rendered":"Mejores destinos de playa para tus vacaciones"},"content":{"rendered":"\n\n\n<p style=\"font-size:14px\">Tanto el turismo nacional como internacional valora Espa\u00f1a como uno de los mejores destinos de playa del mundo\u2026 y no es para menos. Desde la costa mediterr\u00e1nea hasta el norte, pasando por las islas, siempre son un fijo a la hora de planificar las vacaciones.<\/p>\n\n\n\n<p style=\"font-size:14px\">No hay una \u00abmejor playa\u00bb por dos motivos: no podemos quedarnos solo con una y, seg\u00fan c\u00f3mo seas, preferir\u00e1s una u otra. Y es que mientras algunos necesitan la arena para disfrutar de la playa, otros buscan poder hacer deportes acu\u00e1ticos, priorizan el entorno o prefieren aguas c\u00e1lidas.<\/p>\n\n\n\n<p style=\"font-size:14px\">Seas del tipo que seas, en este art\u00edculo tienes una selecci\u00f3n con los mejores destinos de playa de Espa\u00f1a donde te contamos todo lo que necesitas saber de cada uno de ellos.<\/p>\n\n\n\n<h2 class=\"wp-block-heading\">Benidorm, Playa del Levante<\/h2>\n\n\n\n<p style=\"font-size:14px\">Benidorm todav\u00eda es uno de los <strong>destinos de playa m\u00e1s visitados de Espa\u00f1a.<\/strong> Hace a\u00f1os se convirti\u00f3 en un ejemplo de turismo de masas y una especie de clich\u00e9, pero ha sabido adaptarse a los tiempos y ofrece un ambiente con todo lo que necesitan unas buenas vacaciones.<\/p>\n\n\n\n<p style=\"font-size:14px\"><strong>La playa de Levante<\/strong> es la m\u00e1s popular y en su paseo mar\u00edtimo encontrar\u00e1s <strong>restaurantes, bares, cafeter\u00edas y hoteles.<\/strong> No muy lejos de all\u00ed tambi\u00e9n encontrar\u00e1s la <strong>playa de Poniente<\/strong>, uno de los principales reclamos tur\u00edsticos de la Costa Blanca.<\/p>\n\n\n\n<p style=\"font-size:14px\">Eso s\u00ed, Benidorm es m\u00e1s que playa y fiesta. Contempla la ciudad y sus atardeceres desde el <strong>mirador de la Cruz o el llamado Balc\u00f3n del Mediterr\u00e1neo<\/strong>, situado sobre los restos del antiguo castillo. O alquila un coche para recorrer los alrededores. A pocos kil\u00f3metros de Benidorm hay fant\u00e1sticos sitios para practicar senderismo, como la Sierra del Bernia, Serra Gelada o el Puig Campana. Y en calas como la de <strong>Finestrat, la del T\u00edo Ximo o la de la Almadraba<\/strong> tienes alternativa perfectas a las playas grandes y concurridas.<\/p>\n\n\n\n<figure class=\"wp-block-image aligncenter size-full\"><img fetchpriority=\"high\" decoding=\"async\" width=\"768\" height=\"432\" src=\"https:\/\/www.centraldevacaciones.com\/blog\/wp-content\/uploads\/2023\/06\/playa-benidorm-768x432-1.jpg\" alt=\"\" class=\"wp-image-133438\" srcset=\"https:\/\/www.centraldevacaciones.com\/blog\/wp-content\/uploads\/2023\/06\/playa-benidorm-768x432-1.jpg 768w, https:\/\/www.centraldevacaciones.com\/blog\/wp-content\/uploads\/2023\/06\/playa-benidorm-768x432-1-300x169.jpg 300w\" sizes=\"(max-width: 768px) 100vw, 768px\" \/><\/figure>\n\n\n\n<p><\/p>\n\n\n\n<h2 class=\"wp-block-heading\">Calpe, Playa de la Fossa<\/h2>\n\n\n\n<p style=\"font-size:14px\">Seguimos en Alicante. Aguas tranquilas,<strong> ambiente familiar y una ubicaci\u00f3n \u00fanica<\/strong> bajo el mism\u00edsimo pe\u00f1\u00f3n de Ifach. Esto nos da una panor\u00e1mica muy bonita, donde mar y monta\u00f1a se encuentran (tus fotos aqu\u00ed valdr\u00e1n oro). El acceso a la playa es muy f\u00e1cil y en los alrededores encontrar\u00e1s mucho sitio para aparcar sin pagar.<\/p>\n\n\n\n<p style=\"font-size:14px\">Adem\u00e1s de esta playa, Calpe cuenta con 13 kil\u00f3metros de playa en los que combinar ambientes m\u00e1s familiares con calas para perderse. Y por supuesto, el pe\u00f1\u00f3n de Ifach y su parque natural te dar\u00e1 la opci\u00f3n de hacer senderismo (el esfuerzo vale la pena, ya lo ver\u00e1s).<\/p>\n\n\n\n<p style=\"font-size:14px\"><\/p>\n\n\n\n<figure class=\"wp-block-image size-large\"><img decoding=\"async\" width=\"1024\" height=\"512\" src=\"https:\/\/www.centraldevacaciones.com\/blog\/wp-content\/uploads\/2023\/06\/jcr_content-1024x512.jpg\" alt=\"\" class=\"wp-image-133440\" srcset=\"https:\/\/www.centraldevacaciones.com\/blog\/wp-content\/uploads\/2023\/06\/jcr_content-1024x512.jpg 1024w, https:\/\/www.centraldevacaciones.com\/blog\/wp-content\/uploads\/2023\/06\/jcr_content-300x150.jpg 300w, https:\/\/www.centraldevacaciones.com\/blog\/wp-content\/uploads\/2023\/06\/jcr_content-768x384.jpg 768w, https:\/\/www.centraldevacaciones.com\/blog\/wp-content\/uploads\/2023\/06\/jcr_content-1536x768.jpg 1536w, https:\/\/www.centraldevacaciones.com\/blog\/wp-content\/uploads\/2023\/06\/jcr_content.jpg 1600w\" sizes=\"(max-width: 1024px) 100vw, 1024px\" \/><\/figure>\n\n\n\n<p><\/p>\n\n\n\n<h2 class=\"wp-block-heading\">Tenerife, Playa de Benijo<\/h2>\n\n\n\n<p style=\"font-size:14px\">Salimos de la pen\u00ednsula para irnos al norte de Tenerife, en las <strong>Islas Canarias<\/strong>. Probablemente, tenga la arena m\u00e1s fotog\u00e9nica del pa\u00eds, que a diferencia de las arenas blancas o doradas, es negra. Alejada de cualquier pueblo o ciudad, aqu\u00ed e<strong>ncontrar\u00e1s esa paz que tanto se busca en ciertos momentos del verano.<\/strong><\/p>\n\n\n\n<p style=\"font-size:14px\">Para llegar a ella tendr\u00e1s que recorrer una carretera cuyo paisaje es digno de admirar, con vistas tanto al oc\u00e9ano Atl\u00e1ntico como a la vegetaci\u00f3n local.<\/p>\n\n\n\n<figure class=\"wp-block-image aligncenter size-large\"><img decoding=\"async\" width=\"1024\" height=\"597\" src=\"https:\/\/www.centraldevacaciones.com\/blog\/wp-content\/uploads\/2023\/06\/portada1-1024x597.png\" alt=\"\" class=\"wp-image-133441\" srcset=\"https:\/\/www.centraldevacaciones.com\/blog\/wp-content\/uploads\/2023\/06\/portada1-1024x597.png 1024w, https:\/\/www.centraldevacaciones.com\/blog\/wp-content\/uploads\/2023\/06\/portada1-300x175.png 300w, https:\/\/www.centraldevacaciones.com\/blog\/wp-content\/uploads\/2023\/06\/portada1-768x448.png 768w, https:\/\/www.centraldevacaciones.com\/blog\/wp-content\/uploads\/2023\/06\/portada1.png 1200w\" sizes=\"(max-width: 1024px) 100vw, 1024px\" \/><\/figure>\n\n\n\n<p><\/p>\n\n\n\n<h2 class=\"wp-block-heading\">Palma de Mallorca, Cal\u00f3 des Moro<\/h2>\n\n\n\n<p style=\"font-size:14px\">Palma de Mallorca lo tiene todo como destino de vacaciones: algunas de las mejores playas de Espa\u00f1a, una gran oferta de ocio, buen ambiente nocturno y un casco antiguo repleto de rincones hist\u00f3rico-culturales. Un solo d\u00eda en Palma puede ser de lo m\u00e1s variado.<\/p>\n\n\n\n<p style=\"font-size:14px\">Aunque tiene playas mundialmente conocidas (como Cala Mayor o Can Pere Antoni), en este art\u00edculo queremos destacar Cal\u00f2 des Moro, una peque\u00f1a cala con un acceso algo complicado (hay que seguir un sendero para entrar), pero que merece la pena. Su arena fina y su agua calmada te har\u00e1 querer ir una y otra vez.<\/p>\n\n\n\n<figure class=\"wp-block-image aligncenter size-large\"><img loading=\"lazy\" decoding=\"async\" width=\"1024\" height=\"680\" src=\"https:\/\/www.centraldevacaciones.com\/blog\/wp-content\/uploads\/2023\/06\/1200px-View_of_the_bay_at_Calo_des_Moro_Mallorca_Spain_23899506181-1024x680.jpg\" alt=\"\" class=\"wp-image-133442\" srcset=\"https:\/\/www.centraldevacaciones.com\/blog\/wp-content\/uploads\/2023\/06\/1200px-View_of_the_bay_at_Calo_des_Moro_Mallorca_Spain_23899506181-1024x680.jpg 1024w, https:\/\/www.centraldevacaciones.com\/blog\/wp-content\/uploads\/2023\/06\/1200px-View_of_the_bay_at_Calo_des_Moro_Mallorca_Spain_23899506181-300x199.jpg 300w, https:\/\/www.centraldevacaciones.com\/blog\/wp-content\/uploads\/2023\/06\/1200px-View_of_the_bay_at_Calo_des_Moro_Mallorca_Spain_23899506181-768x510.jpg 768w, https:\/\/www.centraldevacaciones.com\/blog\/wp-content\/uploads\/2023\/06\/1200px-View_of_the_bay_at_Calo_des_Moro_Mallorca_Spain_23899506181.jpg 1200w\" sizes=\"(max-width: 1024px) 100vw, 1024px\" \/><\/figure>\n\n\n\n<p><\/p>\n\n\n\n<h2 class=\"wp-block-heading\">Noja, Playa de Trengand\u00edn<\/h2>\n\n\n\n<p style=\"font-size:14px\">Subimos al norte para ir a <strong>Cantabria <\/strong>y hablar de la playa de Trengad\u00edn. Aqu\u00ed encontrar\u00e1s arena fina y un ambiente tranquilo gracias a sus m\u00e1s de tres kil\u00f3metros de longitud, que evitan las aglomeraciones.<\/p>\n\n\n\n<p style=\"font-size:14px\">Si al visitar Trengad\u00edn te quedan ganas de m\u00e1s, puedes explorar los verdes de Cantabria, sus montes (Mijedo y Brusco est\u00e1n a apenas unos minutos) y probar toda su gastronom\u00eda.<\/p>\n\n\n\n<figure class=\"wp-block-image aligncenter size-large\"><img loading=\"lazy\" decoding=\"async\" width=\"1620\" height=\"911\" src=\"https:\/\/www.centraldevacaciones.com\/blog\/wp-content\/uploads\/2023\/06\/maravillas-de-cantabria-fd4deb92-6cac-4f43-9675-e489d2439687-edited.jpg\" alt=\"\" class=\"wp-image-133445\" srcset=\"https:\/\/www.centraldevacaciones.com\/blog\/wp-content\/uploads\/2023\/06\/maravillas-de-cantabria-fd4deb92-6cac-4f43-9675-e489d2439687-edited.jpg 1620w, https:\/\/www.centraldevacaciones.com\/blog\/wp-content\/uploads\/2023\/06\/maravillas-de-cantabria-fd4deb92-6cac-4f43-9675-e489d2439687-edited-300x169.jpg 300w, https:\/\/www.centraldevacaciones.com\/blog\/wp-content\/uploads\/2023\/06\/maravillas-de-cantabria-fd4deb92-6cac-4f43-9675-e489d2439687-edited-1024x576.jpg 1024w, https:\/\/www.centraldevacaciones.com\/blog\/wp-content\/uploads\/2023\/06\/maravillas-de-cantabria-fd4deb92-6cac-4f43-9675-e489d2439687-edited-768x432.jpg 768w, https:\/\/www.centraldevacaciones.com\/blog\/wp-content\/uploads\/2023\/06\/maravillas-de-cantabria-fd4deb92-6cac-4f43-9675-e489d2439687-edited-1536x864.jpg 1536w\" sizes=\"(max-width: 1620px) 100vw, 1620px\" \/><\/figure>\n\n\n\n<p><\/p>\n\n\n\n<h2 class=\"wp-block-heading\">Girona, Playas de Begur<\/h2>\n\n\n\n<p style=\"font-size:14px\">Barcelona es a\u00f1o tras a\u00f1o la ciudad m\u00e1s visitada de Espa\u00f1a. La Sagrada Familia, el Parc G\u00fcell, sus catedrales, el barrio g\u00f3tico, el Museo Picasso, el MACBA y por supuesto toda la vida diurna y nocturna son sus principales atractivos.<\/p>\n\n\n\n<p style=\"font-size:14px\">\u00bfY la playa? En la propia ciudad est\u00e1 La Barceloneta, una playa integrada y donde siempre encontrar\u00e1s muchas actividades para hacer. Pero si de verdad quieres disfrutar de un destino de playa de ensue\u00f1o, tendr\u00e1s que subir al coche y conducir. En la Costa Brava, a menos de dos horas de Barcelona, encuentras Begur. Un paisaje t\u00edpicamente mediterr\u00e1neo y donde relajarte en peque\u00f1as calas con aguas turquesa. <\/p>\n\n\n\n<figure class=\"wp-block-image aligncenter size-full\"><img loading=\"lazy\" decoding=\"async\" width=\"768\" height=\"512\" src=\"https:\/\/www.centraldevacaciones.com\/blog\/wp-content\/uploads\/2023\/06\/playas_de_begur_girona-768x512-1.jpg\" alt=\"\" class=\"wp-image-133446\" srcset=\"https:\/\/www.centraldevacaciones.com\/blog\/wp-content\/uploads\/2023\/06\/playas_de_begur_girona-768x512-1.jpg 768w, https:\/\/www.centraldevacaciones.com\/blog\/wp-content\/uploads\/2023\/06\/playas_de_begur_girona-768x512-1-300x200.jpg 300w\" sizes=\"(max-width: 768px) 100vw, 768px\" \/><\/figure>\n\n\n\n<p><\/p>\n\n\n\n<h2 class=\"wp-block-heading\">Menorca, Cala Macarella y Macarelleta<\/h2>\n\n\n\n<p style=\"font-size:14px\">Mientras la mayor\u00eda de miradas internacionales se dirigen a Mallorca e Ibiza, Menorca esconde aut\u00e9nticos tesoros. Las calas Macarella y Macarelleta, ubicadas en la parte sudoeste de la isla, solo son accesibles en barco o a pie y combinan sus aguas claras y sus partes de arena con acantilados.<\/p>\n\n\n\n<p style=\"font-size:14px\">Menorca ofrece muchas playas de este estilo y suelen estar menos copadas que las de sus vecinas Mallorca, Formentera e Ibiza.<\/p>\n\n\n\n<figure class=\"wp-block-image aligncenter size-large\"><img loading=\"lazy\" decoding=\"async\" width=\"1024\" height=\"673\" src=\"https:\/\/www.centraldevacaciones.com\/blog\/wp-content\/uploads\/2023\/06\/Mirador-3-de-Macarella-Vistas-a-Macarelleta-1024x673.jpg\" alt=\"\" class=\"wp-image-133447\" srcset=\"https:\/\/www.centraldevacaciones.com\/blog\/wp-content\/uploads\/2023\/06\/Mirador-3-de-Macarella-Vistas-a-Macarelleta-1024x673.jpg 1024w, https:\/\/www.centraldevacaciones.com\/blog\/wp-content\/uploads\/2023\/06\/Mirador-3-de-Macarella-Vistas-a-Macarelleta-300x197.jpg 300w, https:\/\/www.centraldevacaciones.com\/blog\/wp-content\/uploads\/2023\/06\/Mirador-3-de-Macarella-Vistas-a-Macarelleta-768x504.jpg 768w, https:\/\/www.centraldevacaciones.com\/blog\/wp-content\/uploads\/2023\/06\/Mirador-3-de-Macarella-Vistas-a-Macarelleta-1536x1009.jpg 1536w, https:\/\/www.centraldevacaciones.com\/blog\/wp-content\/uploads\/2023\/06\/Mirador-3-de-Macarella-Vistas-a-Macarelleta-2048x1345.jpg 2048w\" sizes=\"(max-width: 1024px) 100vw, 1024px\" \/><\/figure>\n\n\n\n<p><\/p>\n\n\n\n<h2 class=\"wp-block-heading\">Almer\u00eda, Playa de los Muertos<\/h2>\n\n\n\n<p style=\"font-size:14px\">El Cabo de Gata es un parque natural llevo de playas, pueblecitos costeros, naturaleza y calas. Cada vez est\u00e1 m\u00e1s moda y son m\u00e1s las personas que lo visitan. Como estamos hablando de playas, aqu\u00ed hay que destacar la playa de los Muertos. Un kil\u00f3metro de piedras peque\u00f1as, aguas turquesas y aislada gracias a un sendero que lleva a ella.<\/p>\n\n\n\n<p style=\"font-size:14px\">Cuando te hayas cansado de la playa (si es que esto puede pasar), podr\u00e1s recorrer el resto del parque y hacer fotos incre\u00edbles desde alguno de sus miradores.<\/p>\n\n\n\n<figure class=\"wp-block-image aligncenter size-large\"><img loading=\"lazy\" decoding=\"async\" width=\"1024\" height=\"576\" src=\"https:\/\/www.centraldevacaciones.com\/blog\/wp-content\/uploads\/2023\/06\/Playa-de-los-Muertos-1024x576.jpg\" alt=\"\" class=\"wp-image-133449\" srcset=\"https:\/\/www.centraldevacaciones.com\/blog\/wp-content\/uploads\/2023\/06\/Playa-de-los-Muertos-1024x576.jpg 1024w, https:\/\/www.centraldevacaciones.com\/blog\/wp-content\/uploads\/2023\/06\/Playa-de-los-Muertos-300x169.jpg 300w, https:\/\/www.centraldevacaciones.com\/blog\/wp-content\/uploads\/2023\/06\/Playa-de-los-Muertos-768x432.jpg 768w, https:\/\/www.centraldevacaciones.com\/blog\/wp-content\/uploads\/2023\/06\/Playa-de-los-Muertos-1536x864.jpg 1536w, https:\/\/www.centraldevacaciones.com\/blog\/wp-content\/uploads\/2023\/06\/Playa-de-los-Muertos-2048x1152.jpg 2048w\" sizes=\"(max-width: 1024px) 100vw, 1024px\" \/><\/figure>\n\n\n\n<p><\/p>\n\n\n\n<h2 class=\"wp-block-heading\">Tenerife, Playa de las Teresitas<\/h2>\n\n\n\n<p style=\"font-size:14px\">Tenerife tiene tantos y tan variados atractivos tur\u00edsticos que no nos extra\u00f1a que la isla canaria aparezca en esta lista dos veces. En Santa Cruz puedes dar un tranquilo paseo por la Rambla, contemplar el impresionante edificio del Auditorio de Tenerife y visitar el bullicioso Mercado Municipal de Nuestra Se\u00f1ora de \u00c1frica.<\/p>\n\n\n\n<p style=\"font-size:14px\">Santa Cruz es, adem\u00e1s, la base perfecta para descubrir el norte de la isla y sus playas. La de Las Teresitas, ubicada a unos 9 kil\u00f3metros al norte, se considera la playa urbana de la ciudad y es una de las m\u00e1s tur\u00edsticas, por su gran tama\u00f1o, su arena clara y su f\u00e1cil acceso.<\/p>\n\n\n\n<p style=\"font-size:14px\">La costa norte esconde playas de arena negra y aspecto salvaje. Siguiendo la carretera costera desde el pueblecito de Taganana (al que se llega por una zigzagueante carretera de monta\u00f1a) se encuentran las playas de Alm\u00e1ciga y Benijo, esta \u00faltima con unas espectaculares vistas a los Roques de Anaga.<\/p>\n\n\n\n<figure class=\"wp-block-image aligncenter size-full\"><img loading=\"lazy\" decoding=\"async\" width=\"976\" height=\"587\" src=\"https:\/\/www.centraldevacaciones.com\/blog\/wp-content\/uploads\/2023\/06\/1589995694617.jpg\" alt=\"\" class=\"wp-image-133450\" srcset=\"https:\/\/www.centraldevacaciones.com\/blog\/wp-content\/uploads\/2023\/06\/1589995694617.jpg 976w, https:\/\/www.centraldevacaciones.com\/blog\/wp-content\/uploads\/2023\/06\/1589995694617-300x180.jpg 300w, https:\/\/www.centraldevacaciones.com\/blog\/wp-content\/uploads\/2023\/06\/1589995694617-768x462.jpg 768w\" sizes=\"(max-width: 976px) 100vw, 976px\" \/><\/figure>\n\n\n\n<p><\/p>\n\n\n\n<h2 class=\"wp-block-heading\">M\u00e1laga, Playas de Nerja<\/h2>\n\n\n\n<p style=\"font-size:14px\">M\u00e1laga es uno de los destinos favoritos de los espa\u00f1oles al viajar al sur. Adem\u00e1s de buenas playas, como la famosa Malagueta, la playa nudista de Guadalmar, o la playa de la Caleta, M\u00e1laga ofrece al visitante un rico patrimonio arquitect\u00f3nico, un fant\u00e1stico ambiente nocturno y variedad de museos y galer\u00edas de arte, como el Museo Picasso o el Ateneo.<\/p>\n\n\n\n<p style=\"font-size:14px\">Nosotros viajamos hacia el este para hablar de las playas de Nerja un gran conjunto de playas y calas que podr\u00e1s recorrer en uno o varios d\u00edas. Seg\u00fan tus preferencias, te quedar\u00e1s en algunas de las m\u00e1s populares (con chiringuitos, restaurantes y actividades acu\u00e1ticas) en una de las peque\u00f1as calas donde disfrutar del silencio del mar. <\/p>\n\n\n\n<figure class=\"wp-block-image aligncenter size-full\"><img loading=\"lazy\" decoding=\"async\" width=\"770\" height=\"480\" src=\"https:\/\/www.centraldevacaciones.com\/blog\/wp-content\/uploads\/2023\/06\/IMG_5281-1-770x480-1.jpg\" alt=\"\" class=\"wp-image-133451\" srcset=\"https:\/\/www.centraldevacaciones.com\/blog\/wp-content\/uploads\/2023\/06\/IMG_5281-1-770x480-1.jpg 770w, https:\/\/www.centraldevacaciones.com\/blog\/wp-content\/uploads\/2023\/06\/IMG_5281-1-770x480-1-300x187.jpg 300w, https:\/\/www.centraldevacaciones.com\/blog\/wp-content\/uploads\/2023\/06\/IMG_5281-1-770x480-1-768x479.jpg 768w\" sizes=\"(max-width: 770px) 100vw, 770px\" \/><\/figure>\n\n\n\n<p><\/p>\n\n\n\n<h2 class=\"wp-block-heading\">Asturias, Playa de Gulpiyuri<\/h2>\n\n\n\n<p style=\"font-size:14px\">Asturias es conocida por sus lagos y monta\u00f1as\u2026 hasta que descubres la belleza de sus costas y empiezas a considerarlo un gran destino de playa. La zona de Llanes alberga varias de las mejores y son muchos los turistas que van hasta ellas solo para hacerse una foto.<\/p>\n\n\n\n<p style=\"font-size:14px\">Una de las m\u00e1s famosas es la playa de Gulpiyuri: una cala peque\u00f1a y at\u00edpica donde arena y roca se combinan. De hecho, una columna de roca separa el mar de la playa, mientras que est\u00e1 rodeada de prados verdes.<\/p>\n\n\n\n<figure class=\"wp-block-image aligncenter size-full\"><img loading=\"lazy\" decoding=\"async\" width=\"800\" height=\"535\" src=\"https:\/\/www.centraldevacaciones.com\/blog\/wp-content\/uploads\/2023\/06\/800px-Gulpiyuri.jpg\" alt=\"\" class=\"wp-image-133452\" srcset=\"https:\/\/www.centraldevacaciones.com\/blog\/wp-content\/uploads\/2023\/06\/800px-Gulpiyuri.jpg 800w, https:\/\/www.centraldevacaciones.com\/blog\/wp-content\/uploads\/2023\/06\/800px-Gulpiyuri-300x201.jpg 300w, https:\/\/www.centraldevacaciones.com\/blog\/wp-content\/uploads\/2023\/06\/800px-Gulpiyuri-768x514.jpg 768w\" sizes=\"(max-width: 800px) 100vw, 800px\" \/><\/figure>\n\n\n\n<p><\/p>\n\n\n\n<h2 class=\"wp-block-heading\">San Sebasti\u00e1n, Playa de la Concha<\/h2>\n\n\n\n<p style=\"font-size:14px\">Y si hablamos de playas del norte, no pod\u00eda faltar la playa urbana de San Sebasti\u00e1n. La playa es grande, espaciosa (nunca sentir\u00e1s agobio) y a pesar de estar tan cerca de la ciudad, sus aguas y arenas son limpias.<\/p>\n\n\n\n<p style=\"font-size:14px\">En los alrededores encontrar\u00e1s playas para practicar surf, mientras que en la ciudad tienes una de las mejores ofertas gastron\u00f3micas de Espa\u00f1a, desde sus pinchos hasta sus vinos y cervezas. <\/p>\n\n\n\n<figure class=\"wp-block-image aligncenter size-full\"><img loading=\"lazy\" decoding=\"async\" width=\"1932\" height=\"1576\" src=\"https:\/\/www.centraldevacaciones.com\/blog\/wp-content\/uploads\/2023\/06\/20201015_111300-e1602843496684.webp\" alt=\"\" class=\"wp-image-133453\"\/><\/figure>\n\n\n\n<p><\/p>\n\n\n\n<h2 class=\"wp-block-heading\">Gran Canaria, Playa de Masapalomas<\/h2>\n\n\n\n<p style=\"font-size:14px\">Gran Canaria es uno de esos destinos en los que vas a disfrutar de sol y playa sin importar el momento del a\u00f1o en el que vayas. Entre sus kil\u00f3metros y kil\u00f3metros de playas, Maspalomas es una de las m\u00e1s populares.<\/p>\n\n\n\n<p style=\"font-size:14px\">Una playa larga con una formaci\u00f3n arenosa que imita las dunas del desierto y donde hay cabida para todo: desde un ambiente m\u00e1s festivo junto al faro, con restaurantes y chiringuitos; hasta zonas m\u00e1s aisladas donde leer y desconectar, pasando por una zona muy popular entre los surfistas.<\/p>\n\n\n\n<figure class=\"wp-block-image aligncenter size-full\"><img loading=\"lazy\" decoding=\"async\" width=\"700\" height=\"451\" src=\"https:\/\/www.centraldevacaciones.com\/blog\/wp-content\/uploads\/2023\/06\/gran-canaria-1684745_960_720.jpg\" alt=\"\" class=\"wp-image-133454\" srcset=\"https:\/\/www.centraldevacaciones.com\/blog\/wp-content\/uploads\/2023\/06\/gran-canaria-1684745_960_720.jpg 700w, https:\/\/www.centraldevacaciones.com\/blog\/wp-content\/uploads\/2023\/06\/gran-canaria-1684745_960_720-300x193.jpg 300w\" sizes=\"(max-width: 700px) 100vw, 700px\" \/><\/figure>\n\n\n\n<p><\/p>\n\n\n\n<h2 class=\"wp-block-heading\">C\u00e1diz, Playa del Palmar<\/h2>\n\n\n\n<p style=\"font-size:14px\">C\u00e1diz es sin\u00f3nimo de alegr\u00eda, buen tiempo, fiesta\u2026 y playas. Muchas playas. En este art\u00edculo con quedamos con la playa del Palmar, que con ocho kil\u00f3metros de arena fina es una de las m\u00e1s populares de la zona.<\/p>\n\n\n\n<p style=\"font-size:14px\">En sus alrededores no encontrar\u00e1s n\u00facleos urbanos ni urbanizaciones: una playa virgen, de f\u00e1cil acceso (ideal para los m\u00e1s peque\u00f1os) y con unos atardeceres que no olvidar\u00e1s. <\/p>\n\n\n\n<figure class=\"wp-block-image aligncenter size-large\"><img loading=\"lazy\" decoding=\"async\" width=\"1024\" height=\"684\" src=\"https:\/\/www.centraldevacaciones.com\/blog\/wp-content\/uploads\/2023\/06\/IMG_6948-FullSizeRender-1170x782-1-1024x684.jpg\" alt=\"\" class=\"wp-image-133455\" srcset=\"https:\/\/www.centraldevacaciones.com\/blog\/wp-content\/uploads\/2023\/06\/IMG_6948-FullSizeRender-1170x782-1-1024x684.jpg 1024w, https:\/\/www.centraldevacaciones.com\/blog\/wp-content\/uploads\/2023\/06\/IMG_6948-FullSizeRender-1170x782-1-300x201.jpg 300w, https:\/\/www.centraldevacaciones.com\/blog\/wp-content\/uploads\/2023\/06\/IMG_6948-FullSizeRender-1170x782-1-768x513.jpg 768w, https:\/\/www.centraldevacaciones.com\/blog\/wp-content\/uploads\/2023\/06\/IMG_6948-FullSizeRender-1170x782-1.jpg 1170w\" sizes=\"(max-width: 1024px) 100vw, 1024px\" \/><\/figure>\n\n\n\n<p><\/p>\n\n\n\n<h2 class=\"wp-block-heading\">Pontevedra, A Lanzada<\/h2>\n\n\n\n<p style=\"font-size:14px\">Viajamos hasta las R\u00edas Baixas gallegas para visitar A Lanzada, una playa de dos kil\u00f3metros y aguas transparentes. Tan transparentes que, si lo tuyo es el buceo o el esn\u00f3rquel, no querr\u00e1s salir del agua.<\/p>\n\n\n\n<p style=\"font-size:14px\">Tambi\u00e9n podr\u00e1s practicar surf y windsurf (al igual que en muchos destinos de playa de Espa\u00f1a), mientras que los amantes del senderismo podr\u00e1s caminar por el entorno natural protegido de dunas que est\u00e1 a su alrededor.<\/p>\n\n\n\n<figure class=\"wp-block-image aligncenter size-full\"><img loading=\"lazy\" decoding=\"async\" width=\"720\" height=\"482\" src=\"https:\/\/www.centraldevacaciones.com\/blog\/wp-content\/uploads\/2023\/06\/playa-de-la-lanzada.jpg\" alt=\"\" class=\"wp-image-133456\" srcset=\"https:\/\/www.centraldevacaciones.com\/blog\/wp-content\/uploads\/2023\/06\/playa-de-la-lanzada.jpg 720w, https:\/\/www.centraldevacaciones.com\/blog\/wp-content\/uploads\/2023\/06\/playa-de-la-lanzada-300x201.jpg 300w\" sizes=\"(max-width: 720px) 100vw, 720px\" \/><\/figure>\n\n\n\n<p><\/p>\n\n\n\n<h2 class=\"wp-block-heading\">Huelva, Playa de Matalasca\u00f1as<\/h2>\n\n\n\n<p style=\"font-size:14px\">Huelva es, a d\u00eda de hoy, uno de esos destinos tur\u00edsticos desconocidos para una gran parte del p\u00fablico. En Matalasca\u00f1as se combina la costa (y su famosa playa) con el Parque Nacional de Do\u00f1ana, uno de los m\u00e1s importantes de Espa\u00f1a.<\/p>\n\n\n\n<p style=\"font-size:14px\">Nada m\u00e1s llegar la reconocer\u00e1s por la inmensa \u201cpiedra\u201d que sobresale en la orilla, que en realidad son los restos de una antigua torre (la Torre de la Higuera). Cuenta con bandera azul desde hace m\u00e1s de 25 a\u00f1os y se respira un ambiente familiar.<\/p>\n\n\n\n<figure class=\"wp-block-image aligncenter\"><img decoding=\"async\" src=\"https:\/\/www.kayak.es\/news\/wp-content\/uploads\/sites\/2\/2019\/04\/gettyimages-1303623718.jpg\" alt=\"\" class=\"wp-image-37274\"\/><\/figure>\n\n\n\n<p><\/p>\n\n\n\n<h2 class=\"wp-block-heading\">Ibiza, Cala de San Vicente<\/h2>\n\n\n\n<p style=\"font-size:14px\">En este art\u00edculo hab\u00edamos viajado a Mallorca y Menorca, as\u00ed que no pod\u00edamos dejarnos a Ibiza. Conocida por su vida nocturna, quien ha visitado la isla sabe que Ibiza es mucho m\u00e1s. Y la Cala de San Vicente es el ejemplo perfecto de ello.<\/p>\n\n\n\n<p style=\"font-size:14px\">Aguas mediterr\u00e1neas, arena fina y, aunque en temporada alta pueda estar masificada, no es de las que m\u00e1s se llenan de la isla. Adem\u00e1s tiene un peque\u00f1o chiringuito y un agradable paseo mar\u00edtimo muy cerca. <\/p>\n\n\n\n<figure class=\"wp-block-image aligncenter size-full\"><img loading=\"lazy\" decoding=\"async\" width=\"1000\" height=\"667\" src=\"https:\/\/www.centraldevacaciones.com\/blog\/wp-content\/uploads\/2023\/06\/cala-san-vicente-ibiza.jpg\" alt=\"\" class=\"wp-image-133457\" srcset=\"https:\/\/www.centraldevacaciones.com\/blog\/wp-content\/uploads\/2023\/06\/cala-san-vicente-ibiza.jpg 1000w, https:\/\/www.centraldevacaciones.com\/blog\/wp-content\/uploads\/2023\/06\/cala-san-vicente-ibiza-300x200.jpg 300w, https:\/\/www.centraldevacaciones.com\/blog\/wp-content\/uploads\/2023\/06\/cala-san-vicente-ibiza-768x512.jpg 768w\" sizes=\"(max-width: 1000px) 100vw, 1000px\" \/><\/figure>\n\n\n\n<p><\/p>\n\n\n\n<h2 class=\"wp-block-heading\">Fuerteventura, Playa de Cofete<\/h2>\n\n\n\n<p style=\"font-size:14px\">Hablar de Cofete es hablar de una de las playas m\u00e1s salvajes que se pueden encontrar en Espa\u00f1a. Ubicada en la isla de Fuerteventura, en el sur, la sensaci\u00f3n de libertad se respira desde antes incluso de llegar.<\/p>\n\n\n\n<p style=\"font-size:14px\">La explicaci\u00f3n es sencilla: en sus 12 kil\u00f3metros no encontrar\u00e1s casas, v\u00edas asfaltadas o restaurantes. Solo t\u00fa, las monta\u00f1as y el mar.<\/p>\n\n\n\n<figure class=\"wp-block-image aligncenter\"><img decoding=\"async\" src=\"https:\/\/www.kayak.es\/news\/wp-content\/uploads\/sites\/2\/2019\/04\/las-salvajes-playas-de-cofete.jpg\" alt=\"Las salvajes playas de Cofete\" class=\"wp-image-36610\"\/><\/figure>\n\n\n\n<p><\/p>\n\n\n\n<h2 class=\"wp-block-heading\">Asturias, Playa de Poo<\/h2>\n\n\n\n<p style=\"font-size:14px\">No esperes encontrar en Poo la t\u00edpica playa, ya que su composici\u00f3n es muy diferente. Se encuentra junto a la desembocadura del R\u00edo Vallina y dependiendo de la marea, encontrar\u00e1s un paisaje u otro.<\/p>\n\n\n\n<p style=\"font-size:14px\">Con la marea baja, la arena cubre pr\u00e1cticamente todo el horizonte, mientras que cuando sube la marea se forma una especie de piscina ideal para los ni\u00f1os.<\/p>\n\n\n\n<figure class=\"wp-block-image aligncenter\"><img decoding=\"async\" src=\"https:\/\/www.kayak.es\/news\/wp-content\/uploads\/sites\/2\/2019\/04\/gettyimages-665159188.jpg\" alt=\"\" class=\"wp-image-37278\"\/><\/figure>\n\n\n\n<p><\/p>\n\n\n\n<h2 class=\"wp-block-heading\">Islas C\u00edes, Playa de Rodas<\/h2>\n\n\n\n<p style=\"font-size:14px\">En una lista con los mejores destinos de playa de Espa\u00f1a no pod\u00eda faltar la playa de Rodas (algunos opinan que est\u00e1 incluso entre las mejores del mundo). Las islas C\u00edes son un archipi\u00e9lago situado en el norte de Espa\u00f1a y sus playas son visitadas cada verano por miles de viajeros.<\/p>\n\n\n\n<p style=\"font-size:14px\">La playa de Rodas es la m\u00e1s amplia de todas ellas, con una geograf\u00eda muy especial que hace que las aguas se vayan renovando de manera natural. Eso s\u00ed, prep\u00e1rate para ba\u00f1arte en aguas muy fr\u00edas.<\/p>\n\n\n\n<figure class=\"wp-block-image aligncenter size-large\"><img loading=\"lazy\" decoding=\"async\" width=\"1024\" height=\"576\" src=\"https:\/\/www.centraldevacaciones.com\/blog\/wp-content\/uploads\/2023\/06\/Cies_uharteak_1-1024x576.jpg\" alt=\"\" class=\"wp-image-133458\" srcset=\"https:\/\/www.centraldevacaciones.com\/blog\/wp-content\/uploads\/2023\/06\/Cies_uharteak_1-1024x576.jpg 1024w, https:\/\/www.centraldevacaciones.com\/blog\/wp-content\/uploads\/2023\/06\/Cies_uharteak_1-300x169.jpg 300w, https:\/\/www.centraldevacaciones.com\/blog\/wp-content\/uploads\/2023\/06\/Cies_uharteak_1-768x432.jpg 768w, https:\/\/www.centraldevacaciones.com\/blog\/wp-content\/uploads\/2023\/06\/Cies_uharteak_1-1536x865.jpg 1536w, https:\/\/www.centraldevacaciones.com\/blog\/wp-content\/uploads\/2023\/06\/Cies_uharteak_1-2048x1153.jpg 2048w\" sizes=\"(max-width: 1024px) 100vw, 1024px\" \/><\/figure>\n\n\n\n<p><\/p>\n\n\n\n<h2 class=\"wp-block-heading\">Formentera, Playa de Ses Illetes<\/h2>\n\n\n\n<p style=\"font-size:14px\">Cualquiera que haya visto un anuncio de Estrella Damm ha so\u00f1ado por pasar un verano en Formentera. Buen tiempo, buena comida y unos paisajes de ensue\u00f1o.<\/p>\n\n\n\n<p style=\"font-size:14px\">La playa de Ses Illetes tiene una formaci\u00f3n muy caracter\u00edstica, con mar a ambos lados y aguas cristalinas. Adem\u00e1s encontrar\u00e1s un gran ambiente en sus chiringuitos.<\/p>\n\n\n\n<figure class=\"wp-block-image aligncenter size-full\"><img loading=\"lazy\" decoding=\"async\" width=\"900\" height=\"461\" src=\"https:\/\/www.centraldevacaciones.com\/blog\/wp-content\/uploads\/2023\/06\/playa-de-ses-illetes-formentera-baleares.jpg\" alt=\"\" class=\"wp-image-133459\" srcset=\"https:\/\/www.centraldevacaciones.com\/blog\/wp-content\/uploads\/2023\/06\/playa-de-ses-illetes-formentera-baleares.jpg 900w, https:\/\/www.centraldevacaciones.com\/blog\/wp-content\/uploads\/2023\/06\/playa-de-ses-illetes-formentera-baleares-300x154.jpg 300w, https:\/\/www.centraldevacaciones.com\/blog\/wp-content\/uploads\/2023\/06\/playa-de-ses-illetes-formentera-baleares-768x393.jpg 768w\" sizes=\"(max-width: 900px) 100vw, 900px\" \/><\/figure>\n\n\n\n<p><\/p>\n\n\n\n<h2 class=\"wp-block-heading\">Girona, Playa de Tossa de Mar<\/h2>\n\n\n\n<p style=\"font-size:14px\">Ya hemos hablado de Barcelona y de la Costa Brava, pero tenemos que volver para hablar de Tossa de Mar. En su pueblo encontrar\u00e1s un hist\u00f3rico castillo con sus murallas muy bien conservadas, pero nos interesan las calas de su alrededor (consideradas las mejores de la Costa Brava).<\/p>\n\n\n\n<p style=\"font-size:14px\">Ideal para los que quieran caminar (hay varias rutas alrededor), estas calas se caracterizan por su arena gruesa y sus aguas calmadas, adem\u00e1s de tener un paisaje espectacular y poder comer muy bien en sus alrededores.<\/p>\n\n\n\n<figure class=\"wp-block-image aligncenter\"><img decoding=\"async\" src=\"https:\/\/www.kayak.es\/news\/wp-content\/uploads\/sites\/2\/2019\/04\/gettyimages-972687568-scaled.jpg\" alt=\"\" class=\"wp-image-37284\"\/><\/figure>\n\n\n\n<p><\/p>\n\n\n\n<p><\/p>\n","protected":false},"excerpt":{"rendered":"<p>Tanto el turismo nacional como internacional valora Espa\u00f1a como uno de los mejores destinos de playa del mundo\u2026 y no es para menos. Desde la costa mediterr\u00e1nea hasta el norte, pasando por las islas, siempre son un fijo a la hora de planificar las vacaciones. No hay una \u00abmejor playa\u00bb por dos motivos: no podemos [&hellip;]<\/p>\n","protected":false},"author":4,"featured_media":133434,"comment_status":"open","ping_status":"open","sticky":false,"template":"","format":"standard","meta":{"_acf_changed":false,"footnotes":""},"categories":[1],"tags":[],"class_list":["post-133433","post","type-post","status-publish","format-standard","has-post-thumbnail","hentry","category-vacaciones"],"acf":[],"_links":{"self":[{"href":"https:\/\/www.centraldevacaciones.com\/blog\/wp-json\/wp\/v2\/posts\/133433","targetHints":{"allow":["GET"]}}],"collection":[{"href":"https:\/\/www.centraldevacaciones.com\/blog\/wp-json\/wp\/v2\/posts"}],"about":[{"href":"https:\/\/www.centraldevacaciones.com\/blog\/wp-json\/wp\/v2\/types\/post"}],"author":[{"embeddable":true,"href":"https:\/\/www.centraldevacaciones.com\/blog\/wp-json\/wp\/v2\/users\/4"}],"replies":[{"embeddable":true,"href":"https:\/\/www.centraldevacaciones.com\/blog\/wp-json\/wp\/v2\/comments?post=133433"}],"version-history":[{"count":0,"href":"https:\/\/www.centraldevacaciones.com\/blog\/wp-json\/wp\/v2\/posts\/133433\/revisions"}],"wp:featuredmedia":[{"embeddable":true,"href":"https:\/\/www.centraldevacaciones.com\/blog\/wp-json\/wp\/v2\/media\/133434"}],"wp:attachment":[{"href":"https:\/\/www.centraldevacaciones.com\/blog\/wp-json\/wp\/v2\/media?parent=133433"}],"wp:term":[{"taxonomy":"category","embeddable":true,"href":"https:\/\/www.centraldevacaciones.com\/blog\/wp-json\/wp\/v2\/categories?post=133433"},{"taxonomy":"post_tag","embeddable":true,"href":"https:\/\/www.centraldevacaciones.com\/blog\/wp-json\/wp\/v2\/tags?post=133433"}],"curies":[{"name":"wp","href":"https:\/\/api.w.org\/{rel}","templated":true}]}}