{"id":132951,"date":"2023-06-19T10:46:03","date_gmt":"2023-06-19T08:46:03","guid":{"rendered":"https:\/\/www.centraldevacaciones.com\/blog\/?p=132951"},"modified":"2023-06-19T11:33:46","modified_gmt":"2023-06-19T09:33:46","slug":"rutas-de-senderismo-para-los-amantes-de-la-naturaleza","status":"publish","type":"post","link":"https:\/\/www.centraldevacaciones.com\/blog\/rutas-de-senderismo-para-los-amantes-de-la-naturaleza\/","title":{"rendered":"Rutas de senderismo para los amantes de la naturaleza"},"content":{"rendered":"\n<p style=\"font-size:14px\">Espa\u00f1a tiene infinidad de rutas de senderismo imponentes para todos los niveles y preferencias. Formaciones rocosas para el aficionado a la escalada, aldeas de monta\u00f1a o pueblos costeros de lo m\u00e1s pintoresco por los que pasear, bosques y valles con encanto. Sea lo que sea que buscas en tu caminata ideal, la Pen\u00ednsula tiene al menos una opci\u00f3n para ti. A continuaci\u00f3n, te ofrecemos una<strong> selecci\u00f3n de las mejores rutas en Espa\u00f1a.<\/strong><\/p>\n\n\n\n<h2 class=\"wp-block-heading\">Ruta del Cares (Le\u00f3n-Asturias)<\/h2>\n\n\n\n<p style=\"font-size:14px\">La Ruta del Cares une los pueblos de <strong>Ca\u00edn<\/strong> y <strong>Poncebos<\/strong>, con unos 22 km entre ida y vuelta. A lo largo de ella, te topar\u00e1s con algunos de los lugares emblem\u00e1ticos que ver en Asturias, como el <strong>Picu Urriellu<\/strong> o el impresionante <strong>desfiladero del Cares<\/strong>.<\/p>\n\n\n\n<p style=\"font-size:14px\">Esta ruta de senderismo es considerada por muchos la m\u00e1s bonita de las muchas que rodean los Picos de Europa. Teniendo esto en cuenta, muchos visitantes se\u00f1alan el tramo cercano a Ca\u00edn como el m\u00e1s espectacular, especialmente en primavera y oto\u00f1o.<\/p>\n\n\n\n<p style=\"font-size:14px\">A lo largo de la Ruta del Cares adem\u00e1s del inter\u00e9s del paisaje se encuentran interesantes recursos culturales e hist\u00f3ricos, como la necr\u00f3polis de Barrejo, el Chorco de los Lobos, o la Ermita de Corona, as\u00ed como la propia senda que desde Ca\u00edn se abre paso, tallada en la caliza hasta Poncebos.<\/p>\n\n\n\n<figure class=\"wp-block-image aligncenter size-full\"><img fetchpriority=\"high\" decoding=\"async\" width=\"750\" height=\"537\" src=\"https:\/\/www.centraldevacaciones.com\/blog\/wp-content\/uploads\/2023\/06\/rutas-de-senderismo-espana-cares.jpg\" alt=\"\" class=\"wp-image-132955\" srcset=\"https:\/\/www.centraldevacaciones.com\/blog\/wp-content\/uploads\/2023\/06\/rutas-de-senderismo-espana-cares.jpg 750w, https:\/\/www.centraldevacaciones.com\/blog\/wp-content\/uploads\/2023\/06\/rutas-de-senderismo-espana-cares-300x215.jpg 300w\" sizes=\"(max-width: 750px) 100vw, 750px\" \/><\/figure>\n\n\n\n<h2 class=\"wp-block-heading\">Caminito del Rey (M\u00e1laga)<\/h2>\n\n\n\n<p style=\"font-size:14px\">Entre lo mucho que hay que ver en M\u00e1laga, el Caminito del Rey es una de las visitas que no te puedes perder, perfecta tanto si lo que quieres es disfrutar de una belleza natural incomparable, como si lo que te gusta es el avistamiento de aves. <strong>La ruta del Caminito del Rey&nbsp;<\/strong>es una de las m\u00e1s famosas de la provincia de M\u00e1laga, pero tambi\u00e9n de toda Espa\u00f1a. Podr\u00e1s ver uno de los paisajes m\u00e1s espectaculares de la sierra de M\u00e1laga, con paredes escarpadas y de altura considerable. Por esta zona discurre el r\u00edo Guadalhorce despu\u00e9s de pasar por los embalses de El Chorro, Guadalteba y Gaitanejo.<\/p>\n\n\n\n<p style=\"font-size:14px\">Adem\u00e1s de parajes como la <strong>cueva de Ardales<\/strong>, esta ruta ofrece una serie de construcciones antiqu\u00edsimas, como la <strong>Necr\u00f3polis de Las Aguilillas<\/strong> y la <strong>Iglesia Rupestre de Bobastro<\/strong>, y otras m\u00e1s recientes como las <strong>pasarelas del desfiladero de los Gaitanes<\/strong>, construidas a principios del siglo XX para el mantenimiento de las instalaciones hidroel\u00e9ctricas de la zona.<\/p>\n\n\n\n<figure class=\"wp-block-image aligncenter size-large is-resized\"><img decoding=\"async\" src=\"https:\/\/www.centraldevacaciones.com\/blog\/wp-content\/uploads\/2023\/06\/CaminitodelReyMalaga08-1024x702.jpg\" alt=\"\" class=\"wp-image-132956\" width=\"680\" height=\"465\" srcset=\"https:\/\/www.centraldevacaciones.com\/blog\/wp-content\/uploads\/2023\/06\/CaminitodelReyMalaga08-1024x702.jpg 1024w, https:\/\/www.centraldevacaciones.com\/blog\/wp-content\/uploads\/2023\/06\/CaminitodelReyMalaga08-300x206.jpg 300w, https:\/\/www.centraldevacaciones.com\/blog\/wp-content\/uploads\/2023\/06\/CaminitodelReyMalaga08.jpg 1200w\" sizes=\"(max-width: 680px) 100vw, 680px\" \/><\/figure>\n\n\n\n<h2 class=\"wp-block-heading\">Cam\u00ed de Cavalls (Menorca)<\/h2>\n\n\n\n<p style=\"font-size:14px\">Esta ruta de senderismo te da la oportunidad de dar la vuelta a Menorca a lo largo de su precioso litoral, desde el que podr\u00e1s ver sus bonitas playas y calas, sus acantilados, formaciones costeras y sus bosques.<\/p>\n\n\n\n<p style=\"font-size:14px\">La longitud de Cam\u00ed de Cavalls es de 158km y est\u00e1 distribuido en 20 etapas las cuales se pueden hacer como una traves\u00eda, por etapas o simplemente haciendo pasaeos siguiendo su trazado. Con todo un d\u00eda se pueden realizar etapas de ida y vuelta sin rpisas, dsifrutando de todos los detelles. As\u00ed, dejando el veh\u00edculo en el punto de inicio o utilizando transporte p\u00fablico ( en caso de que lo haya), nos podremos despreocupar de los problemas log\u00edsticos.<\/p>\n\n\n\n<p style=\"font-size:14px\">Algunos de los enclaves m\u00e1s emblem\u00e1ticos de la ruta son la <strong>Cala en Turqueta<\/strong>, la <strong>Cala Mitjaneta<\/strong> y la <strong>Torre de Alcafar<\/strong>.<\/p>\n\n\n\n<figure class=\"wp-block-image aligncenter size-full\"><img decoding=\"async\" width=\"695\" height=\"464\" src=\"https:\/\/www.centraldevacaciones.com\/blog\/wp-content\/uploads\/2023\/06\/1411imgpub-1.jpg\" alt=\"\" class=\"wp-image-132958\" srcset=\"https:\/\/www.centraldevacaciones.com\/blog\/wp-content\/uploads\/2023\/06\/1411imgpub-1.jpg 695w, https:\/\/www.centraldevacaciones.com\/blog\/wp-content\/uploads\/2023\/06\/1411imgpub-1-300x200.jpg 300w\" sizes=\"(max-width: 695px) 100vw, 695px\" \/><\/figure>\n\n\n\n<h2 class=\"wp-block-heading\">O Cami\u00f1o dos Faros (Galicia)<\/h2>\n\n\n\n<p style=\"font-size:14px\"><strong>O Cami\u00f1o dos Faros<\/strong>&nbsp;es una ruta de senderismo de 200 kil\u00f3metros que une Malpica con Finisterre por el borde del mar. Un camino que tiene el mar como mayor protagonista y que pasa por todos los faros y principales puntos de inter\u00e9s de esta Costa da Morte.<\/p>\n\n\n\n<p style=\"font-size:14px\">Un Cami\u00f1o dos Faros que recorre muchos paisajes diferentes, siempre mirando cara al mar y cara al oeste. Faros, playas, dunas, r\u00edos, acantilados, bosques, estuarios con una gran cantidad de aves, mares de granito, castros, d\u00f3lmenes, villas marineras, miradores al mar que rompe de todas las formas posibles, puestas de sol\u2026 y&nbsp; mucha magia. Una ruta de senderismo como pocas, que llevar\u00e1 al caminante a un mundo de sensaciones \u00fanicas que s\u00f3lo se pueden disfrutar en esta Costa da Morte.<\/p>\n\n\n\n<p style=\"font-size:14px\">Adem\u00e1s de los muchos faros que te encontrar\u00e1s por el camino, este sendero que regalar\u00e1 vistas inigualables del mar, acantilados, miradores y zonas de avistamiento de aves.<\/p>\n\n\n\n<figure class=\"wp-block-image aligncenter size-large is-resized\"><img loading=\"lazy\" decoding=\"async\" src=\"https:\/\/www.centraldevacaciones.com\/blog\/wp-content\/uploads\/2023\/06\/los-faros-protagonistas-en-el-camino-dos-faros-finisterre-1-1024x683.jpeg\" alt=\"\" class=\"wp-image-132959\" width=\"642\" height=\"428\" srcset=\"https:\/\/www.centraldevacaciones.com\/blog\/wp-content\/uploads\/2023\/06\/los-faros-protagonistas-en-el-camino-dos-faros-finisterre-1-1024x683.jpeg 1024w, https:\/\/www.centraldevacaciones.com\/blog\/wp-content\/uploads\/2023\/06\/los-faros-protagonistas-en-el-camino-dos-faros-finisterre-1-300x200.jpeg 300w, https:\/\/www.centraldevacaciones.com\/blog\/wp-content\/uploads\/2023\/06\/los-faros-protagonistas-en-el-camino-dos-faros-finisterre-1-768x512.jpeg 768w, https:\/\/www.centraldevacaciones.com\/blog\/wp-content\/uploads\/2023\/06\/los-faros-protagonistas-en-el-camino-dos-faros-finisterre-1-1536x1024.jpeg 1536w, https:\/\/www.centraldevacaciones.com\/blog\/wp-content\/uploads\/2023\/06\/los-faros-protagonistas-en-el-camino-dos-faros-finisterre-1.jpeg 1600w\" sizes=\"(max-width: 642px) 100vw, 642px\" \/><\/figure>\n\n\n\n<h2 class=\"wp-block-heading\">La Transpirenaica (Catalu\u00f1a, Arag\u00f3n, Navarra y Pa\u00eds Vasco)<\/h2>\n\n\n\n<p style=\"font-size:14px\">Esta ruta cubre un total de 415 km y conecta el <strong>Cabo de Higuer<\/strong>, en Guip\u00fazcoa, con el <strong>Cabo de Creus<\/strong>, en la localidad de Cadaqu\u00e9s.<\/p>\n\n\n\n<p style=\"font-size:14px\">Cada una de las 46 etapas de la ruta ofrece una mezcla de naturaleza e historia, intercalando espacios protegidos con pintorescas aldeas de monta\u00f1a. Desde los bosques navarros de la quinta etapa, entre <strong>Auritz<\/strong> y <strong>Hiriberri<\/strong>, hasta las bordas y caser\u00edos abandonados de la etapa 27, entre <strong>La Guingueta<\/strong> y <strong>Estaon, <\/strong>esta ruta de senderismo tiene algo para todos los gustos.<\/p>\n\n\n\n<p style=\"font-size:14px\"><\/p>\n\n\n\n<figure class=\"wp-block-image aligncenter size-full is-resized\"><img loading=\"lazy\" decoding=\"async\" src=\"https:\/\/www.centraldevacaciones.com\/blog\/wp-content\/uploads\/2023\/06\/rutas-senderismo-espana-bujaruelo.jpg\" alt=\"\" class=\"wp-image-132960\" width=\"662\" height=\"442\" srcset=\"https:\/\/www.centraldevacaciones.com\/blog\/wp-content\/uploads\/2023\/06\/rutas-senderismo-espana-bujaruelo.jpg 750w, https:\/\/www.centraldevacaciones.com\/blog\/wp-content\/uploads\/2023\/06\/rutas-senderismo-espana-bujaruelo-300x200.jpg 300w\" sizes=\"(max-width: 662px) 100vw, 662px\" \/><\/figure>\n\n\n\n<h2 class=\"wp-block-heading\">Senda de los Cazadores (Parque Nacional de Ordesa y Monte Perdido, Huesca)<\/h2>\n\n\n\n<p style=\"font-size:14px\">La Senda de los Cazadores es una ruta circular que tiene un total de 22 km y est\u00e1 en el Parque Nacional de Ordesa y Monte Perdido, uno de <a href=\"https:\/\/www.sitiosdeespana.es\/articulo\/los-15-parques-nacionales-de-espana\" rel=\"nofollow noopener\" target=\"_blank\">los 16 parques nacionales de Espa\u00f1a<\/a> que todo senderista deber\u00eda visitar.<\/p>\n\n\n\n<p style=\"font-size:14px\">A los pocos kil\u00f3metros del comienzo de la ruta, te topar\u00e1s con el <strong>Mirador de Carcilaruego<\/strong>, que te regalar\u00e1 unas vistas maravillosas del valle y del c<strong>irco de Cotatuero<\/strong>. M\u00e1s adelante, te encontrar\u00e1s con m\u00e1s joyas naturales como la <strong>Brecha de Rolando<\/strong>, la <strong>Faja de Pelay<\/strong> y la <strong>Cascada Cola de Caballo<\/strong>.<\/p>\n\n\n\n<figure class=\"wp-block-image aligncenter size-large is-resized\"><img loading=\"lazy\" decoding=\"async\" src=\"https:\/\/www.centraldevacaciones.com\/blog\/wp-content\/uploads\/2023\/06\/Senda-de-los-Cazadores-en-el-Valle-de-Ordesa-1024x670.jpg\" alt=\"\" class=\"wp-image-132961\" width=\"688\" height=\"449\" srcset=\"https:\/\/www.centraldevacaciones.com\/blog\/wp-content\/uploads\/2023\/06\/Senda-de-los-Cazadores-en-el-Valle-de-Ordesa-1024x670.jpg 1024w, https:\/\/www.centraldevacaciones.com\/blog\/wp-content\/uploads\/2023\/06\/Senda-de-los-Cazadores-en-el-Valle-de-Ordesa-300x196.jpg 300w, https:\/\/www.centraldevacaciones.com\/blog\/wp-content\/uploads\/2023\/06\/Senda-de-los-Cazadores-en-el-Valle-de-Ordesa-768x502.jpg 768w, https:\/\/www.centraldevacaciones.com\/blog\/wp-content\/uploads\/2023\/06\/Senda-de-los-Cazadores-en-el-Valle-de-Ordesa.jpg 1485w\" sizes=\"(max-width: 688px) 100vw, 688px\" \/><\/figure>\n\n\n\n<h2 class=\"wp-block-heading\">Carros de Foc (Parque Nacional de Aig\u00fcestortes, Lleida)<\/h2>\n\n\n\n<p style=\"font-size:14px\">La ruta de senderismo de Carros de Foc cubre un total de 55 km y comparte algunos tramos con la Ruta Transpirenaica, por lo que te vas a encontrar en ocasiones paisajes monta\u00f1osos muy parecidos. Adem\u00e1s, al ser un sendero de monta\u00f1a, se recomienda hacerlo en los meses de verano para evitar condiciones clim\u00e1ticas adversas.<\/p>\n\n\n\n<p style=\"font-size:14px\">Entre los lugares favoritos de los senderistas est\u00e1n los <strong>Lagos de Colomers<\/strong> y los alrededores id\u00edlicos del <strong>refugio JM Blanc<\/strong>.-<\/p>\n\n\n\n<p style=\"font-size:14px\">La traves\u00eda consta de 6 etapas y descubriremos el Parque Nacional en la totalidad de las 4 comarcas que lo integran: la Alta Ribagorza, el Valle de Aran, el Pallars Sobir\u00e1 y el Pallars Juss\u00e1. La ruta nos impresionar\u00e1 por su espectacularidad y por su belleza: lagos de alta monta\u00f1a, grandes cimas, amaneceres y puestas de sol incre\u00edbles, valles preciosos y bosques de avetos, agujas de granito,&#8230; \u00a1Cada etapa se convierte en un nuevo y grandioso espect\u00e1culo de la naturaleza!<\/p>\n\n\n\n<figure class=\"wp-block-image aligncenter size-full is-resized\"><img loading=\"lazy\" decoding=\"async\" src=\"https:\/\/www.centraldevacaciones.com\/blog\/wp-content\/uploads\/2023\/06\/rutas-de-senderismo-espana-aiguestortes.jpg\" alt=\"\" class=\"wp-image-132964\" width=\"692\" height=\"389\" srcset=\"https:\/\/www.centraldevacaciones.com\/blog\/wp-content\/uploads\/2023\/06\/rutas-de-senderismo-espana-aiguestortes.jpg 750w, https:\/\/www.centraldevacaciones.com\/blog\/wp-content\/uploads\/2023\/06\/rutas-de-senderismo-espana-aiguestortes-300x169.jpg 300w\" sizes=\"(max-width: 692px) 100vw, 692px\" \/><\/figure>\n\n\n\n<h2 class=\"wp-block-heading\">Ruta de Carlos V (C\u00e1ceres)<\/h2>\n\n\n\n<p style=\"font-size:14px\">Esta ruta de 25 km sigue el recorrido que Carlos V hizo hasta <strong>Jarandilla de la Vera<\/strong> antes de ir al Monasterio de Yuste, por lo que puedes esperar una traves\u00eda llena de historia.<\/p>\n\n\n\n<p style=\"font-size:14px\">Al poco de salir de <strong>Tornavacas<\/strong>, encontrar\u00e1s la <strong>Ermita del Cristo del Humilladero<\/strong>. A lo largo del camino, vas a dar con algunos de los parajes naturales que todo visitante tiene <a href=\"https:\/\/www.sitiosdeespana.es\/articulo\/los-15-mejores-sitios-que-ver-en-caceres-provincia\" rel=\"nofollow noopener\" target=\"_blank\">que ver en C\u00e1ceres<\/a>, como el <strong>Collado de las Losas<\/strong>, la impresionante <strong>Garganta del Yedr\u00f3n <\/strong>o el <strong>Puerto de las Yeguas<\/strong>, desde donde conseguir\u00e1s una panor\u00e1mica privilegiada de la Comarca de la Vera.<\/p>\n\n\n\n<figure class=\"wp-block-image aligncenter size-full is-resized\"><img loading=\"lazy\" decoding=\"async\" src=\"https:\/\/www.centraldevacaciones.com\/blog\/wp-content\/uploads\/2023\/06\/garganta-de-los-infiernos_02.jpg\" alt=\"\" class=\"wp-image-132967\" width=\"676\" height=\"398\" srcset=\"https:\/\/www.centraldevacaciones.com\/blog\/wp-content\/uploads\/2023\/06\/garganta-de-los-infiernos_02.jpg 848w, https:\/\/www.centraldevacaciones.com\/blog\/wp-content\/uploads\/2023\/06\/garganta-de-los-infiernos_02-300x177.jpg 300w, https:\/\/www.centraldevacaciones.com\/blog\/wp-content\/uploads\/2023\/06\/garganta-de-los-infiernos_02-768x453.jpg 768w\" sizes=\"(max-width: 676px) 100vw, 676px\" \/><\/figure>\n\n\n\n<h2 class=\"wp-block-heading\">Cahorros de Monachil (Sierra Nevada)<\/h2>\n\n\n\n<p style=\"font-size:14px\">Esta ruta es se\u00f1alada por muchos como una de las m\u00e1s entretenidas que puedes recorrer en Andaluc\u00eda y es un acierto para ir con toda la familia. Est\u00e1 repleta de cascadas, puentes colgantes o pasos por los que hay que pasar gateando o escalando. Una verdadera aventura apta tambi\u00e9n para principiantes.<\/p>\n\n\n\n<p style=\"font-size:14px\">Tiene una longitud de 9,5 km, a lo largo de los cuales encontrar\u00e1s joyas naturales como el <strong>desfiladero del r\u00edo Monachil<\/strong> que cruzar\u00e1s por un puente colgante de 63 metros, o el <strong>Barranco del Encantado<\/strong>.<\/p>\n\n\n\n<figure class=\"wp-block-image aligncenter size-full\"><img loading=\"lazy\" decoding=\"async\" width=\"750\" height=\"484\" src=\"https:\/\/www.centraldevacaciones.com\/blog\/wp-content\/uploads\/2023\/06\/rutas-de-senderismo-en-espana-nevada.jpg\" alt=\"\" class=\"wp-image-132971\" srcset=\"https:\/\/www.centraldevacaciones.com\/blog\/wp-content\/uploads\/2023\/06\/rutas-de-senderismo-en-espana-nevada.jpg 750w, https:\/\/www.centraldevacaciones.com\/blog\/wp-content\/uploads\/2023\/06\/rutas-de-senderismo-en-espana-nevada-300x194.jpg 300w\" sizes=\"(max-width: 750px) 100vw, 750px\" \/><\/figure>\n","protected":false},"excerpt":{"rendered":"<p>Espa\u00f1a tiene infinidad de rutas de senderismo imponentes para todos los niveles y preferencias. Formaciones rocosas para el aficionado a la escalada, aldeas de monta\u00f1a o pueblos costeros de lo m\u00e1s pintoresco por los que pasear, bosques y valles con encanto. Sea lo que sea que buscas en tu caminata ideal, la Pen\u00ednsula tiene al [&hellip;]<\/p>\n","protected":false},"author":4,"featured_media":132954,"comment_status":"open","ping_status":"open","sticky":false,"template":"","format":"standard","meta":{"_acf_changed":false,"footnotes":""},"categories":[1],"tags":[],"class_list":["post-132951","post","type-post","status-publish","format-standard","has-post-thumbnail","hentry","category-vacaciones"],"acf":[],"_links":{"self":[{"href":"https:\/\/www.centraldevacaciones.com\/blog\/wp-json\/wp\/v2\/posts\/132951","targetHints":{"allow":["GET"]}}],"collection":[{"href":"https:\/\/www.centraldevacaciones.com\/blog\/wp-json\/wp\/v2\/posts"}],"about":[{"href":"https:\/\/www.centraldevacaciones.com\/blog\/wp-json\/wp\/v2\/types\/post"}],"author":[{"embeddable":true,"href":"https:\/\/www.centraldevacaciones.com\/blog\/wp-json\/wp\/v2\/users\/4"}],"replies":[{"embeddable":true,"href":"https:\/\/www.centraldevacaciones.com\/blog\/wp-json\/wp\/v2\/comments?post=132951"}],"version-history":[{"count":0,"href":"https:\/\/www.centraldevacaciones.com\/blog\/wp-json\/wp\/v2\/posts\/132951\/revisions"}],"wp:featuredmedia":[{"embeddable":true,"href":"https:\/\/www.centraldevacaciones.com\/blog\/wp-json\/wp\/v2\/media\/132954"}],"wp:attachment":[{"href":"https:\/\/www.centraldevacaciones.com\/blog\/wp-json\/wp\/v2\/media?parent=132951"}],"wp:term":[{"taxonomy":"category","embeddable":true,"href":"https:\/\/www.centraldevacaciones.com\/blog\/wp-json\/wp\/v2\/categories?post=132951"},{"taxonomy":"post_tag","embeddable":true,"href":"https:\/\/www.centraldevacaciones.com\/blog\/wp-json\/wp\/v2\/tags?post=132951"}],"curies":[{"name":"wp","href":"https:\/\/api.w.org\/{rel}","templated":true}]}}