{"id":130567,"date":"2023-06-14T12:59:41","date_gmt":"2023-06-14T10:59:41","guid":{"rendered":"https:\/\/www.centraldevacaciones.com\/blog\/?p=130567"},"modified":"2023-09-15T09:51:48","modified_gmt":"2023-09-15T07:51:48","slug":"hacemos-tu-maleta-que-llevar-a-riviera-maya","status":"publish","type":"post","link":"https:\/\/www.centraldevacaciones.com\/blog\/hacemos-tu-maleta-que-llevar-a-riviera-maya\/","title":{"rendered":"Hacemos tu maleta: \u00bfQu\u00e9 llevar a Riviera Maya?"},"content":{"rendered":"\n<p style=\"font-size:14px\">Si est\u00e1s pensando en viajar a la Riviera Maya o est\u00e1s ya preparando tu viaje, te habr\u00e1n surgido muchas dudas sobre tu viaje y que tienes que <strong>llevar a la Riviera Maya en la maleta para que no olvides de nada<\/strong> necesario durante tus vacaciones y no tengas que preocuparte por nada.<\/p>\n\n\n\n<p style=\"font-size:14px\">Primero hay que tener en cuenta <strong>cu\u00e1ntos d\u00edas va a durar el viaje y todos los planes organizados<\/strong> para adaptar el equipaje a las necesidades que se puedan tener. Sin embargo, parece m\u00e1s dif\u00edcil de lo que realmente es y te vamos a dar las claves sobre lo que llevar a Riviera Maya en tu maleta para que te prepares sin problemas y sin \u201cporsiacasos\u201d.<\/p>\n\n\n\n<h1 class=\"wp-block-heading\" style=\"font-style:normal;font-weight:700\">\u00bfQu\u00e9 ropa llevar a Riviera Maya?<\/h1>\n\n\n\n<p style=\"font-size:14px\">Una parte importante de lo que tienes que tener en cuenta para ir a Riviera Maya es la ropa que tienes que llevar, teniendo en cuenta que una zona con un <strong>clima semitropical<\/strong>, una temperatura media anual de unos 25\u00ba y donde las ma\u00f1anas y tardes son calurosas y por las noches son m\u00e1s frescas. <\/p>\n\n\n\n<p style=\"font-size:14px\">Para tu <strong>estancia en el hotel lo m\u00e1s recomendable<\/strong> es llevar pantalones cortos, chanclas y camisetas frescas durante el d\u00eda y, para las cenas, lo m\u00e1s recomendable para las mujeres son vestidos frescos y para ellos con pantalones cortos y polos, camisetas o alguna camisa fresca ser\u00e1 m\u00e1s que suficiente. Las <strong>toallas<\/strong> normalmente os las facilitar\u00e1n en el hotel, aunque puedes llevar alguna toalla de microfibra que ocupa muy poco y que te puede servir para las excursiones. En tiendas como Decathlon venden toallas de microfibra \u201cSpontex\u201d que ocupan muy poco y absorben much\u00edsimo. \u00bfYa tienes toda la ropa para llevar a Riviera Maya?<\/p>\n\n\n\n<figure class=\"wp-block-image aligncenter size-large is-resized\"><img fetchpriority=\"high\" decoding=\"async\" src=\"https:\/\/www.centraldevacaciones.com\/blog\/wp-content\/uploads\/2023\/06\/maleta-1024x714.jpg\" alt=\"\" class=\"wp-image-130903\" style=\"width:722px;height:503px\" width=\"722\" height=\"503\" srcset=\"https:\/\/www.centraldevacaciones.com\/blog\/wp-content\/uploads\/2023\/06\/maleta-1024x714.jpg 1024w, https:\/\/www.centraldevacaciones.com\/blog\/wp-content\/uploads\/2023\/06\/maleta-300x209.jpg 300w, https:\/\/www.centraldevacaciones.com\/blog\/wp-content\/uploads\/2023\/06\/maleta-768x535.jpg 768w, https:\/\/www.centraldevacaciones.com\/blog\/wp-content\/uploads\/2023\/06\/maleta-1536x1071.jpg 1536w, https:\/\/www.centraldevacaciones.com\/blog\/wp-content\/uploads\/2023\/06\/maleta.jpg 2000w\" sizes=\"(max-width: 722px) 100vw, 722px\" \/><\/figure>\n\n\n\n<p><\/p>\n\n\n\n<h2 class=\"wp-block-heading\">Ropa para excursiones en Riviera Maya<\/h2>\n\n\n\n<p style=\"font-size:14px\">Dado que las excursiones son imprescindibles en esta zona de M\u00e9xico, hay que llevar <strong>ropa c\u00f3moda<\/strong> (un conjunto por d\u00eda) y ligera para las altas temperaturas. Por supuesto, hay que incluir <strong>ropa de ba\u00f1o<\/strong> variada y calzado adecuado como <strong>zapatillas deportivas<\/strong>.<br>Es importante no olvidarse de llevar sombreros, gorras y gafas de sol durante los meses m\u00e1s calurosos del verano para protegerse del sol.<\/p>\n\n\n\n<h2 class=\"wp-block-heading\">Ropa para llevar a un cenote en Riviera Maya<\/h2>\n\n\n\n<p style=\"font-size:14px\">Llevar ropa ligera y c\u00f3moda, como pantal\u00f3n short y camiseta. Debido a que la excursi\u00f3n incluye el ba\u00f1o y generalmente caminar por la selva, se recomienda <strong>llevar el ba\u00f1ador debajo<\/strong>. Muy recomendable llevar <strong>zapatos de agua o cangrejeras<\/strong> o en cualquier caso, deportivas que se puedan mojar. Tambi\u00e9n llevar una <strong>mochila no muy grande para estas excursiones<\/strong> donde podamos introducir el agua, la crema solar, repelente, toalla, documentaci\u00f3n, etc.<\/p>\n\n\n\n<h2 class=\"wp-block-heading\">Look para pasear por la zona o para salir de fiesta<\/h2>\n\n\n\n<p style=\"font-size:14px\">En este caso se repite la recomendaci\u00f3n de llevar ropa fresca y ligera por si sales a pasear, comer o hacer compras por la 5ta avenida. Por las noches es conveniente a\u00f1adir alguna <strong>chaqueta fina<\/strong> o algo de largo porque puede refrescar. Si se tiene pensado hacer un plan m\u00e1s elegante o salir de fiesta por Playa del Carmen y conocer su oferta de ocio nocturno, hay que meter un atuendo adecuado pero no mil conjuntos diferentes porque se quedar\u00e1n sin usar.<\/p>\n\n\n\n<h1 class=\"wp-block-heading\" style=\"font-style:normal;font-weight:700\">Medicamentos imprescindibles para llevar a Riviera Maya<\/h1>\n\n\n\n<p style=\"font-size:14px\">A la hora de salir de casa es muy importante que no descuidemos nuestra salud. Es por eso que al momento de hacer la maleta para Riviera Maya se recomienda llevar algunas medicinas para estar preparados por si nos sentimos mal durante el viaje.<\/p>\n\n\n\n<p style=\"font-size:14px\">Nadie est\u00e1 exento a enfermarse y desde dolores de cabeza, torceduras, ca\u00eddas, dolores de est\u00f3mago o hasta casos de diarrea se sufren durante los viajes, as\u00ed que para que est\u00e9s preparado para cualquier imprevisto te dejamos esta lista.<\/p>\n\n\n\n<figure class=\"wp-block-image aligncenter size-large is-resized\"><img decoding=\"async\" src=\"https:\/\/www.centraldevacaciones.com\/blog\/wp-content\/uploads\/2023\/06\/pastillas-1024x576.jpg\" alt=\"\" class=\"wp-image-130907\" style=\"width:658px;height:370px\" width=\"658\" height=\"370\" srcset=\"https:\/\/www.centraldevacaciones.com\/blog\/wp-content\/uploads\/2023\/06\/pastillas-1024x576.jpg 1024w, https:\/\/www.centraldevacaciones.com\/blog\/wp-content\/uploads\/2023\/06\/pastillas-300x169.jpg 300w, https:\/\/www.centraldevacaciones.com\/blog\/wp-content\/uploads\/2023\/06\/pastillas-768x432.jpg 768w, https:\/\/www.centraldevacaciones.com\/blog\/wp-content\/uploads\/2023\/06\/pastillas-1536x864.jpg 1536w, https:\/\/www.centraldevacaciones.com\/blog\/wp-content\/uploads\/2023\/06\/pastillas.jpg 1920w\" sizes=\"(max-width: 658px) 100vw, 658px\" \/><\/figure>\n\n\n\n<p style=\"font-size:14px\">Primero os daremos una gu\u00eda sobre material b\u00e1sico de cura:<\/p>\n\n\n\n<ul class=\"wp-block-list\">\n<li style=\"font-size:14px\">Term\u00f3metro<\/li>\n\n\n\n<li style=\"font-size:14px\">Desinfectante <\/li>\n\n\n\n<li style=\"font-size:14px\">Gasas<\/li>\n\n\n\n<li style=\"font-size:14px\">Tiritas<\/li>\n\n\n\n<li style=\"font-size:14px\">Esparadrapo<\/li>\n\n\n\n<li style=\"font-size:14px\">Suero salino en monodosis<\/li>\n<\/ul>\n\n\n\n<p style=\"font-size:14px\">A continuaci\u00f3n, otra lista con medicamentos imprescindibles en nuestro viaje:<\/p>\n\n\n\n<ul class=\"wp-block-list\">\n<li style=\"font-size:14px\">Paracetamol: analg\u00e9sico y antipir\u00e9tico (para la fiebre).<\/li>\n\n\n\n<li style=\"font-size:14px\">Ibuprofeno: &nbsp;analg\u00e9sico, antipir\u00e9tico y antiinflamatorio.<\/li>\n<\/ul>\n\n\n\n<p style=\"font-size:14px\">Si el dolor es de tipo inflamatorio (dolor de garganta, dolor de muela, etc), mejor tomar ibuprofeno. En caso de que la fiebre no sea debido a un dolor inflamatorio (estado griposo, etc), pod\u00e9is tomar el paracetamol o alternarlo con el ibuprofeno.<\/p>\n\n\n\n<ul class=\"wp-block-list\">\n<li style=\"font-size:14px\">Antidiarreicos <\/li>\n\n\n\n<li style=\"font-size:14px\">Antihistam\u00ednicos<\/li>\n<\/ul>\n\n\n\n<h1 class=\"wp-block-heading\" style=\"font-style:normal;font-weight:700\">Otros imprescindibles para llevar a Riviera Maya<\/h1>\n\n\n\n<p style=\"font-size:14px\">Es fundamental que te asegures de llevar a Riviera Maya los elementos imprescindibles para disfrutar al m\u00e1ximo de esta experiencia inolvidable.<\/p>\n\n\n\n<h2 class=\"wp-block-heading\">Repelente de mosquitos<\/h2>\n\n\n\n<p style=\"font-size:14px\">Otro de los grandes factores que caracteriza al Caribe es la humedad, y eso significa dos cosas. La primera, que vas a sudar de lo lindo, sobre todo si viajas en los meses m\u00e1s c\u00e1lidos del a\u00f1o. La segunda, y no menos importante, que los mosquitos pueden convertirse en tu peor pesadilla, sobre todo si te adentras en zonas de mucha vegetaci\u00f3n, que las hay en cantidad y de gran belleza. Si este es un tema sensible para ti, ves siempre muy bien embadurnado de repelente.<\/p>\n\n\n\n<p style=\"font-size:14px\">La <strong>Riviera maya en mayo<\/strong> <strong>\u2013 octubre<\/strong> suele estar m\u00e1s llena de mosquitos que en otras \u00e9pocas del a\u00f1o por lo que para evitar picaduras, sobre todo en los m\u00e1s peque\u00f1os, es fundamental las pulseras antimosquitos o alg\u00fan tipo de repelente.<\/p>\n\n\n\n<figure class=\"wp-block-image aligncenter size-full is-resized\"><img decoding=\"async\" src=\"https:\/\/www.centraldevacaciones.com\/blog\/wp-content\/uploads\/2023\/06\/descarga-1.jpg\" alt=\"\" class=\"wp-image-130910\" style=\"width:514px;height:343px\" width=\"514\" height=\"343\" srcset=\"https:\/\/www.centraldevacaciones.com\/blog\/wp-content\/uploads\/2023\/06\/descarga-1.jpg 724w, https:\/\/www.centraldevacaciones.com\/blog\/wp-content\/uploads\/2023\/06\/descarga-1-300x200.jpg 300w\" sizes=\"(max-width: 514px) 100vw, 514px\" \/><\/figure>\n\n\n\n<p><\/p>\n\n\n\n<h2 class=\"wp-block-heading\">Protecci\u00f3n solar en Riviera Maya<\/h2>\n\n\n\n<p style=\"font-size:14px\">Uno de los accesorios que tienes que llevar a Riviera Maya, a parte de gafas de sol y gorra, es el protector solar. Y es que, aunque no lo parezca, los rayos del sol inciden fuertemente en esta parte del mundo, sobre todo si vas a <strong>viajar a Riviera Maya en junio, julio y agosto, <\/strong>considerados como los meses de \u201cverano\u201d. Nosotros te recomendamos ser muy cauto, ya que es un sol que pica muy fuerte, especialmente si eres de piel muy blanquecina. \u00a1Toda precauci\u00f3n es poca!<\/p>\n\n\n\n<figure class=\"wp-block-image aligncenter size-large is-resized\"><img loading=\"lazy\" decoding=\"async\" src=\"https:\/\/www.centraldevacaciones.com\/blog\/wp-content\/uploads\/2023\/06\/16505419228732-1024x683.jpg\" alt=\"\" class=\"wp-image-130911\" style=\"width:510px;height:340px\" width=\"510\" height=\"340\" srcset=\"https:\/\/www.centraldevacaciones.com\/blog\/wp-content\/uploads\/2023\/06\/16505419228732-1024x683.jpg 1024w, https:\/\/www.centraldevacaciones.com\/blog\/wp-content\/uploads\/2023\/06\/16505419228732-300x200.jpg 300w, https:\/\/www.centraldevacaciones.com\/blog\/wp-content\/uploads\/2023\/06\/16505419228732-768x512.jpg 768w, https:\/\/www.centraldevacaciones.com\/blog\/wp-content\/uploads\/2023\/06\/16505419228732.jpg 1200w\" sizes=\"(max-width: 510px) 100vw, 510px\" \/><\/figure>\n\n\n\n<p><\/p>\n\n\n\n<h2 class=\"wp-block-heading\">Calzado c\u00f3modo<\/h2>\n\n\n\n<p style=\"font-size:14px\">Aunque las playas de Riviera Maya son de otro mundo, esperamos que tambi\u00e9n busques tiempo para disfrutar de las much\u00edsimas excursiones que puedes hacer en esta parte de M\u00e9xico. Chich\u00e9n Itz\u00e1 o Tulum, entre otros, son lugares que debes visitar s\u00ed o s\u00ed. Y para dichas escapadas vas a necesitar calzado adecuado para andar, por lo que por un d\u00eda vas a tener que dejar las chanclas en el hotel y protegerte bien los pies. \u00a1Lo agradecer\u00e1s!<\/p>\n\n\n\n<figure class=\"wp-block-image aligncenter size-large is-resized\"><img loading=\"lazy\" decoding=\"async\" src=\"https:\/\/www.centraldevacaciones.com\/blog\/wp-content\/uploads\/2023\/06\/62ac67cb5455d.r_d.2326-2646-2000-1024x576.jpeg\" alt=\"\" class=\"wp-image-130912\" style=\"width:542px;height:305px\" width=\"542\" height=\"305\" srcset=\"https:\/\/www.centraldevacaciones.com\/blog\/wp-content\/uploads\/2023\/06\/62ac67cb5455d.r_d.2326-2646-2000-1024x576.jpeg 1024w, https:\/\/www.centraldevacaciones.com\/blog\/wp-content\/uploads\/2023\/06\/62ac67cb5455d.r_d.2326-2646-2000-300x169.jpeg 300w, https:\/\/www.centraldevacaciones.com\/blog\/wp-content\/uploads\/2023\/06\/62ac67cb5455d.r_d.2326-2646-2000-768x432.jpeg 768w, https:\/\/www.centraldevacaciones.com\/blog\/wp-content\/uploads\/2023\/06\/62ac67cb5455d.r_d.2326-2646-2000.jpeg 1200w\" sizes=\"(max-width: 542px) 100vw, 542px\" \/><\/figure>\n\n\n\n<h2 class=\"wp-block-heading\">Adaptador de enchufe<\/h2>\n\n\n\n<p style=\"font-size:14px\">Es muy importante que en tu lista de cosas que llevar a Riviera Maya incluyas tus equipos electr\u00f3nicos.<\/p>\n\n\n\n<p style=\"font-size:14px\">Adem\u00e1s de la c\u00e1mara para inmortalizar tu viaje y sacar las mejores fotos de Riviera Maya, deber\u00e1s incluir bater\u00edas externas en caso de pasar muchas horas fuera del hotel, en el vuelo, en excursiones, etc. Los enchufes en M\u00e9xico son de 3 polos, por lo que una de las cosas que llevar a Riviera Maya es un <strong>adaptador de corriente<\/strong>.<\/p>\n\n\n\n<p style=\"font-size:14px\"><em>Y aunque el voltaje es distinto, pueden tardar en cargarse o estropearse as\u00ed que \u00a1cuidado!<\/em><\/p>\n\n\n\n<p style=\"font-size:14px\">A pesar de que <strong>los precios en Riviera Maya no son muy altos para estos objetos<\/strong>, nuestra recomendaci\u00f3n es que los incluyas en tu maleta.<\/p>\n\n\n\n<figure class=\"wp-block-image aligncenter size-full\"><img loading=\"lazy\" decoding=\"async\" width=\"612\" height=\"386\" src=\"https:\/\/www.centraldevacaciones.com\/blog\/wp-content\/uploads\/2023\/06\/gettyimages-1131075713-612x612-1.jpg\" alt=\"\" class=\"wp-image-130913\" srcset=\"https:\/\/www.centraldevacaciones.com\/blog\/wp-content\/uploads\/2023\/06\/gettyimages-1131075713-612x612-1.jpg 612w, https:\/\/www.centraldevacaciones.com\/blog\/wp-content\/uploads\/2023\/06\/gettyimages-1131075713-612x612-1-300x189.jpg 300w\" sizes=\"(max-width: 612px) 100vw, 612px\" \/><\/figure>\n","protected":false},"excerpt":{"rendered":"<p>Si est\u00e1s pensando en viajar a la Riviera Maya o est\u00e1s ya preparando tu viaje, te habr\u00e1n surgido muchas dudas sobre tu viaje y que tienes que llevar a la Riviera Maya en la maleta para que no olvides de nada necesario durante tus vacaciones y no tengas que preocuparte por nada. Primero hay que [&hellip;]<\/p>\n","protected":false},"author":4,"featured_media":130568,"comment_status":"open","ping_status":"open","sticky":false,"template":"","format":"standard","meta":{"_acf_changed":false,"footnotes":""},"categories":[1],"tags":[],"class_list":["post-130567","post","type-post","status-publish","format-standard","has-post-thumbnail","hentry","category-vacaciones"],"acf":[],"_links":{"self":[{"href":"https:\/\/www.centraldevacaciones.com\/blog\/wp-json\/wp\/v2\/posts\/130567","targetHints":{"allow":["GET"]}}],"collection":[{"href":"https:\/\/www.centraldevacaciones.com\/blog\/wp-json\/wp\/v2\/posts"}],"about":[{"href":"https:\/\/www.centraldevacaciones.com\/blog\/wp-json\/wp\/v2\/types\/post"}],"author":[{"embeddable":true,"href":"https:\/\/www.centraldevacaciones.com\/blog\/wp-json\/wp\/v2\/users\/4"}],"replies":[{"embeddable":true,"href":"https:\/\/www.centraldevacaciones.com\/blog\/wp-json\/wp\/v2\/comments?post=130567"}],"version-history":[{"count":0,"href":"https:\/\/www.centraldevacaciones.com\/blog\/wp-json\/wp\/v2\/posts\/130567\/revisions"}],"wp:featuredmedia":[{"embeddable":true,"href":"https:\/\/www.centraldevacaciones.com\/blog\/wp-json\/wp\/v2\/media\/130568"}],"wp:attachment":[{"href":"https:\/\/www.centraldevacaciones.com\/blog\/wp-json\/wp\/v2\/media?parent=130567"}],"wp:term":[{"taxonomy":"category","embeddable":true,"href":"https:\/\/www.centraldevacaciones.com\/blog\/wp-json\/wp\/v2\/categories?post=130567"},{"taxonomy":"post_tag","embeddable":true,"href":"https:\/\/www.centraldevacaciones.com\/blog\/wp-json\/wp\/v2\/tags?post=130567"}],"curies":[{"name":"wp","href":"https:\/\/api.w.org\/{rel}","templated":true}]}}