{"id":129690,"date":"2023-06-13T10:57:57","date_gmt":"2023-06-13T08:57:57","guid":{"rendered":"https:\/\/www.centraldevacaciones.com\/blog\/?p=129690"},"modified":"2023-07-24T16:16:06","modified_gmt":"2023-07-24T14:16:06","slug":"top-monumentos-de-francia-que-debes-visitar","status":"publish","type":"post","link":"https:\/\/www.centraldevacaciones.com\/blog\/top-monumentos-de-francia-que-debes-visitar\/","title":{"rendered":"Top monumentos de Francia que debes visitar"},"content":{"rendered":"\n<p style=\"font-size:14px\">Francia es el destino europeo m\u00e1s visitado por los espa\u00f1oles \u00a1y no es para menos!. El pa\u00eds vecino posee numerosos atractivos que desconocemos. <\/p>\n\n\n\n<p style=\"font-size:14px\"><strong>Son millones de personas las que cada a\u00f1o piensan en visitar Francia<\/strong>. \u00bfPor qu\u00e9? Porque es un pa\u00eds incre\u00edble. Y no hablamos solo de Par\u00eds, su fascinante capital, que al menos hay que visitar una vez en la vida. Son muchos los lugares repartidos por su geograf\u00eda dignos de conocerse. Y los hay para todos los gustos: por su belleza natural, su historia, su arte, su gastronom\u00eda, sus tradiciones\u2026 \u00a1T\u00fa eliges!<\/p>\n\n\n\n<p style=\"font-size:14px\">A continuaci\u00f3n nuestra recopilaci\u00f3n de<strong> top monumentos de Francia <\/strong>que debes visitar s\u00ed o s\u00ed.<\/p>\n\n\n\n<h2 class=\"wp-block-heading\">Los mejores monumentos de Francia que se encuentran en su capital<\/h2>\n\n\n\n<h3 class=\"wp-block-heading\">Torre Eiffel, Par\u00eds<\/h3>\n\n\n\n<p style=\"font-size:14px\">Que en el&nbsp;<strong>Par\u00eds de&nbsp;<em>Haussmann<\/em><\/strong>, donde todo parece cuidado al mil\u00edmetro, se instalase en 1889 una enorme infraestructura de metal supuso alg\u00fan que otro disgusto para los parisinos, que entre amasijos de metal no ve\u00edan el atractivo de la misma. Poco tardo, sin embargo, en convertirse en la estrella de la&nbsp;Exposici\u00f3n Universal de 1889&nbsp;\u2013 para la que fue construida.<\/p>\n\n\n\n<p style=\"font-size:14px\">Superadas las iniciales suspicacias, con el paso del tiempo la\u00a0<strong><a href=\"https:\/\/www.centraldevacaciones.com\/blog\/con-cuantos-escalones-cuenta-la-torre-eiffel\/\" data-type=\"URL\" data-id=\"https:\/\/www.centraldevacaciones.com\/blog\/con-cuantos-escalones-cuenta-la-torre-eiffel\/\">Torre Eiffel<\/a>\u00a0<\/strong>no solo se ha convertido en el estandarte de Par\u00eds sino en uno de los monumentos de Francia m\u00e1s fotografiados, conocidos y replicados del mundo. Bastan, adem\u00e1s, poco m\u00e1s de 30 segundos para darse cuenta de \u00e9l una vez aterrices en Par\u00eds: con sus 312 metros de altura se ha convertido en una foto est\u00e1tica cada vez que fijas tu mirada en el cielo parisino. <\/p>\n\n\n\n<figure class=\"wp-block-image aligncenter size-large\"><img fetchpriority=\"high\" decoding=\"async\" width=\"1024\" height=\"682\" src=\"https:\/\/www.centraldevacaciones.com\/blog\/wp-content\/uploads\/2023\/06\/16801663970469-1-1024x682.jpg\" alt=\"\" class=\"wp-image-129766\" srcset=\"https:\/\/www.centraldevacaciones.com\/blog\/wp-content\/uploads\/2023\/06\/16801663970469-1-1024x682.jpg 1024w, https:\/\/www.centraldevacaciones.com\/blog\/wp-content\/uploads\/2023\/06\/16801663970469-1-300x200.jpg 300w, https:\/\/www.centraldevacaciones.com\/blog\/wp-content\/uploads\/2023\/06\/16801663970469-1-768x512.jpg 768w, https:\/\/www.centraldevacaciones.com\/blog\/wp-content\/uploads\/2023\/06\/16801663970469-1-1536x1024.jpg 1536w, https:\/\/www.centraldevacaciones.com\/blog\/wp-content\/uploads\/2023\/06\/16801663970469-1-2048x1365.jpg 2048w\" sizes=\"(max-width: 1024px) 100vw, 1024px\" \/><\/figure>\n\n\n\n<p><\/p>\n\n\n\n<h3 class=\"wp-block-heading\">Palacio de Versalles<\/h3>\n\n\n\n<p style=\"font-size:14px\">El siguiente en nuestra lista de monumentos de Par\u00eds fue el lugar predilecto de\u00a0<strong>residencia de la monarqu\u00eda francesa<\/strong>\u00a0entre los reinados de Luis XIV y Luis XVI, el palacio de Versalles, cerca de Par\u00eds, embellecido por sucesivas generaciones de arquitectos, escultores, decoradores y paisajistas, fue durante m\u00e1s de un siglo el\u00a0<strong>modelo de palacio real\u00a0<\/strong>por excelencia en toda Europa.<\/p>\n\n\n\n<p style=\"font-size:14px\">D\u00e9jate embriagar por\u00a0<strong>el encanto de sus jardines<\/strong>, estructurados \u00aba la francesa\u00bb con decoraciones arabescas, entrelazados y llenos de bellas esculturas. Declarado Patrimonio de la Humanidad en 1979, el Palacio de Versalles es uno de los monumentos de Francia m\u00e1s visitados. \u00a1No te lo pierdas!<\/p>\n\n\n\n<figure class=\"wp-block-image aligncenter size-full is-resized\"><img decoding=\"async\" src=\"https:\/\/www.centraldevacaciones.com\/blog\/wp-content\/uploads\/2023\/06\/palacio-de-versalles.jpeg.webp\" alt=\"\" class=\"wp-image-129736\" width=\"609\" height=\"405\"\/><\/figure>\n\n\n\n<p><\/p>\n\n\n\n<h3 class=\"wp-block-heading\">Catedral de Notre Dame<\/h3>\n\n\n\n<p class=\"has-small-font-size\">En la&nbsp;<em><em>\u00cele de la Cit\u00e9<\/em><\/em>, la zona m\u00e1s antigua de Par\u00eds, se encuentra el siguiente monumento: la&nbsp;<strong>Catedral de Notre Dame<\/strong>. Este precioso templo, presentado como una de las catedrales g\u00f3ticas m\u00e1s impresionantes del mundo por todos los manuales de historia del arte, ha pasado de ser una visita obligada de todo turista a un tributo que hacer a la ciudad del amor. <\/p>\n\n\n\n<p class=\"has-small-font-size\">La&nbsp;<strong>catedral de Notre Dame<\/strong>&nbsp;se comenz\u00f3 a construir all\u00e1 por el siglo XII y tard\u00f3 m\u00e1s de doscientos a\u00f1os en terminarse. Sin embargo, no adquirir\u00eda relevancia hasta que&nbsp;<strong>Victor Hugo<\/strong>&nbsp;ambient\u00f3 su afamada obra,&nbsp;Nuestra Se\u00f1ora de Par\u00eds, en las entra\u00f1as de la catedral. La historia del jorobado de Notre Dame supuso el renacer de la iglesia y la puesta en marcha de una extensa reconstrucci\u00f3n con la introducci\u00f3n, por ejemplo, de las famosas g\u00e1rgolas y quimeras.<\/p>\n\n\n\n<figure class=\"wp-block-image aligncenter size-full is-resized\"><img decoding=\"async\" src=\"https:\/\/www.centraldevacaciones.com\/blog\/wp-content\/uploads\/2023\/06\/GettyImages-526473857.webp\" alt=\"\" class=\"wp-image-129729\" width=\"563\" height=\"422\"\/><\/figure>\n\n\n\n<p><\/p>\n\n\n\n<h3 class=\"wp-block-heading\">Bas\u00edlica del Sacr\u00e9 &#8211; C\u0153ur de Montmartre<\/h3>\n\n\n\n<p style=\"font-size:14px\">No puede haber una\u00a0<strong>gu\u00eda de monumentos de Francia<\/strong>\u00a0que no nombre la Bas\u00edlica del Sagrado Coraz\u00f3n de Par\u00eds. Es simplemente maravillosa.<\/p>\n\n\n\n<p style=\"font-size:14px\">La Bas\u00edlica est\u00e1 situada en la colina de Montmartre, en el distrito XVIII de Par\u00eds. El monumento fue construido entre 1875 y 1923 y dise\u00f1ado por el arquitecto Paul Abadie. El lugar en el que est\u00e1, la colina de Montmartre, no es fortuito, ya que este siempre ha sido un lugar de culto. La Bas\u00edlica, adem\u00e1s de ser un momento visitable, es un lugar de culto habitual. Est\u00e1 permitido visitar el domo central de unos 80 metros, desde d\u00f3nde puedes ver la ciudad.<\/p>\n\n\n\n<p style=\"font-size:14px\">El estilo arquitect\u00f3nico de la bas\u00edlica es la arquitectura neobizantina. La arquitectura se inspira en la arquitectura romana y bizantina. Puedes llegar hasta la bas\u00edlica tomando el funicular de Montmartre, \u00a1o subiendo las escaleras!<\/p>\n\n\n\n<figure class=\"wp-block-image aligncenter size-full is-resized\"><img loading=\"lazy\" decoding=\"async\" src=\"https:\/\/www.centraldevacaciones.com\/blog\/wp-content\/uploads\/2023\/06\/monumentos-paris.jpg.webp\" alt=\"\" class=\"wp-image-129740\" width=\"573\" height=\"381\"\/><\/figure>\n\n\n\n<p><\/p>\n\n\n\n<h4 class=\"wp-block-heading\">El Pante\u00f3n de Par\u00eds<\/h4>\n\n\n\n<p style=\"font-size:14px\">Otra de las visitas obligatorias si quieres visitar los principales monumentos de Francia. Tanto por fuera como por dentro. Est\u00e1 en el distrito V de Par\u00eds, en el centro de la plaza del Pante\u00f3n y rodeado por el ayuntamiento del distrito V, la iglesia Saint \u00c9tienne du Mont, la biblioteca de Santa Genoveva, la Universidad de Par\u00eds I (Panth\u00e9on-Sorbonne) y la Universidad de Par\u00eds II (Panth\u00e9on-Assas). \u00a1Casi nada!<\/p>\n\n\n\n<p style=\"font-size:14px\">Inicialmente, la construcci\u00f3n fue pensada para ser una iglesia, pero finalmente se convirti\u00f3 en un lugar que honra a los grandes personajes que han marcado la historia de Francia (a excepci\u00f3n de las carreras militares honradas en el Pante\u00f3n militar de los Inv\u00e1lidos). As\u00ed, en las criptas del Pante\u00f3n est\u00e1n enterrados grandes escritores, cient\u00edficos, pol\u00edticos y otros personajes hist\u00f3ricos de Francia: Voltaire, Rousseau, Victor Hugo, \u00c9mile Zola, Jean Jaur\u00e8s, Jean Moulin, Jean Monnet, Pierre Curie, Marie Curie, Alexandre Dumas, etc\u00e9tera.<\/p>\n\n\n\n<p style=\"font-size:14px\">El Pante\u00f3n, de estilo arquitect\u00f3nico neocl\u00e1sico, fue construido en 1758 y dise\u00f1ado por los arquitectos Jacques-Germain Soufflot, Jean-Baptiste Rondelet y Maximilien Br\u00e9bion.<\/p>\n\n\n\n<p style=\"font-size:14px\">Dentro del Pante\u00f3n encontrar\u00e1s tambi\u00e9n el P\u00e9ndulo de Foucault, un experimento realizado por el f\u00edsico y astr\u00f3nomo franc\u00e9s Jean Bernard L\u00e9on Foucault en 1851.<\/p>\n\n\n\n<figure class=\"wp-block-image aligncenter size-large\"><img loading=\"lazy\" decoding=\"async\" width=\"1024\" height=\"683\" src=\"https:\/\/www.centraldevacaciones.com\/blog\/wp-content\/uploads\/2023\/06\/7805eb8eb3c83176f49f09f83dc34a89-Pantheon-1-1024x683.jpg\" alt=\"\" class=\"wp-image-129767\" srcset=\"https:\/\/www.centraldevacaciones.com\/blog\/wp-content\/uploads\/2023\/06\/7805eb8eb3c83176f49f09f83dc34a89-Pantheon-1-1024x683.jpg 1024w, https:\/\/www.centraldevacaciones.com\/blog\/wp-content\/uploads\/2023\/06\/7805eb8eb3c83176f49f09f83dc34a89-Pantheon-1-300x200.jpg 300w, https:\/\/www.centraldevacaciones.com\/blog\/wp-content\/uploads\/2023\/06\/7805eb8eb3c83176f49f09f83dc34a89-Pantheon-1-768x513.jpg 768w, https:\/\/www.centraldevacaciones.com\/blog\/wp-content\/uploads\/2023\/06\/7805eb8eb3c83176f49f09f83dc34a89-Pantheon-1-1536x1025.jpg 1536w, https:\/\/www.centraldevacaciones.com\/blog\/wp-content\/uploads\/2023\/06\/7805eb8eb3c83176f49f09f83dc34a89-Pantheon-1-2048x1367.jpg 2048w\" sizes=\"(max-width: 1024px) 100vw, 1024px\" \/><\/figure>\n\n\n\n<p><\/p>\n\n\n\n<h3 class=\"wp-block-heading\">Arco del Triunfo<\/h3>\n\n\n\n<p style=\"font-size:14px\">Adem\u00e1s de representar el mayor desaf\u00edo para los conductores en la capital francesa, la Plaza Charles de Gaulle, hist\u00f3ricamente conocida como Plaza \u00c9toile, acoge el arco m\u00e1s grande a nivel mundial. Ordenado construir por Napole\u00f3n como forma de exaltar sus victorias militares, este muri\u00f3 antes de verlo terminado. Con el paso de los a\u00f1os, el Arco del triunfo no solo se ha ganado la admiraci\u00f3n de los turistas como uno de los monumentos de Francia m\u00e1s visitados, sino que se ha convertido en un importante\u00a0<strong>s\u00edmbolo para los franceses<\/strong>.<\/p>\n\n\n\n<p style=\"font-size:14px\">Es un lugar muy representativo, de hecho, por \u00e9l han desfilado los<strong>&nbsp;vencedores de tres de las mayores guerras de la historia<\/strong>: en 1941 las tropas alemanas tras la ocupaci\u00f3n de Francia durante la&nbsp;<em>Segunda Guerra Mundial<\/em>, tambi\u00e9n los aliados despu\u00e9s del&nbsp;<em>desembarco de Normand\u00eda<\/em>&nbsp;(1944) y las tropas prusianas tras el&nbsp;<em>asedio de Par\u00eds de 1871<\/em>&nbsp;(Guerra franco-prusiana).<\/p>\n\n\n\n<p style=\"font-size:14px\">El&nbsp;<strong>Arco del Triunfo<\/strong>&nbsp;est\u00e1 repleto de inscripciones con nombres militares que participaron tanto en la Revoluci\u00f3n Francesa como en el Primer Imperio franc\u00e9s. En el centro hay una&nbsp;<strong>tumba al Soldado Desconocido de la Primera Guerra Mundial<\/strong>&nbsp;y una llama que todos los d\u00edas a las 18:30 se reaviva para recordar a aquellos que cayeron durante este conflicto.<\/p>\n\n\n\n<figure class=\"wp-block-image aligncenter size-large\"><img loading=\"lazy\" decoding=\"async\" width=\"1024\" height=\"700\" src=\"https:\/\/www.centraldevacaciones.com\/blog\/wp-content\/uploads\/2023\/06\/arco-del-triunfo-paris-francia-historia-3-2-1024x700.jpg\" alt=\"\" class=\"wp-image-129768\" srcset=\"https:\/\/www.centraldevacaciones.com\/blog\/wp-content\/uploads\/2023\/06\/arco-del-triunfo-paris-francia-historia-3-2-1024x700.jpg 1024w, https:\/\/www.centraldevacaciones.com\/blog\/wp-content\/uploads\/2023\/06\/arco-del-triunfo-paris-francia-historia-3-2-300x205.jpg 300w, https:\/\/www.centraldevacaciones.com\/blog\/wp-content\/uploads\/2023\/06\/arco-del-triunfo-paris-francia-historia-3-2-768x525.jpg 768w, https:\/\/www.centraldevacaciones.com\/blog\/wp-content\/uploads\/2023\/06\/arco-del-triunfo-paris-francia-historia-3-2.jpg 1215w\" sizes=\"(max-width: 1024px) 100vw, 1024px\" \/><\/figure>\n\n\n\n<h2 class=\"wp-block-heading\">Centro Pompidou<\/h2>\n\n\n\n<p>Otro de los monumentos de Francia extraordinarios que en realidad son un edificio de inter\u00e9s arquitect\u00f3nico impresionante. El Centro Pompidou es un famoso edificio dedicado al arte y cultura que se encuentra en el coraz\u00f3n de Par\u00eds, Francia. Es conocido tambi\u00e9n como \u00abCentre Georges Pompidou\u00bb en franc\u00e9s. Este centro es especialmente valorado por aquellos que disfrutan del arte contempor\u00e1neo y moderno.<\/p>\n\n\n\n<p>Fue inaugurado en el a\u00f1o 1977 y lleva el nombre del presidente franc\u00e9s Georges Pompidou, quien impuls\u00f3 su construcci\u00f3n. Lo m\u00e1s llamativo de su dise\u00f1o arquitect\u00f3nico, que estuvo <strong>a cargo de los arquitectos Renzo Piano, Richard Rogers y Gianfranco Franchini<\/strong>, es que decidieron mostrar en el exterior las tuber\u00edas, conductos y estructuras del edificio en lugar de esconderlas como es com\u00fan. Esto le da al Centro Pompidou un aspecto industrial y colorido, que lo ha convertido en un s\u00edmbolo caracter\u00edstico de la ciudad.<\/p>\n\n\n\n<p>En este lugar, los visitantes pueden apreciar una valiosa colecci\u00f3n de arte moderno y contempor\u00e1neo, que incluye obras de artistas famosos como <strong>Picasso, Kandinsky, Mir\u00f3 y Dal\u00ed<\/strong>, entre otros. Adem\u00e1s, el centro cuenta con una amplia biblioteca p\u00fablica con recursos diversos, lo que lo convierte en un recurso importante para estudiantes e investigadores.<\/p>\n\n\n\n<p>El Centro Pompidou tambi\u00e9n ofrece espacios para exhibiciones temporales y eventos culturales, y en su azotea se encuentra un restaurante y terraza con vistas panor\u00e1micas de Par\u00eds, lo que lo convierte en un lugar atractivo para relajarse y disfrutar de la ciudad desde las alturas.<\/p>\n\n\n\n<h2 class=\"wp-block-heading\">Otros monumentos de Francia que no te debes perder<\/h2>\n\n\n\n<h3 class=\"wp-block-heading\">Catedral de Bourges<\/h3>\n\n\n\n<p style=\"font-size:14px\">Son especialmente destacables el t\u00edmpano, las esculturas y los vitrales. Adem\u00e1s de su belleza arquitect\u00f3nica, esta catedral constituye un vivo testimonio de la&nbsp;<strong>fuerza del cristianismo en la Francia medieval<\/strong>.<\/p>\n\n\n\n<p style=\"font-size:14px\">La construcci\u00f3n de la catedral de Saint-Etienne de Bourges, ciudad situada en el centro de Francia, se inici\u00f3 a finales del siglo XII y acab\u00f3 a finales del siglo siguiente. Sus proporciones admirables y la unidad de su dise\u00f1o hacen de ella&nbsp;<strong>una de las grandes obras maestras del arte g\u00f3tico<\/strong>.<\/p>\n\n\n\n<p style=\"font-size:14px\">Es un bien cultural inscrito en 1992 en el Patrimonio de la Humanidad de la UNESCO.<\/p>\n\n\n\n<figure class=\"wp-block-image aligncenter size-large\"><img loading=\"lazy\" decoding=\"async\" width=\"1024\" height=\"768\" src=\"https:\/\/www.centraldevacaciones.com\/blog\/wp-content\/uploads\/2023\/06\/Cathedrale_Saint-Etienne_Bourges_16-09-2006-1-1024x768.jpg\" alt=\"\" class=\"wp-image-129769\" srcset=\"https:\/\/www.centraldevacaciones.com\/blog\/wp-content\/uploads\/2023\/06\/Cathedrale_Saint-Etienne_Bourges_16-09-2006-1-1024x768.jpg 1024w, https:\/\/www.centraldevacaciones.com\/blog\/wp-content\/uploads\/2023\/06\/Cathedrale_Saint-Etienne_Bourges_16-09-2006-1-300x225.jpg 300w, https:\/\/www.centraldevacaciones.com\/blog\/wp-content\/uploads\/2023\/06\/Cathedrale_Saint-Etienne_Bourges_16-09-2006-1-768x576.jpg 768w, https:\/\/www.centraldevacaciones.com\/blog\/wp-content\/uploads\/2023\/06\/Cathedrale_Saint-Etienne_Bourges_16-09-2006-1-1536x1152.jpg 1536w, https:\/\/www.centraldevacaciones.com\/blog\/wp-content\/uploads\/2023\/06\/Cathedrale_Saint-Etienne_Bourges_16-09-2006-1.jpg 2048w\" sizes=\"(max-width: 1024px) 100vw, 1024px\" \/><\/figure>\n\n\n\n<h3 class=\"wp-block-heading\">Valle del Loira<\/h3>\n\n\n\n<p style=\"font-size:14px\">Este&nbsp;<strong>paisaje cultural<\/strong>, \u00fanico en su g\u00e9nero, posee peque\u00f1as ciudades y pueblos hist\u00f3ricos, grandes monumentos arquitect\u00f3nicos (<strong>castillos y palacios<\/strong>) y tierras de cultivo, que son el resultado de la interacci\u00f3n entre sus habitantes y el medio f\u00edsico, en particular el&nbsp;<strong>r\u00edo Loira<\/strong>.<\/p>\n\n\n\n<p style=\"font-size:14px\">En 2000, los numerosos monumentos de esta regi\u00f3n justificaron que la UNESCO declarara&nbsp;<strong>Patrimonio de la Humanidad<\/strong>&nbsp;al \u00abValle del Loira\u00bb, y con raz\u00f3n.<\/p>\n\n\n\n<p style=\"font-size:14px\">Es uno de los sitios con m\u00e1s encanto del pa\u00eds, por lo que no dudes en visitar esta regi\u00f3n. Hacer un recorrido por los numerosos Castillos del Loira ser\u00e1 una experiencia inolvidable.<\/p>\n\n\n\n<figure class=\"wp-block-image aligncenter size-large\"><img loading=\"lazy\" decoding=\"async\" width=\"1024\" height=\"683\" src=\"https:\/\/www.centraldevacaciones.com\/blog\/wp-content\/uploads\/2023\/06\/35763445f31dbf8861d53d2e0d8a272a-chateau-de-chenonceau-1-1024x683.jpg\" alt=\"\" class=\"wp-image-129770\" srcset=\"https:\/\/www.centraldevacaciones.com\/blog\/wp-content\/uploads\/2023\/06\/35763445f31dbf8861d53d2e0d8a272a-chateau-de-chenonceau-1-1024x683.jpg 1024w, https:\/\/www.centraldevacaciones.com\/blog\/wp-content\/uploads\/2023\/06\/35763445f31dbf8861d53d2e0d8a272a-chateau-de-chenonceau-1-300x200.jpg 300w, https:\/\/www.centraldevacaciones.com\/blog\/wp-content\/uploads\/2023\/06\/35763445f31dbf8861d53d2e0d8a272a-chateau-de-chenonceau-1-768x512.jpg 768w, https:\/\/www.centraldevacaciones.com\/blog\/wp-content\/uploads\/2023\/06\/35763445f31dbf8861d53d2e0d8a272a-chateau-de-chenonceau-1-1536x1024.jpg 1536w, https:\/\/www.centraldevacaciones.com\/blog\/wp-content\/uploads\/2023\/06\/35763445f31dbf8861d53d2e0d8a272a-chateau-de-chenonceau-1.jpg 1920w\" sizes=\"(max-width: 1024px) 100vw, 1024px\" \/><\/figure>\n\n\n\n<p><\/p>\n\n\n\n<h3 class=\"wp-block-heading\">Casco Hist\u00f3rico de Lyon<\/h3>\n\n\n\n<p style=\"font-size:14px\">La ciudad de Lyon, situada en el centro-este de Francia, fue fundada en el siglo I a.C. por los romanos, que establecieron en ella&nbsp;<strong>la capital de las Tres Galias<\/strong>. Desde entonces, Lyon ha desempe\u00f1ado a lo largo de toda su historia un papel importante en el desarrollo pol\u00edtico, cultural y econ\u00f3mico de Europa.<\/p>\n\n\n\n<p style=\"font-size:14px\">En tu visita, no te pierdas&nbsp;<strong>el Vieux Lyon<\/strong>, un bonito barrio medieval y renacentista a orillas del r\u00edo Saona;&nbsp;<strong>la Fourvi\u00e8re<\/strong>, una colina que domina la ciudad de Lyon donde se encuentra la Bas\u00edlica de Notre-Dame de Fourvi\u00e8re;&nbsp;<strong>la Presqu\u2019\u00eele<\/strong>, el centro de la ciudad y uno de sus lugares m\u00e1s interesantes, o&nbsp;<strong>la<\/strong>&nbsp;<strong>Croix-Rousse<\/strong>, un barrio situado en una de las colinas de Lyon.&nbsp;<\/p>\n\n\n\n<figure class=\"wp-block-image aligncenter size-full is-resized\"><img loading=\"lazy\" decoding=\"async\" src=\"https:\/\/www.centraldevacaciones.com\/blog\/wp-content\/uploads\/2023\/06\/puente-lyon.jpeg.webp\" alt=\"\" class=\"wp-image-129760\" width=\"615\" height=\"345\"\/><\/figure>\n\n\n\n<p><\/p>\n\n\n\n<h3 class=\"wp-block-heading\">Centro hist\u00f3rico de Burdeos, Puerto de la Luna<\/h3>\n\n\n\n<p style=\"font-size:14px\">El centro hist\u00f3rico de esta ciudad portuaria del sudoeste de Francia posee un&nbsp;<strong>conjunto urban\u00edstico y arquitect\u00f3nico excepcional creado en el Siglo de las Luces<\/strong>, cuyos valores han perdurado hasta la primera mitad del siglo XX. Burdeos es, despu\u00e9s de Par\u00eds, la ciudad francesa con m\u00e1s&nbsp;<strong>monumentos hist\u00f3ricos protegidos<\/strong>.<\/p>\n\n\n\n<p style=\"font-size:14px\">El trazado urbano y los conjuntos de edificios construidos desde principios del siglo XVIII hacen de esta ciudad un ejemplo excepcional de la arquitectura neocl\u00e1sica. El urbanismo de Burdeos refleja el triunfo de los ideales de los fil\u00f3sofos del Siglo de las Luces, que aspiraban a&nbsp;<strong>hacer de las ciudades verdaderos crisoles del humanismo, la universalidad y la cultura<\/strong>. \u00a1No te lo puedes perder!<\/p>\n\n\n\n<figure class=\"wp-block-image aligncenter size-large\"><img loading=\"lazy\" decoding=\"async\" width=\"1024\" height=\"720\" src=\"https:\/\/www.centraldevacaciones.com\/blog\/wp-content\/uploads\/2023\/06\/que-ver-burdeos-1-1024x720.jpg\" alt=\"\" class=\"wp-image-129771\" srcset=\"https:\/\/www.centraldevacaciones.com\/blog\/wp-content\/uploads\/2023\/06\/que-ver-burdeos-1-1024x720.jpg 1024w, https:\/\/www.centraldevacaciones.com\/blog\/wp-content\/uploads\/2023\/06\/que-ver-burdeos-1-300x211.jpg 300w, https:\/\/www.centraldevacaciones.com\/blog\/wp-content\/uploads\/2023\/06\/que-ver-burdeos-1-768x540.jpg 768w, https:\/\/www.centraldevacaciones.com\/blog\/wp-content\/uploads\/2023\/06\/que-ver-burdeos-1.jpg 1080w\" sizes=\"(max-width: 1024px) 100vw, 1024px\" \/><\/figure>\n\n\n\n<p><\/p>\n\n\n\n<h3 class=\"wp-block-heading\">Villa Cravois<\/h3>\n\n\n\n<p style=\"font-size:14px\">Una construcci\u00f3n diferente a los\u00a0<strong>monumentos<\/strong> de Francia\u00a0que hemos visto anteriormente.<\/p>\n\n\n\n<p style=\"font-size:14px\">La villa Cavrois es un edificio situado en la localidad francesa de Croix, en el noroeste de Francia.<\/p>\n\n\n\n<p style=\"font-size:14px\">Se inaugur\u00f3 en 1932 y en 1990 se declar\u00f3 Monumento Hist\u00f3rico de Francia.<\/p>\n\n\n\n<p style=\"font-size:14px\">Fue el \u00faltimo de los dise\u00f1os de residencias privadas realizadas por el conocido arquitecto parisino Robert Mallet-Stevens, a petici\u00f3n del empresario de la industria textil de Rubaix (localidad cerca de Lille), Paul Cavrois.<\/p>\n\n\n\n<p style=\"font-size:14px\">La villa Cavrois es un ejemplo de armonizaci\u00f3n del espacio arquitect\u00f3nico y del decorativo interior. Se engloba dentro del estilo moderno contempor\u00e1neo representado por, entre otros, Le Corbusier.<\/p>\n\n\n\n<figure class=\"wp-block-image aligncenter size-full\"><img loading=\"lazy\" decoding=\"async\" width=\"640\" height=\"427\" src=\"https:\/\/www.centraldevacaciones.com\/blog\/wp-content\/uploads\/2023\/06\/640px-Villa_Cavrois_Image_Facade_Sud-1.jpg\" alt=\"\" class=\"wp-image-129772\" srcset=\"https:\/\/www.centraldevacaciones.com\/blog\/wp-content\/uploads\/2023\/06\/640px-Villa_Cavrois_Image_Facade_Sud-1.jpg 640w, https:\/\/www.centraldevacaciones.com\/blog\/wp-content\/uploads\/2023\/06\/640px-Villa_Cavrois_Image_Facade_Sud-1-300x200.jpg 300w\" sizes=\"(max-width: 640px) 100vw, 640px\" \/><\/figure>\n\n\n\n<h2 class=\"wp-block-heading\"><br><\/h2>\n","protected":false},"excerpt":{"rendered":"<p>Francia es el destino europeo m\u00e1s visitado por los espa\u00f1oles \u00a1y no es para menos!. El pa\u00eds vecino posee numerosos atractivos que desconocemos. Son millones de personas las que cada a\u00f1o piensan en visitar Francia. \u00bfPor qu\u00e9? Porque es un pa\u00eds incre\u00edble. Y no hablamos solo de Par\u00eds, su fascinante capital, que al menos hay [&hellip;]<\/p>\n","protected":false},"author":4,"featured_media":129712,"comment_status":"open","ping_status":"open","sticky":false,"template":"","format":"standard","meta":{"_acf_changed":false,"footnotes":""},"categories":[4,208,204,10,1,12],"tags":[],"class_list":["post-129690","post","type-post","status-publish","format-standard","has-post-thumbnail","hentry","category-espana","category-ideas-escapadas","category-ideas-viajes-verano","category-semana-santa","category-vacaciones","category-viajes"],"acf":[],"_links":{"self":[{"href":"https:\/\/www.centraldevacaciones.com\/blog\/wp-json\/wp\/v2\/posts\/129690","targetHints":{"allow":["GET"]}}],"collection":[{"href":"https:\/\/www.centraldevacaciones.com\/blog\/wp-json\/wp\/v2\/posts"}],"about":[{"href":"https:\/\/www.centraldevacaciones.com\/blog\/wp-json\/wp\/v2\/types\/post"}],"author":[{"embeddable":true,"href":"https:\/\/www.centraldevacaciones.com\/blog\/wp-json\/wp\/v2\/users\/4"}],"replies":[{"embeddable":true,"href":"https:\/\/www.centraldevacaciones.com\/blog\/wp-json\/wp\/v2\/comments?post=129690"}],"version-history":[{"count":0,"href":"https:\/\/www.centraldevacaciones.com\/blog\/wp-json\/wp\/v2\/posts\/129690\/revisions"}],"wp:featuredmedia":[{"embeddable":true,"href":"https:\/\/www.centraldevacaciones.com\/blog\/wp-json\/wp\/v2\/media\/129712"}],"wp:attachment":[{"href":"https:\/\/www.centraldevacaciones.com\/blog\/wp-json\/wp\/v2\/media?parent=129690"}],"wp:term":[{"taxonomy":"category","embeddable":true,"href":"https:\/\/www.centraldevacaciones.com\/blog\/wp-json\/wp\/v2\/categories?post=129690"},{"taxonomy":"post_tag","embeddable":true,"href":"https:\/\/www.centraldevacaciones.com\/blog\/wp-json\/wp\/v2\/tags?post=129690"}],"curies":[{"name":"wp","href":"https:\/\/api.w.org\/{rel}","templated":true}]}}