{"id":129565,"date":"2023-06-06T12:42:28","date_gmt":"2023-06-06T10:42:28","guid":{"rendered":"https:\/\/www.centraldevacaciones.com\/blog\/?p=129565"},"modified":"2023-08-22T12:07:36","modified_gmt":"2023-08-22T10:07:36","slug":"top-20-monumentos-de-roma-que-debes-visitar","status":"publish","type":"post","link":"https:\/\/www.centraldevacaciones.com\/blog\/top-20-monumentos-de-roma-que-debes-visitar\/","title":{"rendered":"Top 20 monumentos de Roma que debes visitar"},"content":{"rendered":"\n<p style=\"font-size:14px\">Roma es una de esas ciudades que enganchan. Si no la has visitado a\u00fan, casi seguro que figura en tu lista de destinos pendientes. Y si ya la has visitado, estamos convencidos de que te gustar\u00eda repetir la experiencia, \u00bfa que s\u00ed?<\/p>\n\n\n\n<p style=\"font-size:14px\">Monumentos milenarios,\u00a0vistas de infarto,\u00a0plazas que rebosan vida,\u00a0platos para chuparse los dedos\u2026\u00a0\u00a1La Ciudad Eterna lo tiene todo! He aqu\u00ed nuestra recopilaci\u00f3n<strong> top 20 de monumentos de Roma <\/strong>que debes visitar s\u00ed o s\u00ed.<\/p>\n\n\n\n<figure class=\"wp-block-image aligncenter size-full is-resized\"><img fetchpriority=\"high\" decoding=\"async\" src=\"https:\/\/www.centraldevacaciones.com\/blog\/wp-content\/uploads\/2023\/06\/roma.jpg\" alt=\"\" class=\"wp-image-129566\" style=\"width:626px;height:363px\" width=\"626\" height=\"363\" srcset=\"https:\/\/www.centraldevacaciones.com\/blog\/wp-content\/uploads\/2023\/06\/roma.jpg 548w, https:\/\/www.centraldevacaciones.com\/blog\/wp-content\/uploads\/2023\/06\/roma-300x174.jpg 300w\" sizes=\"(max-width: 626px) 100vw, 626px\" \/><\/figure>\n\n\n\n<p><\/p>\n\n\n\n<h2 class=\"wp-block-heading\">1. El Coliseo<\/h2>\n\n\n\n<p style=\"font-size:14px\">El&nbsp;Coliseo&nbsp;es el s\u00edmbolo no solo de Roma, sino tambi\u00e9n de Italia. El enorme anfiteatro, inaugurado en el a\u00f1o 80 d. C., ten\u00eda&nbsp;<strong>capacidad para m\u00e1s de 50 000 personas<\/strong>, siendo el m\u00e1s grande de todo el Imperio romano. Durante casi 500 a\u00f1os, en su arena se celebraron numerosos eventos, desde&nbsp;<strong>luchas de gladiadores<\/strong>&nbsp;hasta combates de animales o recreaciones de grandes batallas.<\/p>\n\n\n\n<p style=\"font-size:14px\">En la actualidad, aunque se puede visitar por libre, son muchos los viajeros que optan por realizar una&nbsp;<strong>visita guiada<\/strong>. De la mano de un gu\u00eda experto, adem\u00e1s de conocer la larga historia de este monumento emblem\u00e1tico, podr\u00e1s aprender un mont\u00f3n de datos curiosos sobre su construcci\u00f3n, su arquitectura y su papel en la antigua Roma.&nbsp;Recuerda que existe la posibilidad de comprar entradas sin colas, que reducen notablemente el tiempo de espera para entrar en el&nbsp;Coliseo. Otra opci\u00f3n muy popular son las entradas o visitas combinadas a m\u00e1s de un monumento, normalmente al&nbsp;Coliseo, al Foro Romano y al&nbsp;monte Palatino.<\/p>\n\n\n\n<figure class=\"wp-block-image aligncenter size-large is-resized\"><img decoding=\"async\" src=\"https:\/\/www.centraldevacaciones.com\/blog\/wp-content\/uploads\/2023\/06\/coliseo-1024x576.jpg\" alt=\"\" class=\"wp-image-129567\" style=\"width:638px;height:358px\" width=\"638\" height=\"358\" srcset=\"https:\/\/www.centraldevacaciones.com\/blog\/wp-content\/uploads\/2023\/06\/coliseo-1024x576.jpg 1024w, https:\/\/www.centraldevacaciones.com\/blog\/wp-content\/uploads\/2023\/06\/coliseo-300x169.jpg 300w, https:\/\/www.centraldevacaciones.com\/blog\/wp-content\/uploads\/2023\/06\/coliseo-768x432.jpg 768w, https:\/\/www.centraldevacaciones.com\/blog\/wp-content\/uploads\/2023\/06\/coliseo.jpg 1090w\" sizes=\"(max-width: 638px) 100vw, 638px\" \/><\/figure>\n\n\n\n<h2 class=\"wp-block-heading\">2. Foro Romano<\/h2>\n\n\n\n<p class=\"has-small-font-size\">El&nbsp;Foro Romano&nbsp;era el coraz\u00f3n de la ciudad en la antigua Roma,&nbsp;donde ten\u00edan lugar todas las actividades pol\u00edticas, religiosas y comerciales.&nbsp;Con la ca\u00edda del Imperio, el foro cay\u00f3 en el olvido hasta finales del siglo XVIII, cuando comenzaron las tareas de excavaci\u00f3n. Hoy en d\u00eda, es una de las visitas imprescindibles en la capital italiana. Algunos de sus lugares de inter\u00e9s m\u00e1s destacados son la&nbsp;<strong>Curia<\/strong>, la&nbsp;<strong>V\u00eda Sacra<\/strong>, el&nbsp;<strong>Arco de Tito<\/strong>&nbsp;y el&nbsp;<strong>Templo de Saturno<\/strong>.<\/p>\n\n\n\n<p class=\"has-small-font-size\">Aprovecha tu visita al Foro Romano para acercarte al&nbsp;<strong>monte Palatino<\/strong>, una peque\u00f1a colina de unos 50 metros de altura. Seg\u00fan cuenta la leyenda, aqu\u00ed se encontraba la cueva en la que la loba Luperca habr\u00eda amamantado a R\u00f3mulo (fundador de Roma) y Remo.<\/p>\n\n\n\n<figure class=\"wp-block-image aligncenter size-full is-resized\"><img decoding=\"async\" src=\"https:\/\/www.centraldevacaciones.com\/blog\/wp-content\/uploads\/2023\/06\/foro.jpg\" alt=\"\" class=\"wp-image-129569\" style=\"width:654px;height:437px\" width=\"654\" height=\"437\" srcset=\"https:\/\/www.centraldevacaciones.com\/blog\/wp-content\/uploads\/2023\/06\/foro.jpg 1000w, https:\/\/www.centraldevacaciones.com\/blog\/wp-content\/uploads\/2023\/06\/foro-300x201.jpg 300w, https:\/\/www.centraldevacaciones.com\/blog\/wp-content\/uploads\/2023\/06\/foro-768x514.jpg 768w\" sizes=\"(max-width: 654px) 100vw, 654px\" \/><\/figure>\n\n\n\n<h2 class=\"wp-block-heading\">3. Museos Vaticanos<\/h2>\n\n\n\n<p style=\"font-size:14px\">Los&nbsp;Museos Vaticanos, cuyo origen se remonta a 1503 con la donaci\u00f3n de la colecci\u00f3n privada del papa Julio II, es un&nbsp;<strong>conjunto muse\u00edstico<\/strong>&nbsp;con una complet\u00edsima colecci\u00f3n de obras. Algunas de las m\u00e1s destacadas son:&nbsp;<em>Laocoonte y sus hijos<\/em>&nbsp;(Museo P\u00edo-Clementino),&nbsp;<em>San Jer\u00f3nimo<\/em>&nbsp;de Leonardo da Vinci (Pinacoteca Vaticana),&nbsp;<em>Descendimiento de la cruz<\/em>&nbsp;de Caravaggio (Pinacoteca Vaticana),&nbsp;<em>Sarc\u00f3fago de Djedmut<\/em>&nbsp;(Museo Gregoriano Egipcio) o&nbsp;<em>Estatuilla del Buen Pastor<\/em>&nbsp;(Museo P\u00edo Cristiano).<\/p>\n\n\n\n<p style=\"font-size:14px\">Tambi\u00e9n es imprescindible visitar las&nbsp;<strong>Estancias de Rafael&nbsp;<\/strong>y la&nbsp;<strong>Colecci\u00f3n de Arte Contempor\u00e1nea<\/strong>, que incluye obras de Van Gogh, Matisse, Chagall o Dal\u00ed.<\/p>\n\n\n\n<figure class=\"wp-block-image aligncenter size-large is-resized\"><img loading=\"lazy\" decoding=\"async\" src=\"https:\/\/www.centraldevacaciones.com\/blog\/wp-content\/uploads\/2023\/06\/museo-1024x525.jpg\" alt=\"\" class=\"wp-image-129570\" style=\"width:658px;height:337px\" width=\"658\" height=\"337\" srcset=\"https:\/\/www.centraldevacaciones.com\/blog\/wp-content\/uploads\/2023\/06\/museo-1024x525.jpg 1024w, https:\/\/www.centraldevacaciones.com\/blog\/wp-content\/uploads\/2023\/06\/museo-300x154.jpg 300w, https:\/\/www.centraldevacaciones.com\/blog\/wp-content\/uploads\/2023\/06\/museo-768x394.jpg 768w, https:\/\/www.centraldevacaciones.com\/blog\/wp-content\/uploads\/2023\/06\/museo.jpg 1170w\" sizes=\"(max-width: 658px) 100vw, 658px\" \/><\/figure>\n\n\n\n<h2 class=\"wp-block-heading\">4. Capilla Sixtina<\/h2>\n\n\n\n<p style=\"font-size:14px\">\u00bfQu\u00e9 decir de la capilla m\u00e1s famosa de la Ciudad del Vaticano? Los&nbsp;<strong>frescos de su b\u00f3veda<\/strong>&nbsp;realizados por Miguel \u00c1ngel&nbsp;a lo largo de cuatro a\u00f1os&nbsp;son un hito de la historia del arte.&nbsp;Las&nbsp;nueve escenas del G\u00e9nesis, entre las que se incluye&nbsp;<strong>La Creaci\u00f3n de Ad\u00e1n<\/strong>, representan el origen del universo,&nbsp;del hombre y del mal. Pero la b\u00f3veda no fue el \u00fanico encargo que recibi\u00f3 el famoso artista renacentista, ya que, 25 a\u00f1os despu\u00e9s&nbsp;de haberla terminado,&nbsp;pint\u00f3 un nuevo fresco en la pared del altar:&nbsp;<strong>El Juicio Final<\/strong>.&nbsp;Adem\u00e1s de Miguel \u00c1ngel, participaron en la decoraci\u00f3n de la capilla&nbsp;artistas de la talla de&nbsp;Perugino, Botticelli y&nbsp;Domenico&nbsp;Ghirlandaio, entre otros. A ellos debemos&nbsp;los frescos sobre la vida de Mois\u00e9s y la vida de Cristo&nbsp;de las paredes norte y sur.&nbsp;<\/p>\n\n\n\n<figure class=\"wp-block-image aligncenter size-large is-resized\"><img loading=\"lazy\" decoding=\"async\" src=\"https:\/\/www.centraldevacaciones.com\/blog\/wp-content\/uploads\/2023\/06\/capilla-1024x614.jpg\" alt=\"\" class=\"wp-image-129571\" style=\"width:644px;height:385px\" width=\"644\" height=\"385\" srcset=\"https:\/\/www.centraldevacaciones.com\/blog\/wp-content\/uploads\/2023\/06\/capilla-1024x614.jpg 1024w, https:\/\/www.centraldevacaciones.com\/blog\/wp-content\/uploads\/2023\/06\/capilla-300x180.jpg 300w, https:\/\/www.centraldevacaciones.com\/blog\/wp-content\/uploads\/2023\/06\/capilla.jpg 1240w\" sizes=\"(max-width: 644px) 100vw, 644px\" \/><\/figure>\n\n\n\n<h2 class=\"wp-block-heading\">5. Bas\u00edlica de San Pedro<\/h2>\n\n\n\n<p style=\"font-size:14px\">Situada en la plaza de San Pedro, su imponente&nbsp;<strong>c\u00fapula&nbsp;<\/strong>domina el horizonte de la ciudad. La bas\u00edlica, de 128 metros de largo y 133 metros de alto, alberga numerosos lugares de inter\u00e9s en su interior. Durante tu visita, no te pierdas el&nbsp;<em><strong>Baldaquino de San Pedro<\/strong><\/em>, obra de Gian Lorenzo Bernini, ni&nbsp;<em><strong>La piedad<\/strong><\/em>&nbsp;de Miguel \u00c1ngel. La&nbsp;<strong>estatua de bronce de San Pedro<\/strong>&nbsp;y las&nbsp;<strong>Grutas Vaticanas<\/strong>, en las que se encuentran las tumbas de numerosos pont\u00edfices, tambi\u00e9n son una visita obligada. Y ya por \u00faltimo, despu\u00e9s de admirar el techo de la c\u00fapula, sube los 551 escalones (o 320 si decides realizar parte del trayecto en ascensor) para disfrutar de unas vistas inolvidables desde la&nbsp;<strong>terraza&nbsp;<\/strong>de la misma.<\/p>\n\n\n\n<figure class=\"wp-block-image aligncenter size-large is-resized\"><img loading=\"lazy\" decoding=\"async\" src=\"https:\/\/www.centraldevacaciones.com\/blog\/wp-content\/uploads\/2023\/06\/basilica-1024x636.jpg\" alt=\"\" class=\"wp-image-129572\" style=\"width:626px;height:388px\" width=\"626\" height=\"388\" srcset=\"https:\/\/www.centraldevacaciones.com\/blog\/wp-content\/uploads\/2023\/06\/basilica-1024x636.jpg 1024w, https:\/\/www.centraldevacaciones.com\/blog\/wp-content\/uploads\/2023\/06\/basilica-300x186.jpg 300w, https:\/\/www.centraldevacaciones.com\/blog\/wp-content\/uploads\/2023\/06\/basilica-768x477.jpg 768w, https:\/\/www.centraldevacaciones.com\/blog\/wp-content\/uploads\/2023\/06\/basilica.jpg 1200w\" sizes=\"(max-width: 626px) 100vw, 626px\" \/><\/figure>\n\n\n\n<h2 class=\"wp-block-heading\">6. Villa Borghese<\/h2>\n\n\n\n<p style=\"font-size:14px\">El parque Villa Borghese combina a la perfecci\u00f3n naturaleza y arte, con jardines a la italiana, fuentes, estanques, edificios,&nbsp;esculturas,&nbsp;etc.&nbsp;Su historia se remonta&nbsp;a inicios del siglo XVII, cuando el Cardenal&nbsp;Scipione&nbsp;Borghese&nbsp;encarg\u00f3 a&nbsp;Flaminio&nbsp;Ponzo&nbsp;y a Giovanni&nbsp;Vasanzio&nbsp;la realizaci\u00f3n de la villa.&nbsp;En 1903, tras ser adquirida por el Estado italiano,&nbsp;se convirti\u00f3 en&nbsp;un parque p\u00fablico. En la actualidad, adem\u00e1s&nbsp;de ser&nbsp;<strong>uno de los parques m\u00e1s grandes de Roma<\/strong>, en&nbsp;Villa Borghese&nbsp;se encuentra tambi\u00e9n uno de los museos m\u00e1s importantes de la ciudad, la&nbsp;<strong>Galer\u00eda Borghese<\/strong>. Tras pasear por los preciosos jardines, recorre las 20 salas de la pinacoteca y admira de cerca las obras de artistas de la talla de Caravaggio, Rafael, Tiziano, Bernini y Canova, entre otros muchos.<\/p>\n\n\n\n<figure class=\"wp-block-image aligncenter size-large is-resized\"><img loading=\"lazy\" decoding=\"async\" src=\"https:\/\/www.centraldevacaciones.com\/blog\/wp-content\/uploads\/2023\/06\/galeria-1024x625.jpg\" alt=\"\" class=\"wp-image-129573\" style=\"width:620px;height:378px\" width=\"620\" height=\"378\" srcset=\"https:\/\/www.centraldevacaciones.com\/blog\/wp-content\/uploads\/2023\/06\/galeria-1024x625.jpg 1024w, https:\/\/www.centraldevacaciones.com\/blog\/wp-content\/uploads\/2023\/06\/galeria-300x183.jpg 300w, https:\/\/www.centraldevacaciones.com\/blog\/wp-content\/uploads\/2023\/06\/galeria-768x468.jpg 768w, https:\/\/www.centraldevacaciones.com\/blog\/wp-content\/uploads\/2023\/06\/galeria.jpg 1100w\" sizes=\"(max-width: 620px) 100vw, 620px\" \/><\/figure>\n\n\n\n<h2 class=\"wp-block-heading\">7. Pante\u00f3n de Agripa<\/h2>\n\n\n\n<p style=\"font-size:14px\">El\u00a0Pante\u00f3n de Agripa, cuya construcci\u00f3n se remonta al a\u00f1o 126, ha llegado hasta nuestros d\u00edas en perfecto estado de conservaci\u00f3n. En el siglo VII, el papa Bonifacio IV lo transform\u00f3 en una iglesia, de ah\u00ed que haya llegado pr\u00e1cticamente intacto hasta la actualidad. Aparte de su\u00a0<strong>armonioso dise\u00f1o<\/strong>, el pante\u00f3n es importante por albergar numerosas obras de arte, as\u00ed como las\u00a0<strong>tumbas de Rafael de Urbino y varios reyes italianos<\/strong>.\u00a0Llama tambi\u00e9n la atenci\u00f3n su enorme\u00a0<strong>c\u00fapula<\/strong>,\u00a0la m\u00e1s grande en masa de hormig\u00f3n de la historia.\u00a0Su \u00f3culo, de casi 9 metros de di\u00e1metro, permanece siempre abierto, permitiendo la entrada de luz natural.\u00a0\u00a0Si te vas de <a href=\"https:\/\/www.centraldevacaciones.com\/blog\/estos-son-los-10-lugares-que-debes-visitar-en-roma\/\" data-type=\"link\" data-id=\"https:\/\/www.centraldevacaciones.com\/blog\/estos-son-los-10-lugares-que-debes-visitar-en-roma\/\">viaje a Roma<\/a>, sin duda esta es una parada imperdible. <\/p>\n\n\n\n<figure class=\"wp-block-image aligncenter size-large is-resized\"><img loading=\"lazy\" decoding=\"async\" src=\"https:\/\/www.centraldevacaciones.com\/blog\/wp-content\/uploads\/2023\/06\/panteon-1024x756.jpg\" alt=\"\" class=\"wp-image-129574\" style=\"width:636px;height:469px\" width=\"636\" height=\"469\" srcset=\"https:\/\/www.centraldevacaciones.com\/blog\/wp-content\/uploads\/2023\/06\/panteon-1024x756.jpg 1024w, https:\/\/www.centraldevacaciones.com\/blog\/wp-content\/uploads\/2023\/06\/panteon-300x222.jpg 300w, https:\/\/www.centraldevacaciones.com\/blog\/wp-content\/uploads\/2023\/06\/panteon-768x567.jpg 768w, https:\/\/www.centraldevacaciones.com\/blog\/wp-content\/uploads\/2023\/06\/panteon-1536x1134.jpg 1536w, https:\/\/www.centraldevacaciones.com\/blog\/wp-content\/uploads\/2023\/06\/panteon-2048x1512.jpg 2048w\" sizes=\"(max-width: 636px) 100vw, 636px\" \/><\/figure>\n\n\n\n<h2 class=\"wp-block-heading\">8. Castillo de Sant\u00b4Angelo<\/h2>\n\n\n\n<p style=\"font-size:14px\">El&nbsp;Castillo de Sant\u2019Angelo, situado a orillas del r\u00edo T\u00edber, tiene una larga e interesante historia. Su construcci\u00f3n comenz\u00f3 alrededor del a\u00f1o 123 como mausoleo del emperador Adriano. Pero a diferencia de otros edificios de la \u00e9poca, que fueron destruidos o que cayeron en el olvido, el castillo ha sido modificado en numerosas ocasiones a lo largo de los a\u00f1os para cumplir con diferentes usos:&nbsp;<strong>monumento funerario<\/strong>,&nbsp;<strong>fortaleza militar<\/strong>,&nbsp;<strong>prisi\u00f3n&nbsp;<\/strong>y hasta&nbsp;<strong>residencia Papal<\/strong>.<\/p>\n\n\n\n<p style=\"font-size:14px\">Durante tu visita, podr\u00e1s ver prisiones hist\u00f3ricas, estancias ricamente decoradas con frescos renacentistas y una completa colecci\u00f3n de cer\u00e1mica, escultura, pintura y armas. Y por si esto fuera poco, las&nbsp;<strong>vistas desde la terraza&nbsp;<\/strong>son incre\u00edbles.<\/p>\n\n\n\n<figure class=\"wp-block-image aligncenter size-full is-resized\"><img loading=\"lazy\" decoding=\"async\" src=\"https:\/\/www.centraldevacaciones.com\/blog\/wp-content\/uploads\/2023\/06\/angelo.jpg\" alt=\"\" class=\"wp-image-129575\" style=\"width:620px;height:279px\" width=\"620\" height=\"279\" srcset=\"https:\/\/www.centraldevacaciones.com\/blog\/wp-content\/uploads\/2023\/06\/angelo.jpg 1000w, https:\/\/www.centraldevacaciones.com\/blog\/wp-content\/uploads\/2023\/06\/angelo-300x135.jpg 300w, https:\/\/www.centraldevacaciones.com\/blog\/wp-content\/uploads\/2023\/06\/angelo-768x346.jpg 768w\" sizes=\"(max-width: 620px) 100vw, 620px\" \/><\/figure>\n\n\n\n<h2 class=\"wp-block-heading\">9. Monumento a Victor Manuel II<\/h2>\n\n\n\n<p style=\"font-size:14px\">Siguiendo nuestro top 20 de monumentos de Roma, nos encontramos este enorme monumento de m\u00e1rmol blanco fue construido en honor al V\u00edctor Manuel II, el primer rey de Italia tras la unificaci\u00f3n del pa\u00eds.\u00a0Situado entre el monte Capitolio y\u00a0Piazza Venecia, mide 135 metros de ancho y 70 metros de alto.\u00a0Las enormes escaleras y las columnas corintias son dos de\u00a0los\u00a0aspectos m\u00e1s destacados\u00a0del conjunto, junto con la\u00a0estatua ecuestre de bronce\u00a0de V\u00edctor Manuel\u00a0y las dos cuadrigas que coronan el p\u00f3rtico columnado.\u00a0Otro lugar destacado es el Altar de la Patria, en el que se encuentra la tumba del soldado desconocido.\u00a0Desde su\u00a0<strong>terraza<\/strong>, a la que se llega en ascensor panor\u00e1mico, las\u00a0<strong>vistas a la Ciudad Eterna<\/strong>\u00a0son un aut\u00e9ntico espect\u00e1culo.<\/p>\n\n\n\n<figure class=\"wp-block-image aligncenter size-full is-resized\"><img loading=\"lazy\" decoding=\"async\" src=\"https:\/\/www.centraldevacaciones.com\/blog\/wp-content\/uploads\/2023\/06\/manuel.webp\" alt=\"\" class=\"wp-image-129576\" style=\"width:602px;height:301px\" width=\"602\" height=\"301\"\/><\/figure>\n\n\n\n<h2 class=\"wp-block-heading\">10. Las Catumbas<\/h2>\n\n\n\n<p style=\"font-size:14px\">Estas galer\u00edas subterr\u00e1neas fueron utilizadas&nbsp;durante siglos como lugar de sepultura.&nbsp;Aunque hay muchas m\u00e1s, en la actualidad solo est\u00e1n abiertas al p\u00fablico cinco&nbsp;catacumbas: las&nbsp;<strong>catacumbas de San Calixto<\/strong>, las&nbsp;<strong>catacumbas de San Sebasti\u00e1n<\/strong>, las&nbsp;<strong>catacumbas de Domitila<\/strong>, las&nbsp;<strong>catacumbas de Priscila<\/strong>&nbsp;y las&nbsp;<strong>catacumbas de Santa In\u00e9s<\/strong>. Estas catacumbas se construyeron a lo largo de las calzadas romanas, as\u00ed que si no tienes tiempo para visitarlas todas, puedes optar por acercarte a la&nbsp;<strong>Via Appia<\/strong>, en d\u00f3nde se encuentran las&nbsp;de&nbsp;Domitila y&nbsp;San Calixto. En estas \u00faltimas&nbsp;fueron enterrados medio mill\u00f3n de cristianos, incluyendo 16 Papas, mientras que en las de Domitila se&nbsp;halla&nbsp;la bas\u00edlica de los m\u00e1rtires Nereo y Aquileo.&nbsp;&nbsp;<\/p>\n\n\n\n<figure class=\"wp-block-image aligncenter size-full is-resized\"><img loading=\"lazy\" decoding=\"async\" src=\"https:\/\/www.centraldevacaciones.com\/blog\/wp-content\/uploads\/2023\/06\/catumbas.webp\" alt=\"\" class=\"wp-image-129577\" style=\"width:614px;height:504px\" width=\"614\" height=\"504\"\/><\/figure>\n\n\n\n<h2 class=\"wp-block-heading\">11. Fontana de Trevi<\/h2>\n\n\n\n<p style=\"font-size:14px\">\u00bfRecuerdas la fuente en la que se ment\u00edan Anita Ekberg y Marcello Mastroianni en la pel\u00edcula\u00a0<em>La dolce vita<\/em>? S\u00ed, \u00a1era la\u00a0Fontana de Trevi! El dise\u00f1o actual de la c\u00e9lebre\u00a0<em>fontana<\/em>, obra de Nicola Salvi y, posteriormente, Giuseppe Pannini, se remonta a 1762.\u00a0Acu\u00e9rdate de echar\u00a0una moneda a la fuente si quieres volver a Roma, dos si quieres enamorarte de un\/a italiano\/a, y tres si deseas casarte. Es uno de los imprescindibles para <a href=\"https:\/\/www.centraldevacaciones.com\/blog\/estos-son-los-10-lugares-que-debes-visitar-en-roma\/\" data-type=\"link\" data-id=\"https:\/\/www.centraldevacaciones.com\/blog\/estos-son-los-10-lugares-que-debes-visitar-en-roma\/\">visitar en Roma <\/a>de forma gratiuta. <\/p>\n\n\n\n<figure class=\"wp-block-image aligncenter size-large is-resized\"><img loading=\"lazy\" decoding=\"async\" src=\"https:\/\/www.centraldevacaciones.com\/blog\/wp-content\/uploads\/2023\/06\/fontana-1024x576.jpg\" alt=\"\" class=\"wp-image-129578\" style=\"width:610px;height:343px\" width=\"610\" height=\"343\" srcset=\"https:\/\/www.centraldevacaciones.com\/blog\/wp-content\/uploads\/2023\/06\/fontana-1024x576.jpg 1024w, https:\/\/www.centraldevacaciones.com\/blog\/wp-content\/uploads\/2023\/06\/fontana-300x169.jpg 300w, https:\/\/www.centraldevacaciones.com\/blog\/wp-content\/uploads\/2023\/06\/fontana-768x432.jpg 768w, https:\/\/www.centraldevacaciones.com\/blog\/wp-content\/uploads\/2023\/06\/fontana.jpg 1300w\" sizes=\"(max-width: 610px) 100vw, 610px\" \/><\/figure>\n\n\n\n<h2 class=\"wp-block-heading\">12. Plaza Navona<\/h2>\n\n\n\n<p style=\"font-size:14px\">La&nbsp;Piazza Navona,&nbsp;una de las m\u00e1s bonitas de Roma, es<strong>&nbsp;famosa por sus tres fuentes<\/strong>: Fontana dei Quattro Fiumi (obra de Bernini), Fontana del Moro (dise\u00f1ada por Giacomo della Porta y con aportaciones de Bernini), y la Fontana di Nettuno (proyectada por della Porta).&nbsp;De estas tres, la m\u00e1s conocida es la Fontana&nbsp;dei&nbsp;Quattro&nbsp;Fiumi&nbsp;(Fuente de los&nbsp;Cuatro R\u00edos), en la que,&nbsp;adem\u00e1s de la representaci\u00f3n de los&nbsp;r\u00edos principales de los cuatro continentes que se conoc\u00edan en aquel entonces,&nbsp;destaca el&nbsp;&nbsp; enorme obelisco de 16 metros.&nbsp;<\/p>\n\n\n\n<p style=\"font-size:14px\">Aqu\u00ed se encuentran tambi\u00e9n la iglesia de Santa In\u00e9s en Agon\u00eda y el Palazzo Pamphili.<\/p>\n\n\n\n<figure class=\"wp-block-image aligncenter size-full is-resized\"><img loading=\"lazy\" decoding=\"async\" src=\"https:\/\/www.centraldevacaciones.com\/blog\/wp-content\/uploads\/2023\/06\/piazza-navona.jpg\" alt=\"\" class=\"wp-image-129579\" style=\"width:630px;height:472px\" width=\"630\" height=\"472\" srcset=\"https:\/\/www.centraldevacaciones.com\/blog\/wp-content\/uploads\/2023\/06\/piazza-navona.jpg 790w, https:\/\/www.centraldevacaciones.com\/blog\/wp-content\/uploads\/2023\/06\/piazza-navona-300x225.jpg 300w, https:\/\/www.centraldevacaciones.com\/blog\/wp-content\/uploads\/2023\/06\/piazza-navona-768x576.jpg 768w\" sizes=\"(max-width: 630px) 100vw, 630px\" \/><\/figure>\n\n\n\n<h2 class=\"wp-block-heading\">13. Plaza de Espa\u00f1a<\/h2>\n\n\n\n<p style=\"font-size:14px\">La&nbsp;Piazza di Spagna&nbsp;es uno de los lugares m\u00e1s visitados de Roma. Su&nbsp;<strong>espectacular escalinata<\/strong>, de 135 pelda\u00f1os, fue inaugurada en 1725 y conecta la plaza con la iglesia Trinit\u00e0 dei Monti. La plaza alberga el Palacio de Espa\u00f1a (sede de la embajada espa\u00f1ola) y la Fontana delle Barcaccia (la espectacular fuente dise\u00f1ada por Pietro Bernini, el padre de Gian Lorenzo Bernini).<\/p>\n\n\n\n<figure class=\"wp-block-image aligncenter size-full is-resized\"><img loading=\"lazy\" decoding=\"async\" src=\"https:\/\/www.centraldevacaciones.com\/blog\/wp-content\/uploads\/2023\/06\/escaleras-plaza-espana.jpg\" alt=\"\" class=\"wp-image-129580\" style=\"width:620px;height:465px\" width=\"620\" height=\"465\" srcset=\"https:\/\/www.centraldevacaciones.com\/blog\/wp-content\/uploads\/2023\/06\/escaleras-plaza-espana.jpg 728w, https:\/\/www.centraldevacaciones.com\/blog\/wp-content\/uploads\/2023\/06\/escaleras-plaza-espana-300x225.jpg 300w\" sizes=\"(max-width: 620px) 100vw, 620px\" \/><\/figure>\n\n\n\n<h2 class=\"wp-block-heading\">14. La boca de la verdad<\/h2>\n\n\n\n<p style=\"font-size:14px\">La&nbsp;<em>Bocca della verit\u00e1<\/em>&nbsp;es una escultura de 1,75 metros de di\u00e1metro realizada en m\u00e1rmol. La escultura, que representa un rostro masculino con la boca, la nariz y los ojos perforados, es mundialmente famosa, y dice la leyenda que,&nbsp;<strong>si mientes, te muerde la mano<\/strong>. Actualmente,&nbsp;<em>La boca de la verdad<\/em>&nbsp;se encuentra en la iglesia de Santa Mar\u00eda en Cosmedin.<\/p>\n\n\n\n<figure class=\"wp-block-image aligncenter size-full\"><img loading=\"lazy\" decoding=\"async\" width=\"600\" height=\"400\" src=\"https:\/\/www.centraldevacaciones.com\/blog\/wp-content\/uploads\/2023\/06\/depositphotos_446191974-stock-photo-rome-italy-december-19-2020.webp\" alt=\"\" class=\"wp-image-129581\"\/><\/figure>\n\n\n\n<h2 class=\"wp-block-heading\">15. Mausoleo de Augusto<\/h2>\n\n\n\n<p style=\"font-size:14px\">El mausoleo de Augusto, cuya construcci\u00f3n comenz\u00f3 en el a\u00f1o 28 a. C. por mandato del propio emperador, es el&nbsp;<strong>sepulcro circular m\u00e1s grande del mundo<\/strong>&nbsp;(87 metros de di\u00e1metro). Se encuentra en el centro hist\u00f3rico de la ciudad, muy cerca del Museo del Ara Pacis y del r\u00edo T\u00edber. Desde la Edad Media se us\u00f3 con fines muy diversos: fue transformado en una fortaleza, posteriormente en un jard\u00edn y hasta en un anfiteatro. En marzo de 2021, tras muchos a\u00f1os de abandono, volvi\u00f3 a abrir al p\u00fablico despu\u00e9s de ser restaurado.<\/p>\n\n\n\n<figure class=\"wp-block-image aligncenter size-full is-resized\"><img loading=\"lazy\" decoding=\"async\" src=\"https:\/\/www.centraldevacaciones.com\/blog\/wp-content\/uploads\/2023\/06\/mausoleo.jpg\" alt=\"\" class=\"wp-image-129582\" style=\"width:658px;height:374px\" width=\"658\" height=\"374\" srcset=\"https:\/\/www.centraldevacaciones.com\/blog\/wp-content\/uploads\/2023\/06\/mausoleo.jpg 770w, https:\/\/www.centraldevacaciones.com\/blog\/wp-content\/uploads\/2023\/06\/mausoleo-300x171.jpg 300w, https:\/\/www.centraldevacaciones.com\/blog\/wp-content\/uploads\/2023\/06\/mausoleo-768x437.jpg 768w\" sizes=\"(max-width: 658px) 100vw, 658px\" \/><\/figure>\n\n\n\n<h2 class=\"wp-block-heading\">16. Domus Aurea<\/h2>\n\n\n\n<p style=\"font-size:14px\">El Domus Area es el&nbsp;<strong>enorme palacio<\/strong>&nbsp;que el&nbsp;<strong>emperador Ner\u00f3n<\/strong>&nbsp;mand\u00f3 construir en el siglo 64 d. C., tras el gran incendio que destruy\u00f3 parte de la ciudad. Los edificios principales del palacio, cuya decoraci\u00f3n era realmente suntuosa, estaban separados por jardines, bosques y hasta un lago artificial, y se encontraban en la Colina Palatina y la Colina del Oppio. Tras la muerte de Ner\u00f3n, buena parte del palacio fue sepultado bajo tierra. Parte de las estancias que hab\u00edan permanecido ocultas fueron redescubiertas en el siglo XV, y las decoraciones que a\u00fan se conservaban en sus paredes sirvieron de inspiraci\u00f3n para muchos artistas del Renacimiento. Las partes que se pueden visitar en la actualidad son la que est\u00e1n en la Colina del Oppio.<\/p>\n\n\n\n<figure class=\"wp-block-image aligncenter size-large is-resized\"><img loading=\"lazy\" decoding=\"async\" src=\"https:\/\/www.centraldevacaciones.com\/blog\/wp-content\/uploads\/2023\/06\/domus-1024x576.jpeg\" alt=\"\" class=\"wp-image-129583\" style=\"width:654px;height:367px\" width=\"654\" height=\"367\" srcset=\"https:\/\/www.centraldevacaciones.com\/blog\/wp-content\/uploads\/2023\/06\/domus-1024x576.jpeg 1024w, https:\/\/www.centraldevacaciones.com\/blog\/wp-content\/uploads\/2023\/06\/domus-300x169.jpeg 300w, https:\/\/www.centraldevacaciones.com\/blog\/wp-content\/uploads\/2023\/06\/domus-768x432.jpeg 768w, https:\/\/www.centraldevacaciones.com\/blog\/wp-content\/uploads\/2023\/06\/domus.jpeg 1200w\" sizes=\"(max-width: 654px) 100vw, 654px\" \/><\/figure>\n\n\n\n<h2 class=\"wp-block-heading\">17. Villa Doria Pamphilj<\/h2>\n\n\n\n<p style=\"font-size:14px\">Con 184 hect\u00e1reas, la antigua residencia de campo de la familia Pamphilj es hoy en d\u00eda el parque p\u00fablico m\u00e1s grande de la capital italiana. All\u00ed se encuentra el&nbsp;<strong>Casino del Bel Respiro<\/strong>, una aut\u00e9ntica obra maestra de la arquitectura y actual sede de la Presidencia del Consejo de Ministros. En su exterior, el Jard\u00edn Secreto, con sus setos perfectamente recortados, es uno de los s\u00edmbolos del parque. Otros lugares de inter\u00e9s son la&nbsp;<strong>capilla Doria Pamphili<\/strong>&nbsp;de estilo neog\u00f3tico, el&nbsp;<strong>Arco de los Cuatro Vientos<\/strong>, el&nbsp;<strong>Jard\u00edn del Teatro<\/strong>&nbsp;de inspiraci\u00f3n inglesa, y las numerosas&nbsp;<strong>fuentes<\/strong>.<\/p>\n\n\n\n<figure class=\"wp-block-image aligncenter size-full is-resized\"><img loading=\"lazy\" decoding=\"async\" src=\"https:\/\/www.centraldevacaciones.com\/blog\/wp-content\/uploads\/2023\/06\/Villa-Doria-Pamphilj2.jpg\" alt=\"\" class=\"wp-image-129584\" style=\"width:570px;height:712px\" width=\"570\" height=\"712\" srcset=\"https:\/\/www.centraldevacaciones.com\/blog\/wp-content\/uploads\/2023\/06\/Villa-Doria-Pamphilj2.jpg 640w, https:\/\/www.centraldevacaciones.com\/blog\/wp-content\/uploads\/2023\/06\/Villa-Doria-Pamphilj2-240x300.jpg 240w\" sizes=\"(max-width: 570px) 100vw, 570px\" \/><\/figure>\n\n\n\n<h2 class=\"wp-block-heading\">18. Mercado de Trajano<\/h2>\n\n\n\n<p style=\"font-size:14px\">Construido en el siglo II, el Mercado de Trajano est\u00e1 considerado como el&nbsp;<strong>primer centro comercial cubierto de la historia<\/strong>. Bajo el mandato del emperador Trajano, el arquitecto Apolodoro de Damasco estuvo a cargo de su construcci\u00f3n. El mercado, situado en la colina del Quirinal, contaba con 6 plantas, con las tiendas distribuidas en diferentes zonas seg\u00fan el tipo de producto que vend\u00edan. Con el paso de los siglos, como otros muchos monumentos de Roma, los mercados sufrieron muchas modificaciones y cumplieron diversas funciones. En el 2007, el espacio fue restaurado y se cre\u00f3 el Museo de los Foros Imperiales.<\/p>\n\n\n\n<figure class=\"wp-block-image aligncenter size-full is-resized\"><img loading=\"lazy\" decoding=\"async\" src=\"https:\/\/www.centraldevacaciones.com\/blog\/wp-content\/uploads\/2023\/06\/trajano.jpg\" alt=\"\" class=\"wp-image-129585\" style=\"width:554px;height:369px\" width=\"554\" height=\"369\" srcset=\"https:\/\/www.centraldevacaciones.com\/blog\/wp-content\/uploads\/2023\/06\/trajano.jpg 1023w, https:\/\/www.centraldevacaciones.com\/blog\/wp-content\/uploads\/2023\/06\/trajano-300x200.jpg 300w, https:\/\/www.centraldevacaciones.com\/blog\/wp-content\/uploads\/2023\/06\/trajano-768x513.jpg 768w\" sizes=\"(max-width: 554px) 100vw, 554px\" \/><\/figure>\n\n\n\n<h2 class=\"wp-block-heading\">19. Ara Pacis<\/h2>\n\n\n\n<p style=\"font-size:14px\">El Ara Pacis conmemora la paz en la zona del mediterr\u00e1neo tras las victorias del emperador Augusto en Galia e Hispania. Se trata de un<strong>&nbsp;altar situado dentro de una estructura de m\u00e1rmol<\/strong>&nbsp;de Carrara. El monumento, terminado en el a\u00f1o 9 a. C., cay\u00f3 en el olvido durante siglos, enterrado en el lodo a causa de las inundaciones del T\u00edber. Por suerte para nosotros, en la d\u00e9cada de 1930, esta maravilla de la antigua Roma fue recuperada y restaurada y, hoy en d\u00eda, a\u00fan podemos admirar los relieves que representan la familia de Augusto en procesi\u00f3n.<\/p>\n\n\n\n<figure class=\"wp-block-image aligncenter size-full is-resized\"><img loading=\"lazy\" decoding=\"async\" src=\"https:\/\/www.centraldevacaciones.com\/blog\/wp-content\/uploads\/2023\/06\/ara.webp\" alt=\"\" class=\"wp-image-129586\" style=\"width:604px;height:339px\" width=\"604\" height=\"339\"\/><\/figure>\n\n\n\n<h2 class=\"wp-block-heading\">20. Circo M\u00e1ximo<\/h2>\n\n\n\n<p style=\"font-size:14px\">Otro de los monumentos m\u00e1s emblem\u00e1ticos de Roma es el Circo M\u00e1ximo. Se encuentra entre el monte Aventino y el monte Palatino, y su construcci\u00f3n se remonta al a\u00f1o 174 a. C. El circo ten\u00eda capacidad para unos 300 000 espectadores y en \u00e9l se celebraban diferentes competiciones, sobre todo carreras de caballos. Lamentablemente, poco queda en pie de su estructura, ya que muchos bloques de piedra fueron utilizaron para construir otros edificios durante la Edad Media.<\/p>\n\n\n\n<figure class=\"wp-block-image aligncenter size-full is-resized\"><img loading=\"lazy\" decoding=\"async\" src=\"https:\/\/www.centraldevacaciones.com\/blog\/wp-content\/uploads\/2023\/06\/schermata-2016-11-28-alle-19_1480358566.webp\" alt=\"\" class=\"wp-image-129587\" style=\"width:708px;height:271px\" width=\"708\" height=\"271\"\/><\/figure>\n","protected":false},"excerpt":{"rendered":"<p>Roma es una de esas ciudades que enganchan. Si no la has visitado a\u00fan, casi seguro que figura en tu lista de destinos pendientes. Y si ya la has visitado, estamos convencidos de que te gustar\u00eda repetir la experiencia, \u00bfa que s\u00ed? Monumentos milenarios,\u00a0vistas de infarto,\u00a0plazas que rebosan vida,\u00a0platos para chuparse los dedos\u2026\u00a0\u00a1La Ciudad Eterna [&hellip;]<\/p>\n","protected":false},"author":4,"featured_media":129655,"comment_status":"open","ping_status":"open","sticky":false,"template":"","format":"standard","meta":{"_acf_changed":false,"footnotes":""},"categories":[1],"tags":[],"class_list":["post-129565","post","type-post","status-publish","format-standard","has-post-thumbnail","hentry","category-vacaciones"],"acf":[],"_links":{"self":[{"href":"https:\/\/www.centraldevacaciones.com\/blog\/wp-json\/wp\/v2\/posts\/129565","targetHints":{"allow":["GET"]}}],"collection":[{"href":"https:\/\/www.centraldevacaciones.com\/blog\/wp-json\/wp\/v2\/posts"}],"about":[{"href":"https:\/\/www.centraldevacaciones.com\/blog\/wp-json\/wp\/v2\/types\/post"}],"author":[{"embeddable":true,"href":"https:\/\/www.centraldevacaciones.com\/blog\/wp-json\/wp\/v2\/users\/4"}],"replies":[{"embeddable":true,"href":"https:\/\/www.centraldevacaciones.com\/blog\/wp-json\/wp\/v2\/comments?post=129565"}],"version-history":[{"count":0,"href":"https:\/\/www.centraldevacaciones.com\/blog\/wp-json\/wp\/v2\/posts\/129565\/revisions"}],"wp:featuredmedia":[{"embeddable":true,"href":"https:\/\/www.centraldevacaciones.com\/blog\/wp-json\/wp\/v2\/media\/129655"}],"wp:attachment":[{"href":"https:\/\/www.centraldevacaciones.com\/blog\/wp-json\/wp\/v2\/media?parent=129565"}],"wp:term":[{"taxonomy":"category","embeddable":true,"href":"https:\/\/www.centraldevacaciones.com\/blog\/wp-json\/wp\/v2\/categories?post=129565"},{"taxonomy":"post_tag","embeddable":true,"href":"https:\/\/www.centraldevacaciones.com\/blog\/wp-json\/wp\/v2\/tags?post=129565"}],"curies":[{"name":"wp","href":"https:\/\/api.w.org\/{rel}","templated":true}]}}