{"id":129534,"date":"2023-06-06T10:53:15","date_gmt":"2023-06-06T08:53:15","guid":{"rendered":"https:\/\/www.centraldevacaciones.com\/blog\/?p=129534"},"modified":"2023-07-27T14:54:45","modified_gmt":"2023-07-27T12:54:45","slug":"razones-para-visitar-madeira-este-ano","status":"publish","type":"post","link":"https:\/\/www.centraldevacaciones.com\/blog\/razones-para-visitar-madeira-este-ano\/","title":{"rendered":"Razones para visitar Madeira este a\u00f1o"},"content":{"rendered":"\n<p style=\"font-size:14px\">La m\u00e1gica isla de <strong>Madeira<\/strong> es uno de los secretos mejor guardados de <strong>Portugal<\/strong>. Esta exuberante isla volc\u00e1nica llena de cascadas en la costa atl\u00e1ntica de Marruecos ofrece aventuras \u00e9picas y gente amable.<\/p>\n\n\n\n<p style=\"font-size:14px\">Con pueblos encantadores, mucha naturaleza, buena comida y abundancia de actividades al aire libre, Madeira ha comenzado recientemente a atraer a n\u00f3madas digitales y viajeros de todas las edades.&nbsp;<\/p>\n\n\n\n<p style=\"font-size:14px\">\u00bfTe gustar\u00eda visitar esta fabulosa isla, pero a\u00fan no te convences? Aqu\u00ed encontrar\u00e1s muy buenas razones para <strong>visitar Madeira<\/strong>.<\/p>\n\n\n\n<p><\/p>\n\n\n\n<h1 class=\"wp-block-heading\" style=\"font-style:normal;font-weight:600\">El clima en Madeira<\/h1>\n\n\n\n<p style=\"font-size:14px\">Para algunos pa\u00edses es importante la \u00e9poca del a\u00f1o en que se visita, lo que puede hacer que la planificaci\u00f3n sea un desaf\u00edo.<\/p>\n\n\n\n<p style=\"font-size:14px\">&nbsp;El clima en la isla de Madeira se caracteriza por veranos calurosos y secos e inviernos templados y lluviosos. En general, de abril a septiembre las precipitaciones son escasas, mientras que de octubre a marzo las lluvias son abundantes.<\/p>\n\n\n\n<p style=\"font-size:14px\">&nbsp;Las c\u00e1lidas corrientes del oc\u00e9ano Atl\u00e1ntico rodean la isla y determinan el clima. Estas hacen que Madeira no tenga temperaturas particularmente altas o bajas. Durante el verano hay una ventilaci\u00f3n constante que permite no sufrir demasiado el calor del sol, y los d\u00edas en la playa ser\u00e1n agradables, mientras que en invierno es raro que las temperaturas bajen por debajo de los 17 grados cent\u00edgrados.&nbsp;<\/p>\n\n\n\n<p style=\"font-size:14px\">Debido a la configuraci\u00f3n monta\u00f1osa de Madeira, se forman una serie de microclimas en la isla. La regi\u00f3n de Funchal es, por ejemplo, m\u00e1s soleada y seca que otras \u00e1reas. Sin embargo, las partes norte y este de Madeira son m\u00e1s lluviosas y fr\u00edas debido a los vientos que soplan del nordeste.<\/p>\n\n\n\n<p style=\"font-size:14px\">Sin embargo, el clima templado y subtropical de <strong>Madeira<\/strong> significa que es un destino perfecto para visitar todo el a\u00f1o, ya que permanece en un estado de primavera eterna.<\/p>\n\n\n\n<p style=\"font-size:14px\">La isla es una amalgama de experiencias clim\u00e1ticas debido a las variadas elevaciones y la exposici\u00f3n al viento.<\/p>\n\n\n\n<figure class=\"wp-block-image aligncenter size-large is-resized\"><img fetchpriority=\"high\" decoding=\"async\" src=\"https:\/\/www.centraldevacaciones.com\/blog\/wp-content\/uploads\/2023\/06\/Madeira-1024x683.jpg\" alt=\"\" class=\"wp-image-129535\" width=\"658\" height=\"439\" srcset=\"https:\/\/www.centraldevacaciones.com\/blog\/wp-content\/uploads\/2023\/06\/Madeira-1024x683.jpg 1024w, https:\/\/www.centraldevacaciones.com\/blog\/wp-content\/uploads\/2023\/06\/Madeira-300x200.jpg 300w, https:\/\/www.centraldevacaciones.com\/blog\/wp-content\/uploads\/2023\/06\/Madeira-768x512.jpg 768w, https:\/\/www.centraldevacaciones.com\/blog\/wp-content\/uploads\/2023\/06\/Madeira-1536x1024.jpg 1536w, https:\/\/www.centraldevacaciones.com\/blog\/wp-content\/uploads\/2023\/06\/Madeira.jpg 1920w\" sizes=\"(max-width: 658px) 100vw, 658px\" \/><\/figure>\n\n\n\n<p><\/p>\n\n\n\n<h1 class=\"wp-block-heading\" style=\"font-style:normal;font-weight:600\">Lo mejor de la comida en Madeira<\/h1>\n\n\n\n<p style=\"font-size:14px\">La gastronom\u00eda y comida en Madeira est\u00e1n muy relacionadas con el mar. Productos frescos y exquisitos como las lapas o el pez espada se acompa\u00f1an de hortalizas de producci\u00f3n propia y frutas tropicales en una isla situada a medio camino entre sus hermanas las Azores y las Islas Canarias.<\/p>\n\n\n\n<figure class=\"wp-block-image aligncenter size-full is-resized\"><img decoding=\"async\" src=\"https:\/\/www.centraldevacaciones.com\/blog\/wp-content\/uploads\/2023\/06\/espetada.png\" alt=\"\" class=\"wp-image-129536\" width=\"656\" height=\"421\" srcset=\"https:\/\/www.centraldevacaciones.com\/blog\/wp-content\/uploads\/2023\/06\/espetada.png 780w, https:\/\/www.centraldevacaciones.com\/blog\/wp-content\/uploads\/2023\/06\/espetada-300x192.png 300w, https:\/\/www.centraldevacaciones.com\/blog\/wp-content\/uploads\/2023\/06\/espetada-768x492.png 768w\" sizes=\"(max-width: 656px) 100vw, 656px\" \/><\/figure>\n\n\n\n<p><\/p>\n\n\n\n<p style=\"font-size:14px\">A los amantes de la carne les encantar\u00e1 la espetada, otro favorito de <strong><a href=\"https:\/\/www.centraldevacaciones.com\/blog\/madeira-pon-a-prueba-tus-sentidos\/\" data-type=\"URL\" data-id=\"https:\/\/www.centraldevacaciones.com\/blog\/madeira-pon-a-prueba-tus-sentidos\/\">Madeira<\/a><\/strong>, donde cualquier corte de carne que te guste se asa a la parrilla sobre brasas. \u00a1Es totalmente exquisito!<\/p>\n\n\n\n<p style=\"font-size:14px\">Los a\u00f1os pasan y con ellos nuestras ganas de comernos el mundo. Atr\u00e1s quedaron esos d\u00edas en los que regresamos de un viaje sin dejarnos un rinc\u00f3n por visitar. La edad o simplemente otra forma de viajar ha llegado para quedarse y en el caso de Madeira casi rozamos la excelencia en ese aspecto pues saboreamos su gastronom\u00eda como en pocos viajes hasta la fecha.<\/p>\n\n\n\n<p><\/p>\n\n\n\n<h1 class=\"wp-block-heading\" style=\"font-style:normal;font-weight:600\">Qu\u00e9 ver en Madeira<\/h1>\n\n\n\n<p style=\"font-size:14px\"><strong>Muchos creen que Madeira es una isla. En realidad, se trata de un archipi\u00e9lago situado en el oc\u00e9ano Atl\u00e1ntico que pertenece a Portugal<\/strong>.<\/p>\n\n\n\n<p style=\"font-size:14px\">Es uno de los secretos mejor guardados del pa\u00eds luso, unas islas id\u00edlicas repletas de belleza natural, de una hospitalidad incre\u00edble y de muchas actividades y alternativas de ocio. Sin duda, un para\u00edso para aquellos que buscan unas vacaciones inolvidables, llenas de aventura o una escapada relajante a la playa. De hecho, ha estado nombrada <a href=\"https:\/\/www.centraldevacaciones.com\/blog\/los-lugares-mas-exoticos-del-mundo-para-viajar\/\" data-type=\"URL\" data-id=\"https:\/\/www.centraldevacaciones.com\/blog\/los-lugares-mas-exoticos-del-mundo-para-viajar\/\">uno de los lugares m\u00e1s ex\u00f3ticos del mundo para viajar<\/a>. <\/p>\n\n\n\n<p style=\"font-size:14px\">Una de las razones para visitar Madeira es que es extraordinario que ofrece a sus visitantes una belleza natural impresionante, un clima templado y una cultura fascinante. Desde exuberantes monta\u00f1as a verdes bosques y espectaculares vistas al oc\u00e9ano, una isla que tiene algo que ofrecer a cada uno de nosotros.<\/p>\n\n\n\n<p style=\"font-size:14px\">Es todo un espect\u00e1culo natural desde su surgimiento, un lugar con mucha vida y mucho que conocer y que disfrutar, un peque\u00f1o rinc\u00f3n del mundo que nos fascina. Es bastante grande, pero <strong>podr\u00e9is ver los lugares m\u00e1s representativos en 7 d\u00edas. De todas formas, os aconsejamos que os qued\u00e9is al menos 10 d\u00edas en Madeira para poder disfrutarla al m\u00e1ximo.<\/strong> \u00a1V\u00e1monos a conocer los lugares imprescindibles en Madeira!<\/p>\n\n\n\n<h2 class=\"wp-block-heading\">Su preciosa capital Funchal<\/h2>\n\n\n\n<p style=\"font-size:14px\">Funchal, la capital de Madeira, ya encandil\u00f3 a la Emperatriz Sis\u00ed de Austria o al Primer Ministro ingl\u00e9s Winston Churchill. Y no es para menos, estamos ante una ciudad cosmopolita, animada, con una esencia \u00fanica, repleta de vida, donde el pasado y el presente conviven de una forma extraordinaria.<\/p>\n\n\n\n<p style=\"font-size:14px\"><strong>Funchal es puro estilo, est\u00e1 repleta de restaurantes, de hoteles, de cultura, de tradici\u00f3n y todo ello fusionado con un gusto magn\u00edfico que hace que sea un para\u00edso para el viajero <\/strong>y que se sienta c\u00f3modo y maravillado desde el primer instante.<\/p>\n\n\n\n<p style=\"font-size:14px\">Funchal es un lugar para impregnarse de sus colores, de sus olores, para callejear y disfrutar. No dej\u00e9is de visitarla y de saborearla lentamente. Es uno de los lugares imprescindibles en Madeira.<\/p>\n\n\n\n<p><\/p>\n\n\n\n<h2 class=\"wp-block-heading\">Monte Palace Madeira y Jard\u00edn Bot\u00e1nico de Madeira<\/h2>\n\n\n\n<p style=\"font-size:14px\">El Palace Tropical Garden, es uno de los jardines m\u00e1s bonitos del mundo. Pues no vamos a ser nosotros los que digamos lo contario. Es un jard\u00edn realmente incre\u00edble. Sin duda, uno de los lugares imprescindibles de Madeira.<\/p>\n\n\n\n<p style=\"font-size:14px\">En el siglo XVIII, un c\u00f3nsul ingl\u00e9s, Charles Murray, compr\u00f3 un terreno al sur de la iglesia de Monte, a las afueras de la ciudad de Funchal y la convirti\u00f3 en la \u00abQuinta do Prazer\u00bb. As\u00ed naci\u00f3 este asombroso lugar que m\u00e1s tarde fue el Hotel Monte Palace al que acud\u00edan muchas personalidades tanto nacionales como internacionales.<\/p>\n\n\n\n<figure class=\"wp-block-image aligncenter size-full is-resized\"><img decoding=\"async\" src=\"https:\/\/www.centraldevacaciones.com\/blog\/wp-content\/uploads\/2023\/06\/que-ver-en-Madeira8.jpg\" alt=\"\" class=\"wp-image-129537\" width=\"656\" height=\"437\" srcset=\"https:\/\/www.centraldevacaciones.com\/blog\/wp-content\/uploads\/2023\/06\/que-ver-en-Madeira8.jpg 1000w, https:\/\/www.centraldevacaciones.com\/blog\/wp-content\/uploads\/2023\/06\/que-ver-en-Madeira8-300x200.jpg 300w, https:\/\/www.centraldevacaciones.com\/blog\/wp-content\/uploads\/2023\/06\/que-ver-en-Madeira8-768x512.jpg 768w\" sizes=\"(max-width: 656px) 100vw, 656px\" \/><\/figure>\n\n\n\n<p><\/p>\n\n\n\n<p style=\"font-size:14px\">En la actualidad, el Monte Palace Madeira ya no funciona como alojamiento pero se puede visitar este maravilloso jard\u00edn repleto de vegetaci\u00f3n, de lagos, fuentes, pagodas y esculturas. Es una mezcla de culturas, de plantas ex\u00f3ticas de Madeira y de otras partes del mundo, un compendio sorprendente, un peque\u00f1o para\u00edso de laurisilva, helechos, cedros, laureles, entre otras especies, que os dejar\u00e1n totalmente fascinados. La naturaleza y el agua, como en la Isla de Madeira, cobran una vital importancia.<\/p>\n\n\n\n<p style=\"font-size:14px\">Tambi\u00e9n pod\u00e9is visitar el<strong> Jard\u00edn Bot\u00e1nico de Madeira<\/strong>, en las colinas de Funchal, con unas vistas magn\u00edficas a la ciudad y al oc\u00e9ano Atl\u00e1ntico. Est\u00e1 situado en la antigua Quinta do Bom Sucesso y nos ofrece una preciosa muestra de la flora de Madeira y de otros lugares del mundo.<\/p>\n\n\n\n<figure class=\"wp-block-image aligncenter size-full is-resized\"><img loading=\"lazy\" decoding=\"async\" src=\"https:\/\/www.centraldevacaciones.com\/blog\/wp-content\/uploads\/2023\/06\/que-ver-en-Madeira6.jpg\" alt=\"\" class=\"wp-image-129538\" width=\"674\" height=\"450\" srcset=\"https:\/\/www.centraldevacaciones.com\/blog\/wp-content\/uploads\/2023\/06\/que-ver-en-Madeira6.jpg 1000w, https:\/\/www.centraldevacaciones.com\/blog\/wp-content\/uploads\/2023\/06\/que-ver-en-Madeira6-300x200.jpg 300w, https:\/\/www.centraldevacaciones.com\/blog\/wp-content\/uploads\/2023\/06\/que-ver-en-Madeira6-768x512.jpg 768w\" sizes=\"(max-width: 674px) 100vw, 674px\" \/><\/figure>\n\n\n\n<p><\/p>\n\n\n\n<h2 class=\"wp-block-heading\">La espectacular Ponta de S\u00e3o Louren\u00e7o<\/h2>\n\n\n\n<p style=\"font-size:14px\">La Ponta de S\u00e3o Louren\u00e7o, tambi\u00e9n conocida como la Carabela de Jo\u00e3o Gon\u00e7alves de Zarco, es una pen\u00ednsula estrecha y alargada situada al Este de Madeira.<\/p>\n\n\n\n<p style=\"font-size:14px\">Es un lugar realmente impresionante y muy diferente al resto de la isla. Un sendero recorre estos paisajes de vertiginosos acantilados, de origen volc\u00e1nico, con fabulosas formaciones de sedimentos calc\u00e1reos.<\/p>\n\n\n\n<p style=\"font-size:14px\">Durante el recorrido disfrutar\u00e9is de unas vistas brutales y de diversas especies end\u00e9micas, fundamentalmente de vegetaci\u00f3n rastrera, sin \u00e1rboles. Estamos ante uno de los lugares imprescindibles en Madeira, con un patrimonio natural \u00fanico con m\u00e1s de 130 especies de plantas, 31 exclusivas de la isla. Tambi\u00e9n podr\u00e9is contemplar una gran cantidad de aves, lagartijas, moluscos terrestres y, si ten\u00e9is suerte, alguna Foca Monje conocida en Madeira como \u201cLobo-marinho\u201d.<\/p>\n\n\n\n<figure class=\"wp-block-image aligncenter size-full is-resized\"><img loading=\"lazy\" decoding=\"async\" src=\"https:\/\/www.centraldevacaciones.com\/blog\/wp-content\/uploads\/2023\/06\/Que-ver-en-madeira-39.jpg\" alt=\"\" class=\"wp-image-129539\" width=\"686\" height=\"385\" srcset=\"https:\/\/www.centraldevacaciones.com\/blog\/wp-content\/uploads\/2023\/06\/Que-ver-en-madeira-39.jpg 1000w, https:\/\/www.centraldevacaciones.com\/blog\/wp-content\/uploads\/2023\/06\/Que-ver-en-madeira-39-300x169.jpg 300w, https:\/\/www.centraldevacaciones.com\/blog\/wp-content\/uploads\/2023\/06\/Que-ver-en-madeira-39-768x432.jpg 768w\" sizes=\"(max-width: 686px) 100vw, 686px\" \/><\/figure>\n\n\n\n<p><\/p>\n\n\n\n<h2 class=\"wp-block-heading\">C\u00e1mara de Lobos y otros pueblos pintorescos<\/h2>\n\n\n\n<p style=\"font-size:14px\">Una raz\u00f3n m\u00e1s para visitar Madeira, es que cuenta con muchos peque\u00f1os pueblos de costa y de monta\u00f1a, pueblos de pescadores y de agricultores, lugares pintorescos con algunas casas situadas de tal manera que parecen desafiar a la gravedad.<\/p>\n\n\n\n<p style=\"font-size:14px\">Pueblos con casas tradicionales o <em>palho\u00e7as <\/em>como<strong> Santana<\/strong>, fregues\u00edas en los valles rodeados de espectaculares monta\u00f1as como <strong>Curral das Freiras<\/strong>, pueblos pesqueros rodeados de vi\u00f1edos como <strong>C\u00e2mara de Lobos<\/strong>, lugares de tradici\u00f3n agr\u00edcola con paisajes asombrosos de monta\u00f1a como <strong>Boaventura<\/strong>, pueblos a los que s\u00f3lo se puede llegar en telef\u00e9rico como <strong>Achadas da Cruz<\/strong> y otros con formaciones rocosas impresionantes como <strong>Ribeira da Janela<\/strong>. Son muchas los pueblos con encanto en esta hermosa isla.\u00a0<\/p>\n\n\n\n<figure class=\"wp-block-image aligncenter size-full is-resized\"><img loading=\"lazy\" decoding=\"async\" src=\"https:\/\/www.centraldevacaciones.com\/blog\/wp-content\/uploads\/2023\/06\/que-ver-en-Madeira12.jpg\" alt=\"\" class=\"wp-image-129540\" width=\"702\" height=\"468\" srcset=\"https:\/\/www.centraldevacaciones.com\/blog\/wp-content\/uploads\/2023\/06\/que-ver-en-Madeira12.jpg 1000w, https:\/\/www.centraldevacaciones.com\/blog\/wp-content\/uploads\/2023\/06\/que-ver-en-Madeira12-300x200.jpg 300w, https:\/\/www.centraldevacaciones.com\/blog\/wp-content\/uploads\/2023\/06\/que-ver-en-Madeira12-768x512.jpg 768w\" sizes=\"(max-width: 702px) 100vw, 702px\" \/><\/figure>\n\n\n\n<p><\/p>\n\n\n\n<h2 class=\"wp-block-heading\">El pin\u00e1culo de Illh\u00e9us da Ribeira da Janela<\/h2>\n\n\n\n<div class=\"wp-block-group is-layout-constrained wp-block-group-is-layout-constrained\">\n<p style=\"font-size:14px\"><strong>Ribeira da Janela es un peque\u00f1o pueblo en el Norte de Madeira<\/strong>. Su playa es realmente espectacular por sus&nbsp;<strong>impresionantes formaciones rocosas&nbsp;<\/strong>rodeadas de monta\u00f1as y de un hermoso valle.<\/p>\n\n\n\n<p style=\"font-size:14px\">Adem\u00e1s de disfrutar de las alucinantes vistas y quiz\u00e1s de un buen ba\u00f1o, es un buen lugar para el avistamiento de aves, como la paloma trocaz, o especies migratorias como la garza imperial y el \u00e1nade real.<\/p>\n<\/div>\n\n\n\n<figure class=\"wp-block-image aligncenter size-large is-resized\"><img loading=\"lazy\" decoding=\"async\" src=\"https:\/\/www.centraldevacaciones.com\/blog\/wp-content\/uploads\/2023\/06\/MadeiraGeral9-1024x576.jpg\" alt=\"\" class=\"wp-image-129546\" width=\"712\" height=\"400\" srcset=\"https:\/\/www.centraldevacaciones.com\/blog\/wp-content\/uploads\/2023\/06\/MadeiraGeral9-1024x576.jpg 1024w, https:\/\/www.centraldevacaciones.com\/blog\/wp-content\/uploads\/2023\/06\/MadeiraGeral9-300x169.jpg 300w, https:\/\/www.centraldevacaciones.com\/blog\/wp-content\/uploads\/2023\/06\/MadeiraGeral9-768x432.jpg 768w, https:\/\/www.centraldevacaciones.com\/blog\/wp-content\/uploads\/2023\/06\/MadeiraGeral9-1536x864.jpg 1536w, https:\/\/www.centraldevacaciones.com\/blog\/wp-content\/uploads\/2023\/06\/MadeiraGeral9.jpg 1920w\" sizes=\"(max-width: 712px) 100vw, 712px\" \/><\/figure>\n\n\n\n<h2 class=\"wp-block-heading\">La Isla de Porto Santo. Otra de las razones para visitar Madeira<\/h2>\n\n\n\n<p style=\"font-size:14px\">Porto Santo es conocida por algunos como la\u00a0<strong>\u00abplaya de Madeira\u00bb<\/strong>, ya que cuenta con un\u00a0<strong>inmenso arenal de 9 km de largo<\/strong>. Su arena blanca y fina y sus aguas turquesas y cristalinas.<\/p>\n\n\n\n<p style=\"font-size:14px\">Pero hay muchas cosas m\u00e1s qu\u00e9 ver y disfrutar en Porto Santo. Os adelantamos 4 lugares imprescindibles: la capital,&nbsp;<strong>Vila Baleira<\/strong>, donde podr\u00e9is visitar la&nbsp;<strong>Casa-Museo de Crist\u00f3bal Col\u00f3n<\/strong>&nbsp;o comeros una deliciosa&nbsp;<strong>lambeca<\/strong>, helado t\u00edpico de Porto Santo, los&nbsp;<strong>miradores da Portela<\/strong>&nbsp;y&nbsp;<strong>Pico das Flores<\/strong>&nbsp;y la&nbsp;<strong>Ponta da Calheta<\/strong>.<\/p>\n\n\n\n<p style=\"font-size:14px\"><strong>Pod\u00e9is llegar a la isla en barco o en avi\u00f3n desde Funchal<\/strong>. El barco parte temprano por la ma\u00f1ana y regresa a \u00faltima hora de la tarde. Toda una experiencia \u00bfApuntada?<\/p>\n\n\n\n<figure class=\"wp-block-image aligncenter size-full is-resized\"><img loading=\"lazy\" decoding=\"async\" src=\"https:\/\/www.centraldevacaciones.com\/blog\/wp-content\/uploads\/2023\/06\/que-ver-en-Madeira29.jpg\" alt=\"\" class=\"wp-image-129544\" width=\"720\" height=\"404\" srcset=\"https:\/\/www.centraldevacaciones.com\/blog\/wp-content\/uploads\/2023\/06\/que-ver-en-Madeira29.jpg 1000w, https:\/\/www.centraldevacaciones.com\/blog\/wp-content\/uploads\/2023\/06\/que-ver-en-Madeira29-300x169.jpg 300w, https:\/\/www.centraldevacaciones.com\/blog\/wp-content\/uploads\/2023\/06\/que-ver-en-Madeira29-768x432.jpg 768w\" sizes=\"(max-width: 720px) 100vw, 720px\" \/><\/figure>\n\n\n\n<p>Recuerda que en Centraldevacaciones te ofrecemos las <a href=\"https:\/\/www.centraldevacaciones.com\/blog\/destinos-vacaciones\/ofertas-europa\/portugal\/\" data-type=\"URL\" data-id=\"https:\/\/www.centraldevacaciones.com\/blog\/destinos-vacaciones\/ofertas-europa\/portugal\/\">mejores ofertas de viajes a Portugal<\/a>, adem\u00e1s de poder encontrar <a href=\"https:\/\/www.centraldevacaciones.com\/viajes\/ofertas-a-madeira.html\" data-type=\"URL\" data-id=\"https:\/\/www.centraldevacaciones.com\/viajes\/ofertas-a-madeira.html\">paquetes con todo incluido a Madeira<\/a> 100% personalizables, para hacer de tu viaje una experiencia \u00fanica. <\/p>\n","protected":false},"excerpt":{"rendered":"<p>La m\u00e1gica isla de Madeira es uno de los secretos mejor guardados de Portugal. Esta exuberante isla volc\u00e1nica llena de cascadas en la costa atl\u00e1ntica de Marruecos ofrece aventuras \u00e9picas y gente amable. Con pueblos encantadores, mucha naturaleza, buena comida y abundancia de actividades al aire libre, Madeira ha comenzado recientemente a atraer a n\u00f3madas [&hellip;]<\/p>\n","protected":false},"author":4,"featured_media":129652,"comment_status":"open","ping_status":"open","sticky":false,"template":"","format":"standard","meta":{"_acf_changed":false,"footnotes":""},"categories":[1,9],"tags":[],"class_list":["post-129534","post","type-post","status-publish","format-standard","has-post-thumbnail","hentry","category-vacaciones","category-riviera-maya"],"acf":[],"_links":{"self":[{"href":"https:\/\/www.centraldevacaciones.com\/blog\/wp-json\/wp\/v2\/posts\/129534","targetHints":{"allow":["GET"]}}],"collection":[{"href":"https:\/\/www.centraldevacaciones.com\/blog\/wp-json\/wp\/v2\/posts"}],"about":[{"href":"https:\/\/www.centraldevacaciones.com\/blog\/wp-json\/wp\/v2\/types\/post"}],"author":[{"embeddable":true,"href":"https:\/\/www.centraldevacaciones.com\/blog\/wp-json\/wp\/v2\/users\/4"}],"replies":[{"embeddable":true,"href":"https:\/\/www.centraldevacaciones.com\/blog\/wp-json\/wp\/v2\/comments?post=129534"}],"version-history":[{"count":0,"href":"https:\/\/www.centraldevacaciones.com\/blog\/wp-json\/wp\/v2\/posts\/129534\/revisions"}],"wp:featuredmedia":[{"embeddable":true,"href":"https:\/\/www.centraldevacaciones.com\/blog\/wp-json\/wp\/v2\/media\/129652"}],"wp:attachment":[{"href":"https:\/\/www.centraldevacaciones.com\/blog\/wp-json\/wp\/v2\/media?parent=129534"}],"wp:term":[{"taxonomy":"category","embeddable":true,"href":"https:\/\/www.centraldevacaciones.com\/blog\/wp-json\/wp\/v2\/categories?post=129534"},{"taxonomy":"post_tag","embeddable":true,"href":"https:\/\/www.centraldevacaciones.com\/blog\/wp-json\/wp\/v2\/tags?post=129534"}],"curies":[{"name":"wp","href":"https:\/\/api.w.org\/{rel}","templated":true}]}}