{"id":1211,"date":"2014-10-02T09:11:20","date_gmt":"2014-10-02T07:11:20","guid":{"rendered":"http:\/\/www.centraldevacaciones.com\/opiniones\/?p=1211"},"modified":"2021-10-25T14:38:27","modified_gmt":"2021-10-25T12:38:27","slug":"oferta-puente-de-diciembre-mercados-de-navidad","status":"publish","type":"post","link":"https:\/\/www.centraldevacaciones.com\/blog\/oferta-puente-de-diciembre-mercados-de-navidad\/","title":{"rendered":"Ofertas Puente de Diciembre: Mercados de Navidad por Europa"},"content":{"rendered":"\t\t<div data-elementor-type=\"wp-post\" data-elementor-id=\"1211\" class=\"elementor elementor-1211\" data-elementor-post-type=\"post\">\n\t\t\t\t\t\t<section class=\"elementor-section elementor-top-section elementor-element elementor-element-5ca5566a elementor-section-boxed elementor-section-height-default elementor-section-height-default\" data-id=\"5ca5566a\" data-element_type=\"section\">\n\t\t\t\t\t\t<div class=\"elementor-container elementor-column-gap-default\">\n\t\t\t\t\t<div class=\"elementor-column elementor-col-100 elementor-top-column elementor-element elementor-element-d0ba4ae\" data-id=\"d0ba4ae\" data-element_type=\"column\">\n\t\t\t<div class=\"elementor-widget-wrap elementor-element-populated\">\n\t\t\t\t\t\t<div class=\"elementor-element elementor-element-3cec5a14 elementor-widget elementor-widget-text-editor\" data-id=\"3cec5a14\" data-element_type=\"widget\" data-widget_type=\"text-editor.default\">\n\t\t\t\t\t\t\t\t\t<p>Cuando se acerca el invierno, las ciudades del centro y norte de Europa celebran la arraigada tradici\u00f3n de los mercadillos de Navidad durante la \u00e9poca de Adviento. Visten sus calles con las mejores galas invernales y crean un ambiente \u00fanico que hay que conocer.<\/p><p>Los mercados navide\u00f1os son la mejor escusa para realizar un Viaje a Europa durante el invierno. Permiten al viajero disfrutar de una fiesta a\u00fatentica con la poblaci\u00f3n local y adelantar algunas de las compras navide\u00f1as con originales regalos.<\/p><p>El\u00a0 pr\u00f3ximo <a href=\"http:\/\/www.centraldevacaciones.com\/ofertas-viajes\/0\/0\/0\/142\/0\/Ofertas-Ofertas_Puente_Diciembre.html\">Puente de Diciembre<\/a> (Puente de la Constituci\u00f3n o Puente de la Inmaculada) es una ocasi\u00f3n perfecta para descubrir estos interesantes mercadillos. Desde <a href=\"http:\/\/www.centraldevacaciones.com\/ofertas-viajes\/0\/0\/0\/142\/0\/Ofertas-Ofertas_Puente_Diciembre.html\">Centraldevacaciones.com<\/a> queremos facilitarte el trabajo, por eso vamos a hacer una peque\u00f1a menci\u00f3n de los principales mercadillos navide\u00f1os que podemos encontrar en el viejo continente, y por supuesto visitar con las Ofertas Puente de Diciembre que encontrar\u00e1s en nuestra web.<\/p><p><a href=\"https:\/\/www.centraldevacaciones.com\/ofertas-viajes\/Mercadillos-de-Navidad:-Berlin-Oferta-Puente-Diciembre-2014\/Berlin--\/reservas\/551\"><strong>Mercadillos de Navidad: Berl\u00edn<\/strong><\/a><\/p><p>En Berl\u00edn, con alrededor de 60 mercadillos tradicionales de Navidad, es imprescindible disfrutar del Gendarmenmarkt, del Mundo Invernal en la plaza Postdam, con pista de trineos, y del de la Plaza Alexnderplatz con pista de hielo.<\/p><p>Aqu\u00ed, adem\u00e1s de productos artesanales, se pueden degustar las especialidades gastron\u00f3micas de la zona. La bebida m\u00e1s popular es el ponche caliente de vino con especias, servido en una taza especial que el visitante puede llevarse consigo como recuerdo del mercadillo.<\/p><p><img fetchpriority=\"high\" decoding=\"async\" class=\"alignnone size-full wp-image-19905\" src=\"https:\/\/www.centraldevacaciones.com\/blog\/wp-content\/uploads\/2021\/10\/Mercadillo-de-navidad-en-Praga.jpg\" alt=\"Ofertas Puente de Diciembre: Mercados de Navidad por Europa: Mercadillo de navidad en Praga\" width=\"610\" height=\"340\" srcset=\"https:\/\/www.centraldevacaciones.com\/blog\/wp-content\/uploads\/2021\/10\/Mercadillo-de-navidad-en-Praga.jpg 610w, https:\/\/www.centraldevacaciones.com\/blog\/wp-content\/uploads\/2021\/10\/Mercadillo-de-navidad-en-Praga-300x167.jpg 300w\" sizes=\"(max-width: 610px) 100vw, 610px\" \/><\/p><p><a href=\"https:\/\/www.centraldevacaciones.com\/ofertas-viajes\/Mercadillos-de-Navidad:-Viena-y-Bratislava-Oferta-Puente-Diciembre-2014\/Viena--Bratislava--\/reservas\/550\"><strong>Mercadillos de Navidad: Viena<\/strong><\/a><\/p><p>La navidad en Viena es muy especial, y los decorados navide\u00f1os lo invaden todo. En la Rathausplatz se instala el Mercado Christkindkmarkt. Adem\u00e1s tambi\u00e9n destacan otros mercados de navidad como el del Palacio del Sch\u00f6nbrunn, los mercadillos en Spittelberg, en el distrito de los artistas, y el del Palacio Belvedere.<\/p><p><strong><a href=\"https:\/\/www.centraldevacaciones.com\/ofertas-viajes\/Encantos-Navidenos-de-Baviera-y-Salzburgo-Oferta-Puente-Diciembre-2014\/Munich--Salzburgo--\/reservas\/557\">Mercadillos de Navidad: Munich y Salzburgo<\/a><br \/><\/strong><\/p><p>Otros mercadillos m\u00e1s que interesantes que podemos encontrar en Alemania o en la vecina Austria son: El tradicional mercadillo del Ni\u00f1o Jes\u00fas de M\u00fanich, en torno a la plaza Marienplatz, el famoso mercadillo de Salzburgo o el tradicional mercadillo de N\u00faremberg, con su muestra de nacimientos.<\/p><p><a href=\"https:\/\/www.centraldevacaciones.com\/ofertas-viajes\/Mercadillos-de-Navidad:-Suiza-Oferta-Puente-Diciembre-2014\/Zurich-Lucerna-Basilea--\/reservas\/552\"><strong>Mercadillos de Navidad: Suiza<\/strong><\/a><\/p><p>Es Suiza est\u00e1 muy arraigada la tradici\u00f3n del Adviento, que se manifiesta en su populares y en las coronas de adviento. En Z\u00farich el mercadillo, en el coraz\u00f3n de la ciudad, ofrece una amplia variedad de art\u00edculos navide\u00f1os de regalo. Destaca tambi\u00e9n el de Basilea, que cuenta con el mercado de Navidad m\u00e1s antiguo del pa\u00eds. En Lucerna el mercado de navidad se celebra en la plaza Franziskanerplatz.<\/p><p><a href=\"https:\/\/www.centraldevacaciones.com\/ofertas-viajes\/Mercadillos-de-Navidad:-Praga-Oferta-Puente-Diciembre-2014\/PRAGA--\/reservas\/549\"><strong>Mercadillos de Navidad: Praga<\/strong><\/a><\/p><p>Durante el Adviento se celebran mercadillos en la Plaza de la Ciudad Vieja y en la Plaza de Wenceslao. Adem\u00e1s, el mercadillo de Havelskauno, uno de los m\u00e1s antiguos, y el de Namesti Republillky, muy c\u00e9ntrico. En ellos prima la artesania de madera y bellos adornos navide\u00f1os elaborados con cristal, las coronas de adviento y figuras hechas con hojas de ma\u00edz.<\/p><p><a href=\"https:\/\/www.centraldevacaciones.com\/ofertas-viajes\/Flandes-al-Completo-Oferta-Puente-Diciembre-2014\/Bruselas---Gante---Brujas---Amberes--\/reservas\/559\"><img decoding=\"async\" class=\"aligncenter wp-image-1218 size-full\" title=\"Mercado Navidad2\" src=\"https:\/\/www.centraldevacaciones.com\/blog\/wp-content\/uploads\/2014\/10\/Mercado-Navidad2.jpg\" alt=\"Ofertas Puente de la Constituci\u00f3n\" width=\"610\" height=\"340\" srcset=\"https:\/\/www.centraldevacaciones.com\/blog\/wp-content\/uploads\/2014\/10\/Mercado-Navidad2.jpg 610w, https:\/\/www.centraldevacaciones.com\/blog\/wp-content\/uploads\/2014\/10\/Mercado-Navidad2-300x167.jpg 300w\" sizes=\"(max-width: 610px) 100vw, 610px\" \/><\/a><\/p><p><a href=\"https:\/\/www.centraldevacaciones.com\/ofertas-viajes\/Flandes-al-Completo-Oferta-Puente-Diciembre-2014\/Bruselas---Gante---Brujas---Amberes--\/reservas\/559\"><strong>Mercadillos de Navidad: Flandes<\/strong><\/a><\/p><p>En Flandes los mercados de navidad toman sus principales plazas. En Bruselas se ubica en los alrededores de la Bolsa, la plaza de Saint-Catherine, la Grand Place y el March\u00e9 au Poisson. Unas 250 casetas donde degustar vino caliente y las famosas cervezas belgas acompa\u00f1adas de los dulces t\u00edpicos. Brujas tambi\u00e9n se anima con el mercado, una pista de patinaje en Grote Markt y el festival de Esculturas de Hielo y Nieve. Gante viste su plaza Saint-Pietersplein de gala con multitud de puestos, pista de patinaje y actuaciones. En Amberes los mercadillos se ubican alrededor de la Catedral, la plaza Grotemarkt, Hanschoenmarkt, Suikerrui y en Steenplein. Un mundo para so\u00f1ar y trasladarse a la navidad m\u00e1s t\u00edpica.<\/p>\t\t\t\t\t\t\t\t<\/div>\n\t\t\t\t\t<\/div>\n\t\t<\/div>\n\t\t\t\t\t<\/div>\n\t\t<\/section>\n\t\t\t\t<section class=\"elementor-section elementor-top-section elementor-element elementor-element-44b1727c elementor-section-boxed elementor-section-height-default elementor-section-height-default\" data-id=\"44b1727c\" data-element_type=\"section\">\n\t\t\t\t\t\t<div class=\"elementor-container elementor-column-gap-custom\">\n\t\t\t\t\t<div class=\"elementor-column elementor-col-16 elementor-top-column elementor-element elementor-element-3351f03f\" data-id=\"3351f03f\" data-element_type=\"column\">\n\t\t\t<div class=\"elementor-widget-wrap elementor-element-populated\">\n\t\t\t\t\t\t<div class=\"elementor-element elementor-element-2faafeaf elementor-widget elementor-widget-image\" data-id=\"2faafeaf\" data-element_type=\"widget\" data-widget_type=\"image.default\">\n\t\t\t\t\t\t\t\t\t\t\t\t\t\t\t<img decoding=\"async\" width=\"128\" height=\"128\" src=\"https:\/\/www.centraldevacaciones.com\/blog\/wp-content\/uploads\/2021\/05\/dom.png\" class=\"attachment-large size-large wp-image-12635\" alt=\"\" \/>\t\t\t\t\t\t\t\t\t\t\t\t\t\t\t<\/div>\n\t\t\t\t<div class=\"elementor-element elementor-element-71c8f4f2 elementor-widget elementor-widget-heading\" data-id=\"71c8f4f2\" data-element_type=\"widget\" data-widget_type=\"heading.default\">\n\t\t\t\t\t<h3 class=\"elementor-heading-title elementor-size-default\"><a href=\"https:\/\/www.centraldevacaciones.com\/viajes\/\">Ofertas vacacionales<\/a><\/h3>\t\t\t\t<\/div>\n\t\t\t\t\t<\/div>\n\t\t<\/div>\n\t\t\t\t<div class=\"elementor-column elementor-col-16 elementor-top-column elementor-element elementor-element-5fd37dcf\" data-id=\"5fd37dcf\" data-element_type=\"column\">\n\t\t\t<div class=\"elementor-widget-wrap elementor-element-populated\">\n\t\t\t\t\t\t<div class=\"elementor-element elementor-element-497d0432 elementor-widget elementor-widget-image\" data-id=\"497d0432\" data-element_type=\"widget\" data-widget_type=\"image.default\">\n\t\t\t\t\t\t\t\t\t\t\t\t\t\t\t<img loading=\"lazy\" decoding=\"async\" width=\"128\" height=\"128\" src=\"https:\/\/www.centraldevacaciones.com\/blog\/wp-content\/uploads\/2021\/05\/camas.png\" class=\"attachment-large size-large wp-image-12637\" alt=\"\" \/>\t\t\t\t\t\t\t\t\t\t\t\t\t\t\t<\/div>\n\t\t\t\t<div class=\"elementor-element elementor-element-47f03e70 elementor-widget elementor-widget-heading\" data-id=\"47f03e70\" data-element_type=\"widget\" data-widget_type=\"heading.default\">\n\t\t\t\t\t<h3 class=\"elementor-heading-title elementor-size-default\"><a href=\"https:\/\/www.centraldevacaciones.com\/blog\/hoteles-de-ciudad\/\">Ofertas hoteles<\/a><\/h3>\t\t\t\t<\/div>\n\t\t\t\t\t<\/div>\n\t\t<\/div>\n\t\t\t\t<div class=\"elementor-column elementor-col-16 elementor-top-column elementor-element elementor-element-19b945cc\" data-id=\"19b945cc\" data-element_type=\"column\">\n\t\t\t<div class=\"elementor-widget-wrap elementor-element-populated\">\n\t\t\t\t\t\t<div class=\"elementor-element elementor-element-3c31cfb9 elementor-widget elementor-widget-image\" data-id=\"3c31cfb9\" data-element_type=\"widget\" data-widget_type=\"image.default\">\n\t\t\t\t\t\t\t\t\t\t\t\t\t\t\t<img loading=\"lazy\" decoding=\"async\" width=\"128\" height=\"128\" src=\"https:\/\/www.centraldevacaciones.com\/blog\/wp-content\/uploads\/2021\/05\/avion-1.png\" class=\"attachment-large size-large wp-image-12639\" alt=\"\" \/>\t\t\t\t\t\t\t\t\t\t\t\t\t\t\t<\/div>\n\t\t\t\t<div class=\"elementor-element elementor-element-6759b020 elementor-widget elementor-widget-heading\" data-id=\"6759b020\" data-element_type=\"widget\" data-widget_type=\"heading.default\">\n\t\t\t\t\t<h3 class=\"elementor-heading-title elementor-size-default\"><a href=\"https:\/\/www.centraldevacaciones.com\/blog\/destinos-vacaciones\/\">Mejores destinos<\/a><\/h3>\t\t\t\t<\/div>\n\t\t\t\t\t<\/div>\n\t\t<\/div>\n\t\t\t\t<div class=\"elementor-column elementor-col-16 elementor-top-column elementor-element elementor-element-682a7e35\" data-id=\"682a7e35\" data-element_type=\"column\">\n\t\t\t<div class=\"elementor-widget-wrap elementor-element-populated\">\n\t\t\t\t\t\t<div class=\"elementor-element elementor-element-2b35daaf elementor-widget elementor-widget-image\" data-id=\"2b35daaf\" data-element_type=\"widget\" data-widget_type=\"image.default\">\n\t\t\t\t\t\t\t\t\t\t\t\t\t\t\t<img loading=\"lazy\" decoding=\"async\" width=\"128\" height=\"128\" src=\"https:\/\/www.centraldevacaciones.com\/blog\/wp-content\/uploads\/2021\/05\/cama-solar.png\" class=\"attachment-large size-large wp-image-12640\" alt=\"\" \/>\t\t\t\t\t\t\t\t\t\t\t\t\t\t\t<\/div>\n\t\t\t\t<div class=\"elementor-element elementor-element-139bf997 elementor-widget elementor-widget-heading\" data-id=\"139bf997\" data-element_type=\"widget\" data-widget_type=\"heading.default\">\n\t\t\t\t\t<h3 class=\"elementor-heading-title elementor-size-default\"><a href=\"https:\/\/www.centraldevacaciones.com\/blog\/ofertas-circuitos\/\">Circuitos vacacionales<\/a><\/h3>\t\t\t\t<\/div>\n\t\t\t\t\t<\/div>\n\t\t<\/div>\n\t\t\t\t<div class=\"elementor-column elementor-col-16 elementor-top-column elementor-element elementor-element-33c8acd3\" data-id=\"33c8acd3\" data-element_type=\"column\">\n\t\t\t<div class=\"elementor-widget-wrap elementor-element-populated\">\n\t\t\t\t\t\t<div class=\"elementor-element elementor-element-284131d0 elementor-widget elementor-widget-image\" data-id=\"284131d0\" data-element_type=\"widget\" data-widget_type=\"image.default\">\n\t\t\t\t\t\t\t\t\t\t\t\t\t\t\t<img loading=\"lazy\" decoding=\"async\" width=\"128\" height=\"128\" src=\"https:\/\/www.centraldevacaciones.com\/blog\/wp-content\/uploads\/2021\/05\/en-todo-el-mundo.png\" class=\"attachment-large size-large wp-image-12641\" alt=\"\" \/>\t\t\t\t\t\t\t\t\t\t\t\t\t\t\t<\/div>\n\t\t\t\t<div class=\"elementor-element elementor-element-1db1b099 elementor-widget elementor-widget-heading\" data-id=\"1db1b099\" data-element_type=\"widget\" data-widget_type=\"heading.default\">\n\t\t\t\t\t<h3 class=\"elementor-heading-title elementor-size-default\"><a href=\"https:\/\/www.centraldevacaciones.com\/blog\/vuelo-hotel\/\">Vuelo + hotel <\/a><\/h3>\t\t\t\t<\/div>\n\t\t\t\t\t<\/div>\n\t\t<\/div>\n\t\t\t\t<div class=\"elementor-column elementor-col-16 elementor-top-column elementor-element elementor-element-729ad82a\" data-id=\"729ad82a\" data-element_type=\"column\">\n\t\t\t<div class=\"elementor-widget-wrap elementor-element-populated\">\n\t\t\t\t\t\t<div class=\"elementor-element elementor-element-15805de9 elementor-widget elementor-widget-image\" data-id=\"15805de9\" data-element_type=\"widget\" data-widget_type=\"image.default\">\n\t\t\t\t\t\t\t\t\t\t\t\t\t\t\t<img loading=\"lazy\" decoding=\"async\" width=\"128\" height=\"128\" src=\"https:\/\/www.centraldevacaciones.com\/blog\/wp-content\/uploads\/2021\/05\/crucero.png\" class=\"attachment-large size-large wp-image-12642\" alt=\"\" \/>\t\t\t\t\t\t\t\t\t\t\t\t\t\t\t<\/div>\n\t\t\t\t<div class=\"elementor-element elementor-element-46ed62c3 elementor-widget elementor-widget-heading\" data-id=\"46ed62c3\" data-element_type=\"widget\" data-widget_type=\"heading.default\">\n\t\t\t\t\t<h3 class=\"elementor-heading-title elementor-size-default\"><a href=\"https:\/\/www.centraldevacaciones.com\/blog\/destinos-cruceros\/\">Ofertas  cruceros<\/a><\/h3>\t\t\t\t<\/div>\n\t\t\t\t\t<\/div>\n\t\t<\/div>\n\t\t\t\t\t<\/div>\n\t\t<\/section>\n\t\t\t\t<\/div>\n\t\t","protected":false},"excerpt":{"rendered":"<p>Cuando se acerca el invierno, las ciudades del centro y norte de Europa celebran la arraigada tradici\u00f3n de los mercadillos de Navidad durante la \u00e9poca de Adviento. Visten sus calles con las mejores galas invernales y crean un ambiente \u00fanico que hay que conocer. Los mercados navide\u00f1os son la mejor escusa para realizar un Viaje [&hellip;]<\/p>\n","protected":false},"author":1,"featured_media":0,"comment_status":"closed","ping_status":"open","sticky":false,"template":"elementor_theme","format":"standard","meta":{"_acf_changed":false,"footnotes":""},"categories":[193,208,207,205,195,12,17],"tags":[],"class_list":["post-1211","post","type-post","status-publish","format-standard","hentry","category-europa","category-ideas-escapadas","category-ideas-viajes-invierno","category-ideas-viajes-low-cost","category-rutas-por-europa","category-viajes","category-viajes-por-europa"],"acf":[],"_links":{"self":[{"href":"https:\/\/www.centraldevacaciones.com\/blog\/wp-json\/wp\/v2\/posts\/1211","targetHints":{"allow":["GET"]}}],"collection":[{"href":"https:\/\/www.centraldevacaciones.com\/blog\/wp-json\/wp\/v2\/posts"}],"about":[{"href":"https:\/\/www.centraldevacaciones.com\/blog\/wp-json\/wp\/v2\/types\/post"}],"author":[{"embeddable":true,"href":"https:\/\/www.centraldevacaciones.com\/blog\/wp-json\/wp\/v2\/users\/1"}],"replies":[{"embeddable":true,"href":"https:\/\/www.centraldevacaciones.com\/blog\/wp-json\/wp\/v2\/comments?post=1211"}],"version-history":[{"count":0,"href":"https:\/\/www.centraldevacaciones.com\/blog\/wp-json\/wp\/v2\/posts\/1211\/revisions"}],"wp:attachment":[{"href":"https:\/\/www.centraldevacaciones.com\/blog\/wp-json\/wp\/v2\/media?parent=1211"}],"wp:term":[{"taxonomy":"category","embeddable":true,"href":"https:\/\/www.centraldevacaciones.com\/blog\/wp-json\/wp\/v2\/categories?post=1211"},{"taxonomy":"post_tag","embeddable":true,"href":"https:\/\/www.centraldevacaciones.com\/blog\/wp-json\/wp\/v2\/tags?post=1211"}],"curies":[{"name":"wp","href":"https:\/\/api.w.org\/{rel}","templated":true}]}}