{"id":1205,"date":"2014-10-01T17:31:35","date_gmt":"2014-10-01T15:31:35","guid":{"rendered":"http:\/\/www.centraldevacaciones.com\/opiniones\/?p=1205"},"modified":"2021-06-30T18:22:28","modified_gmt":"2021-06-30T16:22:28","slug":"oferta-viajes-navidad-islandia-de-hielo-y-fuego","status":"publish","type":"post","link":"https:\/\/www.centraldevacaciones.com\/blog\/oferta-viajes-navidad-islandia-de-hielo-y-fuego\/","title":{"rendered":"Oferta Viajes Navidad: Islandia, de hielo y fuego"},"content":{"rendered":"<p>Islandia, pa\u00eds \u00fanico en Europa con una historia y cultura apasionante, solo superadas por su grandiosidad natural, esa que la convierte en la isla de hielo y fuego.<\/p>\n<p>Hablamos de un pa\u00eds que posee la menor densidad de poblaci\u00f3n de Europa y cuenta con un puro, impoluto y m\u00e1gico paisaje. Situada encima de la placa dorsal atl\u00e1ntica y debajo del C\u00edrculo Polar \u00c1rtico, es famosa por sus m\u00e1s de doscientos volcanes, sus cientos de g\u00e9iseres, sus termas naturales y sus enormes glaciares.<\/p>\n<p><a href=\"http:\/\/www.centraldevacaciones.com\/opiniones\/wp-content\/uploads\/2014\/10\/vista-panoramica-reykjavik.jpg\"><img fetchpriority=\"high\" decoding=\"async\" class=\"aligncenter size-medium wp-image-1206\" title=\"vista-panoramica-reykjavik\" src=\"http:\/\/www.centraldevacaciones.com\/opiniones\/wp-content\/uploads\/2014\/10\/vista-panoramica-reykjavik-300x167.jpg\" alt=\"Oferta Viaje Islandia, Oferta Viaje Reykjavik\" width=\"300\" height=\"167\" srcset=\"https:\/\/www.centraldevacaciones.com\/blog\/wp-content\/uploads\/2014\/10\/vista-panoramica-reykjavik-300x167.jpg 300w, https:\/\/www.centraldevacaciones.com\/blog\/wp-content\/uploads\/2014\/10\/vista-panoramica-reykjavik.jpg 610w\" sizes=\"(max-width: 300px) 100vw, 300px\" \/><\/a><\/p>\n<p>Cualquier \u00e9poca del a\u00f1o es ideal para realizar un Viaje a Islandia. En verano, los d\u00edas se alargan con el sol de medianoche, siendo junio y julio los mejores meses para disfrutarlo. Como contraposici\u00f3n, en invierno, la total oscuridad se ve arropada por la m\u00e1gica Aurora Boreal, un espect\u00e1culo \u00fanico y sobrecogedor. Una luz verde inunda el cielo con su baile nocturno.<\/p>\n<p>Una ocasi\u00f3n \u00fanica para visitar este espectacular pa\u00eds, son las Ofertas de Navidad que centraldevacaciones.com puede ofrecerte. Tres complet\u00edsimos paquetes para viajar y descubrir Islandia en Navidad: <a href=\"https:\/\/www.centraldevacaciones.com\/ofertas-viajes\/Navidad-en-Reykjavik-Oferta-con-salida-desde-Barcelona\/Reykjavik--\/reservas\/570\">Navidad en Reykjavik<\/a>, <a href=\"https:\/\/www.centraldevacaciones.com\/ofertas-viajes\/Fin-de-Ano-en-Reykjavik-Oferta-Especial-con-salida-desde-Barcelona\/Reykjavik--\/reservas\/571\">Fin de a\u00f1o Reykjavik<\/a> o <a href=\"https:\/\/www.centraldevacaciones.com\/ofertas-viajes\/Luces-Magicas-de-Islandia-Oferta-Navidad-desde-Barcelona\/Reykjavik-y-Selfoss--\/reservas\/313\">Luces M\u00e1gicas de Islandia.<\/a><\/p>\n<p>Todo viaje a Islandia, conlleva conocer Reykjavic. Si realiza un viaje a Reykjavic, descubrir\u00e1 la capital m\u00e1s septentrional del mundo, alejada de la imagen de las grandes urbes europeas. Cuenta con un centro hist\u00f3rico con edificios de madera encalado e hileras de casas de hormig\u00f3n pintadas en vivos colores, desde el que se pueden acceder a pie a la mayor\u00eda de puntos de inter\u00e9s de la ciudad. Todos aquellos interesados en la cultura n\u00f3rdica e islandesa deber\u00eda aprovechar una de las m\u00faltiples Ofertas a Islandia que nos ofrece centraldevacaciones.com y descubrir su museo nacional, donde se exponen antig\u00fcedades religiosas y folcl\u00f3ricas. Tras este museo, el visitante encontrar\u00e1 el instituto Arni Magn\u00fasson, cita ineludible para todos los aficionados a las sagas, que contiene una famosa colecci\u00f3n de obras, entre las que destacan la Landn\u00e1mab\u00f3k y las Njals Saga.<\/p>\n<p>La ciudad moderna de Reykjavik se expande hacia el este y en ella destaca Hallgrimskirkja, una espectacular iglesia cuyo dise\u00f1o est\u00e1 inspirado en una monta\u00f1a de lava.<\/p>\n<p>Pero todo viaje a Islandia va m\u00e1s all\u00e1 de su capital. Cerca de esta, dentro del circulo dorado, se encuentra el Parque Nacional de Thingvellir, un enclave descubierto por los vikingos de gran importancia hist\u00f3rica y natural, al verse all\u00ed la separaci\u00f3n f\u00edsica entro dos de las placas tect\u00f3nicas del planeta, y ser el lugar donde se reun\u00eda el parlamento m\u00e1s antiguo de Europa.<\/p>\n<p><a href=\"http:\/\/www.centraldevacaciones.com\/opiniones\/wp-content\/uploads\/2014\/10\/aguas-termales-en-blue-lagoon-reykjavik-.jpg\"><img decoding=\"async\" class=\"aligncenter size-medium wp-image-1207\" title=\"aguas-termales-en-blue-lagoon-reykjavik-\" src=\"http:\/\/www.centraldevacaciones.com\/opiniones\/wp-content\/uploads\/2014\/10\/aguas-termales-en-blue-lagoon-reykjavik--300x167.jpg\" alt=\"Oferta Viaje Islandia, Oferta Viaje Reykjavik\" width=\"300\" height=\"167\" srcset=\"https:\/\/www.centraldevacaciones.com\/blog\/wp-content\/uploads\/2014\/10\/aguas-termales-en-blue-lagoon-reykjavik--300x167.jpg 300w, https:\/\/www.centraldevacaciones.com\/blog\/wp-content\/uploads\/2014\/10\/aguas-termales-en-blue-lagoon-reykjavik-.jpg 610w\" sizes=\"(max-width: 300px) 100vw, 300px\" \/><\/a><\/p>\n<p>Algunos otros lugares imprescindibles en su visita a Islandia son la zona geot\u00e9rmica de aguas termales de Geysir, donde se puede ver a Strokkur, columna que eleva el agua hirviendo hasta 30 metros sobre nuestras cabezas; la Cascada de Gullfos, donde millones de litros de agua se precipitan entre rocas en lo que es considerada la cascada m\u00e1s grande del pa\u00eds. Otros espectaculares\u00a0 lugares que no debemos dejar de lado son la Laguna Azul, el Lago Kleifarvatn o Kr\u00fdsuvik. Pero sin duda alguna, lo que deja maravillado en un viaje a Islandia son los paisajes campestres de la costa sur, de gran belleza, con las majestuosas monta\u00f1as de fondo.<\/p>\n","protected":false},"excerpt":{"rendered":"<p>Islandia, pa\u00eds \u00fanico en Europa con una historia y cultura apasionante, solo superadas por su grandiosidad natural, esa que la convierte en la isla de hielo y fuego. Hablamos de un pa\u00eds que posee la menor densidad de poblaci\u00f3n de Europa y cuenta con un puro, impoluto y m\u00e1gico paisaje. Situada encima de la placa [&hellip;]<\/p>\n","protected":false},"author":1,"featured_media":0,"comment_status":"closed","ping_status":"open","sticky":false,"template":"elementor_theme","format":"standard","meta":{"_acf_changed":false,"footnotes":""},"categories":[193,208,207,206,195,1,12,17],"tags":[],"class_list":["post-1205","post","type-post","status-publish","format-standard","hentry","category-europa","category-ideas-escapadas","category-ideas-viajes-invierno","category-ideas-viajes-lujo","category-rutas-por-europa","category-vacaciones","category-viajes","category-viajes-por-europa"],"acf":[],"_links":{"self":[{"href":"https:\/\/www.centraldevacaciones.com\/blog\/wp-json\/wp\/v2\/posts\/1205","targetHints":{"allow":["GET"]}}],"collection":[{"href":"https:\/\/www.centraldevacaciones.com\/blog\/wp-json\/wp\/v2\/posts"}],"about":[{"href":"https:\/\/www.centraldevacaciones.com\/blog\/wp-json\/wp\/v2\/types\/post"}],"author":[{"embeddable":true,"href":"https:\/\/www.centraldevacaciones.com\/blog\/wp-json\/wp\/v2\/users\/1"}],"replies":[{"embeddable":true,"href":"https:\/\/www.centraldevacaciones.com\/blog\/wp-json\/wp\/v2\/comments?post=1205"}],"version-history":[{"count":0,"href":"https:\/\/www.centraldevacaciones.com\/blog\/wp-json\/wp\/v2\/posts\/1205\/revisions"}],"wp:attachment":[{"href":"https:\/\/www.centraldevacaciones.com\/blog\/wp-json\/wp\/v2\/media?parent=1205"}],"wp:term":[{"taxonomy":"category","embeddable":true,"href":"https:\/\/www.centraldevacaciones.com\/blog\/wp-json\/wp\/v2\/categories?post=1205"},{"taxonomy":"post_tag","embeddable":true,"href":"https:\/\/www.centraldevacaciones.com\/blog\/wp-json\/wp\/v2\/tags?post=1205"}],"curies":[{"name":"wp","href":"https:\/\/api.w.org\/{rel}","templated":true}]}}