{"id":1142,"date":"2014-09-19T16:17:27","date_gmt":"2014-09-19T14:17:27","guid":{"rendered":"http:\/\/www.centraldevacaciones.com\/opiniones\/?p=1142"},"modified":"2021-08-09T08:59:56","modified_gmt":"2021-08-09T06:59:56","slug":"la-casa-de-ana-frank-un-monumento-en-memoria-de-ana-frank","status":"publish","type":"post","link":"https:\/\/www.centraldevacaciones.com\/blog\/la-casa-de-ana-frank-un-monumento-en-memoria-de-ana-frank\/","title":{"rendered":"La Casa de Ana Frank, un monumento en memoria de Ana Frank"},"content":{"rendered":"\t\t<div data-elementor-type=\"wp-post\" data-elementor-id=\"1142\" class=\"elementor elementor-1142\" data-elementor-post-type=\"post\">\n\t\t\t\t\t\t<section class=\"elementor-section elementor-top-section elementor-element elementor-element-17ec74f8 elementor-section-boxed elementor-section-height-default elementor-section-height-default\" data-id=\"17ec74f8\" data-element_type=\"section\">\n\t\t\t\t\t\t<div class=\"elementor-container elementor-column-gap-default\">\n\t\t\t\t\t<div class=\"elementor-column elementor-col-100 elementor-top-column elementor-element elementor-element-47068e74\" data-id=\"47068e74\" data-element_type=\"column\">\n\t\t\t<div class=\"elementor-widget-wrap elementor-element-populated\">\n\t\t\t\t\t\t<div class=\"elementor-element elementor-element-1c69ee21 elementor-widget elementor-widget-text-editor\" data-id=\"1c69ee21\" data-element_type=\"widget\" data-widget_type=\"text-editor.default\">\n\t\t\t\t\t\t\t\t\t<p><strong>La Casa de Ana Frank en Prinsengracht es un museo dedicado a la ni\u00f1a jud\u00eda Ana Frank<\/strong>, que durante la guerra ten\u00eda un diario mientras <strong>se ocultaba con su familia y otras cuatro personas de la persecuci\u00f3n nazi <\/strong>en habitaciones ocultas en la parte trasera del edificio.<\/p><p><strong>Historia<\/strong><\/p><p>La familia Frank fue v\u00edctima cl\u00e1sico del nazismo en julio de 1942, con el comienzo de la deportaci\u00f3n de los Jud\u00edos de los Pa\u00edses Bajos, toda la familia, Frank, as\u00ed como una mir\u00edada de otras familias jud\u00edas se vieron obligados a esconderse. Ellos se refugiaron en la empresa de construcci\u00f3n de refugio Prinsenhraht, la casa 263, Amsterdam, Pa\u00edses Bajos. En este refugio que se observaba en el m\u00e1s estricto secreto, vivieron hasta 1944.<\/p><p><a href=\"http:\/\/www.centraldevacaciones.com\/opiniones\/wp-content\/uploads\/2014\/09\/La-Casa-de-Ana-Frank-copia.jpg\"><img fetchpriority=\"high\" decoding=\"async\" class=\"aligncenter wp-image-1158 size-full\" title=\"La Casa de Ana Frank copia\" src=\"https:\/\/www.centraldevacaciones.com\/blog\/wp-content\/uploads\/2014\/09\/La-Casa-de-Ana-Frank-copia.jpg\" alt=\"Oferta Viajes Holanda\" width=\"640\" height=\"480\" srcset=\"https:\/\/www.centraldevacaciones.com\/blog\/wp-content\/uploads\/2014\/09\/La-Casa-de-Ana-Frank-copia.jpg 640w, https:\/\/www.centraldevacaciones.com\/blog\/wp-content\/uploads\/2014\/09\/La-Casa-de-Ana-Frank-copia-300x225.jpg 300w\" sizes=\"(max-width: 640px) 100vw, 640px\" \/><\/a><\/p><p><strong>El 04 de agosto 1944, probablemente en una extremidad, la familia Frank fue descubierto por los nazis, y todos fueron enviados primero a Westerbork<\/strong>, y m\u00e1s tarde en Conocida (campo de concentraci\u00f3n de Auschwitz). No se encontr\u00f3 el diario de Ana durante el arresto.<\/p><p>Durante el brote del invierno de 1945 una epidemia de tifus en el campo de Bergen-Belz mat\u00f3 a 20.000 personas, entre ellas estaban las dos hermanas, Frank, su madre tambi\u00e9n muri\u00f3 en el Bergen-Belzene.<\/p><p><strong>Se organiz\u00f3 en Amsterdam esta casa-museo en memoria de todas las v\u00edctimas del nazismo<\/strong>. La primera edici\u00f3n de los diarios de Otto tuvo lugar en 1947, y en 1950 el libro fue publicado en Alemania. El mismo Otto m\u00e1s tarde se traslad\u00f3 a Suiza, se dedic\u00f3 por entero a preparar una nueva edici\u00f3n de la versi\u00f3n de \u00abEl Diario de Ana Frank\u00bb.<\/p><p>Una casa de refugio de la familia Frank se convirti\u00f3 en museo en 1957, a\u00f1o en que fue nombrado despu\u00e9s de Anne Frank House.<\/p><p>La casa de Ana Frank est\u00e1 a cargo de la Compa\u00f1\u00eda de Ana Frank, que tiene como objetivo luchar contra todas las manifestaciones de antisemitismo y racismo.<\/p><p>Este museo es a la vez un centro de investigaci\u00f3n para el estudio del Holocausto. <strong>Este museo temporal es dedicado a temas como la persecuci\u00f3n de los jud\u00edos durante la Segunda Guerra Mundial y el fascismo contempor\u00e1neo, el racismo y el antisemitismo.<\/strong> Ana Frank Fundaci\u00f3n, creada en 1957 para salvar la casa de la familia Frank de la inminente demolici\u00f3n de \u00e9l, tambi\u00e9n est\u00e1 desarrollando con programas de capacitaci\u00f3n y eventos educativos.<\/p><p><strong>El tiempo de funcionamiento<\/strong><\/p><p><strong>1 noviembre &#8211; 31 marzo<\/strong><\/p><p>El museo est\u00e1 abierto todos los d\u00edas hasta las 19:00 horas (en s\u00e1bados hasta 21 horas).<\/p><p><strong>1 abril hasta &#8211; 31 octubre<\/strong><\/p><p>Todos los d\u00edas 9:00 a 21:00 horas (en s\u00e1bados hasta 22 horas).<\/p><p>En julio y agosto el museo est\u00e1 abierto todos los d\u00edas hasta 22 horas!<\/p><p><strong>El costo de la entrada<\/strong><\/p><p>Las entradas se pueden comprar por adelantado en l\u00ednea en el sitio web oficial del museo, o comprar en el acto. <strong>Una entrada de adulto cuesta 9.5 \u20ac, ni\u00f1os (de 10 a 17 a\u00f1os) \u00a05 euros y los ni\u00f1os menores de 10 a\u00f1os de edad pagan 0, 5 euros.<\/strong> Usted puede pagar con tarjeta y efectivo.<\/p>\t\t\t\t\t\t\t\t<\/div>\n\t\t\t\t\t<\/div>\n\t\t<\/div>\n\t\t\t\t\t<\/div>\n\t\t<\/section>\n\t\t\t\t<section class=\"elementor-section elementor-top-section elementor-element elementor-element-cd99369 elementor-section-boxed elementor-section-height-default elementor-section-height-default\" data-id=\"cd99369\" data-element_type=\"section\">\n\t\t\t\t\t\t<div class=\"elementor-container elementor-column-gap-custom\">\n\t\t\t\t\t<div class=\"elementor-column elementor-col-16 elementor-top-column elementor-element elementor-element-1a838c1\" data-id=\"1a838c1\" data-element_type=\"column\">\n\t\t\t<div class=\"elementor-widget-wrap elementor-element-populated\">\n\t\t\t\t\t\t<div class=\"elementor-element elementor-element-4e7e5612 elementor-widget elementor-widget-image\" data-id=\"4e7e5612\" data-element_type=\"widget\" data-widget_type=\"image.default\">\n\t\t\t\t\t\t\t\t\t\t\t\t\t\t\t<img decoding=\"async\" width=\"128\" height=\"128\" src=\"https:\/\/www.centraldevacaciones.com\/blog\/wp-content\/uploads\/2021\/05\/dom.png\" class=\"attachment-large size-large wp-image-12635\" alt=\"\" \/>\t\t\t\t\t\t\t\t\t\t\t\t\t\t\t<\/div>\n\t\t\t\t<div class=\"elementor-element elementor-element-667001b2 elementor-widget elementor-widget-heading\" data-id=\"667001b2\" data-element_type=\"widget\" data-widget_type=\"heading.default\">\n\t\t\t\t\t<h3 class=\"elementor-heading-title elementor-size-default\"><a href=\"https:\/\/www.centraldevacaciones.com\/viajes\/\">Ofertas vacacionales<\/a><\/h3>\t\t\t\t<\/div>\n\t\t\t\t\t<\/div>\n\t\t<\/div>\n\t\t\t\t<div class=\"elementor-column elementor-col-16 elementor-top-column elementor-element elementor-element-111a5252\" data-id=\"111a5252\" data-element_type=\"column\">\n\t\t\t<div class=\"elementor-widget-wrap elementor-element-populated\">\n\t\t\t\t\t\t<div class=\"elementor-element elementor-element-4720ee2d elementor-widget elementor-widget-image\" data-id=\"4720ee2d\" data-element_type=\"widget\" data-widget_type=\"image.default\">\n\t\t\t\t\t\t\t\t\t\t\t\t\t\t\t<img decoding=\"async\" width=\"128\" height=\"128\" src=\"https:\/\/www.centraldevacaciones.com\/blog\/wp-content\/uploads\/2021\/05\/camas.png\" class=\"attachment-large size-large wp-image-12637\" alt=\"\" \/>\t\t\t\t\t\t\t\t\t\t\t\t\t\t\t<\/div>\n\t\t\t\t<div class=\"elementor-element elementor-element-4ed1231f elementor-widget elementor-widget-heading\" data-id=\"4ed1231f\" data-element_type=\"widget\" data-widget_type=\"heading.default\">\n\t\t\t\t\t<h3 class=\"elementor-heading-title elementor-size-default\"><a href=\"https:\/\/www.centraldevacaciones.com\/blog\/hoteles-de-ciudad\/\">Ofertas hoteles<\/a><\/h3>\t\t\t\t<\/div>\n\t\t\t\t\t<\/div>\n\t\t<\/div>\n\t\t\t\t<div class=\"elementor-column elementor-col-16 elementor-top-column elementor-element elementor-element-61cb14aa\" data-id=\"61cb14aa\" data-element_type=\"column\">\n\t\t\t<div class=\"elementor-widget-wrap elementor-element-populated\">\n\t\t\t\t\t\t<div class=\"elementor-element elementor-element-2850571e elementor-widget elementor-widget-image\" data-id=\"2850571e\" data-element_type=\"widget\" data-widget_type=\"image.default\">\n\t\t\t\t\t\t\t\t\t\t\t\t\t\t\t<img loading=\"lazy\" decoding=\"async\" width=\"128\" height=\"128\" src=\"https:\/\/www.centraldevacaciones.com\/blog\/wp-content\/uploads\/2021\/05\/avion-1.png\" class=\"attachment-large size-large wp-image-12639\" alt=\"\" \/>\t\t\t\t\t\t\t\t\t\t\t\t\t\t\t<\/div>\n\t\t\t\t<div class=\"elementor-element elementor-element-2482e167 elementor-widget elementor-widget-heading\" data-id=\"2482e167\" data-element_type=\"widget\" data-widget_type=\"heading.default\">\n\t\t\t\t\t<h3 class=\"elementor-heading-title elementor-size-default\"><a href=\"https:\/\/www.centraldevacaciones.com\/blog\/destinos-vacaciones\/\">Mejores destinos<\/a><\/h3>\t\t\t\t<\/div>\n\t\t\t\t\t<\/div>\n\t\t<\/div>\n\t\t\t\t<div class=\"elementor-column elementor-col-16 elementor-top-column elementor-element elementor-element-4bce9187\" data-id=\"4bce9187\" data-element_type=\"column\">\n\t\t\t<div class=\"elementor-widget-wrap elementor-element-populated\">\n\t\t\t\t\t\t<div class=\"elementor-element elementor-element-7138bccf elementor-widget elementor-widget-image\" data-id=\"7138bccf\" data-element_type=\"widget\" data-widget_type=\"image.default\">\n\t\t\t\t\t\t\t\t\t\t\t\t\t\t\t<img loading=\"lazy\" decoding=\"async\" width=\"128\" height=\"128\" src=\"https:\/\/www.centraldevacaciones.com\/blog\/wp-content\/uploads\/2021\/05\/cama-solar.png\" class=\"attachment-large size-large wp-image-12640\" alt=\"\" \/>\t\t\t\t\t\t\t\t\t\t\t\t\t\t\t<\/div>\n\t\t\t\t<div class=\"elementor-element elementor-element-5044e11d elementor-widget elementor-widget-heading\" data-id=\"5044e11d\" data-element_type=\"widget\" data-widget_type=\"heading.default\">\n\t\t\t\t\t<h3 class=\"elementor-heading-title elementor-size-default\"><a href=\"https:\/\/www.centraldevacaciones.com\/blog\/ofertas-circuitos\/\">Circuitos vacacionales<\/a><\/h3>\t\t\t\t<\/div>\n\t\t\t\t\t<\/div>\n\t\t<\/div>\n\t\t\t\t<div class=\"elementor-column elementor-col-16 elementor-top-column elementor-element elementor-element-5c72458e\" data-id=\"5c72458e\" data-element_type=\"column\">\n\t\t\t<div class=\"elementor-widget-wrap elementor-element-populated\">\n\t\t\t\t\t\t<div class=\"elementor-element elementor-element-5d5be0f1 elementor-widget elementor-widget-image\" data-id=\"5d5be0f1\" data-element_type=\"widget\" data-widget_type=\"image.default\">\n\t\t\t\t\t\t\t\t\t\t\t\t\t\t\t<img loading=\"lazy\" decoding=\"async\" width=\"128\" height=\"128\" src=\"https:\/\/www.centraldevacaciones.com\/blog\/wp-content\/uploads\/2021\/05\/en-todo-el-mundo.png\" class=\"attachment-large size-large wp-image-12641\" alt=\"\" \/>\t\t\t\t\t\t\t\t\t\t\t\t\t\t\t<\/div>\n\t\t\t\t<div class=\"elementor-element elementor-element-4dd9219e elementor-widget elementor-widget-heading\" data-id=\"4dd9219e\" data-element_type=\"widget\" data-widget_type=\"heading.default\">\n\t\t\t\t\t<h3 class=\"elementor-heading-title elementor-size-default\"><a href=\"https:\/\/www.centraldevacaciones.com\/blog\/vuelo-hotel\/\">Vuelo + hotel <\/a><\/h3>\t\t\t\t<\/div>\n\t\t\t\t\t<\/div>\n\t\t<\/div>\n\t\t\t\t<div class=\"elementor-column elementor-col-16 elementor-top-column elementor-element elementor-element-a40b807\" data-id=\"a40b807\" data-element_type=\"column\">\n\t\t\t<div class=\"elementor-widget-wrap elementor-element-populated\">\n\t\t\t\t\t\t<div class=\"elementor-element elementor-element-586b0448 elementor-widget elementor-widget-image\" data-id=\"586b0448\" data-element_type=\"widget\" data-widget_type=\"image.default\">\n\t\t\t\t\t\t\t\t\t\t\t\t\t\t\t<img loading=\"lazy\" decoding=\"async\" width=\"128\" height=\"128\" src=\"https:\/\/www.centraldevacaciones.com\/blog\/wp-content\/uploads\/2021\/05\/crucero.png\" class=\"attachment-large size-large wp-image-12642\" alt=\"\" \/>\t\t\t\t\t\t\t\t\t\t\t\t\t\t\t<\/div>\n\t\t\t\t<div class=\"elementor-element elementor-element-5fdd62ab elementor-widget elementor-widget-heading\" data-id=\"5fdd62ab\" data-element_type=\"widget\" data-widget_type=\"heading.default\">\n\t\t\t\t\t<h3 class=\"elementor-heading-title elementor-size-default\"><a href=\"https:\/\/www.centraldevacaciones.com\/blog\/destinos-cruceros\/\">Ofertas  cruceros<\/a><\/h3>\t\t\t\t<\/div>\n\t\t\t\t\t<\/div>\n\t\t<\/div>\n\t\t\t\t\t<\/div>\n\t\t<\/section>\n\t\t\t\t<section class=\"elementor-section elementor-top-section elementor-element elementor-element-a46cc5b elementor-section-boxed elementor-section-height-default elementor-section-height-default\" data-id=\"a46cc5b\" data-element_type=\"section\">\n\t\t\t\t\t\t<div class=\"elementor-container elementor-column-gap-default\">\n\t\t\t\t\t<div class=\"elementor-column elementor-col-100 elementor-top-column elementor-element elementor-element-7ad4759\" data-id=\"7ad4759\" data-element_type=\"column\">\n\t\t\t<div class=\"elementor-widget-wrap elementor-element-populated\">\n\t\t\t\t\t\t<div class=\"elementor-element elementor-element-1afdbb8 elementor-widget elementor-widget-text-editor\" data-id=\"1afdbb8\" data-element_type=\"widget\" data-widget_type=\"text-editor.default\">\n\t\t\t\t\t\t\t\t\t<p><span style=\"font-weight: 400;\">\u00bfTe gustar\u00eda poder disfrutar este verano de unas vacaciones en tu lugar favorito con los extras m\u00e1s premium que mejor se adapten a ti y poder contar la experiencia a tus conocidos? Est\u00e1s en el sitio correcto, \u00a1Si\u00e9ntete como en casa desde el primer d\u00eda de estancia en cualquier hotel reservado con Central de Vacaciones!<\/span><\/p><p><span style=\"font-weight: 400;\">Haz tu reserva cuando quieras y a donde quieras, teniendo acceso a todo tipo de lujos para elegir y disfruta unos d\u00edas de verano inolvidables junto a las personas que m\u00e1s quieres. \u00a1Haz ya tu reserva antes de que se agote la disponibilidad a muchos destinos y disfruta de un verano espectacular cuando y donde quieras con Central de Vacaciones!<\/span><\/p>\t\t\t\t\t\t\t\t<\/div>\n\t\t\t\t\t<\/div>\n\t\t<\/div>\n\t\t\t\t\t<\/div>\n\t\t<\/section>\n\t\t\t\t<\/div>\n\t\t","protected":false},"excerpt":{"rendered":"<p>La Casa de Ana Frank en Prinsengracht es un museo dedicado a la ni\u00f1a jud\u00eda Ana Frank, que durante la guerra ten\u00eda un diario mientras se ocultaba con su familia y otras cuatro personas de la persecuci\u00f3n nazi en habitaciones ocultas en la parte trasera del edificio. Historia La familia Frank fue v\u00edctima cl\u00e1sico del [&hellip;]<\/p>\n","protected":false},"author":1,"featured_media":0,"comment_status":"closed","ping_status":"open","sticky":false,"template":"elementor_theme","format":"standard","meta":{"_acf_changed":false,"footnotes":""},"categories":[193,208,204,205,195,1,17],"tags":[],"class_list":["post-1142","post","type-post","status-publish","format-standard","hentry","category-europa","category-ideas-escapadas","category-ideas-viajes-verano","category-ideas-viajes-low-cost","category-rutas-por-europa","category-vacaciones","category-viajes-por-europa"],"acf":[],"_links":{"self":[{"href":"https:\/\/www.centraldevacaciones.com\/blog\/wp-json\/wp\/v2\/posts\/1142","targetHints":{"allow":["GET"]}}],"collection":[{"href":"https:\/\/www.centraldevacaciones.com\/blog\/wp-json\/wp\/v2\/posts"}],"about":[{"href":"https:\/\/www.centraldevacaciones.com\/blog\/wp-json\/wp\/v2\/types\/post"}],"author":[{"embeddable":true,"href":"https:\/\/www.centraldevacaciones.com\/blog\/wp-json\/wp\/v2\/users\/1"}],"replies":[{"embeddable":true,"href":"https:\/\/www.centraldevacaciones.com\/blog\/wp-json\/wp\/v2\/comments?post=1142"}],"version-history":[{"count":0,"href":"https:\/\/www.centraldevacaciones.com\/blog\/wp-json\/wp\/v2\/posts\/1142\/revisions"}],"wp:attachment":[{"href":"https:\/\/www.centraldevacaciones.com\/blog\/wp-json\/wp\/v2\/media?parent=1142"}],"wp:term":[{"taxonomy":"category","embeddable":true,"href":"https:\/\/www.centraldevacaciones.com\/blog\/wp-json\/wp\/v2\/categories?post=1142"},{"taxonomy":"post_tag","embeddable":true,"href":"https:\/\/www.centraldevacaciones.com\/blog\/wp-json\/wp\/v2\/tags?post=1142"}],"curies":[{"name":"wp","href":"https:\/\/api.w.org\/{rel}","templated":true}]}}