{"id":1089,"date":"2014-09-16T08:14:39","date_gmt":"2014-09-16T06:14:39","guid":{"rendered":"http:\/\/www.centraldevacaciones.com\/opiniones\/?p=1089"},"modified":"2021-08-09T10:55:32","modified_gmt":"2021-08-09T08:55:32","slug":"costa-de-almeria","status":"publish","type":"post","link":"https:\/\/www.centraldevacaciones.com\/blog\/costa-de-almeria\/","title":{"rendered":"Costa de Almer\u00eda"},"content":{"rendered":"\t\t<div data-elementor-type=\"wp-post\" data-elementor-id=\"1089\" class=\"elementor elementor-1089\" data-elementor-post-type=\"post\">\n\t\t\t\t\t\t<section class=\"elementor-section elementor-top-section elementor-element elementor-element-58761a0c elementor-section-boxed elementor-section-height-default elementor-section-height-default\" data-id=\"58761a0c\" data-element_type=\"section\">\n\t\t\t\t\t\t<div class=\"elementor-container elementor-column-gap-default\">\n\t\t\t\t\t<div class=\"elementor-column elementor-col-100 elementor-top-column elementor-element elementor-element-772ccbb2\" data-id=\"772ccbb2\" data-element_type=\"column\">\n\t\t\t<div class=\"elementor-widget-wrap elementor-element-populated\">\n\t\t\t\t\t\t<div class=\"elementor-element elementor-element-48c7f44d elementor-widget elementor-widget-text-editor\" data-id=\"48c7f44d\" data-element_type=\"widget\" data-widget_type=\"text-editor.default\">\n\t\t\t\t\t\t\t\t\t<p>Es el <strong>nombre tur\u00edstico que recibe la franja litoral de la provincia de Almer\u00eda<\/strong>, situada en el sureste de la Pen\u00ednsula Ib\u00e9rica.<\/p><p>En la Costa de Almer\u00eda <strong>existen n\u00facleos de gran atracci\u00f3n tur\u00edstica<\/strong>, <strong>kil\u00f3metros de playas<\/strong> con arenas doradas y c\u00e1lidas aguas, y <strong>espacios naturales<\/strong> con vistas y parajes privilegiados.<\/p><p>Los <strong>principales destinos tur\u00edsticos<\/strong> de la Costa son <strong>Vera, Moj\u00e1car, Roquetas de Mar y Almerimar. <\/strong><\/p><p>En la ciudad de <strong>Vera<\/strong>, situada a menos de una hora en coche de Almer\u00eda, se extienden m\u00e1s de <strong>siete kil\u00f3metros de playas<\/strong> entre las que <strong>destacan las playas de El Playazo, Las Marinas y el Puerto del Rey <\/strong>declarada recientemente <strong>reserva natural.<\/strong><\/p><p>Adem\u00e1s de las playas en <strong>Vera<\/strong> hay espacios destinados para diferentes actividades como\u00a0 el naturismo, rutas en\u00a0 bicicleta, espeleolog\u00eda, buceo, submarinismo windsurf y senderismo en el <strong>Parque Natural del Cabo de Gata-N\u00edjar<\/strong>, en la <strong>Sierra de Mar\u00eda<\/strong>, <strong>Karst en Yesos de Sorbas<\/strong> y el <strong>Desierto de Tabernas<\/strong>.<\/p><p><a href=\"http:\/\/www.centraldevacaciones.com\/hoteles-costas\/hoteles-en-Costa-De-Almeria\/ES\/12.html\"><img fetchpriority=\"high\" decoding=\"async\" class=\"aligncenter wp-image-1118 size-full\" title=\"almeria\" src=\"https:\/\/www.centraldevacaciones.com\/blog\/wp-content\/uploads\/2014\/09\/almeria.jpg\" alt=\"Ofertas Costa de Almeria\" width=\"1654\" height=\"1102\" srcset=\"https:\/\/www.centraldevacaciones.com\/blog\/wp-content\/uploads\/2014\/09\/almeria.jpg 1654w, https:\/\/www.centraldevacaciones.com\/blog\/wp-content\/uploads\/2014\/09\/almeria-300x200.jpg 300w, https:\/\/www.centraldevacaciones.com\/blog\/wp-content\/uploads\/2014\/09\/almeria-768x512.jpg 768w, https:\/\/www.centraldevacaciones.com\/blog\/wp-content\/uploads\/2014\/09\/almeria-1024x682.jpg 1024w\" sizes=\"(max-width: 1654px) 100vw, 1654px\" \/><\/a><\/p><p>Junto con las playas <strong>Vera<\/strong> presume de una gran riqueza cultural reflejada en sus edificios y monumentos como la <strong>Iglesia Fortaleza de Nuestra Se\u00f1ora de la Encarnaci\u00f3n<\/strong> del siglo XVI, el <strong>Convento de los Padres M\u00ednimos<\/strong> del siglo XVII, la <strong>Ermita de la Virgen de las Angustias<\/strong> del siglo XVIII, la <strong>plaza de toros<\/strong> que es una de las m\u00e1s antiguas de Espa\u00f1a o el <strong>Cerro del Esp\u00edritu Santo<\/strong> al oeste de Vera.<\/p><p>En la ciudad de <strong>Moj\u00e1car<\/strong>, <strong>situada en la comarca del Levante Almeriense<\/strong>,\u00a0 existen un gran n\u00famero de <strong>playas de arenas oscuras y grandes olas<\/strong> con un ambiente muy animado tanto por el d\u00eda con los chiringuitos en los que podr\u00e9is comer platos t\u00edpicos andaluces, tomar copas y bailar al son de los mejores temas musicales como por la noche con discotecas y bares a la orilla del mar. Las <strong>discotecas y chiringuitos <\/strong>m\u00e1s populares son <strong>Mandala<\/strong>, <strong>Loro Azul Bar<\/strong> y <strong>Buddha Moj\u00e1car.<\/strong><\/p><p>Las <strong>playas m\u00e1s visitadas<\/strong> y por ende con m\u00e1s animada vida social en las que cuentan con todo tipo de servicios e instalaciones son las playas de <strong>El Sombrerico<\/strong>, el <strong>Castillo de Macenas<\/strong>, <strong>El Cantal<\/strong>, la <strong>Cueva del Lobo<\/strong>, <strong>Las Granatillas<\/strong>, <strong>El Descargador<\/strong>, <strong>La Rumina<\/strong> y <strong>La Marina de la Torre. <\/strong><\/p><p><strong>Roquetas de Mar es el municipio que cuenta con la mayor infraestructura vacacional<\/strong> de toda la provincia de Almer\u00eda <strong>debido<\/strong>,\u00a0 en gran medida, <strong>a que toda su actividad gira en torno al mar<\/strong>. Roquetas pone a disposici\u00f3n de sus visitantes el <strong>campo de golf de Playa Serena<\/strong>, el <strong>Parque Acu\u00e1tico de las Salinas,<\/strong> restaurantes, espacios naturales, hoteles para todos los bolsillos, y los <strong>puertos deportivos de Roquetas y Agridulce.<\/strong><\/p><p>La mayor\u00eda de <strong>las playas de Roquetas de\u00a0 Mar poseen los galardones y<\/strong> distintivos de <strong>Bandera Azul y Q de calidad Tur\u00edstica<\/strong>. Las playas mejor equipadas y cuidadas son las <strong>playas de Aguadulce, La Romanilla, La Bajadilla, Serena, El Rompillo o Los Bajos, y Las Salinas o Los <\/strong>Ba\u00f1os.<\/p><p><strong>Almerimar<\/strong> es una poblaci\u00f3n <strong>situada en El Ejido<\/strong>, provincia de Almer\u00eda, <strong>cuyo nombre oficial es Ensenada de San Miguel<\/strong>. A pesar de ser una de las poblaciones m\u00e1s peque\u00f1as de la Costa Almeriense <strong>cuenta con una potente oferta tur\u00edstica<\/strong> con <strong>numerosas playas<\/strong>, entre las que destaca la <strong>Playa Poniente Almerimar<\/strong>,\u00a0 hoteles y apartamentos tur\u00edsticos, un <strong>campo de golf<\/strong> y un <strong>espectacular puerto deportivo<\/strong>.<\/p><p>Adem\u00e1s de las playas, restaurantes y discotecas, en La Costa Almeriense existen <strong>espacios naturales <\/strong>como el <strong>Parque Natural de Cabo de Gata-N\u00edjar<\/strong> de gran riqueza ecol\u00f3gica, geol\u00f3gica, hist\u00f3rica, antropol\u00f3gica y paisaj\u00edstica. <strong>El Paraje Natural Puntas Entinas-Sabinar<\/strong> situado en el extremo suroccidental de la provincia de Almer\u00eda con m\u00e1s 1944.76 hect\u00e1reas y la <strong>Isla de San Andr\u00e9s<\/strong> perteneciente al municipio de Carboneras declarada monumento natural en octubre del a\u00f1o 2003.<\/p>\t\t\t\t\t\t\t\t<\/div>\n\t\t\t\t\t<\/div>\n\t\t<\/div>\n\t\t\t\t\t<\/div>\n\t\t<\/section>\n\t\t\t\t<section class=\"elementor-section elementor-top-section elementor-element elementor-element-5e6fef8d elementor-section-boxed elementor-section-height-default elementor-section-height-default\" data-id=\"5e6fef8d\" data-element_type=\"section\">\n\t\t\t\t\t\t<div class=\"elementor-container elementor-column-gap-default\">\n\t\t\t\t\t<div class=\"elementor-column elementor-col-16 elementor-top-column elementor-element elementor-element-2477cdc4\" data-id=\"2477cdc4\" data-element_type=\"column\">\n\t\t\t<div class=\"elementor-widget-wrap elementor-element-populated\">\n\t\t\t\t\t\t<div class=\"elementor-element elementor-element-5e295c1f elementor-widget elementor-widget-image\" data-id=\"5e295c1f\" data-element_type=\"widget\" data-widget_type=\"image.default\">\n\t\t\t\t\t\t\t\t\t\t\t\t\t\t\t<img decoding=\"async\" width=\"128\" height=\"128\" src=\"https:\/\/www.centraldevacaciones.com\/blog\/wp-content\/uploads\/2020\/09\/espana.png\" class=\"attachment-large size-large wp-image-12730\" alt=\"\" \/>\t\t\t\t\t\t\t\t\t\t\t\t\t\t\t<\/div>\n\t\t\t\t<div class=\"elementor-element elementor-element-7d96365d elementor-widget elementor-widget-heading\" data-id=\"7d96365d\" data-element_type=\"widget\" data-widget_type=\"heading.default\">\n\t\t\t\t\t<h3 class=\"elementor-heading-title elementor-size-default\"><a href=\"https:\/\/www.centraldevacaciones.com\/blog\/ofertas-de-vacaciones\/\">Viajes por Espa\u00f1a<\/a><\/h3>\t\t\t\t<\/div>\n\t\t\t\t\t<\/div>\n\t\t<\/div>\n\t\t\t\t<div class=\"elementor-column elementor-col-16 elementor-top-column elementor-element elementor-element-1d5b5b80\" data-id=\"1d5b5b80\" data-element_type=\"column\">\n\t\t\t<div class=\"elementor-widget-wrap elementor-element-populated\">\n\t\t\t\t\t\t<div class=\"elementor-element elementor-element-26d35e29 elementor-widget elementor-widget-image\" data-id=\"26d35e29\" data-element_type=\"widget\" data-widget_type=\"image.default\">\n\t\t\t\t\t\t\t\t\t\t\t\t\t\t\t<img decoding=\"async\" width=\"128\" height=\"128\" src=\"https:\/\/www.centraldevacaciones.com\/blog\/wp-content\/uploads\/2020\/09\/isla.png\" class=\"attachment-large size-large wp-image-12732\" alt=\"\" \/>\t\t\t\t\t\t\t\t\t\t\t\t\t\t\t<\/div>\n\t\t\t\t<div class=\"elementor-element elementor-element-307f3403 elementor-widget elementor-widget-heading\" data-id=\"307f3403\" data-element_type=\"widget\" data-widget_type=\"heading.default\">\n\t\t\t\t\t<h3 class=\"elementor-heading-title elementor-size-default\"><a href=\"https:\/\/www.centraldevacaciones.com\/blog\/vacaciones-mejores-islas-espana\/\">Islas de Espa\u00f1a<\/a><\/h3>\t\t\t\t<\/div>\n\t\t\t\t\t<\/div>\n\t\t<\/div>\n\t\t\t\t<div class=\"elementor-column elementor-col-16 elementor-top-column elementor-element elementor-element-6dc64f4\" data-id=\"6dc64f4\" data-element_type=\"column\">\n\t\t\t<div class=\"elementor-widget-wrap elementor-element-populated\">\n\t\t\t\t\t\t<div class=\"elementor-element elementor-element-25c9da7f elementor-widget elementor-widget-image\" data-id=\"25c9da7f\" data-element_type=\"widget\" data-widget_type=\"image.default\">\n\t\t\t\t\t\t\t\t\t\t\t\t\t\t\t<img loading=\"lazy\" decoding=\"async\" width=\"128\" height=\"128\" src=\"https:\/\/www.centraldevacaciones.com\/blog\/wp-content\/uploads\/2021\/05\/avion-1.png\" class=\"attachment-large size-large wp-image-12639\" alt=\"\" \/>\t\t\t\t\t\t\t\t\t\t\t\t\t\t\t<\/div>\n\t\t\t\t<div class=\"elementor-element elementor-element-74a04256 elementor-widget elementor-widget-heading\" data-id=\"74a04256\" data-element_type=\"widget\" data-widget_type=\"heading.default\">\n\t\t\t\t\t<h3 class=\"elementor-heading-title elementor-size-default\"><a href=\"https:\/\/www.centraldevacaciones.com\/viajes\/ofertas-a-islas-canarias.html\">Viajes a Canarias<\/a><\/h3>\t\t\t\t<\/div>\n\t\t\t\t\t<\/div>\n\t\t<\/div>\n\t\t\t\t<div class=\"elementor-column elementor-col-16 elementor-top-column elementor-element elementor-element-10299fa9\" data-id=\"10299fa9\" data-element_type=\"column\">\n\t\t\t<div class=\"elementor-widget-wrap elementor-element-populated\">\n\t\t\t\t\t\t<div class=\"elementor-element elementor-element-64365d32 elementor-widget elementor-widget-image\" data-id=\"64365d32\" data-element_type=\"widget\" data-widget_type=\"image.default\">\n\t\t\t\t\t\t\t\t\t\t\t\t\t\t\t<img loading=\"lazy\" decoding=\"async\" width=\"128\" height=\"128\" src=\"https:\/\/www.centraldevacaciones.com\/blog\/wp-content\/uploads\/2020\/09\/sombrilla.png\" class=\"attachment-large size-large wp-image-12733\" alt=\"\" \/>\t\t\t\t\t\t\t\t\t\t\t\t\t\t\t<\/div>\n\t\t\t\t<div class=\"elementor-element elementor-element-41767927 elementor-widget elementor-widget-heading\" data-id=\"41767927\" data-element_type=\"widget\" data-widget_type=\"heading.default\">\n\t\t\t\t\t<h3 class=\"elementor-heading-title elementor-size-default\"><a href=\"https:\/\/www.centraldevacaciones.com\/viajes\/ofertas-a-lanzarote.html\">Viajes a Lanzarote<\/a><\/h3>\t\t\t\t<\/div>\n\t\t\t\t\t<\/div>\n\t\t<\/div>\n\t\t\t\t<div class=\"elementor-column elementor-col-16 elementor-top-column elementor-element elementor-element-62639ef3\" data-id=\"62639ef3\" data-element_type=\"column\">\n\t\t\t<div class=\"elementor-widget-wrap elementor-element-populated\">\n\t\t\t\t\t\t<div class=\"elementor-element elementor-element-420a88a2 elementor-widget elementor-widget-image\" data-id=\"420a88a2\" data-element_type=\"widget\" data-widget_type=\"image.default\">\n\t\t\t\t\t\t\t\t\t\t\t\t\t\t\t<img loading=\"lazy\" decoding=\"async\" width=\"128\" height=\"128\" src=\"https:\/\/www.centraldevacaciones.com\/blog\/wp-content\/uploads\/2020\/09\/avion.png\" class=\"attachment-large size-large wp-image-12734\" alt=\"\" \/>\t\t\t\t\t\t\t\t\t\t\t\t\t\t\t<\/div>\n\t\t\t\t<div class=\"elementor-element elementor-element-2b031d1b elementor-widget elementor-widget-heading\" data-id=\"2b031d1b\" data-element_type=\"widget\" data-widget_type=\"heading.default\">\n\t\t\t\t\t<h3 class=\"elementor-heading-title elementor-size-default\"><a href=\"https:\/\/www.centraldevacaciones.com\/viajes\/ofertas-a-islas-baleares.html\">Viajes a las Baleares<\/a><\/h3>\t\t\t\t<\/div>\n\t\t\t\t\t<\/div>\n\t\t<\/div>\n\t\t\t\t<div class=\"elementor-column elementor-col-16 elementor-top-column elementor-element elementor-element-3051253c\" data-id=\"3051253c\" data-element_type=\"column\">\n\t\t\t<div class=\"elementor-widget-wrap elementor-element-populated\">\n\t\t\t\t\t\t<div class=\"elementor-element elementor-element-225b6b1d elementor-widget elementor-widget-image\" data-id=\"225b6b1d\" data-element_type=\"widget\" data-widget_type=\"image.default\">\n\t\t\t\t\t\t\t\t\t\t\t\t\t\t\t<img loading=\"lazy\" decoding=\"async\" width=\"128\" height=\"128\" src=\"https:\/\/www.centraldevacaciones.com\/blog\/wp-content\/uploads\/2021\/05\/dom.png\" class=\"attachment-large size-large wp-image-12635\" alt=\"\" \/>\t\t\t\t\t\t\t\t\t\t\t\t\t\t\t<\/div>\n\t\t\t\t<div class=\"elementor-element elementor-element-70e775fa elementor-widget elementor-widget-heading\" data-id=\"70e775fa\" data-element_type=\"widget\" data-widget_type=\"heading.default\">\n\t\t\t\t\t<h3 class=\"elementor-heading-title elementor-size-default\"><a href=\"https:\/\/www.centraldevacaciones.com\/viajes\/ofertas-a-mallorca.html\">Viajes a Mallorca<\/a><\/h3>\t\t\t\t<\/div>\n\t\t\t\t\t<\/div>\n\t\t<\/div>\n\t\t\t\t\t<\/div>\n\t\t<\/section>\n\t\t\t\t<\/div>\n\t\t","protected":false},"excerpt":{"rendered":"<p>Es el nombre tur\u00edstico que recibe la franja litoral de la provincia de Almer\u00eda, situada en el sureste de la Pen\u00ednsula Ib\u00e9rica. En la Costa de Almer\u00eda existen n\u00facleos de gran atracci\u00f3n tur\u00edstica, kil\u00f3metros de playas con arenas doradas y c\u00e1lidas aguas, y espacios naturales con vistas y parajes privilegiados. Los principales destinos tur\u00edsticos de [&hellip;]<\/p>\n","protected":false},"author":1,"featured_media":0,"comment_status":"closed","ping_status":"open","sticky":false,"template":"elementor_theme","format":"standard","meta":{"_acf_changed":false,"footnotes":""},"categories":[4,193,208,204,205,200,195,1,12,17],"tags":[],"class_list":["post-1089","post","type-post","status-publish","format-standard","hentry","category-espana","category-europa","category-ideas-escapadas","category-ideas-viajes-verano","category-ideas-viajes-low-cost","category-rutas-por-espana","category-rutas-por-europa","category-vacaciones","category-viajes","category-viajes-por-europa"],"acf":[],"_links":{"self":[{"href":"https:\/\/www.centraldevacaciones.com\/blog\/wp-json\/wp\/v2\/posts\/1089","targetHints":{"allow":["GET"]}}],"collection":[{"href":"https:\/\/www.centraldevacaciones.com\/blog\/wp-json\/wp\/v2\/posts"}],"about":[{"href":"https:\/\/www.centraldevacaciones.com\/blog\/wp-json\/wp\/v2\/types\/post"}],"author":[{"embeddable":true,"href":"https:\/\/www.centraldevacaciones.com\/blog\/wp-json\/wp\/v2\/users\/1"}],"replies":[{"embeddable":true,"href":"https:\/\/www.centraldevacaciones.com\/blog\/wp-json\/wp\/v2\/comments?post=1089"}],"version-history":[{"count":0,"href":"https:\/\/www.centraldevacaciones.com\/blog\/wp-json\/wp\/v2\/posts\/1089\/revisions"}],"wp:attachment":[{"href":"https:\/\/www.centraldevacaciones.com\/blog\/wp-json\/wp\/v2\/media?parent=1089"}],"wp:term":[{"taxonomy":"category","embeddable":true,"href":"https:\/\/www.centraldevacaciones.com\/blog\/wp-json\/wp\/v2\/categories?post=1089"},{"taxonomy":"post_tag","embeddable":true,"href":"https:\/\/www.centraldevacaciones.com\/blog\/wp-json\/wp\/v2\/tags?post=1089"}],"curies":[{"name":"wp","href":"https:\/\/api.w.org\/{rel}","templated":true}]}}