{"id":1030,"date":"2014-09-05T09:45:42","date_gmt":"2014-09-05T07:45:42","guid":{"rendered":"http:\/\/www.centraldevacaciones.com\/opiniones\/?p=1030"},"modified":"2021-11-08T09:02:43","modified_gmt":"2021-11-08T08:02:43","slug":"costa-del-garraf","status":"publish","type":"post","link":"https:\/\/www.centraldevacaciones.com\/blog\/costa-del-garraf\/","title":{"rendered":"Costa del Garraf"},"content":{"rendered":"\t\t<div data-elementor-type=\"wp-post\" data-elementor-id=\"1030\" class=\"elementor elementor-1030\" data-elementor-post-type=\"post\">\n\t\t\t\t\t\t<section class=\"elementor-section elementor-top-section elementor-element elementor-element-709ee3ed elementor-section-boxed elementor-section-height-default elementor-section-height-default\" data-id=\"709ee3ed\" data-element_type=\"section\">\n\t\t\t\t\t\t<div class=\"elementor-container elementor-column-gap-default\">\n\t\t\t\t\t<div class=\"elementor-column elementor-col-100 elementor-top-column elementor-element elementor-element-470e728f\" data-id=\"470e728f\" data-element_type=\"column\">\n\t\t\t<div class=\"elementor-widget-wrap elementor-element-populated\">\n\t\t\t\t\t\t<div class=\"elementor-element elementor-element-72469f3f elementor-widget elementor-widget-text-editor\" data-id=\"72469f3f\" data-element_type=\"widget\" data-widget_type=\"text-editor.default\">\n\t\t\t\t\t\t\t\t\t<p><strong>Garraf<\/strong> <strong>es una comarca costera<\/strong>, ba\u00f1ada por el mar Mediterr\u00e1neo, <strong>situada en<\/strong> la provincia de <strong>Barcelona. <\/strong> Formada por los municipios de <strong>Canyellas, Cubellas, Olivella, San Pedro de Ribas, Sitges y Villanueva y Geltr\u00fa,<\/strong> <strong>cuenta con una gran oferta tur\u00edstica<\/strong> y grandes atractivos de inter\u00e9s como <strong>parques, rutas en bici, playas o patrimonio art\u00edstico y cultural<\/strong>.<\/p><p>El agua c\u00e1lida, las arenas doradas y servicios con seguridad y accesos, especialmente, para ni\u00f1os convierten la <strong><a href=\"http:\/\/www.centraldevacaciones.com\/hoteles-costas\/hoteles-en-Costa-Del-Garraf\/ES\/17.html\">Costa del Garraf<\/a> en uno de los mejores rincones del Mediterr\u00e1neo para disfrutar de las vacaciones. <\/strong>Las <strong>m\u00e1s visitadas y populares<\/strong> son: la <strong>playa nudista la Mar Bella<\/strong> situada en Barcelona con m\u00e1s de 500 metros de arena, cuenta con todo tipo de servicios e instalaciones como autob\u00fas urbano, alquiler de sombrillas, hamacas, tumbonas, bares y chiringuitos; <strong>la Playa de Viladecans<\/strong> situada <strong>en Barcelona<\/strong>, dispone de los mismos servicios que la anterior y su extensi\u00f3n es de m\u00e1s de 2.500 metros de arena con un nivel de ocupaci\u00f3n muy bajo; la <strong>Playa de Ribes Roges<\/strong> situada <strong>en<\/strong> el municipio de <strong>Villanueva y Geltr\u00fa<\/strong> con m\u00e1s de 1.500 metros de extensi\u00f3n y <strong>galardonada<\/strong> con el distintivo de <strong>Bandera Azul<\/strong>; la <strong>Playa Castelldefels<\/strong> con un acceso muy f\u00e1cil en coche y para minusv\u00e1lidos, dispone de un gran n\u00famero de servicios e instalaciones y adem\u00e1s presume de un alto nivel de seguridad con polic\u00edas que patrullan y vigilan la zona con regularidad; la <strong>Playa Cala Morisca<\/strong> situada <strong>en Sitges<\/strong> con f\u00e1cil acceso a pie y en barco y <strong>un hospital muy cercano, Hospital Comarcal de la Selva<\/strong>, a menos de 14 kil\u00f3metros de distancia; la <strong>Playa Sant Sebasti\u00e0<\/strong> situada tambi\u00e9n en <strong>Sitges <\/strong>con un gran n\u00famero de instalaciones y servicios y de f\u00e1cil acceso pero, con un grado de ocupaci\u00f3n muy alto; la <strong>Playa nudista de Els Balmins <\/strong>con un nivel de ocupaci\u00f3n medio, m\u00e1s de 200 metros de arena, aseos, duchas, alquiler de hamacas y tumbonas, chiringuitos y deportes n\u00e1uticos; <strong>la Playa el Far \/Sant Crist\u00f3fol <\/strong>situada <strong>en el municipio de Villanueva y Geltr\u00fa<\/strong> de f\u00e1cil acceso a pie y en coche; <strong>la Playa Mota de Sant Pere<\/strong> situada <strong>en el municipio de Cubelles<\/strong> presenta un grado de ocupaci\u00f3n medio con todo tipo de instalaciones\u00a0 servicios, f\u00e1cil acceso y coches de polic\u00eda patrullando por la zona; <strong>la Playa Les Botigues situada en Sitges<\/strong> dispone de casi 2.000 metros de arenas y presenta un grado de ocupaci\u00f3n medio-alto y la <strong>Playa Cala Ginesta en Sitges<\/strong> con todo tipo lujos e instalaciones y de f\u00e1cil acceso a pie y en coche.<\/p><p>Adem\u00e1s de estas playas, la Costa del Garraf cuenta con otras muchas entre las que cabe mencionar la de <strong>Playa Nova Mar Bella, la Playa de Sant Gervasi, la Playa de Aiguadolc, la Playa del Garraf, la Playa de La Fragata, la Playa de Gav\u00e1, la Playa de Vallcarca y la Playa de La Riera Xica. <\/strong><\/p><p><strong><img fetchpriority=\"high\" decoding=\"async\" class=\"alignnone size-full wp-image-20314\" src=\"https:\/\/www.centraldevacaciones.com\/blog\/wp-content\/uploads\/2021\/11\/Playa-en-la-Costa-del-Garraf.jpg\" alt=\"Costa del Garraf: Playa en la Costa del Garraf\" width=\"1200\" height=\"800\" srcset=\"https:\/\/www.centraldevacaciones.com\/blog\/wp-content\/uploads\/2021\/11\/Playa-en-la-Costa-del-Garraf.jpg 1200w, https:\/\/www.centraldevacaciones.com\/blog\/wp-content\/uploads\/2021\/11\/Playa-en-la-Costa-del-Garraf-300x200.jpg 300w, https:\/\/www.centraldevacaciones.com\/blog\/wp-content\/uploads\/2021\/11\/Playa-en-la-Costa-del-Garraf-1024x683.jpg 1024w, https:\/\/www.centraldevacaciones.com\/blog\/wp-content\/uploads\/2021\/11\/Playa-en-la-Costa-del-Garraf-768x512.jpg 768w\" sizes=\"(max-width: 1200px) 100vw, 1200px\" \/><\/strong><\/p><p>La <strong>Costa del Garraf dispone<\/strong> tambi\u00e9n de otros atractivos tur\u00edsticos de inter\u00e9s como <strong>un gran patrimonio hist\u00f3rico, parques, bosques y una gastronom\u00eda privilegiada<\/strong>. En el municipio catal\u00e1n de <strong>Canyellas presume de<\/strong> varios <strong>elementos de inter\u00e9s hist\u00f3rico y art\u00edstico<\/strong>, algunos de ellos declarados <strong>Bien de Inter\u00e9s Nacional como el Castillo de Canyellas<\/strong>, el casal de <strong>Can Falo<\/strong>, la casa se\u00f1orial de <strong>Can S\u00e0bat<\/strong>, la mas\u00eda de <strong>Cal Ferrer de Llacunalba<\/strong>, el conjunto urban\u00edstico del <strong>Plan del Bosque<\/strong>, la <strong>Iglesia parroquial de Santa Magdalena<\/strong> y el <strong>Casco Antiguo<\/strong> de Canyelles.<\/p><p>En Cubelles los turistas podr\u00e1n disfrutar con las visitas a la <strong>Capilla de San Antonio de Padua<\/strong>, el <strong>Castillo de los Marqueses de Alfarr\u00e0s<\/strong>, la <strong>Iglesia Parroquial de Santa Mar\u00eda<\/strong>, el <strong>Ayuntamiento <\/strong>de Cubelles, la <strong>Capilla de San Pablo y Santa Luc\u00eda<\/strong>, las <strong>Fuentes de Juan Pedro<\/strong>, la <strong>Calle de San Antonio<\/strong>, el <strong>Moj\u00f3n del T\u00e9rmino<\/strong> y el palacete residencial de <strong>Can Trev\u00e9.<\/strong><\/p><p>Los <strong>elementos de inter\u00e9s art\u00edstico e hist\u00f3rico de Olivella<\/strong> son las <strong>Ruinas de del Castillo de Olivella<\/strong>, el <strong>Molino de San Pedro del Castillo<\/strong>, el <strong>Sombrero del Rector<\/strong>, los <strong>Masets de Jafra<\/strong>, <strong>Las Picas y el Corral\u00a0 Nuevo<\/strong>, y las mas\u00edas de <strong>Can Pau, Can Suriol <\/strong>y<strong> Can Suri\u00e0<\/strong>.<\/p><p>En el municipio de <strong>San Pedro de Ribas<\/strong> se encuentra <strong>el popular barrio de Las Roquetas<\/strong> al que se puede ir tanto en ferrocarril como en autob\u00fas, y que cuenta con un gran n\u00famero de atracciones e instalaciones para los turistas.<\/p><p><strong>Sitges una de las localidades m\u00e1s populares<\/strong> y visitadas de la Costa del Garraf cuenta con muchos lugares de inter\u00e9s como el <strong>Palacio de Maricel, el Museo Cau Ferrat, la Iglesia de San Bartolom\u00e9 y Santa Tecla, el Aut\u00f3dromo de Sitges \u2013 Terramar y la Escultura al colectivo homesexual,<\/strong> primer monumento conmemorativo a la comunidad LGTB de Espa\u00f1a.<\/p><p>En el municipio de <strong>Villanueva y Geltr\u00fa<\/strong> disfrutar\u00e9is adem\u00e1s de la playa de la comunidad, del espectacular <strong>Paseo Mar\u00edtimo<\/strong> de la localidad, los museos como el <strong>Museo Rom\u00e1ntico Can Papiol y el Museo del Ferrocarril de Catalu\u00f1a y la Biblioteca-Museo de V\u00edctor Balaguer<\/strong><\/p><p>Los <strong>mejores restaurantes y bares<\/strong> de la <strong><a href=\"http:\/\/www.centraldevacaciones.com\/hoteles-costas\/hoteles-en-Costa-Del-Garraf\/ES\/17.html\">Costa del Garraf<\/a><\/strong> son la <strong>Braseria la Fogata<\/strong>, el <strong>Restaurante Castro<\/strong>, la pizzer\u00eda <strong>Pizza, E Basta<\/strong>, el restaurante <strong>Les Marines<\/strong>, la cocina casera de <strong>Can Cullera<\/strong>, el restaurante Ice Blue Restaurant, el <strong>Caf\u00e9 Teatro Picasso<\/strong> o el <strong>Mirador de Sant Just.<\/strong><\/p>\t\t\t\t\t\t\t\t<\/div>\n\t\t\t\t\t<\/div>\n\t\t<\/div>\n\t\t\t\t\t<\/div>\n\t\t<\/section>\n\t\t\t\t<\/div>\n\t\t","protected":false},"excerpt":{"rendered":"<p>Garraf es una comarca costera, ba\u00f1ada por el mar Mediterr\u00e1neo, situada en la provincia de Barcelona. Formada por los municipios de Canyellas, Cubellas, Olivella, San Pedro de Ribas, Sitges y Villanueva y Geltr\u00fa, cuenta con una gran oferta tur\u00edstica y grandes atractivos de inter\u00e9s como parques, rutas en bici, playas o patrimonio art\u00edstico y cultural. [&hellip;]<\/p>\n","protected":false},"author":1,"featured_media":0,"comment_status":"closed","ping_status":"open","sticky":false,"template":"elementor_theme","format":"standard","meta":{"_acf_changed":false,"footnotes":""},"categories":[4,193,208,204,205,200,195,1,17],"tags":[],"class_list":["post-1030","post","type-post","status-publish","format-standard","hentry","category-espana","category-europa","category-ideas-escapadas","category-ideas-viajes-verano","category-ideas-viajes-low-cost","category-rutas-por-espana","category-rutas-por-europa","category-vacaciones","category-viajes-por-europa"],"acf":[],"_links":{"self":[{"href":"https:\/\/www.centraldevacaciones.com\/blog\/wp-json\/wp\/v2\/posts\/1030","targetHints":{"allow":["GET"]}}],"collection":[{"href":"https:\/\/www.centraldevacaciones.com\/blog\/wp-json\/wp\/v2\/posts"}],"about":[{"href":"https:\/\/www.centraldevacaciones.com\/blog\/wp-json\/wp\/v2\/types\/post"}],"author":[{"embeddable":true,"href":"https:\/\/www.centraldevacaciones.com\/blog\/wp-json\/wp\/v2\/users\/1"}],"replies":[{"embeddable":true,"href":"https:\/\/www.centraldevacaciones.com\/blog\/wp-json\/wp\/v2\/comments?post=1030"}],"version-history":[{"count":0,"href":"https:\/\/www.centraldevacaciones.com\/blog\/wp-json\/wp\/v2\/posts\/1030\/revisions"}],"wp:attachment":[{"href":"https:\/\/www.centraldevacaciones.com\/blog\/wp-json\/wp\/v2\/media?parent=1030"}],"wp:term":[{"taxonomy":"category","embeddable":true,"href":"https:\/\/www.centraldevacaciones.com\/blog\/wp-json\/wp\/v2\/categories?post=1030"},{"taxonomy":"post_tag","embeddable":true,"href":"https:\/\/www.centraldevacaciones.com\/blog\/wp-json\/wp\/v2\/tags?post=1030"}],"curies":[{"name":"wp","href":"https:\/\/api.w.org\/{rel}","templated":true}]}}