{"id":1026,"date":"2014-09-05T09:42:52","date_gmt":"2014-09-05T07:42:52","guid":{"rendered":"http:\/\/www.centraldevacaciones.com\/opiniones\/?p=1026"},"modified":"2021-08-06T09:15:41","modified_gmt":"2021-08-06T07:15:41","slug":"la-costa-calida","status":"publish","type":"post","link":"https:\/\/www.centraldevacaciones.com\/blog\/la-costa-calida\/","title":{"rendered":"La Costa C\u00e1lida"},"content":{"rendered":"\t\t<div data-elementor-type=\"wp-post\" data-elementor-id=\"1026\" class=\"elementor elementor-1026\" data-elementor-post-type=\"post\">\n\t\t\t\t\t\t<section class=\"elementor-section elementor-top-section elementor-element elementor-element-7aa092a5 elementor-section-boxed elementor-section-height-default elementor-section-height-default\" data-id=\"7aa092a5\" data-element_type=\"section\">\n\t\t\t\t\t\t<div class=\"elementor-container elementor-column-gap-default\">\n\t\t\t\t\t<div class=\"elementor-column elementor-col-100 elementor-top-column elementor-element elementor-element-445c9e9\" data-id=\"445c9e9\" data-element_type=\"column\">\n\t\t\t<div class=\"elementor-widget-wrap elementor-element-populated\">\n\t\t\t\t\t\t<div class=\"elementor-element elementor-element-3519d64c elementor-widget elementor-widget-text-editor\" data-id=\"3519d64c\" data-element_type=\"widget\" data-widget_type=\"text-editor.default\">\n\t\t\t\t\t\t\t\t\tEs el <strong>nombre tur\u00edstico con el que se ha bautizado a la costa mediterr\u00e1nea de la Regi\u00f3n de Murcia.<\/strong> Se extiende desde <strong>el Moj\u00f3n<\/strong>, una pedan\u00eda costera de San Pedro del Pinatar, hasta las <strong>Cuatro Calas<\/strong>, un paisaje protegido en \u00c1guilas.\n\nLa <strong><a href=\"http:\/\/www.centraldevacaciones.com\/hoteles-costas\/hoteles-en-Costa-Calida\/ES\/11.html\">Costa C\u00e1lida<\/a><\/strong> posee un <strong>clima con temperaturas medias elevadas<\/strong> a lo largo de todo el a\u00f1o, que la convierten en un destino perfecto para visitar <strong>en cualquiera de las estaciones<\/strong>.\n\nEs <strong>un destino muy visitado<\/strong>, tanto por turistas nacionales como internacionales, y es por eso que su <strong>oferta de actividades y ocio es muy variada y completa<\/strong> con lujosos hoteles, playas con chiringuitos, bares, discotecas, restaurantes y campos de golf.\n\nEn la Regi\u00f3n de Murcia <strong>hay ocho localidades costeras<\/strong> en las que se encuentran <strong>numerosas playas<\/strong>, algunas de ellas galardonadas con el distintivo de <strong>Bandera Azul,<\/strong> de aguas c\u00e1lidas, transparentes y tranquilas.\n\n<strong>San Pedro del Pinatar<\/strong>, con una situaci\u00f3n privilegiada, a orillas del Mediterr\u00e1neo y del Mar Menor dispone de una <strong>gran oferta tur\u00edstica con playas ba\u00f1adas por las aguas de dos mares<\/strong>, entre las que cabe destacar la <strong>Playa del Moj\u00f3n<\/strong> de aguas mediterr\u00e1neas y las <strong>Playas de La Llana<\/strong> que son tres: <strong>Las Salinas<\/strong>, la <strong>Barraca Quemada<\/strong> y <strong>Punta de Algas<\/strong>. Estas tres playas est\u00e1n situadas en <strong>Las Salinas y Arenales de San Pedro del Pinatar<\/strong> un espacio protegido de la Regi\u00f3n de Murcia. De las tres playas <strong>la m\u00e1s popular es la Playa de Las Salinas. <\/strong>\n\n<strong><a href=\"http:\/\/www.centraldevacaciones.com\/opiniones\/wp-content\/uploads\/2014\/09\/costa-calida.jpg\"><img fetchpriority=\"high\" decoding=\"async\" class=\"aligncenter size-medium wp-image-1041\" title=\"costa calida\" src=\"http:\/\/www.centraldevacaciones.com\/opiniones\/wp-content\/uploads\/2014\/09\/costa-calida-300x225.jpg\" alt=\"Ofertas Costa calida\" width=\"300\" height=\"225\" srcset=\"https:\/\/www.centraldevacaciones.com\/blog\/wp-content\/uploads\/2014\/09\/costa-calida-300x225.jpg 300w, https:\/\/www.centraldevacaciones.com\/blog\/wp-content\/uploads\/2014\/09\/costa-calida-768x576.jpg 768w, https:\/\/www.centraldevacaciones.com\/blog\/wp-content\/uploads\/2014\/09\/costa-calida-1024x768.jpg 1024w\" sizes=\"(max-width: 300px) 100vw, 300px\" \/><\/a>\n<\/strong>\n\nEn la pedan\u00eda de <strong>Lo Pag\u00e1n<\/strong>, en San Pedro del Pinatar, <strong>se encuentra la Playa de La Puntica<\/strong>, ba\u00f1ada por las aguas del <strong>Mar Menor<\/strong>, <strong>es una de las playas murcianas m\u00e1s antiguas<\/strong> cuyos or\u00edgenes se remontan a principios del siglo XIX. En ella desde hace a\u00f1os se pueden practicar muchos deportes n\u00e1uticos como la vela o el pirag\u00fcismo.\n\nEl municipio de <strong>San Javier<\/strong>, a orillas del Mar Menor, <strong>cuenta con kil\u00f3metros de arena y playas<\/strong> <strong>situadas<\/strong> en la pedan\u00eda de <strong>Santiago de La Ribera<\/strong>. Conocida popularmente como <strong>La Ribera,<\/strong> esta playa <strong>cuenta con m\u00e1s de veinte playas ba\u00f1adas por las aguas del Mar Menor<\/strong>.\u00a0 Entre todas ellas cabe destacar las <strong>Playa El Castillico<\/strong> y <strong>Banco del Tabal<\/strong> que han sido <strong>galardonadas <\/strong>con el distintivo de <strong>Bandera Azul.<\/strong>\n\nAdem\u00e1s de La Ribera en San Javier tambi\u00e9n se encuentra la <strong>Playa de La Manga del Mar Menor<\/strong>, conocida sencillamente como La Manga. Es <strong>una de las playas m\u00e1s\u00a0 tur\u00edsticas<\/strong> de la Regi\u00f3n de Murcia <strong>y especial<\/strong> de todas, puesto que en ella <strong>tiene lugar el cruce de dos mares: el Mediterr\u00e1neo y el Menor. <\/strong>\n\nEn el municipio de <strong>Los Alc\u00e1zares<\/strong> est\u00e1 la <strong>Playa de Los Narejos<\/strong>, ba\u00f1ada tambi\u00e9n por las aguas del <strong>Mar Menor<\/strong>. En esta playa se encuentra el centro p\u00fablico de <strong>Alto Rendimiento Infanta Cristina<\/strong> que <strong>ofrece servicios<\/strong> de iniciaci\u00f3n o especializaci\u00f3n <strong>para deportes acu\u00e1ticos<\/strong> como la vela, el windsurf o el pirag\u00fcismo.\n\nLas <strong>playas de Cartagena,<\/strong> una de las localidades con m\u00e1s playas de la Regi\u00f3n de Murcia, son Los Urrutias, la parte sur de <strong>La Manga del Mar Menor, Isla Plana, Cabo Palos, Mar de Cristal y la Azoh\u00eda.<\/strong> En especial destacan la parte sur de <strong>La Manga y Cabo de Palos<\/strong> gracias a sus chiringuitos-restaurante y calas paradisiacas.\n\nEn <strong>Mazarr\u00f3n<\/strong> destaca la <strong>Playa de Bolnuevo<\/strong>, un antiguo pueblo de pescadores, y en <strong>\u00c1guilas,<\/strong> situado en la costa del Mar Mediterr\u00e1neo, destacan las <strong>playas de Calabardina <\/strong>y <strong>Cuatro Calas. <\/strong>\n\nAdem\u00e1s de las playas, en <strong><a href=\"http:\/\/www.centraldevacaciones.com\/hoteles-costas\/hoteles-en-Costa-Calida\/ES\/11.html\">la Costa C\u00e1lida<\/a><\/strong> los turistas tambi\u00e9n podr\u00e1n disfrutar de <strong>deportes de<\/strong> <strong>aventura, discotecas, bares, chiringuitos y restaurantes<\/strong> cuyos platos son elaborados con productos t\u00edpicos de la Regi\u00f3n.\t\t\t\t\t\t\t\t<\/div>\n\t\t\t\t\t<\/div>\n\t\t<\/div>\n\t\t\t\t\t<\/div>\n\t\t<\/section>\n\t\t\t\t<section class=\"elementor-section elementor-top-section elementor-element elementor-element-69dbd65f elementor-section-boxed elementor-section-height-default elementor-section-height-default\" data-id=\"69dbd65f\" data-element_type=\"section\">\n\t\t\t\t\t\t<div class=\"elementor-container elementor-column-gap-default\">\n\t\t\t\t\t<div class=\"elementor-column elementor-col-16 elementor-top-column elementor-element elementor-element-421c5bc\" data-id=\"421c5bc\" data-element_type=\"column\">\n\t\t\t<div class=\"elementor-widget-wrap elementor-element-populated\">\n\t\t\t\t\t\t<div class=\"elementor-element elementor-element-4fd9ffe6 elementor-widget elementor-widget-image\" data-id=\"4fd9ffe6\" data-element_type=\"widget\" data-widget_type=\"image.default\">\n\t\t\t\t\t\t\t\t\t\t\t\t\t\t\t<img decoding=\"async\" width=\"128\" height=\"128\" src=\"https:\/\/www.centraldevacaciones.com\/blog\/wp-content\/uploads\/2020\/09\/espana.png\" class=\"attachment-large size-large wp-image-12730\" alt=\"\" \/>\t\t\t\t\t\t\t\t\t\t\t\t\t\t\t<\/div>\n\t\t\t\t<div class=\"elementor-element elementor-element-7b5f5c92 elementor-widget elementor-widget-heading\" data-id=\"7b5f5c92\" data-element_type=\"widget\" data-widget_type=\"heading.default\">\n\t\t\t\t\t<h3 class=\"elementor-heading-title elementor-size-default\"><a href=\"https:\/\/www.centraldevacaciones.com\/blog\/ofertas-de-vacaciones\/\">Viajes por Espa\u00f1a<\/a><\/h3>\t\t\t\t<\/div>\n\t\t\t\t\t<\/div>\n\t\t<\/div>\n\t\t\t\t<div class=\"elementor-column elementor-col-16 elementor-top-column elementor-element elementor-element-40676954\" data-id=\"40676954\" data-element_type=\"column\">\n\t\t\t<div class=\"elementor-widget-wrap elementor-element-populated\">\n\t\t\t\t\t\t<div class=\"elementor-element elementor-element-704a22be elementor-widget elementor-widget-image\" data-id=\"704a22be\" data-element_type=\"widget\" data-widget_type=\"image.default\">\n\t\t\t\t\t\t\t\t\t\t\t\t\t\t\t<img decoding=\"async\" width=\"128\" height=\"128\" src=\"https:\/\/www.centraldevacaciones.com\/blog\/wp-content\/uploads\/2020\/09\/isla.png\" class=\"attachment-large size-large wp-image-12732\" alt=\"\" \/>\t\t\t\t\t\t\t\t\t\t\t\t\t\t\t<\/div>\n\t\t\t\t<div class=\"elementor-element elementor-element-73dbab68 elementor-widget elementor-widget-heading\" data-id=\"73dbab68\" data-element_type=\"widget\" data-widget_type=\"heading.default\">\n\t\t\t\t\t<h3 class=\"elementor-heading-title elementor-size-default\"><a href=\"https:\/\/www.centraldevacaciones.com\/blog\/vacaciones-mejores-islas-espana\/\">Islas de Espa\u00f1a<\/a><\/h3>\t\t\t\t<\/div>\n\t\t\t\t\t<\/div>\n\t\t<\/div>\n\t\t\t\t<div class=\"elementor-column elementor-col-16 elementor-top-column elementor-element elementor-element-75694454\" data-id=\"75694454\" data-element_type=\"column\">\n\t\t\t<div class=\"elementor-widget-wrap elementor-element-populated\">\n\t\t\t\t\t\t<div class=\"elementor-element elementor-element-6922e96 elementor-widget elementor-widget-image\" data-id=\"6922e96\" data-element_type=\"widget\" data-widget_type=\"image.default\">\n\t\t\t\t\t\t\t\t\t\t\t\t\t\t\t<img loading=\"lazy\" decoding=\"async\" width=\"128\" height=\"128\" src=\"https:\/\/www.centraldevacaciones.com\/blog\/wp-content\/uploads\/2021\/05\/avion-1.png\" class=\"attachment-large size-large wp-image-12639\" alt=\"\" \/>\t\t\t\t\t\t\t\t\t\t\t\t\t\t\t<\/div>\n\t\t\t\t<div class=\"elementor-element elementor-element-27271917 elementor-widget elementor-widget-heading\" data-id=\"27271917\" data-element_type=\"widget\" data-widget_type=\"heading.default\">\n\t\t\t\t\t<h3 class=\"elementor-heading-title elementor-size-default\"><a href=\"https:\/\/www.centraldevacaciones.com\/viajes\/ofertas-a-islas-canarias.html\">Viajes a Canarias<\/a><\/h3>\t\t\t\t<\/div>\n\t\t\t\t\t<\/div>\n\t\t<\/div>\n\t\t\t\t<div class=\"elementor-column elementor-col-16 elementor-top-column elementor-element elementor-element-28d5164c\" data-id=\"28d5164c\" data-element_type=\"column\">\n\t\t\t<div class=\"elementor-widget-wrap elementor-element-populated\">\n\t\t\t\t\t\t<div class=\"elementor-element elementor-element-545d28b7 elementor-widget elementor-widget-image\" data-id=\"545d28b7\" data-element_type=\"widget\" data-widget_type=\"image.default\">\n\t\t\t\t\t\t\t\t\t\t\t\t\t\t\t<img loading=\"lazy\" decoding=\"async\" width=\"128\" height=\"128\" src=\"https:\/\/www.centraldevacaciones.com\/blog\/wp-content\/uploads\/2020\/09\/sombrilla.png\" class=\"attachment-large size-large wp-image-12733\" alt=\"\" \/>\t\t\t\t\t\t\t\t\t\t\t\t\t\t\t<\/div>\n\t\t\t\t<div class=\"elementor-element elementor-element-3b471cc4 elementor-widget elementor-widget-heading\" data-id=\"3b471cc4\" data-element_type=\"widget\" data-widget_type=\"heading.default\">\n\t\t\t\t\t<h3 class=\"elementor-heading-title elementor-size-default\"><a href=\"https:\/\/www.centraldevacaciones.com\/viajes\/ofertas-a-lanzarote.html\">Viajes a Lanzarote<\/a><\/h3>\t\t\t\t<\/div>\n\t\t\t\t\t<\/div>\n\t\t<\/div>\n\t\t\t\t<div class=\"elementor-column elementor-col-16 elementor-top-column elementor-element elementor-element-76cabf71\" data-id=\"76cabf71\" data-element_type=\"column\">\n\t\t\t<div class=\"elementor-widget-wrap elementor-element-populated\">\n\t\t\t\t\t\t<div class=\"elementor-element elementor-element-1e5d37ac elementor-widget elementor-widget-image\" data-id=\"1e5d37ac\" data-element_type=\"widget\" data-widget_type=\"image.default\">\n\t\t\t\t\t\t\t\t\t\t\t\t\t\t\t<img loading=\"lazy\" decoding=\"async\" width=\"128\" height=\"128\" src=\"https:\/\/www.centraldevacaciones.com\/blog\/wp-content\/uploads\/2020\/09\/avion.png\" class=\"attachment-large size-large wp-image-12734\" alt=\"\" \/>\t\t\t\t\t\t\t\t\t\t\t\t\t\t\t<\/div>\n\t\t\t\t<div class=\"elementor-element elementor-element-1af95728 elementor-widget elementor-widget-heading\" data-id=\"1af95728\" data-element_type=\"widget\" data-widget_type=\"heading.default\">\n\t\t\t\t\t<h3 class=\"elementor-heading-title elementor-size-default\"><a href=\"https:\/\/www.centraldevacaciones.com\/viajes\/ofertas-a-islas-baleares.html\">Viajes a las Baleares<\/a><\/h3>\t\t\t\t<\/div>\n\t\t\t\t\t<\/div>\n\t\t<\/div>\n\t\t\t\t<div class=\"elementor-column elementor-col-16 elementor-top-column elementor-element elementor-element-840649a\" data-id=\"840649a\" data-element_type=\"column\">\n\t\t\t<div class=\"elementor-widget-wrap elementor-element-populated\">\n\t\t\t\t\t\t<div class=\"elementor-element elementor-element-1629fb5b elementor-widget elementor-widget-image\" data-id=\"1629fb5b\" data-element_type=\"widget\" data-widget_type=\"image.default\">\n\t\t\t\t\t\t\t\t\t\t\t\t\t\t\t<img loading=\"lazy\" decoding=\"async\" width=\"128\" height=\"128\" src=\"https:\/\/www.centraldevacaciones.com\/blog\/wp-content\/uploads\/2021\/05\/dom.png\" class=\"attachment-large size-large wp-image-12635\" alt=\"\" \/>\t\t\t\t\t\t\t\t\t\t\t\t\t\t\t<\/div>\n\t\t\t\t<div class=\"elementor-element elementor-element-200ac93d elementor-widget elementor-widget-heading\" data-id=\"200ac93d\" data-element_type=\"widget\" data-widget_type=\"heading.default\">\n\t\t\t\t\t<h3 class=\"elementor-heading-title elementor-size-default\"><a href=\"https:\/\/www.centraldevacaciones.com\/viajes\/ofertas-a-mallorca.html\">Viajes a Mallorca<\/a><\/h3>\t\t\t\t<\/div>\n\t\t\t\t\t<\/div>\n\t\t<\/div>\n\t\t\t\t\t<\/div>\n\t\t<\/section>\n\t\t\t\t<section class=\"elementor-section elementor-top-section elementor-element elementor-element-3853fb4 elementor-section-boxed elementor-section-height-default elementor-section-height-default\" data-id=\"3853fb4\" data-element_type=\"section\">\n\t\t\t\t\t\t<div class=\"elementor-container elementor-column-gap-default\">\n\t\t\t\t\t<div class=\"elementor-column elementor-col-100 elementor-top-column elementor-element elementor-element-9ddc640\" data-id=\"9ddc640\" data-element_type=\"column\">\n\t\t\t<div class=\"elementor-widget-wrap elementor-element-populated\">\n\t\t\t\t\t\t<div class=\"elementor-element elementor-element-fb3b64b elementor-widget elementor-widget-text-editor\" data-id=\"fb3b64b\" data-element_type=\"widget\" data-widget_type=\"text-editor.default\">\n\t\t\t\t\t\t\t\t\t<p><span style=\"font-weight: 400;\">\u00a1Disfruta este verano como el que m\u00e1s y haz realidad el sue\u00f1o que muchos otros tienen con Central de Vacaciones! Pasa unos d\u00edas de vacaciones de desconexi\u00f3n en Espa\u00f1a, concretamente en las Islas Canarias sin preocuparte de nada junto a quien m\u00e1s quieres en una estancia premium con los extras que m\u00e1s se adapten a ti. \u00a1Haz ahora tu reserva aprovechando las ofertas antes de que se agote la disponibilidad y empieza a hacer el planning de los d\u00edas de tu estancia! <\/span><\/p>\t\t\t\t\t\t\t\t<\/div>\n\t\t\t\t\t<\/div>\n\t\t<\/div>\n\t\t\t\t\t<\/div>\n\t\t<\/section>\n\t\t\t\t<\/div>\n\t\t","protected":false},"excerpt":{"rendered":"<p>Es el nombre tur\u00edstico con el que se ha bautizado a la costa mediterr\u00e1nea de la Regi\u00f3n de Murcia. Se extiende desde el Moj\u00f3n, una pedan\u00eda costera de San Pedro del Pinatar, hasta las Cuatro Calas, un paisaje protegido en \u00c1guilas. La Costa C\u00e1lida posee un clima con temperaturas medias elevadas a lo largo de [&hellip;]<\/p>\n","protected":false},"author":1,"featured_media":0,"comment_status":"closed","ping_status":"open","sticky":false,"template":"elementor_theme","format":"standard","meta":{"_acf_changed":false,"footnotes":""},"categories":[4,193,208,203,204,205,200,195,12,17],"tags":[],"class_list":["post-1026","post","type-post","status-publish","format-standard","hentry","category-espana","category-europa","category-ideas-escapadas","category-ideas-viajes-de-novios","category-ideas-viajes-verano","category-ideas-viajes-low-cost","category-rutas-por-espana","category-rutas-por-europa","category-viajes","category-viajes-por-europa"],"acf":[],"_links":{"self":[{"href":"https:\/\/www.centraldevacaciones.com\/blog\/wp-json\/wp\/v2\/posts\/1026","targetHints":{"allow":["GET"]}}],"collection":[{"href":"https:\/\/www.centraldevacaciones.com\/blog\/wp-json\/wp\/v2\/posts"}],"about":[{"href":"https:\/\/www.centraldevacaciones.com\/blog\/wp-json\/wp\/v2\/types\/post"}],"author":[{"embeddable":true,"href":"https:\/\/www.centraldevacaciones.com\/blog\/wp-json\/wp\/v2\/users\/1"}],"replies":[{"embeddable":true,"href":"https:\/\/www.centraldevacaciones.com\/blog\/wp-json\/wp\/v2\/comments?post=1026"}],"version-history":[{"count":0,"href":"https:\/\/www.centraldevacaciones.com\/blog\/wp-json\/wp\/v2\/posts\/1026\/revisions"}],"wp:attachment":[{"href":"https:\/\/www.centraldevacaciones.com\/blog\/wp-json\/wp\/v2\/media?parent=1026"}],"wp:term":[{"taxonomy":"category","embeddable":true,"href":"https:\/\/www.centraldevacaciones.com\/blog\/wp-json\/wp\/v2\/categories?post=1026"},{"taxonomy":"post_tag","embeddable":true,"href":"https:\/\/www.centraldevacaciones.com\/blog\/wp-json\/wp\/v2\/tags?post=1026"}],"curies":[{"name":"wp","href":"https:\/\/api.w.org\/{rel}","templated":true}]}}