{"id":1014,"date":"2014-09-01T16:35:53","date_gmt":"2014-09-01T14:35:53","guid":{"rendered":"http:\/\/www.centraldevacaciones.com\/opiniones\/?p=1014"},"modified":"2021-08-06T09:37:04","modified_gmt":"2021-08-06T07:37:04","slug":"los-mejores-precios-para-baleares-y-las-mejores-ofertas-para-canarias-miralo","status":"publish","type":"post","link":"https:\/\/www.centraldevacaciones.com\/blog\/los-mejores-precios-para-baleares-y-las-mejores-ofertas-para-canarias-miralo\/","title":{"rendered":"Los Mejores Precios para Baleares y las Mejores Ofertas para Canarias. \u00a1M\u00edralo!"},"content":{"rendered":"\t\t<div data-elementor-type=\"wp-post\" data-elementor-id=\"1014\" class=\"elementor elementor-1014\" data-elementor-post-type=\"post\">\n\t\t\t\t\t\t<section class=\"elementor-section elementor-top-section elementor-element elementor-element-4939e5b3 elementor-section-boxed elementor-section-height-default elementor-section-height-default\" data-id=\"4939e5b3\" data-element_type=\"section\">\n\t\t\t\t\t\t<div class=\"elementor-container elementor-column-gap-default\">\n\t\t\t\t\t<div class=\"elementor-column elementor-col-100 elementor-top-column elementor-element elementor-element-4b39640\" data-id=\"4b39640\" data-element_type=\"column\">\n\t\t\t<div class=\"elementor-widget-wrap elementor-element-populated\">\n\t\t\t\t\t\t<div class=\"elementor-element elementor-element-68377177 elementor-widget elementor-widget-text-editor\" data-id=\"68377177\" data-element_type=\"widget\" data-widget_type=\"text-editor.default\">\n\t\t\t\t\t\t\t\t\tOFERTAS ESPECIALES PARA BALEARES Y CANARIAS\n\nComo no pod\u00eda ser menos, tambi\u00e9n os traemos <a rel=\"nofollow noopener noreferrer\" href=\"http:\/\/www.centraldevacaciones.com\/viajes\/9\/0\/0\/0\/ofertas-a-Espana.html\" target=\"_blank\">las mejores ofertas<\/a> para  descubrir nuestras Islas durante el pr\u00f3ximo mes de septiembre.\nSi quieres escaparte a Baleares esta es tu oportunidad. Desde solo   199\u20ac goza de Mallorca, descubre Formentera, descansa en Menorca o   disfruta de Ibiza. Consulta las m\u00faltiples opciones de salida que podemos   ofrecerte.\n\n<a href=\"http:\/\/www.centraldevacaciones.com\/opiniones\/wp-content\/uploads\/2014\/09\/BalearesSeptiembreFB.jpg\"><img decoding=\"async\" class=\"aligncenter size-medium wp-image-1015\" title=\"BalearesSeptiembreFB\" src=\"http:\/\/www.centraldevacaciones.com\/opiniones\/wp-content\/uploads\/2014\/09\/BalearesSeptiembreFB-300x132.jpg\" alt=\"Oferta Baleares Septiembre\" width=\"300\" height=\"132\" srcset=\"https:\/\/www.centraldevacaciones.com\/blog\/wp-content\/uploads\/2014\/09\/BalearesSeptiembreFB-300x132.jpg 300w, https:\/\/www.centraldevacaciones.com\/blog\/wp-content\/uploads\/2014\/09\/BalearesSeptiembreFB.jpg 624w\" sizes=\"(max-width: 300px) 100vw, 300px\" \/><\/a>\n\n\u00bfPrefieres Canarias? sin problema, tambi\u00e9n tenemos  los mejores precios  para sus Islas. Podr\u00e1s salir desde Madrid,  Barcelona, Valencia,  Bilbao, Vigo, Sevilla&#8230; y vivir Canarias desde  solo 275\u20ac.\n\n<a href=\"http:\/\/www.centraldevacaciones.com\/opiniones\/wp-content\/uploads\/2014\/09\/CanariasSeptiembreFB.jpg\"><img decoding=\"async\" class=\"aligncenter size-medium wp-image-1016\" title=\"CanariasSeptiembreFB\" src=\"http:\/\/www.centraldevacaciones.com\/opiniones\/wp-content\/uploads\/2014\/09\/CanariasSeptiembreFB-300x132.jpg\" alt=\"Ofertas Canarias Septiembre\" width=\"300\" height=\"132\" srcset=\"https:\/\/www.centraldevacaciones.com\/blog\/wp-content\/uploads\/2014\/09\/CanariasSeptiembreFB-300x132.jpg 300w, https:\/\/www.centraldevacaciones.com\/blog\/wp-content\/uploads\/2014\/09\/CanariasSeptiembreFB.jpg 624w\" sizes=\"(max-width: 300px) 100vw, 300px\" \/><\/a>\n\nEntra en nuestra web, <a rel=\"nofollow noopener noreferrer\" href=\"http:\/\/www.centraldevacaciones.com\/viajes\/9\/0\/0\/0\/ofertas-a-Espana.html\" target=\"_blank\">reserva tu viaje<\/a> y consigue unas merecidas y econ\u00f3micas vacaciones.\t\t\t\t\t\t\t\t<\/div>\n\t\t\t\t\t<\/div>\n\t\t<\/div>\n\t\t\t\t\t<\/div>\n\t\t<\/section>\n\t\t\t\t<section class=\"elementor-section elementor-top-section elementor-element elementor-element-2998965a elementor-section-boxed elementor-section-height-default elementor-section-height-default\" data-id=\"2998965a\" data-element_type=\"section\">\n\t\t\t\t\t\t<div class=\"elementor-container elementor-column-gap-default\">\n\t\t\t\t\t<div class=\"elementor-column elementor-col-16 elementor-top-column elementor-element elementor-element-247b84ae\" data-id=\"247b84ae\" data-element_type=\"column\">\n\t\t\t<div class=\"elementor-widget-wrap elementor-element-populated\">\n\t\t\t\t\t\t<div class=\"elementor-element elementor-element-6bbb8301 elementor-widget elementor-widget-image\" data-id=\"6bbb8301\" data-element_type=\"widget\" data-widget_type=\"image.default\">\n\t\t\t\t\t\t\t\t\t\t\t\t\t\t\t<img decoding=\"async\" width=\"128\" height=\"128\" src=\"https:\/\/www.centraldevacaciones.com\/blog\/wp-content\/uploads\/2020\/09\/espana.png\" class=\"attachment-large size-large wp-image-12730\" alt=\"\" \/>\t\t\t\t\t\t\t\t\t\t\t\t\t\t\t<\/div>\n\t\t\t\t<div class=\"elementor-element elementor-element-5bb575da elementor-widget elementor-widget-heading\" data-id=\"5bb575da\" data-element_type=\"widget\" data-widget_type=\"heading.default\">\n\t\t\t\t\t<h3 class=\"elementor-heading-title elementor-size-default\"><a href=\"https:\/\/www.centraldevacaciones.com\/blog\/ofertas-de-vacaciones\/\">Viajes por Espa\u00f1a<\/a><\/h3>\t\t\t\t<\/div>\n\t\t\t\t\t<\/div>\n\t\t<\/div>\n\t\t\t\t<div class=\"elementor-column elementor-col-16 elementor-top-column elementor-element elementor-element-1934fecb\" data-id=\"1934fecb\" data-element_type=\"column\">\n\t\t\t<div class=\"elementor-widget-wrap elementor-element-populated\">\n\t\t\t\t\t\t<div class=\"elementor-element elementor-element-273755ea elementor-widget elementor-widget-image\" data-id=\"273755ea\" data-element_type=\"widget\" data-widget_type=\"image.default\">\n\t\t\t\t\t\t\t\t\t\t\t\t\t\t\t<img loading=\"lazy\" decoding=\"async\" width=\"128\" height=\"128\" src=\"https:\/\/www.centraldevacaciones.com\/blog\/wp-content\/uploads\/2020\/09\/isla.png\" class=\"attachment-large size-large wp-image-12732\" alt=\"\" \/>\t\t\t\t\t\t\t\t\t\t\t\t\t\t\t<\/div>\n\t\t\t\t<div class=\"elementor-element elementor-element-32dc23ae elementor-widget elementor-widget-heading\" data-id=\"32dc23ae\" data-element_type=\"widget\" data-widget_type=\"heading.default\">\n\t\t\t\t\t<h3 class=\"elementor-heading-title elementor-size-default\"><a href=\"https:\/\/www.centraldevacaciones.com\/blog\/vacaciones-mejores-islas-espana\/\">Islas de Espa\u00f1a<\/a><\/h3>\t\t\t\t<\/div>\n\t\t\t\t\t<\/div>\n\t\t<\/div>\n\t\t\t\t<div class=\"elementor-column elementor-col-16 elementor-top-column elementor-element elementor-element-3a610956\" data-id=\"3a610956\" data-element_type=\"column\">\n\t\t\t<div class=\"elementor-widget-wrap elementor-element-populated\">\n\t\t\t\t\t\t<div class=\"elementor-element elementor-element-3c211f2d elementor-widget elementor-widget-image\" data-id=\"3c211f2d\" data-element_type=\"widget\" data-widget_type=\"image.default\">\n\t\t\t\t\t\t\t\t\t\t\t\t\t\t\t<img loading=\"lazy\" decoding=\"async\" width=\"128\" height=\"128\" src=\"https:\/\/www.centraldevacaciones.com\/blog\/wp-content\/uploads\/2021\/05\/avion-1.png\" class=\"attachment-large size-large wp-image-12639\" alt=\"\" \/>\t\t\t\t\t\t\t\t\t\t\t\t\t\t\t<\/div>\n\t\t\t\t<div class=\"elementor-element elementor-element-202e67dd elementor-widget elementor-widget-heading\" data-id=\"202e67dd\" data-element_type=\"widget\" data-widget_type=\"heading.default\">\n\t\t\t\t\t<h3 class=\"elementor-heading-title elementor-size-default\"><a href=\"https:\/\/www.centraldevacaciones.com\/viajes\/ofertas-a-islas-canarias.html\">Viajes a Canarias<\/a><\/h3>\t\t\t\t<\/div>\n\t\t\t\t\t<\/div>\n\t\t<\/div>\n\t\t\t\t<div class=\"elementor-column elementor-col-16 elementor-top-column elementor-element elementor-element-6228fa75\" data-id=\"6228fa75\" data-element_type=\"column\">\n\t\t\t<div class=\"elementor-widget-wrap elementor-element-populated\">\n\t\t\t\t\t\t<div class=\"elementor-element elementor-element-5280ffb4 elementor-widget elementor-widget-image\" data-id=\"5280ffb4\" data-element_type=\"widget\" data-widget_type=\"image.default\">\n\t\t\t\t\t\t\t\t\t\t\t\t\t\t\t<img loading=\"lazy\" decoding=\"async\" width=\"128\" height=\"128\" src=\"https:\/\/www.centraldevacaciones.com\/blog\/wp-content\/uploads\/2020\/09\/sombrilla.png\" class=\"attachment-large size-large wp-image-12733\" alt=\"\" \/>\t\t\t\t\t\t\t\t\t\t\t\t\t\t\t<\/div>\n\t\t\t\t<div class=\"elementor-element elementor-element-308b4393 elementor-widget elementor-widget-heading\" data-id=\"308b4393\" data-element_type=\"widget\" data-widget_type=\"heading.default\">\n\t\t\t\t\t<h3 class=\"elementor-heading-title elementor-size-default\"><a href=\"https:\/\/www.centraldevacaciones.com\/viajes\/ofertas-a-lanzarote.html\">Viajes a Lanzarote<\/a><\/h3>\t\t\t\t<\/div>\n\t\t\t\t\t<\/div>\n\t\t<\/div>\n\t\t\t\t<div class=\"elementor-column elementor-col-16 elementor-top-column elementor-element elementor-element-6995beb1\" data-id=\"6995beb1\" data-element_type=\"column\">\n\t\t\t<div class=\"elementor-widget-wrap elementor-element-populated\">\n\t\t\t\t\t\t<div class=\"elementor-element elementor-element-6443e5a5 elementor-widget elementor-widget-image\" data-id=\"6443e5a5\" data-element_type=\"widget\" data-widget_type=\"image.default\">\n\t\t\t\t\t\t\t\t\t\t\t\t\t\t\t<img loading=\"lazy\" decoding=\"async\" width=\"128\" height=\"128\" src=\"https:\/\/www.centraldevacaciones.com\/blog\/wp-content\/uploads\/2020\/09\/avion.png\" class=\"attachment-large size-large wp-image-12734\" alt=\"\" \/>\t\t\t\t\t\t\t\t\t\t\t\t\t\t\t<\/div>\n\t\t\t\t<div class=\"elementor-element elementor-element-668603bb elementor-widget elementor-widget-heading\" data-id=\"668603bb\" data-element_type=\"widget\" data-widget_type=\"heading.default\">\n\t\t\t\t\t<h3 class=\"elementor-heading-title elementor-size-default\"><a href=\"https:\/\/www.centraldevacaciones.com\/viajes\/ofertas-a-islas-baleares.html\">Viajes a las Baleares<\/a><\/h3>\t\t\t\t<\/div>\n\t\t\t\t\t<\/div>\n\t\t<\/div>\n\t\t\t\t<div class=\"elementor-column elementor-col-16 elementor-top-column elementor-element elementor-element-aef7eff\" data-id=\"aef7eff\" data-element_type=\"column\">\n\t\t\t<div class=\"elementor-widget-wrap elementor-element-populated\">\n\t\t\t\t\t\t<div class=\"elementor-element elementor-element-2e0305a4 elementor-widget elementor-widget-image\" data-id=\"2e0305a4\" data-element_type=\"widget\" data-widget_type=\"image.default\">\n\t\t\t\t\t\t\t\t\t\t\t\t\t\t\t<img loading=\"lazy\" decoding=\"async\" width=\"128\" height=\"128\" src=\"https:\/\/www.centraldevacaciones.com\/blog\/wp-content\/uploads\/2021\/05\/dom.png\" class=\"attachment-large size-large wp-image-12635\" alt=\"\" \/>\t\t\t\t\t\t\t\t\t\t\t\t\t\t\t<\/div>\n\t\t\t\t<div class=\"elementor-element elementor-element-5fa9bcab elementor-widget elementor-widget-heading\" data-id=\"5fa9bcab\" data-element_type=\"widget\" data-widget_type=\"heading.default\">\n\t\t\t\t\t<h3 class=\"elementor-heading-title elementor-size-default\"><a href=\"https:\/\/www.centraldevacaciones.com\/viajes\/ofertas-a-mallorca.html\">Viajes a Mallorca<\/a><\/h3>\t\t\t\t<\/div>\n\t\t\t\t\t<\/div>\n\t\t<\/div>\n\t\t\t\t\t<\/div>\n\t\t<\/section>\n\t\t\t\t<section class=\"elementor-section elementor-top-section elementor-element elementor-element-0e643cf elementor-section-boxed elementor-section-height-default elementor-section-height-default\" data-id=\"0e643cf\" data-element_type=\"section\">\n\t\t\t\t\t\t<div class=\"elementor-container elementor-column-gap-default\">\n\t\t\t\t\t<div class=\"elementor-column elementor-col-100 elementor-top-column elementor-element elementor-element-efa8fb5\" data-id=\"efa8fb5\" data-element_type=\"column\">\n\t\t\t<div class=\"elementor-widget-wrap elementor-element-populated\">\n\t\t\t\t\t\t<div class=\"elementor-element elementor-element-5f5d997 elementor-widget elementor-widget-text-editor\" data-id=\"5f5d997\" data-element_type=\"widget\" data-widget_type=\"text-editor.default\">\n\t\t\t\t\t\t\t\t\t<p><span style=\"font-weight: 400;\">\u00a1Disfruta este verano como el que m\u00e1s y haz realidad el sue\u00f1o que muchos otros tienen con Central de Vacaciones! Pasa unos d\u00edas de vacaciones de desconexi\u00f3n en Espa\u00f1a, concretamente en las Islas Canarias sin preocuparte de nada junto a quien m\u00e1s quieres en una estancia premium con los extras que m\u00e1s se adapten a ti. \u00a1Haz ahora tu reserva aprovechando las ofertas antes de que se agote la disponibilidad y empieza a hacer el planning de los d\u00edas de tu estancia! <\/span><\/p>\t\t\t\t\t\t\t\t<\/div>\n\t\t\t\t\t<\/div>\n\t\t<\/div>\n\t\t\t\t\t<\/div>\n\t\t<\/section>\n\t\t\t\t<\/div>\n\t\t","protected":false},"excerpt":{"rendered":"<p>OFERTAS ESPECIALES PARA BALEARES Y CANARIAS Como no pod\u00eda ser menos, tambi\u00e9n os traemos las mejores ofertas para descubrir nuestras Islas durante el pr\u00f3ximo mes de septiembre. Si quieres escaparte a Baleares esta es tu oportunidad. Desde solo 199\u20ac goza de Mallorca, descubre Formentera, descansa en Menorca o disfruta de Ibiza. Consulta las m\u00faltiples opciones [&hellip;]<\/p>\n","protected":false},"author":1,"featured_media":0,"comment_status":"closed","ping_status":"open","sticky":false,"template":"elementor_theme","format":"standard","meta":{"_acf_changed":false,"footnotes":""},"categories":[4,193,208,203,204,205,194,200,195,1,12,17],"tags":[],"class_list":["post-1014","post","type-post","status-publish","format-standard","hentry","category-espana","category-europa","category-ideas-escapadas","category-ideas-viajes-de-novios","category-ideas-viajes-verano","category-ideas-viajes-low-cost","category-islas-paradisiacas","category-rutas-por-espana","category-rutas-por-europa","category-vacaciones","category-viajes","category-viajes-por-europa"],"acf":[],"_links":{"self":[{"href":"https:\/\/www.centraldevacaciones.com\/blog\/wp-json\/wp\/v2\/posts\/1014","targetHints":{"allow":["GET"]}}],"collection":[{"href":"https:\/\/www.centraldevacaciones.com\/blog\/wp-json\/wp\/v2\/posts"}],"about":[{"href":"https:\/\/www.centraldevacaciones.com\/blog\/wp-json\/wp\/v2\/types\/post"}],"author":[{"embeddable":true,"href":"https:\/\/www.centraldevacaciones.com\/blog\/wp-json\/wp\/v2\/users\/1"}],"replies":[{"embeddable":true,"href":"https:\/\/www.centraldevacaciones.com\/blog\/wp-json\/wp\/v2\/comments?post=1014"}],"version-history":[{"count":0,"href":"https:\/\/www.centraldevacaciones.com\/blog\/wp-json\/wp\/v2\/posts\/1014\/revisions"}],"wp:attachment":[{"href":"https:\/\/www.centraldevacaciones.com\/blog\/wp-json\/wp\/v2\/media?parent=1014"}],"wp:term":[{"taxonomy":"category","embeddable":true,"href":"https:\/\/www.centraldevacaciones.com\/blog\/wp-json\/wp\/v2\/categories?post=1014"},{"taxonomy":"post_tag","embeddable":true,"href":"https:\/\/www.centraldevacaciones.com\/blog\/wp-json\/wp\/v2\/tags?post=1014"}],"curies":[{"name":"wp","href":"https:\/\/api.w.org\/{rel}","templated":true}]}}