{"id":1000,"date":"2014-08-29T16:04:38","date_gmt":"2014-08-29T14:04:38","guid":{"rendered":"http:\/\/www.centraldevacaciones.com\/opiniones\/?p=1000"},"modified":"2021-08-09T11:15:48","modified_gmt":"2021-08-09T09:15:48","slug":"la-costa-de-pontevedra","status":"publish","type":"post","link":"https:\/\/www.centraldevacaciones.com\/blog\/la-costa-de-pontevedra\/","title":{"rendered":"La Costa de Pontevedra"},"content":{"rendered":"\t\t<div data-elementor-type=\"wp-post\" data-elementor-id=\"1000\" class=\"elementor elementor-1000\" data-elementor-post-type=\"post\">\n\t\t\t\t\t\t<section class=\"elementor-section elementor-top-section elementor-element elementor-element-4a14b23d elementor-section-boxed elementor-section-height-default elementor-section-height-default\" data-id=\"4a14b23d\" data-element_type=\"section\">\n\t\t\t\t\t\t<div class=\"elementor-container elementor-column-gap-default\">\n\t\t\t\t\t<div class=\"elementor-column elementor-col-100 elementor-top-column elementor-element elementor-element-7f702e96\" data-id=\"7f702e96\" data-element_type=\"column\">\n\t\t\t<div class=\"elementor-widget-wrap elementor-element-populated\">\n\t\t\t\t\t\t<div class=\"elementor-element elementor-element-5474b68c elementor-widget elementor-widget-text-editor\" data-id=\"5474b68c\" data-element_type=\"widget\" data-widget_type=\"text-editor.default\">\n\t\t\t\t\t\t\t\t\t<p><strong>Costa de Pontevedra <\/strong><\/p><p><strong>Ciudad de arte e historia. <\/strong><\/p><p>Pontevedra municipio espa\u00f1ol, en la comunidad aut\u00f3noma de <strong>Galicia<\/strong> y una ciudad, capital del municipio y de la provincia hom\u00f3nima, con un centro hist\u00f3rico imponente, \u00a0y una costa, plagada de acantilados y playas a los que ning\u00fan turista podr\u00e1 resistirse.<\/p><p>Pontevedra es <strong>la capital de las R\u00edas Bajas<\/strong><em>, R\u00edas Baixas<\/em>, en gallego, una parte del \u00e1rea costera de Galicia, que ocupa la costa oeste de la provincia de La Coru\u00f1a y toda la costa de la Provincia de Pontevedra.<\/p><p>Las <strong>R\u00edas Baixas<\/strong>, de norte a sur son, la <strong>R\u00eda de Muros y Noya<\/strong>, tambi\u00e9n conocida como <strong>r\u00eda de Muros o r\u00eda de Noya, <\/strong>situada entre la r\u00eda de Corcubi\u00f3n, que forma parte de las R\u00edas Altas, y la r\u00eda de Arosa al sur; la <strong>r\u00eda de Arosa<\/strong>, <strong>la mayor de las R\u00edas de Galicia<\/strong>, con numerosas islas e islotes, situada entre la ya mencionada, R\u00eda de Muros y Noya y la r\u00eda de Pontevedra; la <strong>r\u00eda de Ald\u00e1n,<\/strong> peque\u00f1a r\u00eda que posee numerosas playas, muchas de ellas con <strong>Bandera Azul<\/strong>; la <strong>r\u00eda de Pontevedra, <\/strong>es una de las tres principales entradas de mar de las R\u00edas Baixas, la m\u00e1s tur\u00edstica de todas, cuya principal caracter\u00edstica es la cantidad de viveros que posee, y <strong>las r\u00edas de Vigo<\/strong>, la m\u00e1s profunda y meridional de las r\u00edas, situada al sur de la provincia de Pontevedra, es la zona m\u00e1s popular para la pesca y el marisqueo.<\/p><p>La <strong>costa de Pontevedra<\/strong> es el <strong>destino tur\u00edstico m\u00e1s importante de Galicia<\/strong>, por su clima suave de origen atl\u00e1ntico, con una temperatura media de 20\u00ba, playas, de aguas tranquilas y limpias, ba\u00f1adas de arena fina y dorada, y su forma en la que los acantilados intercalados con grande arenales, presumen de un equilibrio perfecto.<\/p><p><a href=\"http:\/\/www.centraldevacaciones.com\/opiniones\/wp-content\/uploads\/2014\/08\/Pontevedra.jpg\"><img fetchpriority=\"high\" decoding=\"async\" class=\"aligncenter wp-image-1046 size-full\" title=\"Pontevedra\" src=\"https:\/\/www.centraldevacaciones.com\/blog\/wp-content\/uploads\/2014\/08\/Pontevedra.jpg\" alt=\"Ofertas Costa Pontevedra\" width=\"1280\" height=\"960\" srcset=\"https:\/\/www.centraldevacaciones.com\/blog\/wp-content\/uploads\/2014\/08\/Pontevedra.jpg 1280w, https:\/\/www.centraldevacaciones.com\/blog\/wp-content\/uploads\/2014\/08\/Pontevedra-300x225.jpg 300w, https:\/\/www.centraldevacaciones.com\/blog\/wp-content\/uploads\/2014\/08\/Pontevedra-768x576.jpg 768w, https:\/\/www.centraldevacaciones.com\/blog\/wp-content\/uploads\/2014\/08\/Pontevedra-1024x768.jpg 1024w\" sizes=\"(max-width: 1280px) 100vw, 1280px\" \/><\/a><\/p><p>Sus playas, adem\u00e1s, se mantienen en la cabeza de la lista de Bandera Azul, galard\u00f3n que otorga la Fundaci\u00f3n Europea de Educaci\u00f3n Ambiental a las playas y puertos que cumplen una serie de condiciones ambientales e instalaciones.<\/p><p>Las <strong>mejores playas de la costa de Pontevedra<\/strong>, por su estado, aguas limpias con extensos arenales blancos y entornos naturales en los que perderse, son: <strong>la playa Lari\u00f1o, en Carnota, La Coru\u00f1a. <\/strong>Situada en el pueblo de Lari\u00f1o, uno de los m\u00e1s relevantes de Galicia, se encuentra esta playa virgen, de dos kil\u00f3metros, tapizada por arenas blancas y ba\u00f1ada por aguas tranquilas y transparentes. <strong>La Lanzada, en el Grote, Pontevedra<\/strong>. Es una de las playas m\u00e1s tur\u00edsticas de la zona, por lo tanto la tranquilidad no est\u00e1 asegurada. Lo mejor de esta playa, son sus extensos arenales, con m\u00e1s de dos kil\u00f3metros de arenas blancas, y la facilidad para la pr\u00e1ctica deportes acu\u00e1ticos<strong>. A Lagoa, en las Dunas de Corrubedo, Riberia-La Coru\u00f1a<\/strong>. En las <strong>Dunas de Corrubedo,<\/strong> se encuentra esta playa virgen, con m\u00e1s de tres kil\u00f3metros de longitud, con lagunas de agua dulce y salada, marismas y una vegetaci\u00f3n variada y bien conservada. <strong>Temper\u00e1ns, Cangas, Pontevedra. <\/strong>Una de las playas m\u00e1s hermosas de la costa de Pontevedra, protegida por los \u00e1rboles t\u00edpicos de la zona, en la que podr\u00e9is disfrutar de un ba\u00f1o tranquilo y relajado, puesto que su nivel de ocupaci\u00f3n es muy bajo. La playa se encuentra en una zona protegida por el <strong>Espacio Natural Protegido de la Costa da Vela.<\/strong> <strong>Playa de la Concha y Compostela, en Villagarc\u00eda de Arosa. <\/strong>La playa de la Concha es una prolongaci\u00f3n de la playa de Compostela, que presenta un alto nivel de ocupaci\u00f3n, por ser una de las m\u00e1s populares de Villagarc\u00eda. Una de las mayores atracciones de la playa, para los turistas, es el paseo mar\u00edtimo, de m\u00e1s de dos kil\u00f3metros, que une el centro urbano con la villa de Carril, la villa marinera de la zona. <strong>Barra\u00f1a, en Boiro, La Coru\u00f1a.<\/strong> En forma de ensenada, es una de las m\u00e1s populares porque cuenta con uno de los mejores c\u00e1mpings, acompa\u00f1ado de unas excelentes instalaciones. <strong>Playa Am\u00e9rica, en Niagr\u00e1n, Pontevedra. <em>Area Loura<\/em><\/strong> es su nombre original,\u00a0 se encuentra en la localidad de Niagr\u00e1n. Esta playa es famosa, y una de las elegidas por los turistas, por su animada vida nocturna, la mejor de toda Pontevedra, sus casi 2.000 metros de arenas blancas y suaves, y un paseo mar\u00edtimo que esconde los mejores jardines de la zona. Playas de las Islas Ons. El archipi\u00e9lago de Ons est\u00e1 situado en la entrada de la r\u00eda de Pontevedra, formado por un conjunto de peque\u00f1os islotes, cuenta con siete playas de arenas blancas y aguas cristalinas, en un entorno paradis\u00edaco, de una belleza insuperable: As Dornas, Canexol, Area dos Cans, Melide, Pereir\u00f3, Li\u00f1eiro y Fonti\u00f1as. Para llegar a la Isla deber\u00e9is tomar el ferry que sale desde Pontevedra.<\/p><p>Para el final reservamos, la mejor playa del mundo, seg\u00fan el diario brit\u00e1nico \u201cThe Guardian\u201d. <strong>Playa de Rodas, isla C\u00edes.<\/strong> Es la playa m\u00e1s importante y la m\u00e1s grande de las Islas C\u00edes. Con forma de concha, y tapizada por una alfombra de arena blanca de 1.300 metros, esta playa es popular por su belleza y diversidad. La \u00fanica forma de acceso es en barco, desde los puertos de Cangas y Vigo.<\/p><p>La <strong>costa de Pontevedra<\/strong> cuenta con playas de todo tipo, <strong>tranquilas y protegidas<\/strong>, para los que desean huir de las masificaciones y quieren disfrutar de <strong>kil\u00f3metros de arenas blancas<\/strong> y tranquilidad; <strong>playas con altos niveles de ocupaci\u00f3n<\/strong>, pero igual de sorprendentes, para los que buscan ambientes animados, y\u00a0 <strong>playas salvajes, ind\u00f3mitas<\/strong> , para los que necesitan perderse para encontrarse. Las est\u00e1n en los <strong>primeros puestos de la lista de las mejores playas de Espa\u00f1a,<\/strong> por sus <strong>arenales, decorados con pinos y tapados por prados y sus espectaculares dunas, limpias, de aguas dulces, saladas y cristalinas, espectaculares acantilados y playas de aguas\u00a0 transparentes,<\/strong> que convierten estas playas en las m\u00e1s admiradas y frecuentadas por los turistas, que acuden desde todos los rincones del mundo a una costa de ensue\u00f1o.<\/p>\t\t\t\t\t\t\t\t<\/div>\n\t\t\t\t\t<\/div>\n\t\t<\/div>\n\t\t\t\t\t<\/div>\n\t\t<\/section>\n\t\t\t\t<section class=\"elementor-section elementor-top-section elementor-element elementor-element-383378fa elementor-section-boxed elementor-section-height-default elementor-section-height-default\" data-id=\"383378fa\" data-element_type=\"section\">\n\t\t\t\t\t\t<div class=\"elementor-container elementor-column-gap-default\">\n\t\t\t\t\t<div class=\"elementor-column elementor-col-16 elementor-top-column elementor-element elementor-element-5d1585f9\" data-id=\"5d1585f9\" data-element_type=\"column\">\n\t\t\t<div class=\"elementor-widget-wrap elementor-element-populated\">\n\t\t\t\t\t\t<div class=\"elementor-element elementor-element-682461d9 elementor-widget elementor-widget-image\" data-id=\"682461d9\" data-element_type=\"widget\" data-widget_type=\"image.default\">\n\t\t\t\t\t\t\t\t\t\t\t\t\t\t\t<img decoding=\"async\" width=\"128\" height=\"128\" src=\"https:\/\/www.centraldevacaciones.com\/blog\/wp-content\/uploads\/2020\/09\/espana.png\" class=\"attachment-large size-large wp-image-12730\" alt=\"\" \/>\t\t\t\t\t\t\t\t\t\t\t\t\t\t\t<\/div>\n\t\t\t\t<div class=\"elementor-element elementor-element-397fe852 elementor-widget elementor-widget-heading\" data-id=\"397fe852\" data-element_type=\"widget\" data-widget_type=\"heading.default\">\n\t\t\t\t\t<h3 class=\"elementor-heading-title elementor-size-default\"><a href=\"https:\/\/www.centraldevacaciones.com\/blog\/ofertas-de-vacaciones\/\">Viajes por Espa\u00f1a<\/a><\/h3>\t\t\t\t<\/div>\n\t\t\t\t\t<\/div>\n\t\t<\/div>\n\t\t\t\t<div class=\"elementor-column elementor-col-16 elementor-top-column elementor-element elementor-element-6144680f\" data-id=\"6144680f\" data-element_type=\"column\">\n\t\t\t<div class=\"elementor-widget-wrap elementor-element-populated\">\n\t\t\t\t\t\t<div class=\"elementor-element elementor-element-207d84f6 elementor-widget elementor-widget-image\" data-id=\"207d84f6\" data-element_type=\"widget\" data-widget_type=\"image.default\">\n\t\t\t\t\t\t\t\t\t\t\t\t\t\t\t<img decoding=\"async\" width=\"128\" height=\"128\" src=\"https:\/\/www.centraldevacaciones.com\/blog\/wp-content\/uploads\/2020\/09\/isla.png\" class=\"attachment-large size-large wp-image-12732\" alt=\"\" \/>\t\t\t\t\t\t\t\t\t\t\t\t\t\t\t<\/div>\n\t\t\t\t<div class=\"elementor-element elementor-element-1b5a4e33 elementor-widget elementor-widget-heading\" data-id=\"1b5a4e33\" data-element_type=\"widget\" data-widget_type=\"heading.default\">\n\t\t\t\t\t<h3 class=\"elementor-heading-title elementor-size-default\"><a href=\"https:\/\/www.centraldevacaciones.com\/blog\/vacaciones-mejores-islas-espana\/\">Islas de Espa\u00f1a<\/a><\/h3>\t\t\t\t<\/div>\n\t\t\t\t\t<\/div>\n\t\t<\/div>\n\t\t\t\t<div class=\"elementor-column elementor-col-16 elementor-top-column elementor-element elementor-element-43596c94\" data-id=\"43596c94\" data-element_type=\"column\">\n\t\t\t<div class=\"elementor-widget-wrap elementor-element-populated\">\n\t\t\t\t\t\t<div class=\"elementor-element elementor-element-15788d80 elementor-widget elementor-widget-image\" data-id=\"15788d80\" data-element_type=\"widget\" data-widget_type=\"image.default\">\n\t\t\t\t\t\t\t\t\t\t\t\t\t\t\t<img loading=\"lazy\" decoding=\"async\" width=\"128\" height=\"128\" src=\"https:\/\/www.centraldevacaciones.com\/blog\/wp-content\/uploads\/2021\/05\/avion-1.png\" class=\"attachment-large size-large wp-image-12639\" alt=\"\" \/>\t\t\t\t\t\t\t\t\t\t\t\t\t\t\t<\/div>\n\t\t\t\t<div class=\"elementor-element elementor-element-9860aec elementor-widget elementor-widget-heading\" data-id=\"9860aec\" data-element_type=\"widget\" data-widget_type=\"heading.default\">\n\t\t\t\t\t<h3 class=\"elementor-heading-title elementor-size-default\"><a href=\"https:\/\/www.centraldevacaciones.com\/viajes\/ofertas-a-islas-canarias.html\">Viajes a Canarias<\/a><\/h3>\t\t\t\t<\/div>\n\t\t\t\t\t<\/div>\n\t\t<\/div>\n\t\t\t\t<div class=\"elementor-column elementor-col-16 elementor-top-column elementor-element elementor-element-25c675ef\" data-id=\"25c675ef\" data-element_type=\"column\">\n\t\t\t<div class=\"elementor-widget-wrap elementor-element-populated\">\n\t\t\t\t\t\t<div class=\"elementor-element elementor-element-2e43cb8a elementor-widget elementor-widget-image\" data-id=\"2e43cb8a\" data-element_type=\"widget\" data-widget_type=\"image.default\">\n\t\t\t\t\t\t\t\t\t\t\t\t\t\t\t<img loading=\"lazy\" decoding=\"async\" width=\"128\" height=\"128\" src=\"https:\/\/www.centraldevacaciones.com\/blog\/wp-content\/uploads\/2020\/09\/sombrilla.png\" class=\"attachment-large size-large wp-image-12733\" alt=\"\" \/>\t\t\t\t\t\t\t\t\t\t\t\t\t\t\t<\/div>\n\t\t\t\t<div class=\"elementor-element elementor-element-3ba9c011 elementor-widget elementor-widget-heading\" data-id=\"3ba9c011\" data-element_type=\"widget\" data-widget_type=\"heading.default\">\n\t\t\t\t\t<h3 class=\"elementor-heading-title elementor-size-default\"><a href=\"https:\/\/www.centraldevacaciones.com\/viajes\/ofertas-a-lanzarote.html\">Viajes a Lanzarote<\/a><\/h3>\t\t\t\t<\/div>\n\t\t\t\t\t<\/div>\n\t\t<\/div>\n\t\t\t\t<div class=\"elementor-column elementor-col-16 elementor-top-column elementor-element elementor-element-4ff7af03\" data-id=\"4ff7af03\" data-element_type=\"column\">\n\t\t\t<div class=\"elementor-widget-wrap elementor-element-populated\">\n\t\t\t\t\t\t<div class=\"elementor-element elementor-element-7f8fac15 elementor-widget elementor-widget-image\" data-id=\"7f8fac15\" data-element_type=\"widget\" data-widget_type=\"image.default\">\n\t\t\t\t\t\t\t\t\t\t\t\t\t\t\t<img loading=\"lazy\" decoding=\"async\" width=\"128\" height=\"128\" src=\"https:\/\/www.centraldevacaciones.com\/blog\/wp-content\/uploads\/2020\/09\/avion.png\" class=\"attachment-large size-large wp-image-12734\" alt=\"\" \/>\t\t\t\t\t\t\t\t\t\t\t\t\t\t\t<\/div>\n\t\t\t\t<div class=\"elementor-element elementor-element-4aee1821 elementor-widget elementor-widget-heading\" data-id=\"4aee1821\" data-element_type=\"widget\" data-widget_type=\"heading.default\">\n\t\t\t\t\t<h3 class=\"elementor-heading-title elementor-size-default\"><a href=\"https:\/\/www.centraldevacaciones.com\/viajes\/ofertas-a-islas-baleares.html\">Viajes a las Baleares<\/a><\/h3>\t\t\t\t<\/div>\n\t\t\t\t\t<\/div>\n\t\t<\/div>\n\t\t\t\t<div class=\"elementor-column elementor-col-16 elementor-top-column elementor-element elementor-element-167b29f9\" data-id=\"167b29f9\" data-element_type=\"column\">\n\t\t\t<div class=\"elementor-widget-wrap elementor-element-populated\">\n\t\t\t\t\t\t<div class=\"elementor-element elementor-element-44482f82 elementor-widget elementor-widget-image\" data-id=\"44482f82\" data-element_type=\"widget\" data-widget_type=\"image.default\">\n\t\t\t\t\t\t\t\t\t\t\t\t\t\t\t<img loading=\"lazy\" decoding=\"async\" width=\"128\" height=\"128\" src=\"https:\/\/www.centraldevacaciones.com\/blog\/wp-content\/uploads\/2021\/05\/dom.png\" class=\"attachment-large size-large wp-image-12635\" alt=\"\" \/>\t\t\t\t\t\t\t\t\t\t\t\t\t\t\t<\/div>\n\t\t\t\t<div class=\"elementor-element elementor-element-7219cc57 elementor-widget elementor-widget-heading\" data-id=\"7219cc57\" data-element_type=\"widget\" data-widget_type=\"heading.default\">\n\t\t\t\t\t<h3 class=\"elementor-heading-title elementor-size-default\"><a href=\"https:\/\/www.centraldevacaciones.com\/viajes\/ofertas-a-mallorca.html\">Viajes a Mallorca<\/a><\/h3>\t\t\t\t<\/div>\n\t\t\t\t\t<\/div>\n\t\t<\/div>\n\t\t\t\t\t<\/div>\n\t\t<\/section>\n\t\t\t\t<section class=\"elementor-section elementor-top-section elementor-element elementor-element-f39f493 elementor-section-boxed elementor-section-height-default elementor-section-height-default\" data-id=\"f39f493\" data-element_type=\"section\">\n\t\t\t\t\t\t<div class=\"elementor-container elementor-column-gap-default\">\n\t\t\t\t\t<div class=\"elementor-column elementor-col-100 elementor-top-column elementor-element elementor-element-ec642a0\" data-id=\"ec642a0\" data-element_type=\"column\">\n\t\t\t<div class=\"elementor-widget-wrap elementor-element-populated\">\n\t\t\t\t\t\t<div class=\"elementor-element elementor-element-aac6696 elementor-widget elementor-widget-text-editor\" data-id=\"aac6696\" data-element_type=\"widget\" data-widget_type=\"text-editor.default\">\n\t\t\t\t\t\t\t\t\t<p><span style=\"font-weight: 400;\">\u00a1Disfruta este verano como el que m\u00e1s y haz realidad el sue\u00f1o que muchos otros tienen con Central de Vacaciones! Pasa unos d\u00edas de vacaciones de desconexi\u00f3n en Espa\u00f1a, concretamente en las Islas Canarias sin preocuparte de nada junto a quien m\u00e1s quieres en una estancia premium con los extras que m\u00e1s se adapten a ti. \u00a1Haz ahora tu reserva aprovechando las ofertas antes de que se agote la disponibilidad y empieza a hacer el planning de los d\u00edas de tu estancia! <\/span><\/p>\t\t\t\t\t\t\t\t<\/div>\n\t\t\t\t\t<\/div>\n\t\t<\/div>\n\t\t\t\t\t<\/div>\n\t\t<\/section>\n\t\t\t\t<\/div>\n\t\t","protected":false},"excerpt":{"rendered":"<p>Costa de Pontevedra Ciudad de arte e historia. Pontevedra municipio espa\u00f1ol, en la comunidad aut\u00f3noma de Galicia y una ciudad, capital del municipio y de la provincia hom\u00f3nima, con un centro hist\u00f3rico imponente, \u00a0y una costa, plagada de acantilados y playas a los que ning\u00fan turista podr\u00e1 resistirse. Pontevedra es la capital de las R\u00edas [&hellip;]<\/p>\n","protected":false},"author":1,"featured_media":0,"comment_status":"closed","ping_status":"open","sticky":false,"template":"elementor_theme","format":"standard","meta":{"_acf_changed":false,"footnotes":""},"categories":[4,193,208,206,203,204,200,195,17],"tags":[],"class_list":["post-1000","post","type-post","status-publish","format-standard","hentry","category-espana","category-europa","category-ideas-escapadas","category-ideas-viajes-lujo","category-ideas-viajes-de-novios","category-ideas-viajes-verano","category-rutas-por-espana","category-rutas-por-europa","category-viajes-por-europa"],"acf":[],"_links":{"self":[{"href":"https:\/\/www.centraldevacaciones.com\/blog\/wp-json\/wp\/v2\/posts\/1000","targetHints":{"allow":["GET"]}}],"collection":[{"href":"https:\/\/www.centraldevacaciones.com\/blog\/wp-json\/wp\/v2\/posts"}],"about":[{"href":"https:\/\/www.centraldevacaciones.com\/blog\/wp-json\/wp\/v2\/types\/post"}],"author":[{"embeddable":true,"href":"https:\/\/www.centraldevacaciones.com\/blog\/wp-json\/wp\/v2\/users\/1"}],"replies":[{"embeddable":true,"href":"https:\/\/www.centraldevacaciones.com\/blog\/wp-json\/wp\/v2\/comments?post=1000"}],"version-history":[{"count":0,"href":"https:\/\/www.centraldevacaciones.com\/blog\/wp-json\/wp\/v2\/posts\/1000\/revisions"}],"wp:attachment":[{"href":"https:\/\/www.centraldevacaciones.com\/blog\/wp-json\/wp\/v2\/media?parent=1000"}],"wp:term":[{"taxonomy":"category","embeddable":true,"href":"https:\/\/www.centraldevacaciones.com\/blog\/wp-json\/wp\/v2\/categories?post=1000"},{"taxonomy":"post_tag","embeddable":true,"href":"https:\/\/www.centraldevacaciones.com\/blog\/wp-json\/wp\/v2\/tags?post=1000"}],"curies":[{"name":"wp","href":"https:\/\/api.w.org\/{rel}","templated":true}]}}